{"id":45636,"date":"2020-08-15T11:30:27","date_gmt":"2020-08-15T14:30:27","guid":{"rendered":"https:\/\/www.gaveanews.com\/?p=45636"},"modified":"2020-08-15T03:43:27","modified_gmt":"2020-08-15T06:43:27","slug":"renovacoes-de-diego-alves-e-diego-ribas-estao-no-radar-da-diretoria-do-flamengo","status":"publish","type":"post","link":"https:\/\/www.gaveanews.com\/index.php\/2020\/08\/15\/renovacoes-de-diego-alves-e-diego-ribas-estao-no-radar-da-diretoria-do-flamengo\/","title":{"rendered":"Renova\u00e7\u00f5es de Diego Alves e Diego Ribas est\u00e3o no radar da diretoria do Flamengo"},"content":{"rendered":"\n<p>O meia Diego e a diretoria do Flamengo tiveram a primeira conversa para a renova\u00e7\u00e3o de contrato do camisa 10. O papo aconteceu esta semana. Com v\u00ednculo at\u00e9 dezembro, Diego sinalizou o desejo por permanecer no Flamengo, mesmo que viva desde o ano passado uma condi\u00e7\u00e3o de reserva na equipe.<\/p>\n\n\n\n<p>O vice de futebol Marcos Braz indicou que o atleta e seus representantes entenderam a situa\u00e7\u00e3o financeira do Flamengo, e a renova\u00e7\u00e3o n\u00e3o deve ser um problema: &#8220;Est\u00e3o andando, j\u00e1 se iniciaram.&#8221;, afirmou Braz.<\/p>\n\n\n\n<p>Contratado em 2016, Diego foi protagonista do Flamengo durante os anos de reconstru\u00e7\u00e3o financeira, mas depois da forma\u00e7\u00e3o de uma equipe multicampe\u00e3 com Jorge Jesus, perdeu espa\u00e7o. Ainda assim, renovou o contrato em 2019.<\/p>\n\n\n\n<p>A perman\u00eancia j\u00e1 n\u00e3o era unanimidade entre a diretoria e os membros do Conselho do Futebol. Que convenceu o jogador a aceitar uma redu\u00e7\u00e3o salarial na casa dos 20%. Dessa vez, aos 35 anos, nova redu\u00e7\u00e3o seria mais complicada.<\/p>\n\n\n\n<p>Querido pelos jogadores e um dos capit\u00e3es, Diego ainda conviveu com uma grave les\u00e3o ano passado, mas deu a volta por cima e ajudou na conquista da Libertadores. Foi dele o passe para o gol do t\u00edtulo de Gabigol.<\/p>\n\n\n\n<h2 class=\"wp-block-heading\"><strong>Negocia\u00e7\u00e3o com Diego Alves:<\/strong><\/h2>\n\n\n\n<p>Titular absoluto no gol do Flamengo, Diego Alves \u00e9 um dos capit\u00e3es do time e tem um dos mais altos sal\u00e1rios do elenco, por isso a renova\u00e7\u00e3o deve encontrar alguma dificuldade.<\/p>\n\n\n\n<p>A diretoria melhorou os pagamentos a atletas importantes como Gabigol, Bruno Henrique e \u00c9verton Ribeiro. E o caminho natural seria a promo\u00e7\u00e3o de Alves, que fez uma temporada 2019 brilhante. Todavia, devido a pandemia, n\u00e3o \u00e9 poss\u00edvel cravar um aumento significativo.<\/p>\n\n\n\n<p>\u2014 Diego Alves estava tr\u00eas meses afastado. Tinha goleiro vindo do M\u00e9xico que estava pertinho. Conversamos, e ele continuou. Temos excelente rela\u00e7\u00e3o. Agora, eu falo isso, vem um grego e quer pagar 20 milh\u00f5es de d\u00f3lares. O Flamengo n\u00e3o vai fazer loucura. \u2014 avisou Braz.<\/p>\n\n\n\n<p>Retirado de: Extra<\/p>\n","protected":false},"excerpt":{"rendered":"<p>O meia Diego e a diretoria do Flamengo tiveram a primeira conversa para a renova\u00e7\u00e3o de contrato do camisa 10. O papo aconteceu esta semana. Com v\u00ednculo at\u00e9 dezembro, Diego sinalizou o desejo por permanecer no Flamengo, mesmo que viva desde o ano passado uma condi\u00e7\u00e3o de reserva na equipe. O vice de futebol Marcos [&hellip;]<\/p>\n","protected":false},"author":1,"featured_media":28887,"comment_status":"open","ping_status":"closed","sticky":false,"template":"","format":"standard","meta":{"footnotes":""},"categories":[47],"tags":[],"class_list":["post-45636","post","type-post","status-publish","format-standard","has-post-thumbnail","hentry","category-destaques"],"yoast_head":"<!-- This site is optimized with the Yoast SEO Premium plugin v24.2 (Yoast SEO v26.9) - https:\/\/yoast.com\/product\/yoast-seo-premium-wordpress\/ -->\n<title>Renova\u00e7\u00f5es de Diego Alves e Diego Ribas est\u00e3o no radar do Flamengo<\/title>\n<meta name=\"robots\" content=\"index, follow, max-snippet:-1, max-image-preview:large, max-video-preview:-1\" \/>\n<link rel=\"canonical\" href=\"https:\/\/www.gaveanews.com\/index.php\/2020\/08\/15\/renovacoes-de-diego-alves-e-diego-ribas-estao-no-radar-da-diretoria-do-flamengo\/\" \/>\n<meta property=\"og:locale\" content=\"pt_BR\" \/>\n<meta property=\"og:type\" content=\"article\" \/>\n<meta property=\"og:title\" content=\"Renova\u00e7\u00f5es de Diego Alves e Diego Ribas est\u00e3o no radar da diretoria do Flamengo\" \/>\n<meta property=\"og:description\" content=\"O meia Diego e a diretoria do Flamengo tiveram a primeira conversa para a renova\u00e7\u00e3o de contrato do camisa 10. O papo aconteceu esta semana. Com v\u00ednculo at\u00e9 dezembro, Diego sinalizou o desejo por permanecer no Flamengo, mesmo que viva desde o ano passado uma condi\u00e7\u00e3o de reserva na equipe. O vice de futebol Marcos [&hellip;]\" \/>\n<meta property=\"og:url\" content=\"https:\/\/www.gaveanews.com\/index.php\/2020\/08\/15\/renovacoes-de-diego-alves-e-diego-ribas-estao-no-radar-da-diretoria-do-flamengo\/\" \/>\n<meta property=\"og:site_name\" content=\"G\u00e1vea News\" \/>\n<meta property=\"article:publisher\" content=\"https:\/\/facebook.com\/gaveaNews\/\" \/>\n<meta property=\"article:published_time\" content=\"2020-08-15T14:30:27+00:00\" \/>\n<meta property=\"og:image\" content=\"https:\/\/www.gaveanews.com\/wp-content\/uploads\/Diego-em-acao-pelo-Flamengo.webp\" \/>\n\t<meta property=\"og:image:width\" content=\"1\" \/>\n\t<meta property=\"og:image:height\" content=\"1\" \/>\n\t<meta property=\"og:image:type\" content=\"image\/jpeg\" \/>\n<meta name=\"author\" content=\"Equipe G\u00e1vea News\" \/>\n<meta name=\"twitter:card\" content=\"summary_large_image\" \/>\n<meta name=\"twitter:label1\" content=\"Escrito por\" \/>\n\t<meta name=\"twitter:data1\" content=\"Equipe G\u00e1vea News\" \/>\n\t<meta name=\"twitter:label2\" content=\"Est. tempo de leitura\" \/>\n\t<meta name=\"twitter:data2\" content=\"2 minutos\" \/>\n<script type=\"application\/ld+json\" class=\"yoast-schema-graph\">{\"@context\":\"https:\/\/schema.org\",\"@graph\":[{\"@type\":\"NewsArticle\",\"@id\":\"https:\/\/www.gaveanews.com\/index.php\/2020\/08\/15\/renovacoes-de-diego-alves-e-diego-ribas-estao-no-radar-da-diretoria-do-flamengo\/#article\",\"isPartOf\":{\"@id\":\"https:\/\/www.gaveanews.com\/index.php\/2020\/08\/15\/renovacoes-de-diego-alves-e-diego-ribas-estao-no-radar-da-diretoria-do-flamengo\/\"},\"author\":{\"name\":\"Equipe G\u00e1vea News\",\"@id\":\"https:\/\/www.gaveanews.com\/#\/schema\/person\/2ec14f73fb96be2caf28f91afb14749d\"},\"headline\":\"Renova\u00e7\u00f5es de Diego Alves e Diego Ribas est\u00e3o no radar da diretoria do Flamengo\",\"datePublished\":\"2020-08-15T14:30:27+00:00\",\"mainEntityOfPage\":{\"@id\":\"https:\/\/www.gaveanews.com\/index.php\/2020\/08\/15\/renovacoes-de-diego-alves-e-diego-ribas-estao-no-radar-da-diretoria-do-flamengo\/\"},\"wordCount\":355,\"commentCount\":5,\"image\":{\"@id\":\"https:\/\/www.gaveanews.com\/index.php\/2020\/08\/15\/renovacoes-de-diego-alves-e-diego-ribas-estao-no-radar-da-diretoria-do-flamengo\/#primaryimage\"},\"thumbnailUrl\":\"https:\/\/www.gaveanews.com\/wp-content\/uploads\/Diego-em-acao-pelo-Flamengo.webp\",\"articleSection\":[\"Destaques\"],\"inLanguage\":\"pt-BR\",\"potentialAction\":[{\"@type\":\"CommentAction\",\"name\":\"Comment\",\"target\":[\"https:\/\/www.gaveanews.com\/index.php\/2020\/08\/15\/renovacoes-de-diego-alves-e-diego-ribas-estao-no-radar-da-diretoria-do-flamengo\/#respond\"]}],\"copyrightYear\":\"2020\",\"copyrightHolder\":{\"@id\":\"https:\/\/www.gaveanews.com\/#organization\"}},{\"@type\":\"WebPage\",\"@id\":\"https:\/\/www.gaveanews.com\/index.php\/2020\/08\/15\/renovacoes-de-diego-alves-e-diego-ribas-estao-no-radar-da-diretoria-do-flamengo\/\",\"url\":\"https:\/\/www.gaveanews.com\/index.php\/2020\/08\/15\/renovacoes-de-diego-alves-e-diego-ribas-estao-no-radar-da-diretoria-do-flamengo\/\",\"name\":\"Renova\u00e7\u00f5es de Diego Alves e Diego Ribas est\u00e3o no radar do Flamengo\",\"isPartOf\":{\"@id\":\"https:\/\/www.gaveanews.com\/#website\"},\"primaryImageOfPage\":{\"@id\":\"https:\/\/www.gaveanews.com\/index.php\/2020\/08\/15\/renovacoes-de-diego-alves-e-diego-ribas-estao-no-radar-da-diretoria-do-flamengo\/#primaryimage\"},\"image\":{\"@id\":\"https:\/\/www.gaveanews.com\/index.php\/2020\/08\/15\/renovacoes-de-diego-alves-e-diego-ribas-estao-no-radar-da-diretoria-do-flamengo\/#primaryimage\"},\"thumbnailUrl\":\"https:\/\/www.gaveanews.com\/wp-content\/uploads\/Diego-em-acao-pelo-Flamengo.webp\",\"datePublished\":\"2020-08-15T14:30:27+00:00\",\"author\":{\"@id\":\"https:\/\/www.gaveanews.com\/#\/schema\/person\/2ec14f73fb96be2caf28f91afb14749d\"},\"breadcrumb\":{\"@id\":\"https:\/\/www.gaveanews.com\/index.php\/2020\/08\/15\/renovacoes-de-diego-alves-e-diego-ribas-estao-no-radar-da-diretoria-do-flamengo\/#breadcrumb\"},\"inLanguage\":\"pt-BR\",\"potentialAction\":[{\"@type\":\"ReadAction\",\"target\":[\"https:\/\/www.gaveanews.com\/index.php\/2020\/08\/15\/renovacoes-de-diego-alves-e-diego-ribas-estao-no-radar-da-diretoria-do-flamengo\/\"]}]},{\"@type\":\"ImageObject\",\"inLanguage\":\"pt-BR\",\"@id\":\"https:\/\/www.gaveanews.com\/index.php\/2020\/08\/15\/renovacoes-de-diego-alves-e-diego-ribas-estao-no-radar-da-diretoria-do-flamengo\/#primaryimage\",\"url\":\"https:\/\/www.gaveanews.com\/wp-content\/uploads\/Diego-em-acao-pelo-Flamengo.webp\",\"contentUrl\":\"https:\/\/www.gaveanews.com\/wp-content\/uploads\/Diego-em-acao-pelo-Flamengo.webp\",\"caption\":\"Diego em a\u00e7\u00e3o pelo Flamengo (Foto: Alexandre Vidal\/Flamengo)\"},{\"@type\":\"BreadcrumbList\",\"@id\":\"https:\/\/www.gaveanews.com\/index.php\/2020\/08\/15\/renovacoes-de-diego-alves-e-diego-ribas-estao-no-radar-da-diretoria-do-flamengo\/#breadcrumb\",\"itemListElement\":[{\"@type\":\"ListItem\",\"position\":1,\"name\":\"Home\",\"item\":\"https:\/\/www.gaveanews.com\/\"},{\"@type\":\"ListItem\",\"position\":2,\"name\":\"Renova\u00e7\u00f5es de Diego Alves e Diego Ribas est\u00e3o no radar da diretoria do Flamengo\"}]},{\"@type\":\"WebSite\",\"@id\":\"https:\/\/www.gaveanews.com\/#website\",\"url\":\"https:\/\/www.gaveanews.com\/\",\"name\":\"G\u00e1vea News\",\"description\":\"Veja todas as not\u00edcias sobre o Flamengo: Contrata\u00e7\u00f5es, categorias de base, resultados das partidas, tabela de classifica\u00e7\u00e3o, pr\u00f3ximos jogos!\",\"potentialAction\":[{\"@type\":\"SearchAction\",\"target\":{\"@type\":\"EntryPoint\",\"urlTemplate\":\"https:\/\/www.gaveanews.com\/?s={search_term_string}\"},\"query-input\":{\"@type\":\"PropertyValueSpecification\",\"valueRequired\":true,\"valueName\":\"search_term_string\"}}],\"inLanguage\":\"pt-BR\"},{\"@type\":\"Person\",\"@id\":\"https:\/\/www.gaveanews.com\/#\/schema\/person\/2ec14f73fb96be2caf28f91afb14749d\",\"name\":\"Equipe G\u00e1vea News\",\"image\":{\"@type\":\"ImageObject\",\"inLanguage\":\"pt-BR\",\"@id\":\"https:\/\/www.gaveanews.com\/#\/schema\/person\/image\/\",\"url\":\"https:\/\/secure.gravatar.com\/avatar\/1e1956f1facbffd3f8fa53a326721950116b3b9dc9bd44939c01180fd4a745a9?s=96&d=mm&r=g\",\"contentUrl\":\"https:\/\/secure.gravatar.com\/avatar\/1e1956f1facbffd3f8fa53a326721950116b3b9dc9bd44939c01180fd4a745a9?s=96&d=mm&r=g\",\"caption\":\"Equipe G\u00e1vea News\"}}]}<\/script>\n<!-- \/ Yoast SEO Premium plugin. -->","yoast_head_json":{"title":"Renova\u00e7\u00f5es de Diego Alves e Diego Ribas est\u00e3o no radar do Flamengo","robots":{"index":"index","follow":"follow","max-snippet":"max-snippet:-1","max-image-preview":"max-image-preview:large","max-video-preview":"max-video-preview:-1"},"canonical":"https:\/\/www.gaveanews.com\/index.php\/2020\/08\/15\/renovacoes-de-diego-alves-e-diego-ribas-estao-no-radar-da-diretoria-do-flamengo\/","og_locale":"pt_BR","og_type":"article","og_title":"Renova\u00e7\u00f5es de Diego Alves e Diego Ribas est\u00e3o no radar da diretoria do Flamengo","og_description":"O meia Diego e a diretoria do Flamengo tiveram a primeira conversa para a renova\u00e7\u00e3o de contrato do camisa 10. O papo aconteceu esta semana. Com v\u00ednculo at\u00e9 dezembro, Diego sinalizou o desejo por permanecer no Flamengo, mesmo que viva desde o ano passado uma condi\u00e7\u00e3o de reserva na equipe. O vice de futebol Marcos [&hellip;]","og_url":"https:\/\/www.gaveanews.com\/index.php\/2020\/08\/15\/renovacoes-de-diego-alves-e-diego-ribas-estao-no-radar-da-diretoria-do-flamengo\/","og_site_name":"G\u00e1vea News","article_publisher":"https:\/\/facebook.com\/gaveaNews\/","article_published_time":"2020-08-15T14:30:27+00:00","og_image":[{"url":"https:\/\/www.gaveanews.com\/wp-content\/uploads\/Diego-em-acao-pelo-Flamengo.webp","width":1,"height":1,"type":"image\/jpeg"}],"author":"Equipe G\u00e1vea News","twitter_card":"summary_large_image","twitter_misc":{"Escrito por":"Equipe G\u00e1vea News","Est. tempo de leitura":"2 minutos"},"schema":{"@context":"https:\/\/schema.org","@graph":[{"@type":"NewsArticle","@id":"https:\/\/www.gaveanews.com\/index.php\/2020\/08\/15\/renovacoes-de-diego-alves-e-diego-ribas-estao-no-radar-da-diretoria-do-flamengo\/#article","isPartOf":{"@id":"https:\/\/www.gaveanews.com\/index.php\/2020\/08\/15\/renovacoes-de-diego-alves-e-diego-ribas-estao-no-radar-da-diretoria-do-flamengo\/"},"author":{"name":"Equipe G\u00e1vea News","@id":"https:\/\/www.gaveanews.com\/#\/schema\/person\/2ec14f73fb96be2caf28f91afb14749d"},"headline":"Renova\u00e7\u00f5es de Diego Alves e Diego Ribas est\u00e3o no radar da diretoria do Flamengo","datePublished":"2020-08-15T14:30:27+00:00","mainEntityOfPage":{"@id":"https:\/\/www.gaveanews.com\/index.php\/2020\/08\/15\/renovacoes-de-diego-alves-e-diego-ribas-estao-no-radar-da-diretoria-do-flamengo\/"},"wordCount":355,"commentCount":5,"image":{"@id":"https:\/\/www.gaveanews.com\/index.php\/2020\/08\/15\/renovacoes-de-diego-alves-e-diego-ribas-estao-no-radar-da-diretoria-do-flamengo\/#primaryimage"},"thumbnailUrl":"https:\/\/www.gaveanews.com\/wp-content\/uploads\/Diego-em-acao-pelo-Flamengo.webp","articleSection":["Destaques"],"inLanguage":"pt-BR","potentialAction":[{"@type":"CommentAction","name":"Comment","target":["https:\/\/www.gaveanews.com\/index.php\/2020\/08\/15\/renovacoes-de-diego-alves-e-diego-ribas-estao-no-radar-da-diretoria-do-flamengo\/#respond"]}],"copyrightYear":"2020","copyrightHolder":{"@id":"https:\/\/www.gaveanews.com\/#organization"}},{"@type":"WebPage","@id":"https:\/\/www.gaveanews.com\/index.php\/2020\/08\/15\/renovacoes-de-diego-alves-e-diego-ribas-estao-no-radar-da-diretoria-do-flamengo\/","url":"https:\/\/www.gaveanews.com\/index.php\/2020\/08\/15\/renovacoes-de-diego-alves-e-diego-ribas-estao-no-radar-da-diretoria-do-flamengo\/","name":"Renova\u00e7\u00f5es de Diego Alves e Diego Ribas est\u00e3o no radar do Flamengo","isPartOf":{"@id":"https:\/\/www.gaveanews.com\/#website"},"primaryImageOfPage":{"@id":"https:\/\/www.gaveanews.com\/index.php\/2020\/08\/15\/renovacoes-de-diego-alves-e-diego-ribas-estao-no-radar-da-diretoria-do-flamengo\/#primaryimage"},"image":{"@id":"https:\/\/www.gaveanews.com\/index.php\/2020\/08\/15\/renovacoes-de-diego-alves-e-diego-ribas-estao-no-radar-da-diretoria-do-flamengo\/#primaryimage"},"thumbnailUrl":"https:\/\/www.gaveanews.com\/wp-content\/uploads\/Diego-em-acao-pelo-Flamengo.webp","datePublished":"2020-08-15T14:30:27+00:00","author":{"@id":"https:\/\/www.gaveanews.com\/#\/schema\/person\/2ec14f73fb96be2caf28f91afb14749d"},"breadcrumb":{"@id":"https:\/\/www.gaveanews.com\/index.php\/2020\/08\/15\/renovacoes-de-diego-alves-e-diego-ribas-estao-no-radar-da-diretoria-do-flamengo\/#breadcrumb"},"inLanguage":"pt-BR","potentialAction":[{"@type":"ReadAction","target":["https:\/\/www.gaveanews.com\/index.php\/2020\/08\/15\/renovacoes-de-diego-alves-e-diego-ribas-estao-no-radar-da-diretoria-do-flamengo\/"]}]},{"@type":"ImageObject","inLanguage":"pt-BR","@id":"https:\/\/www.gaveanews.com\/index.php\/2020\/08\/15\/renovacoes-de-diego-alves-e-diego-ribas-estao-no-radar-da-diretoria-do-flamengo\/#primaryimage","url":"https:\/\/www.gaveanews.com\/wp-content\/uploads\/Diego-em-acao-pelo-Flamengo.webp","contentUrl":"https:\/\/www.gaveanews.com\/wp-content\/uploads\/Diego-em-acao-pelo-Flamengo.webp","caption":"Diego em a\u00e7\u00e3o pelo Flamengo (Foto: Alexandre Vidal\/Flamengo)"},{"@type":"BreadcrumbList","@id":"https:\/\/www.gaveanews.com\/index.php\/2020\/08\/15\/renovacoes-de-diego-alves-e-diego-ribas-estao-no-radar-da-diretoria-do-flamengo\/#breadcrumb","itemListElement":[{"@type":"ListItem","position":1,"name":"Home","item":"https:\/\/www.gaveanews.com\/"},{"@type":"ListItem","position":2,"name":"Renova\u00e7\u00f5es de Diego Alves e Diego Ribas est\u00e3o no radar da diretoria do Flamengo"}]},{"@type":"WebSite","@id":"https:\/\/www.gaveanews.com\/#website","url":"https:\/\/www.gaveanews.com\/","name":"G\u00e1vea News","description":"Veja todas as not\u00edcias sobre o Flamengo: Contrata\u00e7\u00f5es, categorias de base, resultados das partidas, tabela de classifica\u00e7\u00e3o, pr\u00f3ximos jogos!","potentialAction":[{"@type":"SearchAction","target":{"@type":"EntryPoint","urlTemplate":"https:\/\/www.gaveanews.com\/?s={search_term_string}"},"query-input":{"@type":"PropertyValueSpecification","valueRequired":true,"valueName":"search_term_string"}}],"inLanguage":"pt-BR"},{"@type":"Person","@id":"https:\/\/www.gaveanews.com\/#\/schema\/person\/2ec14f73fb96be2caf28f91afb14749d","name":"Equipe G\u00e1vea News","image":{"@type":"ImageObject","inLanguage":"pt-BR","@id":"https:\/\/www.gaveanews.com\/#\/schema\/person\/image\/","url":"https:\/\/secure.gravatar.com\/avatar\/1e1956f1facbffd3f8fa53a326721950116b3b9dc9bd44939c01180fd4a745a9?s=96&d=mm&r=g","contentUrl":"https:\/\/secure.gravatar.com\/avatar\/1e1956f1facbffd3f8fa53a326721950116b3b9dc9bd44939c01180fd4a745a9?s=96&d=mm&r=g","caption":"Equipe G\u00e1vea News"}}]}},"_links":{"self":[{"href":"https:\/\/www.gaveanews.com\/index.php\/wp-json\/wp\/v2\/posts\/45636","targetHints":{"allow":["GET"]}}],"collection":[{"href":"https:\/\/www.gaveanews.com\/index.php\/wp-json\/wp\/v2\/posts"}],"about":[{"href":"https:\/\/www.gaveanews.com\/index.php\/wp-json\/wp\/v2\/types\/post"}],"author":[{"embeddable":true,"href":"https:\/\/www.gaveanews.com\/index.php\/wp-json\/wp\/v2\/users\/1"}],"replies":[{"embeddable":true,"href":"https:\/\/www.gaveanews.com\/index.php\/wp-json\/wp\/v2\/comments?post=45636"}],"version-history":[{"count":0,"href":"https:\/\/www.gaveanews.com\/index.php\/wp-json\/wp\/v2\/posts\/45636\/revisions"}],"wp:featuredmedia":[{"embeddable":true,"href":"https:\/\/www.gaveanews.com\/index.php\/wp-json\/wp\/v2\/media\/28887"}],"wp:attachment":[{"href":"https:\/\/www.gaveanews.com\/index.php\/wp-json\/wp\/v2\/media?parent=45636"}],"wp:term":[{"taxonomy":"category","embeddable":true,"href":"https:\/\/www.gaveanews.com\/index.php\/wp-json\/wp\/v2\/categories?post=45636"},{"taxonomy":"post_tag","embeddable":true,"href":"https:\/\/www.gaveanews.com\/index.php\/wp-json\/wp\/v2\/tags?post=45636"}],"curies":[{"name":"wp","href":"https:\/\/api.w.org\/{rel}","templated":true}]}}