{"id":45657,"date":"2020-08-15T18:40:27","date_gmt":"2020-08-15T21:40:27","guid":{"rendered":"https:\/\/www.gaveanews.com\/?p=45657"},"modified":"2020-08-19T04:12:00","modified_gmt":"2020-08-19T07:12:00","slug":"rafinha-deixa-o-pais-em-meio-a-litigio-judicial-com-ex-mulher","status":"publish","type":"post","link":"https:\/\/www.gaveanews.com\/index.php\/2020\/08\/15\/rafinha-deixa-o-pais-em-meio-a-litigio-judicial-com-ex-mulher\/","title":{"rendered":"Rafinha deixa o pa\u00eds em meio a lit\u00edgio judicial com ex-mulher"},"content":{"rendered":"\n<p>Rafinha est\u00e1 indo pra Gr\u00e9cia. Bem longe da torcida do Flamengo, mas tamb\u00e9m de um processo judicial inc\u00f4modo ao lateral. Semana passada, ele recebeu em sua casa uma intima\u00e7\u00e3o para que informe \u00e0 Justi\u00e7a quais s\u00e3o os bens registrados em seu nome e de familiares. A intima\u00e7\u00e3o \u00e9 consequ\u00eancia de um processo movido pela ex-mulher e m\u00e3e de suas duas filhas, de 11 e 7 anos, Carolina Ferrari Santana com quem Rafinha foi casado durante nove anos.<\/p>\n\n\n\n<p>No processo, ao qual o blog teve acesso, Carolina informa que vem tentando esclarecer a situa\u00e7\u00e3o junto ao ex-marido desde o ano passado, quando o jogador foi transferido para o Flamengo. A insatisfa\u00e7\u00e3o de Carolina se d\u00e1 por dois motivos, segundo a a\u00e7\u00e3o. Um deles, pelo fato de o jogador ter reduzido o valor de pens\u00e3o aliment\u00edcia que paga desde a separa\u00e7\u00e3o (em 2017).<\/p>\n\n\n\n<p>&#8220;Ap\u00f3s a separa\u00e7\u00e3o do casal o requerido continuou prestando integral aux\u00edlio financeiro \u00e0s filhas e \u00e0 companheira. Contudo, em movimento gradual e injustificado, passou a &#8220;cortar&#8221; os valores repassados a fam\u00edlia&#8221;, sustenta a defesa de Carolina.<\/p>\n\n\n\n<p>O segundo motivo de insatisfa\u00e7\u00e3o, pelo que consta nos autos, \u00e9 pelo fato de Rafinha n\u00e3o feito a devida partilha de bens com a ex-mulher. Carolina, que \u00e9 formada em direito,&nbsp;afirma no processo que o ex-marido transferiu bens para sua m\u00e3e e irm\u00e3o com o objetivo de &#8220;fraudar a partilha&#8221;.<\/p>\n\n\n\n<p>&#8220;Ademais, por meio de consultas informais em imobili\u00e1rias locais, soube-se que o requerido tem por h\u00e1bito fazer a compra de im\u00f3veis sem o devido registro p\u00fablico posterior, ou seja, ele mant\u00e9m as aquisi\u00e7\u00f5es apenas em instrumentos particulares. O que foi percebido pela autora quando da procura das matr\u00edculas de im\u00f3veis que tinha ci\u00eancia que haviam sido adquiridos pelo ex-companheiro&#8221;<\/p>\n\n\n\n<h2 class=\"wp-block-heading\"><strong>Dinheiro na Alemanha<\/strong><\/h2>\n\n\n\n<p>Outra afirma\u00e7\u00e3o feita pela ex \u00e9 que o jogador mant\u00e9m investimentos aplicados na Europa, por &#8220;raz\u00f5es fiscais&#8221; e para &#8220;desviar&#8221; o montante da partilha.<\/p>\n\n\n\n<p>&#8220;Sabe-se que por raz\u00f5es fiscais, uma significativa parcela dos valores auferidos por Rafinha nos clubes europeus est\u00e1 aplicada em investimentos na Alemanha, local em que tamb\u00e9m se situa grande parte do patrim\u00f4nio comum j\u00e1 que o requerido residiu naquele pa\u00eds por 12 (doze) anos e \u00e9 imposs\u00edvel que tenha gastado a totalidade dos valores supracitados, recebidos ao longo da uni\u00e3o est\u00e1vel&#8221;, diz a autora da a\u00e7\u00e3o, referindo-se ao per\u00edodo em que Rafinho atuou pelo Bayern de Munique.<\/p>\n\n\n\n<h2 class=\"wp-block-heading\"><strong>Ida \u00e0 Gr\u00e9cia n\u00e3o impede andamento do processo<\/strong><\/h2>\n\n\n\n<p>O processo, que corre em Curitiba desde o ano passado, na Vara de Fam\u00edlia de Santa Felicidade, em Curitiba, foi remetido para o Rio com o pedido para que Rafinha apresentasse a lista de bens. A carta precat\u00f3ria foi registada na 2\u00aa Vara de Fam\u00edlia da Barra da Tijuca.<\/p>\n\n\n\n<p>Nela, a defesa pede \u00e0 Justi\u00e7a que Rafinha seja ouvido para que informe a totalidade de seus bens e rendimentos no per\u00edodo de oito anos em que o casal, segundo Carolina, manteve uni\u00e3o est\u00e1vel.&nbsp;Rafinha tem 15 dias para ser ouvido, o que pode ocorrer por meio de seu advogado, sem a necessidade de um depoimento pessoal.<\/p>\n\n\n\n<p>Al\u00e9m do pedido para que o jogador seja ouvido, os advogados de Carolina pedem que o Flamengo, o Bayern de Munique e a Nike informem quanto depositaram ao atleta durante a vig\u00eancia de seus contratos e lista uma s\u00e9rie de empresas imobili\u00e1rias para que elas informem a participa\u00e7\u00e3o do jogador na compra de 23 im\u00f3veis. Al\u00e9m disso, pede que seja expedido of\u00edcio ao Banco Central da Alemanha para obten\u00e7\u00e3o do imposto de renda do atleta.<\/p>\n\n\n\n<p>A advogada Diana Maria Palma Karam Geara, que representa Carolina, foi procurada. Ela confirmou a exist\u00eancia da carta precat\u00f3ria para cit\u00e1-lo na a\u00e7\u00e3o de produ\u00e7\u00e3o antecipada de provas que tramita em em Curitiba. Segundo a advogada h\u00e1 outras a\u00e7\u00f5es em face de Rafinha tramitando no Paran\u00e1, mas por elas estarem em segredo de justi\u00e7a, disse que n\u00e3o poderia detalhes das causas.<\/p>\n\n\n\n<p>Ap\u00f3s a publica\u00e7\u00e3o da reportagem, a assessoria do jogador enviou a seguinte nota:<\/p>\n\n\n\n<p><em>&#8220;Em rela\u00e7\u00e3o \u00e0 mat\u00e9ria publicada pela jornalista Gabriela Moreira em seu blog no portal GloboEsporte.com, o atleta Rafinha refor\u00e7a que n\u00e3o ir\u00e1 se pronunciar atrav\u00e9s da imprensa a respeito das alega\u00e7\u00f5es l\u00e1 divulgadas por envolverem diretamente suas filhas, menores de idade, e, assim, preservar a imagem das mesmas. Est\u00e1 separado desde 2015 de sua ex-namorada, m\u00e3e de suas filhas, com a qual morou em Munique por 3 anos, sem qualquer rela\u00e7\u00e3o matrimonial.<\/em><\/p>\n\n\n\n<p><em>Repudia as declara\u00e7\u00f5es da advogada do caso, uma vez que o processo corre em segredo de justi\u00e7a e as pens\u00f5es foram determinadas pelo Poder Judici\u00e1rio do Paran\u00e1, o que vem sendo cumprido rigorosamente pelo atleta. Em rela\u00e7\u00e3o \u00e0 declara\u00e7\u00e3o de bens, foi entregue \u00e0 2\u00aa Vara de Fam\u00edlia de Santa Felicidade, em Curitiba, no prazo estipulado pela Ju\u00edza da a\u00e7\u00e3o.<\/em><\/p>\n\n\n\n<p><em>O atleta lamenta que, ap\u00f3s mais de um ano do seu retorno ao Brasil para defender o Flamengo, a parte reclamante resolva expor suas filhas na m\u00eddia, sem necessidade, e acredita no Poder Judici\u00e1rio para resolver a quest\u00e3o.&#8221;<\/em><\/p>\n\n\n\n<p>Vale destacar que a assessoria de Carolina Ferrari Santana tamb\u00e9m manifestou-se e publicou a seguinte nota:<\/p>\n\n\n\n<p><em>&#8220;O Escrit\u00f3rio Professor Ren\u00e9 Dotti, respons\u00e1vel pela defesa de Carolina Ferrari Santana, ex-mulher do jogador, esclarece que n\u00e3o forneceu dados nem c\u00f3pias dos processos \u00e0 imprensa e refor\u00e7a que n\u00e3o ir\u00e1 se pronunciar, em raz\u00e3o de as a\u00e7\u00f5es tramitarem em segredo de Justi\u00e7a, como j\u00e1 pontuado pela advogada Diana Karam Geara.<\/em>&#8220;<\/p>\n\n\n\n<p>Retirado de: Blog da Gabriela Moreira<\/p>\n","protected":false},"excerpt":{"rendered":"<p>Rafinha est\u00e1 indo pra Gr\u00e9cia. Bem longe da torcida do Flamengo, mas tamb\u00e9m de um processo judicial inc\u00f4modo ao lateral. Semana passada, ele recebeu em sua casa uma intima\u00e7\u00e3o para que informe \u00e0 Justi\u00e7a quais s\u00e3o os bens registrados em seu nome e de familiares. A intima\u00e7\u00e3o \u00e9 consequ\u00eancia de um processo movido pela ex-mulher [&hellip;]<\/p>\n","protected":false},"author":1,"featured_media":28894,"comment_status":"open","ping_status":"closed","sticky":false,"template":"","format":"standard","meta":{"footnotes":""},"categories":[47],"tags":[],"class_list":["post-45657","post","type-post","status-publish","format-standard","has-post-thumbnail","hentry","category-destaques"],"yoast_head":"<!-- This site is optimized with the Yoast SEO Premium plugin v24.2 (Yoast SEO v26.9) - https:\/\/yoast.com\/product\/yoast-seo-premium-wordpress\/ -->\n<title>Rafinha deixa o pa\u00eds em meio a lit\u00edgio judicial com ex-mulher<\/title>\n<meta name=\"description\" content=\"Rafinha est\u00e1 indo pra Gr\u00e9cia. Bem longe da torcida do Flamengo, mas tamb\u00e9m de um processo judicial inc\u00f4modo ao lateral.\" \/>\n<meta name=\"robots\" content=\"index, follow, max-snippet:-1, max-image-preview:large, max-video-preview:-1\" \/>\n<link rel=\"canonical\" href=\"https:\/\/www.gaveanews.com\/index.php\/2020\/08\/15\/rafinha-deixa-o-pais-em-meio-a-litigio-judicial-com-ex-mulher\/\" \/>\n<meta property=\"og:locale\" content=\"pt_BR\" \/>\n<meta property=\"og:type\" content=\"article\" \/>\n<meta property=\"og:title\" content=\"Rafinha deixa o pa\u00eds em meio a lit\u00edgio judicial com ex-mulher\" \/>\n<meta property=\"og:description\" content=\"Rafinha est\u00e1 indo pra Gr\u00e9cia. Bem longe da torcida do Flamengo, mas tamb\u00e9m de um processo judicial inc\u00f4modo ao lateral.\" \/>\n<meta property=\"og:url\" content=\"https:\/\/www.gaveanews.com\/index.php\/2020\/08\/15\/rafinha-deixa-o-pais-em-meio-a-litigio-judicial-com-ex-mulher\/\" \/>\n<meta property=\"og:site_name\" content=\"G\u00e1vea News\" \/>\n<meta property=\"article:publisher\" content=\"https:\/\/facebook.com\/gaveaNews\/\" \/>\n<meta property=\"article:published_time\" content=\"2020-08-15T21:40:27+00:00\" \/>\n<meta property=\"article:modified_time\" content=\"2020-08-19T07:12:00+00:00\" \/>\n<meta property=\"og:image\" content=\"https:\/\/www.gaveanews.com\/wp-content\/uploads\/Rafinha-em-acao-pelo-Flamengo.webp\" \/>\n\t<meta property=\"og:image:width\" content=\"1\" \/>\n\t<meta property=\"og:image:height\" content=\"1\" \/>\n\t<meta property=\"og:image:type\" content=\"image\/jpeg\" \/>\n<meta name=\"author\" content=\"Equipe G\u00e1vea News\" \/>\n<meta name=\"twitter:card\" content=\"summary_large_image\" \/>\n<meta name=\"twitter:label1\" content=\"Escrito por\" \/>\n\t<meta name=\"twitter:data1\" content=\"Equipe G\u00e1vea News\" \/>\n\t<meta name=\"twitter:label2\" content=\"Est. tempo de leitura\" \/>\n\t<meta name=\"twitter:data2\" content=\"5 minutos\" \/>\n<script type=\"application\/ld+json\" class=\"yoast-schema-graph\">{\"@context\":\"https:\/\/schema.org\",\"@graph\":[{\"@type\":\"NewsArticle\",\"@id\":\"https:\/\/www.gaveanews.com\/index.php\/2020\/08\/15\/rafinha-deixa-o-pais-em-meio-a-litigio-judicial-com-ex-mulher\/#article\",\"isPartOf\":{\"@id\":\"https:\/\/www.gaveanews.com\/index.php\/2020\/08\/15\/rafinha-deixa-o-pais-em-meio-a-litigio-judicial-com-ex-mulher\/\"},\"author\":{\"name\":\"Equipe G\u00e1vea News\",\"@id\":\"https:\/\/www.gaveanews.com\/#\/schema\/person\/2ec14f73fb96be2caf28f91afb14749d\"},\"headline\":\"Rafinha deixa o pa\u00eds em meio a lit\u00edgio judicial com ex-mulher\",\"datePublished\":\"2020-08-15T21:40:27+00:00\",\"dateModified\":\"2020-08-19T07:12:00+00:00\",\"mainEntityOfPage\":{\"@id\":\"https:\/\/www.gaveanews.com\/index.php\/2020\/08\/15\/rafinha-deixa-o-pais-em-meio-a-litigio-judicial-com-ex-mulher\/\"},\"wordCount\":993,\"commentCount\":10,\"image\":{\"@id\":\"https:\/\/www.gaveanews.com\/index.php\/2020\/08\/15\/rafinha-deixa-o-pais-em-meio-a-litigio-judicial-com-ex-mulher\/#primaryimage\"},\"thumbnailUrl\":\"https:\/\/www.gaveanews.com\/wp-content\/uploads\/Rafinha-em-acao-pelo-Flamengo.webp\",\"articleSection\":[\"Destaques\"],\"inLanguage\":\"pt-BR\",\"potentialAction\":[{\"@type\":\"CommentAction\",\"name\":\"Comment\",\"target\":[\"https:\/\/www.gaveanews.com\/index.php\/2020\/08\/15\/rafinha-deixa-o-pais-em-meio-a-litigio-judicial-com-ex-mulher\/#respond\"]}],\"copyrightYear\":\"2020\",\"copyrightHolder\":{\"@id\":\"https:\/\/www.gaveanews.com\/#organization\"}},{\"@type\":\"WebPage\",\"@id\":\"https:\/\/www.gaveanews.com\/index.php\/2020\/08\/15\/rafinha-deixa-o-pais-em-meio-a-litigio-judicial-com-ex-mulher\/\",\"url\":\"https:\/\/www.gaveanews.com\/index.php\/2020\/08\/15\/rafinha-deixa-o-pais-em-meio-a-litigio-judicial-com-ex-mulher\/\",\"name\":\"Rafinha deixa o pa\u00eds em meio a lit\u00edgio judicial com ex-mulher\",\"isPartOf\":{\"@id\":\"https:\/\/www.gaveanews.com\/#website\"},\"primaryImageOfPage\":{\"@id\":\"https:\/\/www.gaveanews.com\/index.php\/2020\/08\/15\/rafinha-deixa-o-pais-em-meio-a-litigio-judicial-com-ex-mulher\/#primaryimage\"},\"image\":{\"@id\":\"https:\/\/www.gaveanews.com\/index.php\/2020\/08\/15\/rafinha-deixa-o-pais-em-meio-a-litigio-judicial-com-ex-mulher\/#primaryimage\"},\"thumbnailUrl\":\"https:\/\/www.gaveanews.com\/wp-content\/uploads\/Rafinha-em-acao-pelo-Flamengo.webp\",\"datePublished\":\"2020-08-15T21:40:27+00:00\",\"dateModified\":\"2020-08-19T07:12:00+00:00\",\"author\":{\"@id\":\"https:\/\/www.gaveanews.com\/#\/schema\/person\/2ec14f73fb96be2caf28f91afb14749d\"},\"description\":\"Rafinha est\u00e1 indo pra Gr\u00e9cia. Bem longe da torcida do Flamengo, mas tamb\u00e9m de um processo judicial inc\u00f4modo ao lateral.\",\"breadcrumb\":{\"@id\":\"https:\/\/www.gaveanews.com\/index.php\/2020\/08\/15\/rafinha-deixa-o-pais-em-meio-a-litigio-judicial-com-ex-mulher\/#breadcrumb\"},\"inLanguage\":\"pt-BR\",\"potentialAction\":[{\"@type\":\"ReadAction\",\"target\":[\"https:\/\/www.gaveanews.com\/index.php\/2020\/08\/15\/rafinha-deixa-o-pais-em-meio-a-litigio-judicial-com-ex-mulher\/\"]}]},{\"@type\":\"ImageObject\",\"inLanguage\":\"pt-BR\",\"@id\":\"https:\/\/www.gaveanews.com\/index.php\/2020\/08\/15\/rafinha-deixa-o-pais-em-meio-a-litigio-judicial-com-ex-mulher\/#primaryimage\",\"url\":\"https:\/\/www.gaveanews.com\/wp-content\/uploads\/Rafinha-em-acao-pelo-Flamengo.webp\",\"contentUrl\":\"https:\/\/www.gaveanews.com\/wp-content\/uploads\/Rafinha-em-acao-pelo-Flamengo.webp\",\"caption\":\"Rafinha em a\u00e7\u00e3o pelo Flamengo (Foto: Alexandre Vidal\/Flamengo)\"},{\"@type\":\"BreadcrumbList\",\"@id\":\"https:\/\/www.gaveanews.com\/index.php\/2020\/08\/15\/rafinha-deixa-o-pais-em-meio-a-litigio-judicial-com-ex-mulher\/#breadcrumb\",\"itemListElement\":[{\"@type\":\"ListItem\",\"position\":1,\"name\":\"Home\",\"item\":\"https:\/\/www.gaveanews.com\/\"},{\"@type\":\"ListItem\",\"position\":2,\"name\":\"Rafinha deixa o pa\u00eds em meio a lit\u00edgio judicial com ex-mulher\"}]},{\"@type\":\"WebSite\",\"@id\":\"https:\/\/www.gaveanews.com\/#website\",\"url\":\"https:\/\/www.gaveanews.com\/\",\"name\":\"G\u00e1vea News\",\"description\":\"Veja todas as not\u00edcias sobre o Flamengo: Contrata\u00e7\u00f5es, categorias de base, resultados das partidas, tabela de classifica\u00e7\u00e3o, pr\u00f3ximos jogos!\",\"potentialAction\":[{\"@type\":\"SearchAction\",\"target\":{\"@type\":\"EntryPoint\",\"urlTemplate\":\"https:\/\/www.gaveanews.com\/?s={search_term_string}\"},\"query-input\":{\"@type\":\"PropertyValueSpecification\",\"valueRequired\":true,\"valueName\":\"search_term_string\"}}],\"inLanguage\":\"pt-BR\"},{\"@type\":\"Person\",\"@id\":\"https:\/\/www.gaveanews.com\/#\/schema\/person\/2ec14f73fb96be2caf28f91afb14749d\",\"name\":\"Equipe G\u00e1vea News\",\"image\":{\"@type\":\"ImageObject\",\"inLanguage\":\"pt-BR\",\"@id\":\"https:\/\/www.gaveanews.com\/#\/schema\/person\/image\/\",\"url\":\"https:\/\/secure.gravatar.com\/avatar\/1e1956f1facbffd3f8fa53a326721950116b3b9dc9bd44939c01180fd4a745a9?s=96&d=mm&r=g\",\"contentUrl\":\"https:\/\/secure.gravatar.com\/avatar\/1e1956f1facbffd3f8fa53a326721950116b3b9dc9bd44939c01180fd4a745a9?s=96&d=mm&r=g\",\"caption\":\"Equipe G\u00e1vea News\"}}]}<\/script>\n<!-- \/ Yoast SEO Premium plugin. -->","yoast_head_json":{"title":"Rafinha deixa o pa\u00eds em meio a lit\u00edgio judicial com ex-mulher","description":"Rafinha est\u00e1 indo pra Gr\u00e9cia. Bem longe da torcida do Flamengo, mas tamb\u00e9m de um processo judicial inc\u00f4modo ao lateral.","robots":{"index":"index","follow":"follow","max-snippet":"max-snippet:-1","max-image-preview":"max-image-preview:large","max-video-preview":"max-video-preview:-1"},"canonical":"https:\/\/www.gaveanews.com\/index.php\/2020\/08\/15\/rafinha-deixa-o-pais-em-meio-a-litigio-judicial-com-ex-mulher\/","og_locale":"pt_BR","og_type":"article","og_title":"Rafinha deixa o pa\u00eds em meio a lit\u00edgio judicial com ex-mulher","og_description":"Rafinha est\u00e1 indo pra Gr\u00e9cia. Bem longe da torcida do Flamengo, mas tamb\u00e9m de um processo judicial inc\u00f4modo ao lateral.","og_url":"https:\/\/www.gaveanews.com\/index.php\/2020\/08\/15\/rafinha-deixa-o-pais-em-meio-a-litigio-judicial-com-ex-mulher\/","og_site_name":"G\u00e1vea News","article_publisher":"https:\/\/facebook.com\/gaveaNews\/","article_published_time":"2020-08-15T21:40:27+00:00","article_modified_time":"2020-08-19T07:12:00+00:00","og_image":[{"url":"https:\/\/www.gaveanews.com\/wp-content\/uploads\/Rafinha-em-acao-pelo-Flamengo.webp","width":1,"height":1,"type":"image\/jpeg"}],"author":"Equipe G\u00e1vea News","twitter_card":"summary_large_image","twitter_misc":{"Escrito por":"Equipe G\u00e1vea News","Est. tempo de leitura":"5 minutos"},"schema":{"@context":"https:\/\/schema.org","@graph":[{"@type":"NewsArticle","@id":"https:\/\/www.gaveanews.com\/index.php\/2020\/08\/15\/rafinha-deixa-o-pais-em-meio-a-litigio-judicial-com-ex-mulher\/#article","isPartOf":{"@id":"https:\/\/www.gaveanews.com\/index.php\/2020\/08\/15\/rafinha-deixa-o-pais-em-meio-a-litigio-judicial-com-ex-mulher\/"},"author":{"name":"Equipe G\u00e1vea News","@id":"https:\/\/www.gaveanews.com\/#\/schema\/person\/2ec14f73fb96be2caf28f91afb14749d"},"headline":"Rafinha deixa o pa\u00eds em meio a lit\u00edgio judicial com ex-mulher","datePublished":"2020-08-15T21:40:27+00:00","dateModified":"2020-08-19T07:12:00+00:00","mainEntityOfPage":{"@id":"https:\/\/www.gaveanews.com\/index.php\/2020\/08\/15\/rafinha-deixa-o-pais-em-meio-a-litigio-judicial-com-ex-mulher\/"},"wordCount":993,"commentCount":10,"image":{"@id":"https:\/\/www.gaveanews.com\/index.php\/2020\/08\/15\/rafinha-deixa-o-pais-em-meio-a-litigio-judicial-com-ex-mulher\/#primaryimage"},"thumbnailUrl":"https:\/\/www.gaveanews.com\/wp-content\/uploads\/Rafinha-em-acao-pelo-Flamengo.webp","articleSection":["Destaques"],"inLanguage":"pt-BR","potentialAction":[{"@type":"CommentAction","name":"Comment","target":["https:\/\/www.gaveanews.com\/index.php\/2020\/08\/15\/rafinha-deixa-o-pais-em-meio-a-litigio-judicial-com-ex-mulher\/#respond"]}],"copyrightYear":"2020","copyrightHolder":{"@id":"https:\/\/www.gaveanews.com\/#organization"}},{"@type":"WebPage","@id":"https:\/\/www.gaveanews.com\/index.php\/2020\/08\/15\/rafinha-deixa-o-pais-em-meio-a-litigio-judicial-com-ex-mulher\/","url":"https:\/\/www.gaveanews.com\/index.php\/2020\/08\/15\/rafinha-deixa-o-pais-em-meio-a-litigio-judicial-com-ex-mulher\/","name":"Rafinha deixa o pa\u00eds em meio a lit\u00edgio judicial com ex-mulher","isPartOf":{"@id":"https:\/\/www.gaveanews.com\/#website"},"primaryImageOfPage":{"@id":"https:\/\/www.gaveanews.com\/index.php\/2020\/08\/15\/rafinha-deixa-o-pais-em-meio-a-litigio-judicial-com-ex-mulher\/#primaryimage"},"image":{"@id":"https:\/\/www.gaveanews.com\/index.php\/2020\/08\/15\/rafinha-deixa-o-pais-em-meio-a-litigio-judicial-com-ex-mulher\/#primaryimage"},"thumbnailUrl":"https:\/\/www.gaveanews.com\/wp-content\/uploads\/Rafinha-em-acao-pelo-Flamengo.webp","datePublished":"2020-08-15T21:40:27+00:00","dateModified":"2020-08-19T07:12:00+00:00","author":{"@id":"https:\/\/www.gaveanews.com\/#\/schema\/person\/2ec14f73fb96be2caf28f91afb14749d"},"description":"Rafinha est\u00e1 indo pra Gr\u00e9cia. Bem longe da torcida do Flamengo, mas tamb\u00e9m de um processo judicial inc\u00f4modo ao lateral.","breadcrumb":{"@id":"https:\/\/www.gaveanews.com\/index.php\/2020\/08\/15\/rafinha-deixa-o-pais-em-meio-a-litigio-judicial-com-ex-mulher\/#breadcrumb"},"inLanguage":"pt-BR","potentialAction":[{"@type":"ReadAction","target":["https:\/\/www.gaveanews.com\/index.php\/2020\/08\/15\/rafinha-deixa-o-pais-em-meio-a-litigio-judicial-com-ex-mulher\/"]}]},{"@type":"ImageObject","inLanguage":"pt-BR","@id":"https:\/\/www.gaveanews.com\/index.php\/2020\/08\/15\/rafinha-deixa-o-pais-em-meio-a-litigio-judicial-com-ex-mulher\/#primaryimage","url":"https:\/\/www.gaveanews.com\/wp-content\/uploads\/Rafinha-em-acao-pelo-Flamengo.webp","contentUrl":"https:\/\/www.gaveanews.com\/wp-content\/uploads\/Rafinha-em-acao-pelo-Flamengo.webp","caption":"Rafinha em a\u00e7\u00e3o pelo Flamengo (Foto: Alexandre Vidal\/Flamengo)"},{"@type":"BreadcrumbList","@id":"https:\/\/www.gaveanews.com\/index.php\/2020\/08\/15\/rafinha-deixa-o-pais-em-meio-a-litigio-judicial-com-ex-mulher\/#breadcrumb","itemListElement":[{"@type":"ListItem","position":1,"name":"Home","item":"https:\/\/www.gaveanews.com\/"},{"@type":"ListItem","position":2,"name":"Rafinha deixa o pa\u00eds em meio a lit\u00edgio judicial com ex-mulher"}]},{"@type":"WebSite","@id":"https:\/\/www.gaveanews.com\/#website","url":"https:\/\/www.gaveanews.com\/","name":"G\u00e1vea News","description":"Veja todas as not\u00edcias sobre o Flamengo: Contrata\u00e7\u00f5es, categorias de base, resultados das partidas, tabela de classifica\u00e7\u00e3o, pr\u00f3ximos jogos!","potentialAction":[{"@type":"SearchAction","target":{"@type":"EntryPoint","urlTemplate":"https:\/\/www.gaveanews.com\/?s={search_term_string}"},"query-input":{"@type":"PropertyValueSpecification","valueRequired":true,"valueName":"search_term_string"}}],"inLanguage":"pt-BR"},{"@type":"Person","@id":"https:\/\/www.gaveanews.com\/#\/schema\/person\/2ec14f73fb96be2caf28f91afb14749d","name":"Equipe G\u00e1vea News","image":{"@type":"ImageObject","inLanguage":"pt-BR","@id":"https:\/\/www.gaveanews.com\/#\/schema\/person\/image\/","url":"https:\/\/secure.gravatar.com\/avatar\/1e1956f1facbffd3f8fa53a326721950116b3b9dc9bd44939c01180fd4a745a9?s=96&d=mm&r=g","contentUrl":"https:\/\/secure.gravatar.com\/avatar\/1e1956f1facbffd3f8fa53a326721950116b3b9dc9bd44939c01180fd4a745a9?s=96&d=mm&r=g","caption":"Equipe G\u00e1vea News"}}]}},"_links":{"self":[{"href":"https:\/\/www.gaveanews.com\/index.php\/wp-json\/wp\/v2\/posts\/45657","targetHints":{"allow":["GET"]}}],"collection":[{"href":"https:\/\/www.gaveanews.com\/index.php\/wp-json\/wp\/v2\/posts"}],"about":[{"href":"https:\/\/www.gaveanews.com\/index.php\/wp-json\/wp\/v2\/types\/post"}],"author":[{"embeddable":true,"href":"https:\/\/www.gaveanews.com\/index.php\/wp-json\/wp\/v2\/users\/1"}],"replies":[{"embeddable":true,"href":"https:\/\/www.gaveanews.com\/index.php\/wp-json\/wp\/v2\/comments?post=45657"}],"version-history":[{"count":0,"href":"https:\/\/www.gaveanews.com\/index.php\/wp-json\/wp\/v2\/posts\/45657\/revisions"}],"wp:featuredmedia":[{"embeddable":true,"href":"https:\/\/www.gaveanews.com\/index.php\/wp-json\/wp\/v2\/media\/28894"}],"wp:attachment":[{"href":"https:\/\/www.gaveanews.com\/index.php\/wp-json\/wp\/v2\/media?parent=45657"}],"wp:term":[{"taxonomy":"category","embeddable":true,"href":"https:\/\/www.gaveanews.com\/index.php\/wp-json\/wp\/v2\/categories?post=45657"},{"taxonomy":"post_tag","embeddable":true,"href":"https:\/\/www.gaveanews.com\/index.php\/wp-json\/wp\/v2\/tags?post=45657"}],"curies":[{"name":"wp","href":"https:\/\/api.w.org\/{rel}","templated":true}]}}