{"id":45788,"date":"2020-08-17T14:43:44","date_gmt":"2020-08-17T17:43:44","guid":{"rendered":"https:\/\/www.gaveanews.com\/?p=45788"},"modified":"2020-08-17T18:13:45","modified_gmt":"2020-08-17T21:13:45","slug":"numeros-de-mauricio-isla-sao-superiores-ao-de-rafinha-veja-comparacao","status":"publish","type":"post","link":"https:\/\/www.gaveanews.com\/index.php\/2020\/08\/17\/numeros-de-mauricio-isla-sao-superiores-ao-de-rafinha-veja-comparacao\/","title":{"rendered":"N\u00fameros de Maur\u00edcio Isla s\u00e3o superiores ao de Rafinha; veja compara\u00e7\u00e3o"},"content":{"rendered":"\n<p>O Flamengo agiu r\u00e1pido para definir um alvo e atirar a flecha a fim de acertar no substituto de Rafinha, que conceder\u00e1 uma entrevista coletiva e se despedir\u00e1, oficialmente, nesta segunda-feira. O Rubro-Negro vai \u00e0 Europa para fechar a contrata\u00e7\u00e3o do chileno Mauricio Isla, atualmente sem clube (saiba mais aqui).<\/p>\n\n\n\n<p>E \u00e9 justamente por conta dessa condi\u00e7\u00e3o que Isla, aos 32 anos, se encaixou no perfil tra\u00e7ado pelo Flamengo: experiente, vencedor e sem v\u00ednculo (uma vez que a janela para o mercado exterior encerrou-se recentemente).<\/p>\n\n\n\n<p>Isla estava no Fenerbahce e, nas \u00faltimas horas, acenou positivamente para o interesse do Flamengo. Ao todo, foram treze temporadas no futebol europeu, tendo o maior brilhantismo com a sele\u00e7\u00e3o chilena, onde \u00e9 convocado desde 2007 e foi pe\u00e7a essencial e incontest\u00e1vel no bicampeonato da Copa Am\u00e9rica (2015 e 2016), os primeiros t\u00edtulos de seu pa\u00eds.<\/p>\n\n\n\n<h2 class=\"wp-block-heading\">Virou nome de rua<\/h2>\n\n\n\n<p>S\u00f3lido na trajet\u00f3ria europeia, Isla \u00e9 idolatrado no Chile mesmo sem ter atuado em uma equipe local como profissional \u2013 foi revelado pelo Universidad Cat\u00f3lica e partiu para a Udinese ainda com idade sub-20.<\/p>\n\n\n\n<p>Para se ter uma no\u00e7\u00e3o do carinho dos chilenos, sobretudo em sua terra natal, a cidade de Buin (situada a 30km ao sul da capital Santiago), onde nasceu Mauricio Isla, teve uma rua batizada com o nome do defensor. Em tempo: o goleiro Claudio Bravo, conterr\u00e2neo do camisa 4, foi outro que recebeu essa honraria.<\/p>\n\n\n\n<h2 class=\"wp-block-heading\">Outras passagens na Europa<\/h2>\n\n\n\n<p>J\u00e1 foram citados o Fenerbahce e a Udinese como clubes da Europa presentes no curr\u00edculo de Isla. Al\u00e9m dos dois, ele j\u00e1 passou por Juventus, QPR, Olympique de Marseille (os dois \u00faltimos por empr\u00e9stimo) e Cagliari.<\/p>\n\n\n\n<p>Isla chamou a aten\u00e7\u00e3o do mercado do Velho Continente ap\u00f3s ser um dos destaques da campanha do terceiro lugar do Chile no Mundial Sub-20 de 2007. Na Udinese, quem o abriu as portas, foram cinco temporadas de regularidade, com 153 jogos acumulados e sete gols marcados.<\/p>\n\n\n\n<p>As suas atua\u00e7\u00f5es por l\u00e1 chamaram a aten\u00e7\u00e3o de gigantes. A Juventus o contratou, na temporada 2012\/13, por cerca de 9,5 milh\u00f5es de euros. Sem conseguir se firmar como titular, ficou dois anos e levantou duas ta\u00e7as da Serie A e tr\u00eas Supercopas da It\u00e1lia. Foram 47 partidas pela Velha Senhora, sem gols.<\/p>\n\n\n\n<p>A partir da\u00ed, foi emprestado para clubes de Inglaterra e Fran\u00e7a, mas s\u00f3 voltou a ser firmar com longevidade pelo Fenerbahce, a sua casa nas \u00faltimas tr\u00eas temporadas e que o contratou junto ao Cagilari, que estava com dificuldades financeiras. Ao todo, consistente e com a sua tradicional ofensividade na lateral, atuou em 91 jogos, somando 13 assist\u00eancias (n\u00e3o foi \u00e0s redes).<\/p>\n\n\n\n<h2 class=\"wp-block-heading\">Isla x Rafinha<\/h2>\n\n\n\n<p>O site especializado \u201cSofascore\u201d esmiu\u00e7ou n\u00fameros espec\u00edficos de Isla em rela\u00e7\u00e3o \u00e0 temporada passada, inclusive tra\u00e7ando um paralelo com os de Rafinha (a pedido de rubro-negros). O \u00faltimo jogo de Isla ocorreu dia 14\/3\/20.<\/p>\n\n\n\n<p>Mauricio Isla apresentou n\u00fameros superiores em diversos aspectos, como desarmes, assist\u00eancias e grandes chances criadas. Veja as m\u00e9dias seguir:<\/p>\n\n\n\n<!DOCTYPE html>\n<html>\n<head>\n<style>\ntable {\n  font-family: arial, sans-serif;\n  border-collapse: collapse;\n  width: 100%;\n}\n\ntd, th {\n  border: 1px solid #dddddd;\n  text-align: left;\n  padding: 8px;\n}\n\ntr:nth-child(even) {\n  background-color: #dddddd;\n}\n<\/style>\n<\/head>\n<body>\n\n<table>\n  <tr>\n    <th><\/th>\n    <th>Rafinha<\/th>\n    <th>Isla<\/th>\n  <\/tr>\n  <tr>\n    <td>M\u00e9dia de assist\u00eancias:<\/td>\n    <td>0.11<\/td>\n    <td>0.20<\/td>\n  <\/tr>\n  <tr>\n    <td>M\u00e9dia de passes decisivos:<\/td>\n    <td>0.82<\/td>\n    <td>1.51<\/td>\n  <\/tr>\n  <tr>\n    <td>M\u00e9dia de grandes chances criadas:<\/td>\n    <td>0.13<\/td>\n    <td>0.31<\/td>\n  <\/tr>\n  <tr>\n    <td>Aproveitamento nos cruzamentos:<\/td>\n    <td>24%<\/td>\n    <td>22%<\/td>\n  <\/tr>\n  <tr>\n    <td>M\u00e9dia de desarmes<\/td>\n    <td>1.76<\/td>\n    <td>2.20<\/td>\n  <\/tr>\n  <tr>\n    <td>M\u00e9dia de dribles sofridos<\/td>\n    <td>0.73<\/td>\n    <td>0.83<\/td>\n  <\/tr>\n   <tr>\n    <td>M\u00e9dia de faltas<\/td>\n    <td>0.98<\/td>\n    <td>1.14<\/td>\n  <\/tr>\n   <tr>\n    <td>M\u00e9dia de cart\u00f5es amarelos<\/td>\n    <td>0.29<\/td>\n    <td>0.20<\/td>\n  <\/tr>\n   <tr>\n    <td>Notas<\/td>\n    <td>6.92<\/td>\n    <td>7.03<\/td>\n  <\/tr>\n<\/table>\n\n<\/body><br>\n<\/html>\n\n\n\n<p>Desde que ficou sem contrato, Isla vem mantendo a forma f\u00edsica na Espanha, onde o Fla chegar\u00e1, com Marcos Braz e Bruno Spindel, vice-presidente de futebol e diretor executivo da pasta do clube, para selar o acordo at\u00e9 dezembro de 2022. O lateral est\u00e1 empolgado para disputar a sua primeira Libertadores.<\/p>\n\n\n\n<p>Retirado de: Lance<\/p>\n","protected":false},"excerpt":{"rendered":"<p>O Flamengo agiu r\u00e1pido para definir um alvo e atirar a flecha a fim de acertar no substituto de Rafinha, que conceder\u00e1 uma entrevista coletiva e se despedir\u00e1, oficialmente, nesta segunda-feira. O Rubro-Negro vai \u00e0 Europa para fechar a contrata\u00e7\u00e3o do chileno Mauricio Isla, atualmente sem clube (saiba mais aqui). E \u00e9 justamente por conta [&hellip;]<\/p>\n","protected":false},"author":1,"featured_media":45676,"comment_status":"open","ping_status":"closed","sticky":false,"template":"","format":"standard","meta":{"footnotes":""},"categories":[47],"tags":[],"class_list":["post-45788","post","type-post","status-publish","format-standard","has-post-thumbnail","hentry","category-destaques"],"yoast_head":"<!-- This site is optimized with the Yoast SEO Premium plugin v24.2 (Yoast SEO v26.9) - https:\/\/yoast.com\/product\/yoast-seo-premium-wordpress\/ -->\n<title>N\u00fameros de Maur\u00edcio Isla s\u00e3o superiores ao de Rafinha; veja compara\u00e7\u00e3o<\/title>\n<meta name=\"description\" content=\"A diretoria do Flamengo agiu r\u00e1pido para definir um alvo e atirar a flecha a fim de acertar no substituto de Rafinha.\" \/>\n<meta name=\"robots\" content=\"index, follow, max-snippet:-1, max-image-preview:large, max-video-preview:-1\" \/>\n<link rel=\"canonical\" href=\"https:\/\/www.gaveanews.com\/index.php\/2020\/08\/17\/numeros-de-mauricio-isla-sao-superiores-ao-de-rafinha-veja-comparacao\/\" \/>\n<meta property=\"og:locale\" content=\"pt_BR\" \/>\n<meta property=\"og:type\" content=\"article\" \/>\n<meta property=\"og:title\" content=\"N\u00fameros de Maur\u00edcio Isla s\u00e3o superiores ao de Rafinha; veja compara\u00e7\u00e3o\" \/>\n<meta property=\"og:description\" content=\"A diretoria do Flamengo agiu r\u00e1pido para definir um alvo e atirar a flecha a fim de acertar no substituto de Rafinha.\" \/>\n<meta property=\"og:url\" content=\"https:\/\/www.gaveanews.com\/index.php\/2020\/08\/17\/numeros-de-mauricio-isla-sao-superiores-ao-de-rafinha-veja-comparacao\/\" \/>\n<meta property=\"og:site_name\" content=\"G\u00e1vea News\" \/>\n<meta property=\"article:publisher\" content=\"https:\/\/facebook.com\/gaveaNews\/\" \/>\n<meta property=\"article:published_time\" content=\"2020-08-17T17:43:44+00:00\" \/>\n<meta property=\"article:modified_time\" content=\"2020-08-17T21:13:45+00:00\" \/>\n<meta property=\"og:image\" content=\"https:\/\/www.gaveanews.com\/wp-content\/uploads\/Isla-e-Neymar-disputam-a-bola-durante-o-jogo-entre-Brasil-e-Chile.webp\" \/>\n\t<meta property=\"og:image:width\" content=\"984\" \/>\n\t<meta property=\"og:image:height\" content=\"622\" \/>\n\t<meta property=\"og:image:type\" content=\"image\/jpeg\" \/>\n<meta name=\"author\" content=\"Equipe G\u00e1vea News\" \/>\n<meta name=\"twitter:card\" content=\"summary_large_image\" \/>\n<meta name=\"twitter:label1\" content=\"Escrito por\" \/>\n\t<meta name=\"twitter:data1\" content=\"Equipe G\u00e1vea News\" \/>\n\t<meta name=\"twitter:label2\" content=\"Est. tempo de leitura\" \/>\n\t<meta name=\"twitter:data2\" content=\"3 minutos\" \/>\n<script type=\"application\/ld+json\" class=\"yoast-schema-graph\">{\"@context\":\"https:\/\/schema.org\",\"@graph\":[{\"@type\":\"NewsArticle\",\"@id\":\"https:\/\/www.gaveanews.com\/index.php\/2020\/08\/17\/numeros-de-mauricio-isla-sao-superiores-ao-de-rafinha-veja-comparacao\/#article\",\"isPartOf\":{\"@id\":\"https:\/\/www.gaveanews.com\/index.php\/2020\/08\/17\/numeros-de-mauricio-isla-sao-superiores-ao-de-rafinha-veja-comparacao\/\"},\"author\":{\"name\":\"Equipe G\u00e1vea News\",\"@id\":\"https:\/\/www.gaveanews.com\/#\/schema\/person\/2ec14f73fb96be2caf28f91afb14749d\"},\"headline\":\"N\u00fameros de Maur\u00edcio Isla s\u00e3o superiores ao de Rafinha; veja compara\u00e7\u00e3o\",\"datePublished\":\"2020-08-17T17:43:44+00:00\",\"dateModified\":\"2020-08-17T21:13:45+00:00\",\"mainEntityOfPage\":{\"@id\":\"https:\/\/www.gaveanews.com\/index.php\/2020\/08\/17\/numeros-de-mauricio-isla-sao-superiores-ao-de-rafinha-veja-comparacao\/\"},\"wordCount\":621,\"commentCount\":13,\"image\":{\"@id\":\"https:\/\/www.gaveanews.com\/index.php\/2020\/08\/17\/numeros-de-mauricio-isla-sao-superiores-ao-de-rafinha-veja-comparacao\/#primaryimage\"},\"thumbnailUrl\":\"https:\/\/www.gaveanews.com\/wp-content\/uploads\/Isla-e-Neymar-disputam-a-bola-durante-o-jogo-entre-Brasil-e-Chile.webp\",\"articleSection\":[\"Destaques\"],\"inLanguage\":\"pt-BR\",\"potentialAction\":[{\"@type\":\"CommentAction\",\"name\":\"Comment\",\"target\":[\"https:\/\/www.gaveanews.com\/index.php\/2020\/08\/17\/numeros-de-mauricio-isla-sao-superiores-ao-de-rafinha-veja-comparacao\/#respond\"]}],\"copyrightYear\":\"2020\",\"copyrightHolder\":{\"@id\":\"https:\/\/www.gaveanews.com\/#organization\"}},{\"@type\":\"WebPage\",\"@id\":\"https:\/\/www.gaveanews.com\/index.php\/2020\/08\/17\/numeros-de-mauricio-isla-sao-superiores-ao-de-rafinha-veja-comparacao\/\",\"url\":\"https:\/\/www.gaveanews.com\/index.php\/2020\/08\/17\/numeros-de-mauricio-isla-sao-superiores-ao-de-rafinha-veja-comparacao\/\",\"name\":\"N\u00fameros de Maur\u00edcio Isla s\u00e3o superiores ao de Rafinha; veja compara\u00e7\u00e3o\",\"isPartOf\":{\"@id\":\"https:\/\/www.gaveanews.com\/#website\"},\"primaryImageOfPage\":{\"@id\":\"https:\/\/www.gaveanews.com\/index.php\/2020\/08\/17\/numeros-de-mauricio-isla-sao-superiores-ao-de-rafinha-veja-comparacao\/#primaryimage\"},\"image\":{\"@id\":\"https:\/\/www.gaveanews.com\/index.php\/2020\/08\/17\/numeros-de-mauricio-isla-sao-superiores-ao-de-rafinha-veja-comparacao\/#primaryimage\"},\"thumbnailUrl\":\"https:\/\/www.gaveanews.com\/wp-content\/uploads\/Isla-e-Neymar-disputam-a-bola-durante-o-jogo-entre-Brasil-e-Chile.webp\",\"datePublished\":\"2020-08-17T17:43:44+00:00\",\"dateModified\":\"2020-08-17T21:13:45+00:00\",\"author\":{\"@id\":\"https:\/\/www.gaveanews.com\/#\/schema\/person\/2ec14f73fb96be2caf28f91afb14749d\"},\"description\":\"A diretoria do Flamengo agiu r\u00e1pido para definir um alvo e atirar a flecha a fim de acertar no substituto de Rafinha.\",\"breadcrumb\":{\"@id\":\"https:\/\/www.gaveanews.com\/index.php\/2020\/08\/17\/numeros-de-mauricio-isla-sao-superiores-ao-de-rafinha-veja-comparacao\/#breadcrumb\"},\"inLanguage\":\"pt-BR\",\"potentialAction\":[{\"@type\":\"ReadAction\",\"target\":[\"https:\/\/www.gaveanews.com\/index.php\/2020\/08\/17\/numeros-de-mauricio-isla-sao-superiores-ao-de-rafinha-veja-comparacao\/\"]}]},{\"@type\":\"ImageObject\",\"inLanguage\":\"pt-BR\",\"@id\":\"https:\/\/www.gaveanews.com\/index.php\/2020\/08\/17\/numeros-de-mauricio-isla-sao-superiores-ao-de-rafinha-veja-comparacao\/#primaryimage\",\"url\":\"https:\/\/www.gaveanews.com\/wp-content\/uploads\/Isla-e-Neymar-disputam-a-bola-durante-o-jogo-entre-Brasil-e-Chile.webp\",\"contentUrl\":\"https:\/\/www.gaveanews.com\/wp-content\/uploads\/Isla-e-Neymar-disputam-a-bola-durante-o-jogo-entre-Brasil-e-Chile.webp\",\"width\":984,\"height\":622,\"caption\":\"Isla e Neymar disputam a bola durante o jogo entre Brasil e Chile (Foto: AP)\"},{\"@type\":\"BreadcrumbList\",\"@id\":\"https:\/\/www.gaveanews.com\/index.php\/2020\/08\/17\/numeros-de-mauricio-isla-sao-superiores-ao-de-rafinha-veja-comparacao\/#breadcrumb\",\"itemListElement\":[{\"@type\":\"ListItem\",\"position\":1,\"name\":\"Home\",\"item\":\"https:\/\/www.gaveanews.com\/\"},{\"@type\":\"ListItem\",\"position\":2,\"name\":\"N\u00fameros de Maur\u00edcio Isla s\u00e3o superiores ao de Rafinha; veja compara\u00e7\u00e3o\"}]},{\"@type\":\"WebSite\",\"@id\":\"https:\/\/www.gaveanews.com\/#website\",\"url\":\"https:\/\/www.gaveanews.com\/\",\"name\":\"G\u00e1vea News\",\"description\":\"Veja todas as not\u00edcias sobre o Flamengo: Contrata\u00e7\u00f5es, categorias de base, resultados das partidas, tabela de classifica\u00e7\u00e3o, pr\u00f3ximos jogos!\",\"potentialAction\":[{\"@type\":\"SearchAction\",\"target\":{\"@type\":\"EntryPoint\",\"urlTemplate\":\"https:\/\/www.gaveanews.com\/?s={search_term_string}\"},\"query-input\":{\"@type\":\"PropertyValueSpecification\",\"valueRequired\":true,\"valueName\":\"search_term_string\"}}],\"inLanguage\":\"pt-BR\"},{\"@type\":\"Person\",\"@id\":\"https:\/\/www.gaveanews.com\/#\/schema\/person\/2ec14f73fb96be2caf28f91afb14749d\",\"name\":\"Equipe G\u00e1vea News\",\"image\":{\"@type\":\"ImageObject\",\"inLanguage\":\"pt-BR\",\"@id\":\"https:\/\/www.gaveanews.com\/#\/schema\/person\/image\/\",\"url\":\"https:\/\/secure.gravatar.com\/avatar\/1e1956f1facbffd3f8fa53a326721950116b3b9dc9bd44939c01180fd4a745a9?s=96&d=mm&r=g\",\"contentUrl\":\"https:\/\/secure.gravatar.com\/avatar\/1e1956f1facbffd3f8fa53a326721950116b3b9dc9bd44939c01180fd4a745a9?s=96&d=mm&r=g\",\"caption\":\"Equipe G\u00e1vea News\"}}]}<\/script>\n<!-- \/ Yoast SEO Premium plugin. -->","yoast_head_json":{"title":"N\u00fameros de Maur\u00edcio Isla s\u00e3o superiores ao de Rafinha; veja compara\u00e7\u00e3o","description":"A diretoria do Flamengo agiu r\u00e1pido para definir um alvo e atirar a flecha a fim de acertar no substituto de Rafinha.","robots":{"index":"index","follow":"follow","max-snippet":"max-snippet:-1","max-image-preview":"max-image-preview:large","max-video-preview":"max-video-preview:-1"},"canonical":"https:\/\/www.gaveanews.com\/index.php\/2020\/08\/17\/numeros-de-mauricio-isla-sao-superiores-ao-de-rafinha-veja-comparacao\/","og_locale":"pt_BR","og_type":"article","og_title":"N\u00fameros de Maur\u00edcio Isla s\u00e3o superiores ao de Rafinha; veja compara\u00e7\u00e3o","og_description":"A diretoria do Flamengo agiu r\u00e1pido para definir um alvo e atirar a flecha a fim de acertar no substituto de Rafinha.","og_url":"https:\/\/www.gaveanews.com\/index.php\/2020\/08\/17\/numeros-de-mauricio-isla-sao-superiores-ao-de-rafinha-veja-comparacao\/","og_site_name":"G\u00e1vea News","article_publisher":"https:\/\/facebook.com\/gaveaNews\/","article_published_time":"2020-08-17T17:43:44+00:00","article_modified_time":"2020-08-17T21:13:45+00:00","og_image":[{"width":984,"height":622,"url":"https:\/\/www.gaveanews.com\/wp-content\/uploads\/Isla-e-Neymar-disputam-a-bola-durante-o-jogo-entre-Brasil-e-Chile.webp","type":"image\/jpeg"}],"author":"Equipe G\u00e1vea News","twitter_card":"summary_large_image","twitter_misc":{"Escrito por":"Equipe G\u00e1vea News","Est. tempo de leitura":"3 minutos"},"schema":{"@context":"https:\/\/schema.org","@graph":[{"@type":"NewsArticle","@id":"https:\/\/www.gaveanews.com\/index.php\/2020\/08\/17\/numeros-de-mauricio-isla-sao-superiores-ao-de-rafinha-veja-comparacao\/#article","isPartOf":{"@id":"https:\/\/www.gaveanews.com\/index.php\/2020\/08\/17\/numeros-de-mauricio-isla-sao-superiores-ao-de-rafinha-veja-comparacao\/"},"author":{"name":"Equipe G\u00e1vea News","@id":"https:\/\/www.gaveanews.com\/#\/schema\/person\/2ec14f73fb96be2caf28f91afb14749d"},"headline":"N\u00fameros de Maur\u00edcio Isla s\u00e3o superiores ao de Rafinha; veja compara\u00e7\u00e3o","datePublished":"2020-08-17T17:43:44+00:00","dateModified":"2020-08-17T21:13:45+00:00","mainEntityOfPage":{"@id":"https:\/\/www.gaveanews.com\/index.php\/2020\/08\/17\/numeros-de-mauricio-isla-sao-superiores-ao-de-rafinha-veja-comparacao\/"},"wordCount":621,"commentCount":13,"image":{"@id":"https:\/\/www.gaveanews.com\/index.php\/2020\/08\/17\/numeros-de-mauricio-isla-sao-superiores-ao-de-rafinha-veja-comparacao\/#primaryimage"},"thumbnailUrl":"https:\/\/www.gaveanews.com\/wp-content\/uploads\/Isla-e-Neymar-disputam-a-bola-durante-o-jogo-entre-Brasil-e-Chile.webp","articleSection":["Destaques"],"inLanguage":"pt-BR","potentialAction":[{"@type":"CommentAction","name":"Comment","target":["https:\/\/www.gaveanews.com\/index.php\/2020\/08\/17\/numeros-de-mauricio-isla-sao-superiores-ao-de-rafinha-veja-comparacao\/#respond"]}],"copyrightYear":"2020","copyrightHolder":{"@id":"https:\/\/www.gaveanews.com\/#organization"}},{"@type":"WebPage","@id":"https:\/\/www.gaveanews.com\/index.php\/2020\/08\/17\/numeros-de-mauricio-isla-sao-superiores-ao-de-rafinha-veja-comparacao\/","url":"https:\/\/www.gaveanews.com\/index.php\/2020\/08\/17\/numeros-de-mauricio-isla-sao-superiores-ao-de-rafinha-veja-comparacao\/","name":"N\u00fameros de Maur\u00edcio Isla s\u00e3o superiores ao de Rafinha; veja compara\u00e7\u00e3o","isPartOf":{"@id":"https:\/\/www.gaveanews.com\/#website"},"primaryImageOfPage":{"@id":"https:\/\/www.gaveanews.com\/index.php\/2020\/08\/17\/numeros-de-mauricio-isla-sao-superiores-ao-de-rafinha-veja-comparacao\/#primaryimage"},"image":{"@id":"https:\/\/www.gaveanews.com\/index.php\/2020\/08\/17\/numeros-de-mauricio-isla-sao-superiores-ao-de-rafinha-veja-comparacao\/#primaryimage"},"thumbnailUrl":"https:\/\/www.gaveanews.com\/wp-content\/uploads\/Isla-e-Neymar-disputam-a-bola-durante-o-jogo-entre-Brasil-e-Chile.webp","datePublished":"2020-08-17T17:43:44+00:00","dateModified":"2020-08-17T21:13:45+00:00","author":{"@id":"https:\/\/www.gaveanews.com\/#\/schema\/person\/2ec14f73fb96be2caf28f91afb14749d"},"description":"A diretoria do Flamengo agiu r\u00e1pido para definir um alvo e atirar a flecha a fim de acertar no substituto de Rafinha.","breadcrumb":{"@id":"https:\/\/www.gaveanews.com\/index.php\/2020\/08\/17\/numeros-de-mauricio-isla-sao-superiores-ao-de-rafinha-veja-comparacao\/#breadcrumb"},"inLanguage":"pt-BR","potentialAction":[{"@type":"ReadAction","target":["https:\/\/www.gaveanews.com\/index.php\/2020\/08\/17\/numeros-de-mauricio-isla-sao-superiores-ao-de-rafinha-veja-comparacao\/"]}]},{"@type":"ImageObject","inLanguage":"pt-BR","@id":"https:\/\/www.gaveanews.com\/index.php\/2020\/08\/17\/numeros-de-mauricio-isla-sao-superiores-ao-de-rafinha-veja-comparacao\/#primaryimage","url":"https:\/\/www.gaveanews.com\/wp-content\/uploads\/Isla-e-Neymar-disputam-a-bola-durante-o-jogo-entre-Brasil-e-Chile.webp","contentUrl":"https:\/\/www.gaveanews.com\/wp-content\/uploads\/Isla-e-Neymar-disputam-a-bola-durante-o-jogo-entre-Brasil-e-Chile.webp","width":984,"height":622,"caption":"Isla e Neymar disputam a bola durante o jogo entre Brasil e Chile (Foto: AP)"},{"@type":"BreadcrumbList","@id":"https:\/\/www.gaveanews.com\/index.php\/2020\/08\/17\/numeros-de-mauricio-isla-sao-superiores-ao-de-rafinha-veja-comparacao\/#breadcrumb","itemListElement":[{"@type":"ListItem","position":1,"name":"Home","item":"https:\/\/www.gaveanews.com\/"},{"@type":"ListItem","position":2,"name":"N\u00fameros de Maur\u00edcio Isla s\u00e3o superiores ao de Rafinha; veja compara\u00e7\u00e3o"}]},{"@type":"WebSite","@id":"https:\/\/www.gaveanews.com\/#website","url":"https:\/\/www.gaveanews.com\/","name":"G\u00e1vea News","description":"Veja todas as not\u00edcias sobre o Flamengo: Contrata\u00e7\u00f5es, categorias de base, resultados das partidas, tabela de classifica\u00e7\u00e3o, pr\u00f3ximos jogos!","potentialAction":[{"@type":"SearchAction","target":{"@type":"EntryPoint","urlTemplate":"https:\/\/www.gaveanews.com\/?s={search_term_string}"},"query-input":{"@type":"PropertyValueSpecification","valueRequired":true,"valueName":"search_term_string"}}],"inLanguage":"pt-BR"},{"@type":"Person","@id":"https:\/\/www.gaveanews.com\/#\/schema\/person\/2ec14f73fb96be2caf28f91afb14749d","name":"Equipe G\u00e1vea News","image":{"@type":"ImageObject","inLanguage":"pt-BR","@id":"https:\/\/www.gaveanews.com\/#\/schema\/person\/image\/","url":"https:\/\/secure.gravatar.com\/avatar\/1e1956f1facbffd3f8fa53a326721950116b3b9dc9bd44939c01180fd4a745a9?s=96&d=mm&r=g","contentUrl":"https:\/\/secure.gravatar.com\/avatar\/1e1956f1facbffd3f8fa53a326721950116b3b9dc9bd44939c01180fd4a745a9?s=96&d=mm&r=g","caption":"Equipe G\u00e1vea News"}}]}},"_links":{"self":[{"href":"https:\/\/www.gaveanews.com\/index.php\/wp-json\/wp\/v2\/posts\/45788","targetHints":{"allow":["GET"]}}],"collection":[{"href":"https:\/\/www.gaveanews.com\/index.php\/wp-json\/wp\/v2\/posts"}],"about":[{"href":"https:\/\/www.gaveanews.com\/index.php\/wp-json\/wp\/v2\/types\/post"}],"author":[{"embeddable":true,"href":"https:\/\/www.gaveanews.com\/index.php\/wp-json\/wp\/v2\/users\/1"}],"replies":[{"embeddable":true,"href":"https:\/\/www.gaveanews.com\/index.php\/wp-json\/wp\/v2\/comments?post=45788"}],"version-history":[{"count":0,"href":"https:\/\/www.gaveanews.com\/index.php\/wp-json\/wp\/v2\/posts\/45788\/revisions"}],"wp:featuredmedia":[{"embeddable":true,"href":"https:\/\/www.gaveanews.com\/index.php\/wp-json\/wp\/v2\/media\/45676"}],"wp:attachment":[{"href":"https:\/\/www.gaveanews.com\/index.php\/wp-json\/wp\/v2\/media?parent=45788"}],"wp:term":[{"taxonomy":"category","embeddable":true,"href":"https:\/\/www.gaveanews.com\/index.php\/wp-json\/wp\/v2\/categories?post=45788"},{"taxonomy":"post_tag","embeddable":true,"href":"https:\/\/www.gaveanews.com\/index.php\/wp-json\/wp\/v2\/tags?post=45788"}],"curies":[{"name":"wp","href":"https:\/\/api.w.org\/{rel}","templated":true}]}}