{"id":45837,"date":"2020-08-18T04:43:24","date_gmt":"2020-08-18T07:43:24","guid":{"rendered":"https:\/\/www.gaveanews.com\/?p=45837"},"modified":"2020-08-18T04:43:27","modified_gmt":"2020-08-18T07:43:27","slug":"a-caminho-do-flamengo-isla-virou-idolo-apos-abandono-do-pai-e-nao-esquece-de-raizes-no-chile","status":"publish","type":"post","link":"https:\/\/www.gaveanews.com\/index.php\/2020\/08\/18\/a-caminho-do-flamengo-isla-virou-idolo-apos-abandono-do-pai-e-nao-esquece-de-raizes-no-chile\/","title":{"rendered":"A caminho do Flamengo, Isla virou \u00eddolo ap\u00f3s abandono do pai e n\u00e3o esquece de ra\u00edzes no Chile"},"content":{"rendered":"\n<p>O Brasil tem mais de 5,5 milh\u00f5es de crian\u00e7as sem o nome do pai na certid\u00e3o de nascimento, segundo dados do Conselho Nacional de Justi\u00e7a (CNJ). O principal motivo \u00e9 o abandono paterno de rec\u00e9m-nascidos. Pessoas que n\u00e3o querem assumir os filhos. Este fato n\u00e3o acontece apenas por aqui. No Chile, situa\u00e7\u00e3o semelhante impactou a vida de Mauricio Isla, que est\u00e1 pr\u00f3ximo de ser anunciado como refor\u00e7o do Flamengo.<\/p>\n\n\n\n<p>Antes do sucesso na Europa e da idolatria na sele\u00e7\u00e3o chilena, o lateral-direito viu a m\u00e3e, Maria Isla, encarar este drama familiar. Adolescente, engravidou aos 16 anos e viu o pai fugir \u2014 e n\u00e3o assumir a crian\u00e7a. Solteira, enfrentou sozinha as dificuldades da maternidade e teve Mauricio, que quase faleceu devido a uma gravidez prematura.<\/p>\n\n\n\n<p>\u2014 Ele [Isla] ficou hospitalizado nos primeiros meses de vida devido a bronquite. Finalmente, com um ano de vida, teve alta definitiva e nunca mais ficou doente \u2014 contou Maria, que batizou Mauricio em homenagem ao filho falecido de um casal de amigos, ao jornal chileno &#8216;La Tercera&#8217;.<\/p>\n\n\n\n<figure class=\"wp-block-embed-instagram wp-block-embed is-type-rich is-provider-instagram\"><div class=\"wp-block-embed__wrapper\">\nhttps:\/\/www.instagram.com\/p\/B-JpzbNHIhQ\/?utm_source=ig_embed\n<\/div><\/figure>\n\n\n\n<p>Isla cresceu nas ruas de Buin, uma comunidade pertencente a prov\u00edncia de Maipo, ao sul da capital Santiago. Morava em uma casa simples ao lado de um campo de futebol de terra batida. L\u00e1, rapidamente descobriu a paix\u00e3o pelo esporte e se mostrou talentoso. Aos 11 anos, foi indicado pelo professor de Educa\u00e7\u00e3o F\u00edsica, Enrique Carrasco, para fazer um teste nas categorias de base da Universidad Cat\u00f3lica.<\/p>\n\n\n\n<p>\u2014 Para mim ele \u00e9 um filho verdadeiro. Ele me chama de pai. Eu n\u00e3o sou biologicamente, mas nos ajudamos e nos respeitamos muito. Ent\u00e3o \u00e9 como se ele fosse. Tenho orgulho de ter estado junto e ver tudo que ele est\u00e1 conquistando \u2014 explicou o professor, que apadrinhou Isla durante toda a sua forma\u00e7\u00e3o.<\/p>\n\n\n\n<p>Ele cresceu, evoluiu e virou uma promessa. Em 2007, ap\u00f3s um belo desempenho no Mundial Sub-20, foi contratado pela Udinese e n\u00e3o estreou profissionalmente no Chile. Sem consequ\u00eancias da bronquite prematura, se tornou um jogador de grande imposi\u00e7\u00e3o f\u00edsica que deixou o pa\u00eds muito cedo. Por\u00e9m, n\u00e3o esqueceu de suas ra\u00edzes.<\/p>\n\n\n\n<p>Todo Natal, o lateral-direito retorna ao Chile e vai \u00e0s ruas de Buin para distribuir presentes \u00e0s crian\u00e7as. Ao lado de Claudio Bravo, ex-goleiro do Barcelona e do Manchester City, tamb\u00e9m ajuda financeiramente com bolsas de estudo aos jovens que desejam entrar em col\u00e9gios da regi\u00e3o.<\/p>\n\n\n\n<p>Isla e Bravo cativaram um carinho t\u00e3o grande no bairro que duas das ruas foram batizadas com o nome dos atletas.<\/p>\n\n\n\n<p>\u2014 Isla, Bravo e jogadores como Arturo Vidal, Alexis Sanchez e Gary Medel est\u00e3o entre os maiores \u00eddolos do Chile. Eles fizeram parte de uma mudan\u00e7a de gera\u00e7\u00e3o, que se tornou a mais vitoriosa da hist\u00f3ria da Roja [sele\u00e7\u00e3o chilena] \u2014 conta o jornalista Francisco Contreras, que acompanha a carreira de Isla.<\/p>\n\n\n\n<p>O lateral-direito foi eternizado pelo gol marcado contra o Uruguai, na semifinal da Copa Am\u00e9rica de 2015. Decisivo, levou o clube \u00e0 decis\u00e3o do que seria o primeiro t\u00edtulo profissional da hist\u00f3ria do pa\u00eds. Isla \u00e9 o quinto jogador com mais partidas na hist\u00f3ria da Roja, com 115, tamb\u00e9m ergueu a Copa Am\u00e9rica em 2016 e disputou duas Copas do Mundo.<\/p>\n\n\n\n<p>O Flamengo acertou os \u00faltimos detalhes para a contrata\u00e7\u00e3o de Isla para a vaga deixada por Rafinha. O vice de futebol Marcos Braz e o diretor Bruno Spindel chegaram \u00e0 Espanha e acertaram o acordo de dois anos e meio &#8211; at\u00e9 o fim de 2022 &#8211; com o agente do atleta, Arturo Jimenez.<\/p>\n\n\n\n<p>Isla organiza a viagem para o Brasil com a fam\u00edlia, ao mesmo tempo em que ser\u00e1 submetido a exames m\u00e9dicos. Mas a bateria de avalia\u00e7\u00f5es tamb\u00e9m vai acontecer na chegada ao Ninho do Urubu. A expectativa \u00e9 desembarcar no Rio ainda esta semana para se integrar ao elenco do t\u00e9cnico Dom\u00e8nec Torrent.<\/p>\n\n\n\n<p>Retirado de: Extra<\/p>\n","protected":false},"excerpt":{"rendered":"<p>O Brasil tem mais de 5,5 milh\u00f5es de crian\u00e7as sem o nome do pai na certid\u00e3o de nascimento, segundo dados do Conselho Nacional de Justi\u00e7a (CNJ). O principal motivo \u00e9 o abandono paterno de rec\u00e9m-nascidos. Pessoas que n\u00e3o querem assumir os filhos. Este fato n\u00e3o acontece apenas por aqui. No Chile, situa\u00e7\u00e3o semelhante impactou a [&hellip;]<\/p>\n","protected":false},"author":1,"featured_media":45676,"comment_status":"open","ping_status":"closed","sticky":false,"template":"","format":"standard","meta":{"footnotes":""},"categories":[47],"tags":[],"class_list":["post-45837","post","type-post","status-publish","format-standard","has-post-thumbnail","hentry","category-destaques"],"yoast_head":"<!-- This site is optimized with the Yoast SEO Premium plugin v24.2 (Yoast SEO v26.9) - https:\/\/yoast.com\/product\/yoast-seo-premium-wordpress\/ -->\n<title>Isla virou \u00eddolo ap\u00f3s abandono do pai e n\u00e3o esquece de ra\u00edzes no Chile<\/title>\n<meta name=\"description\" content=\"Isla organiza a viagem para o Brasil com a fam\u00edlia, ao mesmo tempo em que ser\u00e1 submetido a exames m\u00e9dicos.\" \/>\n<meta name=\"robots\" content=\"index, follow, max-snippet:-1, max-image-preview:large, max-video-preview:-1\" \/>\n<link rel=\"canonical\" href=\"https:\/\/www.gaveanews.com\/index.php\/2020\/08\/18\/a-caminho-do-flamengo-isla-virou-idolo-apos-abandono-do-pai-e-nao-esquece-de-raizes-no-chile\/\" \/>\n<meta property=\"og:locale\" content=\"pt_BR\" \/>\n<meta property=\"og:type\" content=\"article\" \/>\n<meta property=\"og:title\" content=\"A caminho do Flamengo, Isla virou \u00eddolo ap\u00f3s abandono do pai e n\u00e3o esquece de ra\u00edzes no Chile\" \/>\n<meta property=\"og:description\" content=\"Isla organiza a viagem para o Brasil com a fam\u00edlia, ao mesmo tempo em que ser\u00e1 submetido a exames m\u00e9dicos.\" \/>\n<meta property=\"og:url\" content=\"https:\/\/www.gaveanews.com\/index.php\/2020\/08\/18\/a-caminho-do-flamengo-isla-virou-idolo-apos-abandono-do-pai-e-nao-esquece-de-raizes-no-chile\/\" \/>\n<meta property=\"og:site_name\" content=\"G\u00e1vea News\" \/>\n<meta property=\"article:publisher\" content=\"https:\/\/facebook.com\/gaveaNews\/\" \/>\n<meta property=\"article:published_time\" content=\"2020-08-18T07:43:24+00:00\" \/>\n<meta property=\"article:modified_time\" content=\"2020-08-18T07:43:27+00:00\" \/>\n<meta property=\"og:image\" content=\"https:\/\/www.gaveanews.com\/wp-content\/uploads\/Isla-e-Neymar-disputam-a-bola-durante-o-jogo-entre-Brasil-e-Chile.webp\" \/>\n\t<meta property=\"og:image:width\" content=\"984\" \/>\n\t<meta property=\"og:image:height\" content=\"622\" \/>\n\t<meta property=\"og:image:type\" content=\"image\/jpeg\" \/>\n<meta name=\"author\" content=\"Equipe G\u00e1vea News\" \/>\n<meta name=\"twitter:card\" content=\"summary_large_image\" \/>\n<meta name=\"twitter:label1\" content=\"Escrito por\" \/>\n\t<meta name=\"twitter:data1\" content=\"Equipe G\u00e1vea News\" \/>\n\t<meta name=\"twitter:label2\" content=\"Est. tempo de leitura\" \/>\n\t<meta name=\"twitter:data2\" content=\"3 minutos\" \/>\n<script type=\"application\/ld+json\" class=\"yoast-schema-graph\">{\"@context\":\"https:\/\/schema.org\",\"@graph\":[{\"@type\":\"NewsArticle\",\"@id\":\"https:\/\/www.gaveanews.com\/index.php\/2020\/08\/18\/a-caminho-do-flamengo-isla-virou-idolo-apos-abandono-do-pai-e-nao-esquece-de-raizes-no-chile\/#article\",\"isPartOf\":{\"@id\":\"https:\/\/www.gaveanews.com\/index.php\/2020\/08\/18\/a-caminho-do-flamengo-isla-virou-idolo-apos-abandono-do-pai-e-nao-esquece-de-raizes-no-chile\/\"},\"author\":{\"name\":\"Equipe G\u00e1vea News\",\"@id\":\"https:\/\/www.gaveanews.com\/#\/schema\/person\/2ec14f73fb96be2caf28f91afb14749d\"},\"headline\":\"A caminho do Flamengo, Isla virou \u00eddolo ap\u00f3s abandono do pai e n\u00e3o esquece de ra\u00edzes no Chile\",\"datePublished\":\"2020-08-18T07:43:24+00:00\",\"dateModified\":\"2020-08-18T07:43:27+00:00\",\"mainEntityOfPage\":{\"@id\":\"https:\/\/www.gaveanews.com\/index.php\/2020\/08\/18\/a-caminho-do-flamengo-isla-virou-idolo-apos-abandono-do-pai-e-nao-esquece-de-raizes-no-chile\/\"},\"wordCount\":700,\"commentCount\":11,\"image\":{\"@id\":\"https:\/\/www.gaveanews.com\/index.php\/2020\/08\/18\/a-caminho-do-flamengo-isla-virou-idolo-apos-abandono-do-pai-e-nao-esquece-de-raizes-no-chile\/#primaryimage\"},\"thumbnailUrl\":\"https:\/\/www.gaveanews.com\/wp-content\/uploads\/Isla-e-Neymar-disputam-a-bola-durante-o-jogo-entre-Brasil-e-Chile.webp\",\"articleSection\":[\"Destaques\"],\"inLanguage\":\"pt-BR\",\"potentialAction\":[{\"@type\":\"CommentAction\",\"name\":\"Comment\",\"target\":[\"https:\/\/www.gaveanews.com\/index.php\/2020\/08\/18\/a-caminho-do-flamengo-isla-virou-idolo-apos-abandono-do-pai-e-nao-esquece-de-raizes-no-chile\/#respond\"]}],\"copyrightYear\":\"2020\",\"copyrightHolder\":{\"@id\":\"https:\/\/www.gaveanews.com\/#organization\"}},{\"@type\":\"WebPage\",\"@id\":\"https:\/\/www.gaveanews.com\/index.php\/2020\/08\/18\/a-caminho-do-flamengo-isla-virou-idolo-apos-abandono-do-pai-e-nao-esquece-de-raizes-no-chile\/\",\"url\":\"https:\/\/www.gaveanews.com\/index.php\/2020\/08\/18\/a-caminho-do-flamengo-isla-virou-idolo-apos-abandono-do-pai-e-nao-esquece-de-raizes-no-chile\/\",\"name\":\"Isla virou \u00eddolo ap\u00f3s abandono do pai e n\u00e3o esquece de ra\u00edzes no Chile\",\"isPartOf\":{\"@id\":\"https:\/\/www.gaveanews.com\/#website\"},\"primaryImageOfPage\":{\"@id\":\"https:\/\/www.gaveanews.com\/index.php\/2020\/08\/18\/a-caminho-do-flamengo-isla-virou-idolo-apos-abandono-do-pai-e-nao-esquece-de-raizes-no-chile\/#primaryimage\"},\"image\":{\"@id\":\"https:\/\/www.gaveanews.com\/index.php\/2020\/08\/18\/a-caminho-do-flamengo-isla-virou-idolo-apos-abandono-do-pai-e-nao-esquece-de-raizes-no-chile\/#primaryimage\"},\"thumbnailUrl\":\"https:\/\/www.gaveanews.com\/wp-content\/uploads\/Isla-e-Neymar-disputam-a-bola-durante-o-jogo-entre-Brasil-e-Chile.webp\",\"datePublished\":\"2020-08-18T07:43:24+00:00\",\"dateModified\":\"2020-08-18T07:43:27+00:00\",\"author\":{\"@id\":\"https:\/\/www.gaveanews.com\/#\/schema\/person\/2ec14f73fb96be2caf28f91afb14749d\"},\"description\":\"Isla organiza a viagem para o Brasil com a fam\u00edlia, ao mesmo tempo em que ser\u00e1 submetido a exames m\u00e9dicos.\",\"breadcrumb\":{\"@id\":\"https:\/\/www.gaveanews.com\/index.php\/2020\/08\/18\/a-caminho-do-flamengo-isla-virou-idolo-apos-abandono-do-pai-e-nao-esquece-de-raizes-no-chile\/#breadcrumb\"},\"inLanguage\":\"pt-BR\",\"potentialAction\":[{\"@type\":\"ReadAction\",\"target\":[\"https:\/\/www.gaveanews.com\/index.php\/2020\/08\/18\/a-caminho-do-flamengo-isla-virou-idolo-apos-abandono-do-pai-e-nao-esquece-de-raizes-no-chile\/\"]}]},{\"@type\":\"ImageObject\",\"inLanguage\":\"pt-BR\",\"@id\":\"https:\/\/www.gaveanews.com\/index.php\/2020\/08\/18\/a-caminho-do-flamengo-isla-virou-idolo-apos-abandono-do-pai-e-nao-esquece-de-raizes-no-chile\/#primaryimage\",\"url\":\"https:\/\/www.gaveanews.com\/wp-content\/uploads\/Isla-e-Neymar-disputam-a-bola-durante-o-jogo-entre-Brasil-e-Chile.webp\",\"contentUrl\":\"https:\/\/www.gaveanews.com\/wp-content\/uploads\/Isla-e-Neymar-disputam-a-bola-durante-o-jogo-entre-Brasil-e-Chile.webp\",\"width\":984,\"height\":622,\"caption\":\"Isla e Neymar disputam a bola durante o jogo entre Brasil e Chile (Foto: AP)\"},{\"@type\":\"BreadcrumbList\",\"@id\":\"https:\/\/www.gaveanews.com\/index.php\/2020\/08\/18\/a-caminho-do-flamengo-isla-virou-idolo-apos-abandono-do-pai-e-nao-esquece-de-raizes-no-chile\/#breadcrumb\",\"itemListElement\":[{\"@type\":\"ListItem\",\"position\":1,\"name\":\"Home\",\"item\":\"https:\/\/www.gaveanews.com\/\"},{\"@type\":\"ListItem\",\"position\":2,\"name\":\"A caminho do Flamengo, Isla virou \u00eddolo ap\u00f3s abandono do pai e n\u00e3o esquece de ra\u00edzes no Chile\"}]},{\"@type\":\"WebSite\",\"@id\":\"https:\/\/www.gaveanews.com\/#website\",\"url\":\"https:\/\/www.gaveanews.com\/\",\"name\":\"G\u00e1vea News\",\"description\":\"Veja todas as not\u00edcias sobre o Flamengo: Contrata\u00e7\u00f5es, categorias de base, resultados das partidas, tabela de classifica\u00e7\u00e3o, pr\u00f3ximos jogos!\",\"potentialAction\":[{\"@type\":\"SearchAction\",\"target\":{\"@type\":\"EntryPoint\",\"urlTemplate\":\"https:\/\/www.gaveanews.com\/?s={search_term_string}\"},\"query-input\":{\"@type\":\"PropertyValueSpecification\",\"valueRequired\":true,\"valueName\":\"search_term_string\"}}],\"inLanguage\":\"pt-BR\"},{\"@type\":\"Person\",\"@id\":\"https:\/\/www.gaveanews.com\/#\/schema\/person\/2ec14f73fb96be2caf28f91afb14749d\",\"name\":\"Equipe G\u00e1vea News\",\"image\":{\"@type\":\"ImageObject\",\"inLanguage\":\"pt-BR\",\"@id\":\"https:\/\/www.gaveanews.com\/#\/schema\/person\/image\/\",\"url\":\"https:\/\/secure.gravatar.com\/avatar\/1e1956f1facbffd3f8fa53a326721950116b3b9dc9bd44939c01180fd4a745a9?s=96&d=mm&r=g\",\"contentUrl\":\"https:\/\/secure.gravatar.com\/avatar\/1e1956f1facbffd3f8fa53a326721950116b3b9dc9bd44939c01180fd4a745a9?s=96&d=mm&r=g\",\"caption\":\"Equipe G\u00e1vea News\"}}]}<\/script>\n<!-- \/ Yoast SEO Premium plugin. -->","yoast_head_json":{"title":"Isla virou \u00eddolo ap\u00f3s abandono do pai e n\u00e3o esquece de ra\u00edzes no Chile","description":"Isla organiza a viagem para o Brasil com a fam\u00edlia, ao mesmo tempo em que ser\u00e1 submetido a exames m\u00e9dicos.","robots":{"index":"index","follow":"follow","max-snippet":"max-snippet:-1","max-image-preview":"max-image-preview:large","max-video-preview":"max-video-preview:-1"},"canonical":"https:\/\/www.gaveanews.com\/index.php\/2020\/08\/18\/a-caminho-do-flamengo-isla-virou-idolo-apos-abandono-do-pai-e-nao-esquece-de-raizes-no-chile\/","og_locale":"pt_BR","og_type":"article","og_title":"A caminho do Flamengo, Isla virou \u00eddolo ap\u00f3s abandono do pai e n\u00e3o esquece de ra\u00edzes no Chile","og_description":"Isla organiza a viagem para o Brasil com a fam\u00edlia, ao mesmo tempo em que ser\u00e1 submetido a exames m\u00e9dicos.","og_url":"https:\/\/www.gaveanews.com\/index.php\/2020\/08\/18\/a-caminho-do-flamengo-isla-virou-idolo-apos-abandono-do-pai-e-nao-esquece-de-raizes-no-chile\/","og_site_name":"G\u00e1vea News","article_publisher":"https:\/\/facebook.com\/gaveaNews\/","article_published_time":"2020-08-18T07:43:24+00:00","article_modified_time":"2020-08-18T07:43:27+00:00","og_image":[{"width":984,"height":622,"url":"https:\/\/www.gaveanews.com\/wp-content\/uploads\/Isla-e-Neymar-disputam-a-bola-durante-o-jogo-entre-Brasil-e-Chile.webp","type":"image\/jpeg"}],"author":"Equipe G\u00e1vea News","twitter_card":"summary_large_image","twitter_misc":{"Escrito por":"Equipe G\u00e1vea News","Est. tempo de leitura":"3 minutos"},"schema":{"@context":"https:\/\/schema.org","@graph":[{"@type":"NewsArticle","@id":"https:\/\/www.gaveanews.com\/index.php\/2020\/08\/18\/a-caminho-do-flamengo-isla-virou-idolo-apos-abandono-do-pai-e-nao-esquece-de-raizes-no-chile\/#article","isPartOf":{"@id":"https:\/\/www.gaveanews.com\/index.php\/2020\/08\/18\/a-caminho-do-flamengo-isla-virou-idolo-apos-abandono-do-pai-e-nao-esquece-de-raizes-no-chile\/"},"author":{"name":"Equipe G\u00e1vea News","@id":"https:\/\/www.gaveanews.com\/#\/schema\/person\/2ec14f73fb96be2caf28f91afb14749d"},"headline":"A caminho do Flamengo, Isla virou \u00eddolo ap\u00f3s abandono do pai e n\u00e3o esquece de ra\u00edzes no Chile","datePublished":"2020-08-18T07:43:24+00:00","dateModified":"2020-08-18T07:43:27+00:00","mainEntityOfPage":{"@id":"https:\/\/www.gaveanews.com\/index.php\/2020\/08\/18\/a-caminho-do-flamengo-isla-virou-idolo-apos-abandono-do-pai-e-nao-esquece-de-raizes-no-chile\/"},"wordCount":700,"commentCount":11,"image":{"@id":"https:\/\/www.gaveanews.com\/index.php\/2020\/08\/18\/a-caminho-do-flamengo-isla-virou-idolo-apos-abandono-do-pai-e-nao-esquece-de-raizes-no-chile\/#primaryimage"},"thumbnailUrl":"https:\/\/www.gaveanews.com\/wp-content\/uploads\/Isla-e-Neymar-disputam-a-bola-durante-o-jogo-entre-Brasil-e-Chile.webp","articleSection":["Destaques"],"inLanguage":"pt-BR","potentialAction":[{"@type":"CommentAction","name":"Comment","target":["https:\/\/www.gaveanews.com\/index.php\/2020\/08\/18\/a-caminho-do-flamengo-isla-virou-idolo-apos-abandono-do-pai-e-nao-esquece-de-raizes-no-chile\/#respond"]}],"copyrightYear":"2020","copyrightHolder":{"@id":"https:\/\/www.gaveanews.com\/#organization"}},{"@type":"WebPage","@id":"https:\/\/www.gaveanews.com\/index.php\/2020\/08\/18\/a-caminho-do-flamengo-isla-virou-idolo-apos-abandono-do-pai-e-nao-esquece-de-raizes-no-chile\/","url":"https:\/\/www.gaveanews.com\/index.php\/2020\/08\/18\/a-caminho-do-flamengo-isla-virou-idolo-apos-abandono-do-pai-e-nao-esquece-de-raizes-no-chile\/","name":"Isla virou \u00eddolo ap\u00f3s abandono do pai e n\u00e3o esquece de ra\u00edzes no Chile","isPartOf":{"@id":"https:\/\/www.gaveanews.com\/#website"},"primaryImageOfPage":{"@id":"https:\/\/www.gaveanews.com\/index.php\/2020\/08\/18\/a-caminho-do-flamengo-isla-virou-idolo-apos-abandono-do-pai-e-nao-esquece-de-raizes-no-chile\/#primaryimage"},"image":{"@id":"https:\/\/www.gaveanews.com\/index.php\/2020\/08\/18\/a-caminho-do-flamengo-isla-virou-idolo-apos-abandono-do-pai-e-nao-esquece-de-raizes-no-chile\/#primaryimage"},"thumbnailUrl":"https:\/\/www.gaveanews.com\/wp-content\/uploads\/Isla-e-Neymar-disputam-a-bola-durante-o-jogo-entre-Brasil-e-Chile.webp","datePublished":"2020-08-18T07:43:24+00:00","dateModified":"2020-08-18T07:43:27+00:00","author":{"@id":"https:\/\/www.gaveanews.com\/#\/schema\/person\/2ec14f73fb96be2caf28f91afb14749d"},"description":"Isla organiza a viagem para o Brasil com a fam\u00edlia, ao mesmo tempo em que ser\u00e1 submetido a exames m\u00e9dicos.","breadcrumb":{"@id":"https:\/\/www.gaveanews.com\/index.php\/2020\/08\/18\/a-caminho-do-flamengo-isla-virou-idolo-apos-abandono-do-pai-e-nao-esquece-de-raizes-no-chile\/#breadcrumb"},"inLanguage":"pt-BR","potentialAction":[{"@type":"ReadAction","target":["https:\/\/www.gaveanews.com\/index.php\/2020\/08\/18\/a-caminho-do-flamengo-isla-virou-idolo-apos-abandono-do-pai-e-nao-esquece-de-raizes-no-chile\/"]}]},{"@type":"ImageObject","inLanguage":"pt-BR","@id":"https:\/\/www.gaveanews.com\/index.php\/2020\/08\/18\/a-caminho-do-flamengo-isla-virou-idolo-apos-abandono-do-pai-e-nao-esquece-de-raizes-no-chile\/#primaryimage","url":"https:\/\/www.gaveanews.com\/wp-content\/uploads\/Isla-e-Neymar-disputam-a-bola-durante-o-jogo-entre-Brasil-e-Chile.webp","contentUrl":"https:\/\/www.gaveanews.com\/wp-content\/uploads\/Isla-e-Neymar-disputam-a-bola-durante-o-jogo-entre-Brasil-e-Chile.webp","width":984,"height":622,"caption":"Isla e Neymar disputam a bola durante o jogo entre Brasil e Chile (Foto: AP)"},{"@type":"BreadcrumbList","@id":"https:\/\/www.gaveanews.com\/index.php\/2020\/08\/18\/a-caminho-do-flamengo-isla-virou-idolo-apos-abandono-do-pai-e-nao-esquece-de-raizes-no-chile\/#breadcrumb","itemListElement":[{"@type":"ListItem","position":1,"name":"Home","item":"https:\/\/www.gaveanews.com\/"},{"@type":"ListItem","position":2,"name":"A caminho do Flamengo, Isla virou \u00eddolo ap\u00f3s abandono do pai e n\u00e3o esquece de ra\u00edzes no Chile"}]},{"@type":"WebSite","@id":"https:\/\/www.gaveanews.com\/#website","url":"https:\/\/www.gaveanews.com\/","name":"G\u00e1vea News","description":"Veja todas as not\u00edcias sobre o Flamengo: Contrata\u00e7\u00f5es, categorias de base, resultados das partidas, tabela de classifica\u00e7\u00e3o, pr\u00f3ximos jogos!","potentialAction":[{"@type":"SearchAction","target":{"@type":"EntryPoint","urlTemplate":"https:\/\/www.gaveanews.com\/?s={search_term_string}"},"query-input":{"@type":"PropertyValueSpecification","valueRequired":true,"valueName":"search_term_string"}}],"inLanguage":"pt-BR"},{"@type":"Person","@id":"https:\/\/www.gaveanews.com\/#\/schema\/person\/2ec14f73fb96be2caf28f91afb14749d","name":"Equipe G\u00e1vea News","image":{"@type":"ImageObject","inLanguage":"pt-BR","@id":"https:\/\/www.gaveanews.com\/#\/schema\/person\/image\/","url":"https:\/\/secure.gravatar.com\/avatar\/1e1956f1facbffd3f8fa53a326721950116b3b9dc9bd44939c01180fd4a745a9?s=96&d=mm&r=g","contentUrl":"https:\/\/secure.gravatar.com\/avatar\/1e1956f1facbffd3f8fa53a326721950116b3b9dc9bd44939c01180fd4a745a9?s=96&d=mm&r=g","caption":"Equipe G\u00e1vea News"}}]}},"_links":{"self":[{"href":"https:\/\/www.gaveanews.com\/index.php\/wp-json\/wp\/v2\/posts\/45837","targetHints":{"allow":["GET"]}}],"collection":[{"href":"https:\/\/www.gaveanews.com\/index.php\/wp-json\/wp\/v2\/posts"}],"about":[{"href":"https:\/\/www.gaveanews.com\/index.php\/wp-json\/wp\/v2\/types\/post"}],"author":[{"embeddable":true,"href":"https:\/\/www.gaveanews.com\/index.php\/wp-json\/wp\/v2\/users\/1"}],"replies":[{"embeddable":true,"href":"https:\/\/www.gaveanews.com\/index.php\/wp-json\/wp\/v2\/comments?post=45837"}],"version-history":[{"count":0,"href":"https:\/\/www.gaveanews.com\/index.php\/wp-json\/wp\/v2\/posts\/45837\/revisions"}],"wp:featuredmedia":[{"embeddable":true,"href":"https:\/\/www.gaveanews.com\/index.php\/wp-json\/wp\/v2\/media\/45676"}],"wp:attachment":[{"href":"https:\/\/www.gaveanews.com\/index.php\/wp-json\/wp\/v2\/media?parent=45837"}],"wp:term":[{"taxonomy":"category","embeddable":true,"href":"https:\/\/www.gaveanews.com\/index.php\/wp-json\/wp\/v2\/categories?post=45837"},{"taxonomy":"post_tag","embeddable":true,"href":"https:\/\/www.gaveanews.com\/index.php\/wp-json\/wp\/v2\/tags?post=45837"}],"curies":[{"name":"wp","href":"https:\/\/api.w.org\/{rel}","templated":true}]}}