{"id":45840,"date":"2020-08-18T04:54:56","date_gmt":"2020-08-18T07:54:56","guid":{"rendered":"https:\/\/www.gaveanews.com\/?p=45840"},"modified":"2020-08-18T04:57:38","modified_gmt":"2020-08-18T07:57:38","slug":"lembra-dele-ex-zagueiro-do-flamengo-jogara-pelo-vitoria","status":"publish","type":"post","link":"https:\/\/www.gaveanews.com\/index.php\/2020\/08\/18\/lembra-dele-ex-zagueiro-do-flamengo-jogara-pelo-vitoria\/","title":{"rendered":"Lembra dele? Ex-zagueiro do Flamengo jogar\u00e1 pelo Vit\u00f3ria"},"content":{"rendered":"\n<p>Em busca do acesso \u00e0 S\u00e9rie A do Campeonato Brasileiro, o Vit\u00f3ria anunciou na  \u00faltima segunda-feira (17 de agosto) a contrata\u00e7\u00e3o do zagueiro Wallace, que estava atuando no Goztepe, da Turquia. Segundo o clube, o defensor deve ser apresentado j\u00e1 nesta ter\u00e7a-feira, ap\u00f3s a realiza\u00e7\u00e3o de exames m\u00e9dicos.<\/p>\n\n\n\n<p>Formado nas categorias de base do pr\u00f3prio Vit\u00f3ria, Wallace soma passagens por Corinthians e Flamengo. No time paulista, onde atuou de 2011 a 2012, foi campe\u00e3o da Libertadores e do Mundial de Clubes. J\u00e1 no Rubro-Negro, jogou de 2013 at\u00e9 2016, quando se transferiu para o Gr\u00eamio.<\/p>\n\n\n\n<p>Ap\u00f3s apenas 18 jogos no time ga\u00facho, foi vendido ao Gaziantepspor, da Turquia, mas logo voltou ao Vit\u00f3ria. No entanto, mudou-se mais uma vez para a Turquia, dessa vez para atuar no Goztepe, onde estava at\u00e9 ent\u00e3o.<\/p>\n\n\n\n<p>Retirado de: Fox Sports<\/p>\n","protected":false},"excerpt":{"rendered":"<p>Em busca do acesso \u00e0 S\u00e9rie A do Campeonato Brasileiro, o Vit\u00f3ria anunciou na \u00faltima segunda-feira (17 de agosto) a contrata\u00e7\u00e3o do zagueiro Wallace, que estava atuando no Goztepe, da Turquia. Segundo o clube, o defensor deve ser apresentado j\u00e1 nesta ter\u00e7a-feira, ap\u00f3s a realiza\u00e7\u00e3o de exames m\u00e9dicos. Formado nas categorias de base do pr\u00f3prio [&hellip;]<\/p>\n","protected":false},"author":1,"featured_media":22547,"comment_status":"open","ping_status":"closed","sticky":false,"template":"","format":"standard","meta":{"footnotes":""},"categories":[1],"tags":[],"class_list":["post-45840","post","type-post","status-publish","format-standard","has-post-thumbnail","hentry","category-flamengo"],"yoast_head":"<!-- This site is optimized with the Yoast SEO Premium plugin v24.2 (Yoast SEO v26.9) - https:\/\/yoast.com\/product\/yoast-seo-premium-wordpress\/ -->\n<title>Lembra dele? Ex-zagueiro do Flamengo jogar\u00e1 pelo Vit\u00f3ria<\/title>\n<meta name=\"description\" content=\"Segundo o clube, o defensor deve ser apresentado j\u00e1 nesta ter\u00e7a-feira, ap\u00f3s a realiza\u00e7\u00e3o de exames m\u00e9dicos.\" \/>\n<meta name=\"robots\" content=\"index, follow, max-snippet:-1, max-image-preview:large, max-video-preview:-1\" \/>\n<link rel=\"canonical\" href=\"https:\/\/www.gaveanews.com\/index.php\/2020\/08\/18\/lembra-dele-ex-zagueiro-do-flamengo-jogara-pelo-vitoria\/\" \/>\n<meta property=\"og:locale\" content=\"pt_BR\" \/>\n<meta property=\"og:type\" content=\"article\" \/>\n<meta property=\"og:title\" content=\"Lembra dele? Ex-zagueiro do Flamengo jogar\u00e1 pelo Vit\u00f3ria\" \/>\n<meta property=\"og:description\" content=\"Segundo o clube, o defensor deve ser apresentado j\u00e1 nesta ter\u00e7a-feira, ap\u00f3s a realiza\u00e7\u00e3o de exames m\u00e9dicos.\" \/>\n<meta property=\"og:url\" content=\"https:\/\/www.gaveanews.com\/index.php\/2020\/08\/18\/lembra-dele-ex-zagueiro-do-flamengo-jogara-pelo-vitoria\/\" \/>\n<meta property=\"og:site_name\" content=\"G\u00e1vea News\" \/>\n<meta property=\"article:publisher\" content=\"https:\/\/facebook.com\/gaveaNews\/\" \/>\n<meta property=\"article:published_time\" content=\"2020-08-18T07:54:56+00:00\" \/>\n<meta property=\"article:modified_time\" content=\"2020-08-18T07:57:38+00:00\" \/>\n<meta property=\"og:image\" content=\"https:\/\/www.gaveanews.com\/wp-content\/uploads\/2019\/07\/Wallace-em-acao-pelo-Flamengo.webp\" \/>\n\t<meta property=\"og:image:width\" content=\"1\" \/>\n\t<meta property=\"og:image:height\" content=\"1\" \/>\n\t<meta property=\"og:image:type\" content=\"image\/jpeg\" \/>\n<meta name=\"author\" content=\"Equipe G\u00e1vea News\" \/>\n<meta name=\"twitter:card\" content=\"summary_large_image\" \/>\n<meta name=\"twitter:label1\" content=\"Escrito por\" \/>\n\t<meta name=\"twitter:data1\" content=\"Equipe G\u00e1vea News\" \/>\n\t<meta name=\"twitter:label2\" content=\"Est. tempo de leitura\" \/>\n\t<meta name=\"twitter:data2\" content=\"1 minuto\" \/>\n<script type=\"application\/ld+json\" class=\"yoast-schema-graph\">{\"@context\":\"https:\/\/schema.org\",\"@graph\":[{\"@type\":\"NewsArticle\",\"@id\":\"https:\/\/www.gaveanews.com\/index.php\/2020\/08\/18\/lembra-dele-ex-zagueiro-do-flamengo-jogara-pelo-vitoria\/#article\",\"isPartOf\":{\"@id\":\"https:\/\/www.gaveanews.com\/index.php\/2020\/08\/18\/lembra-dele-ex-zagueiro-do-flamengo-jogara-pelo-vitoria\/\"},\"author\":{\"name\":\"Equipe G\u00e1vea News\",\"@id\":\"https:\/\/www.gaveanews.com\/#\/schema\/person\/2ec14f73fb96be2caf28f91afb14749d\"},\"headline\":\"Lembra dele? Ex-zagueiro do Flamengo jogar\u00e1 pelo Vit\u00f3ria\",\"datePublished\":\"2020-08-18T07:54:56+00:00\",\"dateModified\":\"2020-08-18T07:57:38+00:00\",\"mainEntityOfPage\":{\"@id\":\"https:\/\/www.gaveanews.com\/index.php\/2020\/08\/18\/lembra-dele-ex-zagueiro-do-flamengo-jogara-pelo-vitoria\/\"},\"wordCount\":153,\"commentCount\":10,\"image\":{\"@id\":\"https:\/\/www.gaveanews.com\/index.php\/2020\/08\/18\/lembra-dele-ex-zagueiro-do-flamengo-jogara-pelo-vitoria\/#primaryimage\"},\"thumbnailUrl\":\"https:\/\/www.gaveanews.com\/wp-content\/uploads\/2019\/07\/Wallace-em-acao-pelo-Flamengo.webp\",\"articleSection\":[\"Flamengo\"],\"inLanguage\":\"pt-BR\",\"potentialAction\":[{\"@type\":\"CommentAction\",\"name\":\"Comment\",\"target\":[\"https:\/\/www.gaveanews.com\/index.php\/2020\/08\/18\/lembra-dele-ex-zagueiro-do-flamengo-jogara-pelo-vitoria\/#respond\"]}],\"copyrightYear\":\"2020\",\"copyrightHolder\":{\"@id\":\"https:\/\/www.gaveanews.com\/#organization\"}},{\"@type\":\"WebPage\",\"@id\":\"https:\/\/www.gaveanews.com\/index.php\/2020\/08\/18\/lembra-dele-ex-zagueiro-do-flamengo-jogara-pelo-vitoria\/\",\"url\":\"https:\/\/www.gaveanews.com\/index.php\/2020\/08\/18\/lembra-dele-ex-zagueiro-do-flamengo-jogara-pelo-vitoria\/\",\"name\":\"Lembra dele? Ex-zagueiro do Flamengo jogar\u00e1 pelo Vit\u00f3ria\",\"isPartOf\":{\"@id\":\"https:\/\/www.gaveanews.com\/#website\"},\"primaryImageOfPage\":{\"@id\":\"https:\/\/www.gaveanews.com\/index.php\/2020\/08\/18\/lembra-dele-ex-zagueiro-do-flamengo-jogara-pelo-vitoria\/#primaryimage\"},\"image\":{\"@id\":\"https:\/\/www.gaveanews.com\/index.php\/2020\/08\/18\/lembra-dele-ex-zagueiro-do-flamengo-jogara-pelo-vitoria\/#primaryimage\"},\"thumbnailUrl\":\"https:\/\/www.gaveanews.com\/wp-content\/uploads\/2019\/07\/Wallace-em-acao-pelo-Flamengo.webp\",\"datePublished\":\"2020-08-18T07:54:56+00:00\",\"dateModified\":\"2020-08-18T07:57:38+00:00\",\"author\":{\"@id\":\"https:\/\/www.gaveanews.com\/#\/schema\/person\/2ec14f73fb96be2caf28f91afb14749d\"},\"description\":\"Segundo o clube, o defensor deve ser apresentado j\u00e1 nesta ter\u00e7a-feira, ap\u00f3s a realiza\u00e7\u00e3o de exames m\u00e9dicos.\",\"breadcrumb\":{\"@id\":\"https:\/\/www.gaveanews.com\/index.php\/2020\/08\/18\/lembra-dele-ex-zagueiro-do-flamengo-jogara-pelo-vitoria\/#breadcrumb\"},\"inLanguage\":\"pt-BR\",\"potentialAction\":[{\"@type\":\"ReadAction\",\"target\":[\"https:\/\/www.gaveanews.com\/index.php\/2020\/08\/18\/lembra-dele-ex-zagueiro-do-flamengo-jogara-pelo-vitoria\/\"]}]},{\"@type\":\"ImageObject\",\"inLanguage\":\"pt-BR\",\"@id\":\"https:\/\/www.gaveanews.com\/index.php\/2020\/08\/18\/lembra-dele-ex-zagueiro-do-flamengo-jogara-pelo-vitoria\/#primaryimage\",\"url\":\"https:\/\/www.gaveanews.com\/wp-content\/uploads\/2019\/07\/Wallace-em-acao-pelo-Flamengo.webp\",\"contentUrl\":\"https:\/\/www.gaveanews.com\/wp-content\/uploads\/2019\/07\/Wallace-em-acao-pelo-Flamengo.webp\",\"caption\":\"Wallace em a\u00e7\u00e3o pelo Flamengo (Foto: Gilvan de Souza\/Fla Imagem)\"},{\"@type\":\"BreadcrumbList\",\"@id\":\"https:\/\/www.gaveanews.com\/index.php\/2020\/08\/18\/lembra-dele-ex-zagueiro-do-flamengo-jogara-pelo-vitoria\/#breadcrumb\",\"itemListElement\":[{\"@type\":\"ListItem\",\"position\":1,\"name\":\"Home\",\"item\":\"https:\/\/www.gaveanews.com\/\"},{\"@type\":\"ListItem\",\"position\":2,\"name\":\"Lembra dele? Ex-zagueiro do Flamengo jogar\u00e1 pelo Vit\u00f3ria\"}]},{\"@type\":\"WebSite\",\"@id\":\"https:\/\/www.gaveanews.com\/#website\",\"url\":\"https:\/\/www.gaveanews.com\/\",\"name\":\"G\u00e1vea News\",\"description\":\"Veja todas as not\u00edcias sobre o Flamengo: Contrata\u00e7\u00f5es, categorias de base, resultados das partidas, tabela de classifica\u00e7\u00e3o, pr\u00f3ximos jogos!\",\"potentialAction\":[{\"@type\":\"SearchAction\",\"target\":{\"@type\":\"EntryPoint\",\"urlTemplate\":\"https:\/\/www.gaveanews.com\/?s={search_term_string}\"},\"query-input\":{\"@type\":\"PropertyValueSpecification\",\"valueRequired\":true,\"valueName\":\"search_term_string\"}}],\"inLanguage\":\"pt-BR\"},{\"@type\":\"Person\",\"@id\":\"https:\/\/www.gaveanews.com\/#\/schema\/person\/2ec14f73fb96be2caf28f91afb14749d\",\"name\":\"Equipe G\u00e1vea News\",\"image\":{\"@type\":\"ImageObject\",\"inLanguage\":\"pt-BR\",\"@id\":\"https:\/\/www.gaveanews.com\/#\/schema\/person\/image\/\",\"url\":\"https:\/\/secure.gravatar.com\/avatar\/1e1956f1facbffd3f8fa53a326721950116b3b9dc9bd44939c01180fd4a745a9?s=96&d=mm&r=g\",\"contentUrl\":\"https:\/\/secure.gravatar.com\/avatar\/1e1956f1facbffd3f8fa53a326721950116b3b9dc9bd44939c01180fd4a745a9?s=96&d=mm&r=g\",\"caption\":\"Equipe G\u00e1vea News\"}}]}<\/script>\n<!-- \/ Yoast SEO Premium plugin. -->","yoast_head_json":{"title":"Lembra dele? Ex-zagueiro do Flamengo jogar\u00e1 pelo Vit\u00f3ria","description":"Segundo o clube, o defensor deve ser apresentado j\u00e1 nesta ter\u00e7a-feira, ap\u00f3s a realiza\u00e7\u00e3o de exames m\u00e9dicos.","robots":{"index":"index","follow":"follow","max-snippet":"max-snippet:-1","max-image-preview":"max-image-preview:large","max-video-preview":"max-video-preview:-1"},"canonical":"https:\/\/www.gaveanews.com\/index.php\/2020\/08\/18\/lembra-dele-ex-zagueiro-do-flamengo-jogara-pelo-vitoria\/","og_locale":"pt_BR","og_type":"article","og_title":"Lembra dele? Ex-zagueiro do Flamengo jogar\u00e1 pelo Vit\u00f3ria","og_description":"Segundo o clube, o defensor deve ser apresentado j\u00e1 nesta ter\u00e7a-feira, ap\u00f3s a realiza\u00e7\u00e3o de exames m\u00e9dicos.","og_url":"https:\/\/www.gaveanews.com\/index.php\/2020\/08\/18\/lembra-dele-ex-zagueiro-do-flamengo-jogara-pelo-vitoria\/","og_site_name":"G\u00e1vea News","article_publisher":"https:\/\/facebook.com\/gaveaNews\/","article_published_time":"2020-08-18T07:54:56+00:00","article_modified_time":"2020-08-18T07:57:38+00:00","og_image":[{"url":"https:\/\/www.gaveanews.com\/wp-content\/uploads\/2019\/07\/Wallace-em-acao-pelo-Flamengo.webp","width":1,"height":1,"type":"image\/jpeg"}],"author":"Equipe G\u00e1vea News","twitter_card":"summary_large_image","twitter_misc":{"Escrito por":"Equipe G\u00e1vea News","Est. tempo de leitura":"1 minuto"},"schema":{"@context":"https:\/\/schema.org","@graph":[{"@type":"NewsArticle","@id":"https:\/\/www.gaveanews.com\/index.php\/2020\/08\/18\/lembra-dele-ex-zagueiro-do-flamengo-jogara-pelo-vitoria\/#article","isPartOf":{"@id":"https:\/\/www.gaveanews.com\/index.php\/2020\/08\/18\/lembra-dele-ex-zagueiro-do-flamengo-jogara-pelo-vitoria\/"},"author":{"name":"Equipe G\u00e1vea News","@id":"https:\/\/www.gaveanews.com\/#\/schema\/person\/2ec14f73fb96be2caf28f91afb14749d"},"headline":"Lembra dele? Ex-zagueiro do Flamengo jogar\u00e1 pelo Vit\u00f3ria","datePublished":"2020-08-18T07:54:56+00:00","dateModified":"2020-08-18T07:57:38+00:00","mainEntityOfPage":{"@id":"https:\/\/www.gaveanews.com\/index.php\/2020\/08\/18\/lembra-dele-ex-zagueiro-do-flamengo-jogara-pelo-vitoria\/"},"wordCount":153,"commentCount":10,"image":{"@id":"https:\/\/www.gaveanews.com\/index.php\/2020\/08\/18\/lembra-dele-ex-zagueiro-do-flamengo-jogara-pelo-vitoria\/#primaryimage"},"thumbnailUrl":"https:\/\/www.gaveanews.com\/wp-content\/uploads\/2019\/07\/Wallace-em-acao-pelo-Flamengo.webp","articleSection":["Flamengo"],"inLanguage":"pt-BR","potentialAction":[{"@type":"CommentAction","name":"Comment","target":["https:\/\/www.gaveanews.com\/index.php\/2020\/08\/18\/lembra-dele-ex-zagueiro-do-flamengo-jogara-pelo-vitoria\/#respond"]}],"copyrightYear":"2020","copyrightHolder":{"@id":"https:\/\/www.gaveanews.com\/#organization"}},{"@type":"WebPage","@id":"https:\/\/www.gaveanews.com\/index.php\/2020\/08\/18\/lembra-dele-ex-zagueiro-do-flamengo-jogara-pelo-vitoria\/","url":"https:\/\/www.gaveanews.com\/index.php\/2020\/08\/18\/lembra-dele-ex-zagueiro-do-flamengo-jogara-pelo-vitoria\/","name":"Lembra dele? Ex-zagueiro do Flamengo jogar\u00e1 pelo Vit\u00f3ria","isPartOf":{"@id":"https:\/\/www.gaveanews.com\/#website"},"primaryImageOfPage":{"@id":"https:\/\/www.gaveanews.com\/index.php\/2020\/08\/18\/lembra-dele-ex-zagueiro-do-flamengo-jogara-pelo-vitoria\/#primaryimage"},"image":{"@id":"https:\/\/www.gaveanews.com\/index.php\/2020\/08\/18\/lembra-dele-ex-zagueiro-do-flamengo-jogara-pelo-vitoria\/#primaryimage"},"thumbnailUrl":"https:\/\/www.gaveanews.com\/wp-content\/uploads\/2019\/07\/Wallace-em-acao-pelo-Flamengo.webp","datePublished":"2020-08-18T07:54:56+00:00","dateModified":"2020-08-18T07:57:38+00:00","author":{"@id":"https:\/\/www.gaveanews.com\/#\/schema\/person\/2ec14f73fb96be2caf28f91afb14749d"},"description":"Segundo o clube, o defensor deve ser apresentado j\u00e1 nesta ter\u00e7a-feira, ap\u00f3s a realiza\u00e7\u00e3o de exames m\u00e9dicos.","breadcrumb":{"@id":"https:\/\/www.gaveanews.com\/index.php\/2020\/08\/18\/lembra-dele-ex-zagueiro-do-flamengo-jogara-pelo-vitoria\/#breadcrumb"},"inLanguage":"pt-BR","potentialAction":[{"@type":"ReadAction","target":["https:\/\/www.gaveanews.com\/index.php\/2020\/08\/18\/lembra-dele-ex-zagueiro-do-flamengo-jogara-pelo-vitoria\/"]}]},{"@type":"ImageObject","inLanguage":"pt-BR","@id":"https:\/\/www.gaveanews.com\/index.php\/2020\/08\/18\/lembra-dele-ex-zagueiro-do-flamengo-jogara-pelo-vitoria\/#primaryimage","url":"https:\/\/www.gaveanews.com\/wp-content\/uploads\/2019\/07\/Wallace-em-acao-pelo-Flamengo.webp","contentUrl":"https:\/\/www.gaveanews.com\/wp-content\/uploads\/2019\/07\/Wallace-em-acao-pelo-Flamengo.webp","caption":"Wallace em a\u00e7\u00e3o pelo Flamengo (Foto: Gilvan de Souza\/Fla Imagem)"},{"@type":"BreadcrumbList","@id":"https:\/\/www.gaveanews.com\/index.php\/2020\/08\/18\/lembra-dele-ex-zagueiro-do-flamengo-jogara-pelo-vitoria\/#breadcrumb","itemListElement":[{"@type":"ListItem","position":1,"name":"Home","item":"https:\/\/www.gaveanews.com\/"},{"@type":"ListItem","position":2,"name":"Lembra dele? Ex-zagueiro do Flamengo jogar\u00e1 pelo Vit\u00f3ria"}]},{"@type":"WebSite","@id":"https:\/\/www.gaveanews.com\/#website","url":"https:\/\/www.gaveanews.com\/","name":"G\u00e1vea News","description":"Veja todas as not\u00edcias sobre o Flamengo: Contrata\u00e7\u00f5es, categorias de base, resultados das partidas, tabela de classifica\u00e7\u00e3o, pr\u00f3ximos jogos!","potentialAction":[{"@type":"SearchAction","target":{"@type":"EntryPoint","urlTemplate":"https:\/\/www.gaveanews.com\/?s={search_term_string}"},"query-input":{"@type":"PropertyValueSpecification","valueRequired":true,"valueName":"search_term_string"}}],"inLanguage":"pt-BR"},{"@type":"Person","@id":"https:\/\/www.gaveanews.com\/#\/schema\/person\/2ec14f73fb96be2caf28f91afb14749d","name":"Equipe G\u00e1vea News","image":{"@type":"ImageObject","inLanguage":"pt-BR","@id":"https:\/\/www.gaveanews.com\/#\/schema\/person\/image\/","url":"https:\/\/secure.gravatar.com\/avatar\/1e1956f1facbffd3f8fa53a326721950116b3b9dc9bd44939c01180fd4a745a9?s=96&d=mm&r=g","contentUrl":"https:\/\/secure.gravatar.com\/avatar\/1e1956f1facbffd3f8fa53a326721950116b3b9dc9bd44939c01180fd4a745a9?s=96&d=mm&r=g","caption":"Equipe G\u00e1vea News"}}]}},"_links":{"self":[{"href":"https:\/\/www.gaveanews.com\/index.php\/wp-json\/wp\/v2\/posts\/45840","targetHints":{"allow":["GET"]}}],"collection":[{"href":"https:\/\/www.gaveanews.com\/index.php\/wp-json\/wp\/v2\/posts"}],"about":[{"href":"https:\/\/www.gaveanews.com\/index.php\/wp-json\/wp\/v2\/types\/post"}],"author":[{"embeddable":true,"href":"https:\/\/www.gaveanews.com\/index.php\/wp-json\/wp\/v2\/users\/1"}],"replies":[{"embeddable":true,"href":"https:\/\/www.gaveanews.com\/index.php\/wp-json\/wp\/v2\/comments?post=45840"}],"version-history":[{"count":0,"href":"https:\/\/www.gaveanews.com\/index.php\/wp-json\/wp\/v2\/posts\/45840\/revisions"}],"wp:featuredmedia":[{"embeddable":true,"href":"https:\/\/www.gaveanews.com\/index.php\/wp-json\/wp\/v2\/media\/22547"}],"wp:attachment":[{"href":"https:\/\/www.gaveanews.com\/index.php\/wp-json\/wp\/v2\/media?parent=45840"}],"wp:term":[{"taxonomy":"category","embeddable":true,"href":"https:\/\/www.gaveanews.com\/index.php\/wp-json\/wp\/v2\/categories?post=45840"},{"taxonomy":"post_tag","embeddable":true,"href":"https:\/\/www.gaveanews.com\/index.php\/wp-json\/wp\/v2\/tags?post=45840"}],"curies":[{"name":"wp","href":"https:\/\/api.w.org\/{rel}","templated":true}]}}