{"id":45871,"date":"2020-08-18T20:07:32","date_gmt":"2020-08-18T23:07:32","guid":{"rendered":"https:\/\/www.gaveanews.com\/?p=45871"},"modified":"2020-08-18T20:07:34","modified_gmt":"2020-08-18T23:07:34","slug":"video-veja-como-foi-o-treinamento-do-flamengo-nesta-terca","status":"publish","type":"post","link":"https:\/\/www.gaveanews.com\/index.php\/2020\/08\/18\/video-veja-como-foi-o-treinamento-do-flamengo-nesta-terca\/","title":{"rendered":"V\u00eddeo: Veja como foi o treinamento do Flamengo nesta ter\u00e7a"},"content":{"rendered":"\n<p>Visando a segunda vit\u00f3ria no Campeonato Brasileiro, o Flamengo volta a campo nesta quarta-feira (19 de agosto), \u00e0s 19h15, contra o Gr\u00eamio, no Maracan\u00e3. <\/p>\n\n\n\n<p>O t\u00e9cnico Dom\u00e8nec Torrent promoveu uma atividade bastante agitada na manh\u00e3 desta ter\u00e7a (18 de agosto), no Ninho. Ap\u00f3s o trabalho f\u00edsico, Dome exigiu muita movimenta\u00e7\u00e3o dos atletas e treinou a parte t\u00e1tica da equipe.<\/p>\n\n\n\n<figure class=\"wp-block-embed-youtube wp-block-embed is-type-video is-provider-youtube wp-embed-aspect-16-9 wp-has-aspect-ratio\"><div class=\"wp-block-embed__wrapper\">\n<iframe loading=\"lazy\" title=\"Treino do Flamengo - 18\/08\/2020\" width=\"640\" height=\"360\" src=\"https:\/\/www.youtube.com\/embed\/l1n2ff0C3MU?feature=oembed\" frameborder=\"0\" allow=\"accelerometer; autoplay; clipboard-write; encrypted-media; gyroscope; picture-in-picture; web-share\" referrerpolicy=\"strict-origin-when-cross-origin\" allowfullscreen><\/iframe>\n<\/div><\/figure>\n\n\n\n<p>Flamengo e Gr\u00eamio se enfrentaram 32 vezes no Rio de Janeiro na hist\u00f3ria do Brasileiro. Em casa, o Fla venceu 17 vezes, contra 6 triunfos do Gr\u00eamio e mais 9 empates. Nesses 32 jogos no Rio (29 no Maracan\u00e3, dois no Engenh\u00e3o e um na Ilha do Governador) o Flamengo marcou 51 gols e sofreu 28. <\/p>\n\n\n\n<p>O retrospecto recente \u00e9 positivo para o Rubro-Negro, que n\u00e3o perde h\u00e1 seis jogos (cinco vit\u00f3rias e um empate). Na \u00faltima vez que as duas equipes se enfrentaram no Maracan\u00e3, o Mais Querido goleou por 5 a 0 na segunda partida das semifinais da Conmebol Libertadores 2019.<\/p>\n\n\n\n<p>Retirado de: Site Oficial do Flamengo<\/p>\n","protected":false},"excerpt":{"rendered":"<p>Visando a segunda vit\u00f3ria no Campeonato Brasileiro, o Flamengo volta a campo nesta quarta-feira (19 de agosto), \u00e0s 19h15, contra o Gr\u00eamio, no Maracan\u00e3. O t\u00e9cnico Dom\u00e8nec Torrent promoveu uma atividade bastante agitada na manh\u00e3 desta ter\u00e7a (18 de agosto), no Ninho. Ap\u00f3s o trabalho f\u00edsico, Dome exigiu muita movimenta\u00e7\u00e3o dos atletas e treinou a [&hellip;]<\/p>\n","protected":false},"author":1,"featured_media":15184,"comment_status":"open","ping_status":"closed","sticky":false,"template":"","format":"standard","meta":{"footnotes":""},"categories":[40],"tags":[],"class_list":["post-45871","post","type-post","status-publish","format-standard","has-post-thumbnail","hentry","category-video"],"yoast_head":"<!-- This site is optimized with the Yoast SEO Premium plugin v24.2 (Yoast SEO v26.9) - https:\/\/yoast.com\/product\/yoast-seo-premium-wordpress\/ -->\n<title>V\u00eddeo: Veja como foi o treinamento do Flamengo nesta ter\u00e7a<\/title>\n<meta name=\"description\" content=\"Nesta ter\u00e7a-feira (18 de agosto), o time do Flamengo encerrou a sua prepara\u00e7\u00e3o para confronto contra o Gr\u00eamio.\" \/>\n<meta name=\"robots\" content=\"index, follow, max-snippet:-1, max-image-preview:large, max-video-preview:-1\" \/>\n<link rel=\"canonical\" href=\"https:\/\/www.gaveanews.com\/index.php\/2020\/08\/18\/video-veja-como-foi-o-treinamento-do-flamengo-nesta-terca\/\" \/>\n<meta property=\"og:locale\" content=\"pt_BR\" \/>\n<meta property=\"og:type\" content=\"article\" \/>\n<meta property=\"og:title\" content=\"V\u00eddeo: Veja como foi o treinamento do Flamengo nesta ter\u00e7a\" \/>\n<meta property=\"og:description\" content=\"Nesta ter\u00e7a-feira (18 de agosto), o time do Flamengo encerrou a sua prepara\u00e7\u00e3o para confronto contra o Gr\u00eamio.\" \/>\n<meta property=\"og:url\" content=\"https:\/\/www.gaveanews.com\/index.php\/2020\/08\/18\/video-veja-como-foi-o-treinamento-do-flamengo-nesta-terca\/\" \/>\n<meta property=\"og:site_name\" content=\"G\u00e1vea News\" \/>\n<meta property=\"article:publisher\" content=\"https:\/\/facebook.com\/gaveaNews\/\" \/>\n<meta property=\"article:published_time\" content=\"2020-08-18T23:07:32+00:00\" \/>\n<meta property=\"article:modified_time\" content=\"2020-08-18T23:07:34+00:00\" \/>\n<meta property=\"og:image\" content=\"https:\/\/www.gaveanews.com\/wp-content\/uploads\/2019\/03\/Entrada-do-Ninho-do-Urubu.webp\" \/>\n\t<meta property=\"og:image:width\" content=\"846\" \/>\n\t<meta property=\"og:image:height\" content=\"564\" \/>\n\t<meta property=\"og:image:type\" content=\"image\/jpeg\" \/>\n<meta name=\"author\" content=\"Equipe G\u00e1vea News\" \/>\n<meta name=\"twitter:card\" content=\"summary_large_image\" \/>\n<meta name=\"twitter:label1\" content=\"Escrito por\" \/>\n\t<meta name=\"twitter:data1\" content=\"Equipe G\u00e1vea News\" \/>\n\t<meta name=\"twitter:label2\" content=\"Est. tempo de leitura\" \/>\n\t<meta name=\"twitter:data2\" content=\"1 minuto\" \/>\n<script type=\"application\/ld+json\" class=\"yoast-schema-graph\">{\"@context\":\"https:\/\/schema.org\",\"@graph\":[{\"@type\":\"NewsArticle\",\"@id\":\"https:\/\/www.gaveanews.com\/index.php\/2020\/08\/18\/video-veja-como-foi-o-treinamento-do-flamengo-nesta-terca\/#article\",\"isPartOf\":{\"@id\":\"https:\/\/www.gaveanews.com\/index.php\/2020\/08\/18\/video-veja-como-foi-o-treinamento-do-flamengo-nesta-terca\/\"},\"author\":{\"name\":\"Equipe G\u00e1vea News\",\"@id\":\"https:\/\/www.gaveanews.com\/#\/schema\/person\/2ec14f73fb96be2caf28f91afb14749d\"},\"headline\":\"V\u00eddeo: Veja como foi o treinamento do Flamengo nesta ter\u00e7a\",\"datePublished\":\"2020-08-18T23:07:32+00:00\",\"dateModified\":\"2020-08-18T23:07:34+00:00\",\"mainEntityOfPage\":{\"@id\":\"https:\/\/www.gaveanews.com\/index.php\/2020\/08\/18\/video-veja-como-foi-o-treinamento-do-flamengo-nesta-terca\/\"},\"wordCount\":192,\"commentCount\":8,\"image\":{\"@id\":\"https:\/\/www.gaveanews.com\/index.php\/2020\/08\/18\/video-veja-como-foi-o-treinamento-do-flamengo-nesta-terca\/#primaryimage\"},\"thumbnailUrl\":\"https:\/\/www.gaveanews.com\/wp-content\/uploads\/2019\/03\/Entrada-do-Ninho-do-Urubu.webp\",\"articleSection\":[\"V\u00eddeos\"],\"inLanguage\":\"pt-BR\",\"potentialAction\":[{\"@type\":\"CommentAction\",\"name\":\"Comment\",\"target\":[\"https:\/\/www.gaveanews.com\/index.php\/2020\/08\/18\/video-veja-como-foi-o-treinamento-do-flamengo-nesta-terca\/#respond\"]}],\"copyrightYear\":\"2020\",\"copyrightHolder\":{\"@id\":\"https:\/\/www.gaveanews.com\/#organization\"}},{\"@type\":\"WebPage\",\"@id\":\"https:\/\/www.gaveanews.com\/index.php\/2020\/08\/18\/video-veja-como-foi-o-treinamento-do-flamengo-nesta-terca\/\",\"url\":\"https:\/\/www.gaveanews.com\/index.php\/2020\/08\/18\/video-veja-como-foi-o-treinamento-do-flamengo-nesta-terca\/\",\"name\":\"V\u00eddeo: Veja como foi o treinamento do Flamengo nesta ter\u00e7a\",\"isPartOf\":{\"@id\":\"https:\/\/www.gaveanews.com\/#website\"},\"primaryImageOfPage\":{\"@id\":\"https:\/\/www.gaveanews.com\/index.php\/2020\/08\/18\/video-veja-como-foi-o-treinamento-do-flamengo-nesta-terca\/#primaryimage\"},\"image\":{\"@id\":\"https:\/\/www.gaveanews.com\/index.php\/2020\/08\/18\/video-veja-como-foi-o-treinamento-do-flamengo-nesta-terca\/#primaryimage\"},\"thumbnailUrl\":\"https:\/\/www.gaveanews.com\/wp-content\/uploads\/2019\/03\/Entrada-do-Ninho-do-Urubu.webp\",\"datePublished\":\"2020-08-18T23:07:32+00:00\",\"dateModified\":\"2020-08-18T23:07:34+00:00\",\"author\":{\"@id\":\"https:\/\/www.gaveanews.com\/#\/schema\/person\/2ec14f73fb96be2caf28f91afb14749d\"},\"description\":\"Nesta ter\u00e7a-feira (18 de agosto), o time do Flamengo encerrou a sua prepara\u00e7\u00e3o para confronto contra o Gr\u00eamio.\",\"breadcrumb\":{\"@id\":\"https:\/\/www.gaveanews.com\/index.php\/2020\/08\/18\/video-veja-como-foi-o-treinamento-do-flamengo-nesta-terca\/#breadcrumb\"},\"inLanguage\":\"pt-BR\",\"potentialAction\":[{\"@type\":\"ReadAction\",\"target\":[\"https:\/\/www.gaveanews.com\/index.php\/2020\/08\/18\/video-veja-como-foi-o-treinamento-do-flamengo-nesta-terca\/\"]}]},{\"@type\":\"ImageObject\",\"inLanguage\":\"pt-BR\",\"@id\":\"https:\/\/www.gaveanews.com\/index.php\/2020\/08\/18\/video-veja-como-foi-o-treinamento-do-flamengo-nesta-terca\/#primaryimage\",\"url\":\"https:\/\/www.gaveanews.com\/wp-content\/uploads\/2019\/03\/Entrada-do-Ninho-do-Urubu.webp\",\"contentUrl\":\"https:\/\/www.gaveanews.com\/wp-content\/uploads\/2019\/03\/Entrada-do-Ninho-do-Urubu.webp\",\"width\":846,\"height\":564,\"caption\":\"Entrada do Ninho do Urubu (Foto: Gilvan de Souza\/Flamengo)\"},{\"@type\":\"BreadcrumbList\",\"@id\":\"https:\/\/www.gaveanews.com\/index.php\/2020\/08\/18\/video-veja-como-foi-o-treinamento-do-flamengo-nesta-terca\/#breadcrumb\",\"itemListElement\":[{\"@type\":\"ListItem\",\"position\":1,\"name\":\"Home\",\"item\":\"https:\/\/www.gaveanews.com\/\"},{\"@type\":\"ListItem\",\"position\":2,\"name\":\"V\u00eddeo: Veja como foi o treinamento do Flamengo nesta ter\u00e7a\"}]},{\"@type\":\"WebSite\",\"@id\":\"https:\/\/www.gaveanews.com\/#website\",\"url\":\"https:\/\/www.gaveanews.com\/\",\"name\":\"G\u00e1vea News\",\"description\":\"Veja todas as not\u00edcias sobre o Flamengo: Contrata\u00e7\u00f5es, categorias de base, resultados das partidas, tabela de classifica\u00e7\u00e3o, pr\u00f3ximos jogos!\",\"potentialAction\":[{\"@type\":\"SearchAction\",\"target\":{\"@type\":\"EntryPoint\",\"urlTemplate\":\"https:\/\/www.gaveanews.com\/?s={search_term_string}\"},\"query-input\":{\"@type\":\"PropertyValueSpecification\",\"valueRequired\":true,\"valueName\":\"search_term_string\"}}],\"inLanguage\":\"pt-BR\"},{\"@type\":\"Person\",\"@id\":\"https:\/\/www.gaveanews.com\/#\/schema\/person\/2ec14f73fb96be2caf28f91afb14749d\",\"name\":\"Equipe G\u00e1vea News\",\"image\":{\"@type\":\"ImageObject\",\"inLanguage\":\"pt-BR\",\"@id\":\"https:\/\/www.gaveanews.com\/#\/schema\/person\/image\/\",\"url\":\"https:\/\/secure.gravatar.com\/avatar\/1e1956f1facbffd3f8fa53a326721950116b3b9dc9bd44939c01180fd4a745a9?s=96&d=mm&r=g\",\"contentUrl\":\"https:\/\/secure.gravatar.com\/avatar\/1e1956f1facbffd3f8fa53a326721950116b3b9dc9bd44939c01180fd4a745a9?s=96&d=mm&r=g\",\"caption\":\"Equipe G\u00e1vea News\"}}]}<\/script>\n<!-- \/ Yoast SEO Premium plugin. -->","yoast_head_json":{"title":"V\u00eddeo: Veja como foi o treinamento do Flamengo nesta ter\u00e7a","description":"Nesta ter\u00e7a-feira (18 de agosto), o time do Flamengo encerrou a sua prepara\u00e7\u00e3o para confronto contra o Gr\u00eamio.","robots":{"index":"index","follow":"follow","max-snippet":"max-snippet:-1","max-image-preview":"max-image-preview:large","max-video-preview":"max-video-preview:-1"},"canonical":"https:\/\/www.gaveanews.com\/index.php\/2020\/08\/18\/video-veja-como-foi-o-treinamento-do-flamengo-nesta-terca\/","og_locale":"pt_BR","og_type":"article","og_title":"V\u00eddeo: Veja como foi o treinamento do Flamengo nesta ter\u00e7a","og_description":"Nesta ter\u00e7a-feira (18 de agosto), o time do Flamengo encerrou a sua prepara\u00e7\u00e3o para confronto contra o Gr\u00eamio.","og_url":"https:\/\/www.gaveanews.com\/index.php\/2020\/08\/18\/video-veja-como-foi-o-treinamento-do-flamengo-nesta-terca\/","og_site_name":"G\u00e1vea News","article_publisher":"https:\/\/facebook.com\/gaveaNews\/","article_published_time":"2020-08-18T23:07:32+00:00","article_modified_time":"2020-08-18T23:07:34+00:00","og_image":[{"width":846,"height":564,"url":"https:\/\/www.gaveanews.com\/wp-content\/uploads\/2019\/03\/Entrada-do-Ninho-do-Urubu.webp","type":"image\/jpeg"}],"author":"Equipe G\u00e1vea News","twitter_card":"summary_large_image","twitter_misc":{"Escrito por":"Equipe G\u00e1vea News","Est. tempo de leitura":"1 minuto"},"schema":{"@context":"https:\/\/schema.org","@graph":[{"@type":"NewsArticle","@id":"https:\/\/www.gaveanews.com\/index.php\/2020\/08\/18\/video-veja-como-foi-o-treinamento-do-flamengo-nesta-terca\/#article","isPartOf":{"@id":"https:\/\/www.gaveanews.com\/index.php\/2020\/08\/18\/video-veja-como-foi-o-treinamento-do-flamengo-nesta-terca\/"},"author":{"name":"Equipe G\u00e1vea News","@id":"https:\/\/www.gaveanews.com\/#\/schema\/person\/2ec14f73fb96be2caf28f91afb14749d"},"headline":"V\u00eddeo: Veja como foi o treinamento do Flamengo nesta ter\u00e7a","datePublished":"2020-08-18T23:07:32+00:00","dateModified":"2020-08-18T23:07:34+00:00","mainEntityOfPage":{"@id":"https:\/\/www.gaveanews.com\/index.php\/2020\/08\/18\/video-veja-como-foi-o-treinamento-do-flamengo-nesta-terca\/"},"wordCount":192,"commentCount":8,"image":{"@id":"https:\/\/www.gaveanews.com\/index.php\/2020\/08\/18\/video-veja-como-foi-o-treinamento-do-flamengo-nesta-terca\/#primaryimage"},"thumbnailUrl":"https:\/\/www.gaveanews.com\/wp-content\/uploads\/2019\/03\/Entrada-do-Ninho-do-Urubu.webp","articleSection":["V\u00eddeos"],"inLanguage":"pt-BR","potentialAction":[{"@type":"CommentAction","name":"Comment","target":["https:\/\/www.gaveanews.com\/index.php\/2020\/08\/18\/video-veja-como-foi-o-treinamento-do-flamengo-nesta-terca\/#respond"]}],"copyrightYear":"2020","copyrightHolder":{"@id":"https:\/\/www.gaveanews.com\/#organization"}},{"@type":"WebPage","@id":"https:\/\/www.gaveanews.com\/index.php\/2020\/08\/18\/video-veja-como-foi-o-treinamento-do-flamengo-nesta-terca\/","url":"https:\/\/www.gaveanews.com\/index.php\/2020\/08\/18\/video-veja-como-foi-o-treinamento-do-flamengo-nesta-terca\/","name":"V\u00eddeo: Veja como foi o treinamento do Flamengo nesta ter\u00e7a","isPartOf":{"@id":"https:\/\/www.gaveanews.com\/#website"},"primaryImageOfPage":{"@id":"https:\/\/www.gaveanews.com\/index.php\/2020\/08\/18\/video-veja-como-foi-o-treinamento-do-flamengo-nesta-terca\/#primaryimage"},"image":{"@id":"https:\/\/www.gaveanews.com\/index.php\/2020\/08\/18\/video-veja-como-foi-o-treinamento-do-flamengo-nesta-terca\/#primaryimage"},"thumbnailUrl":"https:\/\/www.gaveanews.com\/wp-content\/uploads\/2019\/03\/Entrada-do-Ninho-do-Urubu.webp","datePublished":"2020-08-18T23:07:32+00:00","dateModified":"2020-08-18T23:07:34+00:00","author":{"@id":"https:\/\/www.gaveanews.com\/#\/schema\/person\/2ec14f73fb96be2caf28f91afb14749d"},"description":"Nesta ter\u00e7a-feira (18 de agosto), o time do Flamengo encerrou a sua prepara\u00e7\u00e3o para confronto contra o Gr\u00eamio.","breadcrumb":{"@id":"https:\/\/www.gaveanews.com\/index.php\/2020\/08\/18\/video-veja-como-foi-o-treinamento-do-flamengo-nesta-terca\/#breadcrumb"},"inLanguage":"pt-BR","potentialAction":[{"@type":"ReadAction","target":["https:\/\/www.gaveanews.com\/index.php\/2020\/08\/18\/video-veja-como-foi-o-treinamento-do-flamengo-nesta-terca\/"]}]},{"@type":"ImageObject","inLanguage":"pt-BR","@id":"https:\/\/www.gaveanews.com\/index.php\/2020\/08\/18\/video-veja-como-foi-o-treinamento-do-flamengo-nesta-terca\/#primaryimage","url":"https:\/\/www.gaveanews.com\/wp-content\/uploads\/2019\/03\/Entrada-do-Ninho-do-Urubu.webp","contentUrl":"https:\/\/www.gaveanews.com\/wp-content\/uploads\/2019\/03\/Entrada-do-Ninho-do-Urubu.webp","width":846,"height":564,"caption":"Entrada do Ninho do Urubu (Foto: Gilvan de Souza\/Flamengo)"},{"@type":"BreadcrumbList","@id":"https:\/\/www.gaveanews.com\/index.php\/2020\/08\/18\/video-veja-como-foi-o-treinamento-do-flamengo-nesta-terca\/#breadcrumb","itemListElement":[{"@type":"ListItem","position":1,"name":"Home","item":"https:\/\/www.gaveanews.com\/"},{"@type":"ListItem","position":2,"name":"V\u00eddeo: Veja como foi o treinamento do Flamengo nesta ter\u00e7a"}]},{"@type":"WebSite","@id":"https:\/\/www.gaveanews.com\/#website","url":"https:\/\/www.gaveanews.com\/","name":"G\u00e1vea News","description":"Veja todas as not\u00edcias sobre o Flamengo: Contrata\u00e7\u00f5es, categorias de base, resultados das partidas, tabela de classifica\u00e7\u00e3o, pr\u00f3ximos jogos!","potentialAction":[{"@type":"SearchAction","target":{"@type":"EntryPoint","urlTemplate":"https:\/\/www.gaveanews.com\/?s={search_term_string}"},"query-input":{"@type":"PropertyValueSpecification","valueRequired":true,"valueName":"search_term_string"}}],"inLanguage":"pt-BR"},{"@type":"Person","@id":"https:\/\/www.gaveanews.com\/#\/schema\/person\/2ec14f73fb96be2caf28f91afb14749d","name":"Equipe G\u00e1vea News","image":{"@type":"ImageObject","inLanguage":"pt-BR","@id":"https:\/\/www.gaveanews.com\/#\/schema\/person\/image\/","url":"https:\/\/secure.gravatar.com\/avatar\/1e1956f1facbffd3f8fa53a326721950116b3b9dc9bd44939c01180fd4a745a9?s=96&d=mm&r=g","contentUrl":"https:\/\/secure.gravatar.com\/avatar\/1e1956f1facbffd3f8fa53a326721950116b3b9dc9bd44939c01180fd4a745a9?s=96&d=mm&r=g","caption":"Equipe G\u00e1vea News"}}]}},"_links":{"self":[{"href":"https:\/\/www.gaveanews.com\/index.php\/wp-json\/wp\/v2\/posts\/45871","targetHints":{"allow":["GET"]}}],"collection":[{"href":"https:\/\/www.gaveanews.com\/index.php\/wp-json\/wp\/v2\/posts"}],"about":[{"href":"https:\/\/www.gaveanews.com\/index.php\/wp-json\/wp\/v2\/types\/post"}],"author":[{"embeddable":true,"href":"https:\/\/www.gaveanews.com\/index.php\/wp-json\/wp\/v2\/users\/1"}],"replies":[{"embeddable":true,"href":"https:\/\/www.gaveanews.com\/index.php\/wp-json\/wp\/v2\/comments?post=45871"}],"version-history":[{"count":0,"href":"https:\/\/www.gaveanews.com\/index.php\/wp-json\/wp\/v2\/posts\/45871\/revisions"}],"wp:featuredmedia":[{"embeddable":true,"href":"https:\/\/www.gaveanews.com\/index.php\/wp-json\/wp\/v2\/media\/15184"}],"wp:attachment":[{"href":"https:\/\/www.gaveanews.com\/index.php\/wp-json\/wp\/v2\/media?parent=45871"}],"wp:term":[{"taxonomy":"category","embeddable":true,"href":"https:\/\/www.gaveanews.com\/index.php\/wp-json\/wp\/v2\/categories?post=45871"},{"taxonomy":"post_tag","embeddable":true,"href":"https:\/\/www.gaveanews.com\/index.php\/wp-json\/wp\/v2\/tags?post=45871"}],"curies":[{"name":"wp","href":"https:\/\/api.w.org\/{rel}","templated":true}]}}