{"id":45894,"date":"2020-08-19T09:04:59","date_gmt":"2020-08-19T12:04:59","guid":{"rendered":"https:\/\/www.gaveanews.com\/?p=45894"},"modified":"2020-08-19T09:05:01","modified_gmt":"2020-08-19T12:05:01","slug":"apos-projetar-revanche-miguel-angel-ramirez-exalta-o-flamengo","status":"publish","type":"post","link":"https:\/\/www.gaveanews.com\/index.php\/2020\/08\/19\/apos-projetar-revanche-miguel-angel-ramirez-exalta-o-flamengo\/","title":{"rendered":"Ap\u00f3s projetar revanche, Miguel \u00c1ngel Ramirez exalta o Flamengo"},"content":{"rendered":"\n<p>Miguel \u00c1ngel Ramirez, um dos cotados para assumir o Flamengo depois da sa\u00edda de Jorge Jesus, foi o entrevistado do programa Linha de Passe, da ESPN e relembrou os confrontos do Del Valle contra o Rubro Negro, exaltando o elenco do Fla e projetando a revanche.<\/p>\n\n\n\n<p>\u201cEu n\u00e3o imagino um cen\u00e1rio diferente, porque os elementos, digamos, continuam os mesmos\u2026 Sei que n\u00e3o valem as informa\u00e7\u00f5es dos primeiros jogos antes de nos enfrentarmos, mas agora, tempo depois da Recopa, j\u00e1 temos muita vontade de voltar a nos encontrar na Libertadores, sobretudo por duas coisas\u201d, disse o treinador, antes de prosseguir.<\/p>\n\n\n\n<p>\u201cPorque o resultado da volta foi muito duro, n\u00e3o? Creio que n\u00e3o seria o mesmo se Farelli marcasse o gol diante do goleiro, teira mudado a historia\u2026 Por\u00e9m, quer\u00edamos enfrentar uma equipe que nos leva ao limite, que nos exp\u00f5e a cada jogada, que n\u00f3s, como comiss\u00e3o t\u00e9cnica, tenhamos que estudar os m\u00ednimos detalhes e treinar, porque s\u00e3o muito bons. Eles nos levam ao limite em cada jogada, em cada bola. Temos que estar muito concentrados para n\u00e3o cometermos erros ou cometermos o menor n\u00famero de erros poss\u00edvel. E quem n\u00e3o gostaria de ter esse tipo de retorno, certo? Enfrentar a dificuldade e o Flamengo nos d\u00e1 isso\u201d, concluiu.<\/p>\n\n\n\n<p>Flamengo e Independiente Del Valle se enfrentaram pela Libertadores no ano passado e em 2020, protagonizaram a final da Recopa Sul-Americana, ambas vencidas pelo Rubro Negro. A equipe treinada por Miguel \u00c1ngel Ramirez, n\u00e3o foi superior, mas conseguiu dar uma certa \u2018dor de cabe\u00e7a\u2019 ao Fla.<\/p>\n\n\n\n<p>O pr\u00f3ximo confronto entre as duas equipes j\u00e1 tem data e Ramirez, que deseja a revanche, enfrentar\u00e1 a equipe de Dom\u00e8nec. Os jogos acontecer\u00e3o nos dias 17 de setembro, no Equador, e 30 de setembro, no Maracan\u00e3, respectivamente.<\/p>\n\n\n\n<p>Retirado de: Urubu Interativo<\/p>\n","protected":false},"excerpt":{"rendered":"<p>Miguel \u00c1ngel Ramirez, um dos cotados para assumir o Flamengo depois da sa\u00edda de Jorge Jesus, foi o entrevistado do programa Linha de Passe, da ESPN e relembrou os confrontos do Del Valle contra o Rubro Negro, exaltando o elenco do Fla e projetando a revanche. \u201cEu n\u00e3o imagino um cen\u00e1rio diferente, porque os elementos, [&hellip;]<\/p>\n","protected":false},"author":1,"featured_media":14851,"comment_status":"open","ping_status":"closed","sticky":false,"template":"","format":"standard","meta":{"footnotes":""},"categories":[47],"tags":[],"class_list":["post-45894","post","type-post","status-publish","format-standard","has-post-thumbnail","hentry","category-destaques"],"yoast_head":"<!-- This site is optimized with the Yoast SEO Premium plugin v24.2 (Yoast SEO v26.9) - https:\/\/yoast.com\/product\/yoast-seo-premium-wordpress\/ -->\n<title>Ap\u00f3s projetar revanche, Miguel \u00c1ngel Ramirez exalta o Flamengo<\/title>\n<meta name=\"description\" content=\"Miguel \u00c1ngel Ramirez, um dos cotados para assumir o Flamengo depois da sa\u00edda de Jorge Jesus, foi o entrevistado do programa Linha de Passe.\" \/>\n<meta name=\"robots\" content=\"index, follow, max-snippet:-1, max-image-preview:large, max-video-preview:-1\" \/>\n<link rel=\"canonical\" href=\"https:\/\/www.gaveanews.com\/index.php\/2020\/08\/19\/apos-projetar-revanche-miguel-angel-ramirez-exalta-o-flamengo\/\" \/>\n<meta property=\"og:locale\" content=\"pt_BR\" \/>\n<meta property=\"og:type\" content=\"article\" \/>\n<meta property=\"og:title\" content=\"Ap\u00f3s projetar revanche, Miguel \u00c1ngel Ramirez exalta o Flamengo\" \/>\n<meta property=\"og:description\" content=\"Miguel \u00c1ngel Ramirez, um dos cotados para assumir o Flamengo depois da sa\u00edda de Jorge Jesus, foi o entrevistado do programa Linha de Passe.\" \/>\n<meta property=\"og:url\" content=\"https:\/\/www.gaveanews.com\/index.php\/2020\/08\/19\/apos-projetar-revanche-miguel-angel-ramirez-exalta-o-flamengo\/\" \/>\n<meta property=\"og:site_name\" content=\"G\u00e1vea News\" \/>\n<meta property=\"article:publisher\" content=\"https:\/\/facebook.com\/gaveaNews\/\" \/>\n<meta property=\"article:published_time\" content=\"2020-08-19T12:04:59+00:00\" \/>\n<meta property=\"article:modified_time\" content=\"2020-08-19T12:05:01+00:00\" \/>\n<meta property=\"og:image\" content=\"https:\/\/www.gaveanews.com\/wp-content\/uploads\/2019\/03\/Taca-da-Copa-Libertadores-da-America.webp\" \/>\n\t<meta property=\"og:image:width\" content=\"1\" \/>\n\t<meta property=\"og:image:height\" content=\"1\" \/>\n\t<meta property=\"og:image:type\" content=\"image\/jpeg\" \/>\n<meta name=\"author\" content=\"Equipe G\u00e1vea News\" \/>\n<meta name=\"twitter:card\" content=\"summary_large_image\" \/>\n<meta name=\"twitter:label1\" content=\"Escrito por\" \/>\n\t<meta name=\"twitter:data1\" content=\"Equipe G\u00e1vea News\" \/>\n\t<meta name=\"twitter:label2\" content=\"Est. tempo de leitura\" \/>\n\t<meta name=\"twitter:data2\" content=\"2 minutos\" \/>\n<script type=\"application\/ld+json\" class=\"yoast-schema-graph\">{\"@context\":\"https:\/\/schema.org\",\"@graph\":[{\"@type\":\"NewsArticle\",\"@id\":\"https:\/\/www.gaveanews.com\/index.php\/2020\/08\/19\/apos-projetar-revanche-miguel-angel-ramirez-exalta-o-flamengo\/#article\",\"isPartOf\":{\"@id\":\"https:\/\/www.gaveanews.com\/index.php\/2020\/08\/19\/apos-projetar-revanche-miguel-angel-ramirez-exalta-o-flamengo\/\"},\"author\":{\"name\":\"Equipe G\u00e1vea News\",\"@id\":\"https:\/\/www.gaveanews.com\/#\/schema\/person\/2ec14f73fb96be2caf28f91afb14749d\"},\"headline\":\"Ap\u00f3s projetar revanche, Miguel \u00c1ngel Ramirez exalta o Flamengo\",\"datePublished\":\"2020-08-19T12:04:59+00:00\",\"dateModified\":\"2020-08-19T12:05:01+00:00\",\"mainEntityOfPage\":{\"@id\":\"https:\/\/www.gaveanews.com\/index.php\/2020\/08\/19\/apos-projetar-revanche-miguel-angel-ramirez-exalta-o-flamengo\/\"},\"wordCount\":327,\"commentCount\":7,\"image\":{\"@id\":\"https:\/\/www.gaveanews.com\/index.php\/2020\/08\/19\/apos-projetar-revanche-miguel-angel-ramirez-exalta-o-flamengo\/#primaryimage\"},\"thumbnailUrl\":\"https:\/\/www.gaveanews.com\/wp-content\/uploads\/2019\/03\/Taca-da-Copa-Libertadores-da-America.webp\",\"articleSection\":[\"Destaques\"],\"inLanguage\":\"pt-BR\",\"potentialAction\":[{\"@type\":\"CommentAction\",\"name\":\"Comment\",\"target\":[\"https:\/\/www.gaveanews.com\/index.php\/2020\/08\/19\/apos-projetar-revanche-miguel-angel-ramirez-exalta-o-flamengo\/#respond\"]}],\"copyrightYear\":\"2020\",\"copyrightHolder\":{\"@id\":\"https:\/\/www.gaveanews.com\/#organization\"}},{\"@type\":\"WebPage\",\"@id\":\"https:\/\/www.gaveanews.com\/index.php\/2020\/08\/19\/apos-projetar-revanche-miguel-angel-ramirez-exalta-o-flamengo\/\",\"url\":\"https:\/\/www.gaveanews.com\/index.php\/2020\/08\/19\/apos-projetar-revanche-miguel-angel-ramirez-exalta-o-flamengo\/\",\"name\":\"Ap\u00f3s projetar revanche, Miguel \u00c1ngel Ramirez exalta o Flamengo\",\"isPartOf\":{\"@id\":\"https:\/\/www.gaveanews.com\/#website\"},\"primaryImageOfPage\":{\"@id\":\"https:\/\/www.gaveanews.com\/index.php\/2020\/08\/19\/apos-projetar-revanche-miguel-angel-ramirez-exalta-o-flamengo\/#primaryimage\"},\"image\":{\"@id\":\"https:\/\/www.gaveanews.com\/index.php\/2020\/08\/19\/apos-projetar-revanche-miguel-angel-ramirez-exalta-o-flamengo\/#primaryimage\"},\"thumbnailUrl\":\"https:\/\/www.gaveanews.com\/wp-content\/uploads\/2019\/03\/Taca-da-Copa-Libertadores-da-America.webp\",\"datePublished\":\"2020-08-19T12:04:59+00:00\",\"dateModified\":\"2020-08-19T12:05:01+00:00\",\"author\":{\"@id\":\"https:\/\/www.gaveanews.com\/#\/schema\/person\/2ec14f73fb96be2caf28f91afb14749d\"},\"description\":\"Miguel \u00c1ngel Ramirez, um dos cotados para assumir o Flamengo depois da sa\u00edda de Jorge Jesus, foi o entrevistado do programa Linha de Passe.\",\"breadcrumb\":{\"@id\":\"https:\/\/www.gaveanews.com\/index.php\/2020\/08\/19\/apos-projetar-revanche-miguel-angel-ramirez-exalta-o-flamengo\/#breadcrumb\"},\"inLanguage\":\"pt-BR\",\"potentialAction\":[{\"@type\":\"ReadAction\",\"target\":[\"https:\/\/www.gaveanews.com\/index.php\/2020\/08\/19\/apos-projetar-revanche-miguel-angel-ramirez-exalta-o-flamengo\/\"]}]},{\"@type\":\"ImageObject\",\"inLanguage\":\"pt-BR\",\"@id\":\"https:\/\/www.gaveanews.com\/index.php\/2020\/08\/19\/apos-projetar-revanche-miguel-angel-ramirez-exalta-o-flamengo\/#primaryimage\",\"url\":\"https:\/\/www.gaveanews.com\/wp-content\/uploads\/2019\/03\/Taca-da-Copa-Libertadores-da-America.webp\",\"contentUrl\":\"https:\/\/www.gaveanews.com\/wp-content\/uploads\/2019\/03\/Taca-da-Copa-Libertadores-da-America.webp\",\"caption\":\"Ta\u00e7a da Copa Libertadores da Am\u00e9rica (Foto: Divulga\u00e7\u00e3o\/Conmebol)\"},{\"@type\":\"BreadcrumbList\",\"@id\":\"https:\/\/www.gaveanews.com\/index.php\/2020\/08\/19\/apos-projetar-revanche-miguel-angel-ramirez-exalta-o-flamengo\/#breadcrumb\",\"itemListElement\":[{\"@type\":\"ListItem\",\"position\":1,\"name\":\"Home\",\"item\":\"https:\/\/www.gaveanews.com\/\"},{\"@type\":\"ListItem\",\"position\":2,\"name\":\"Ap\u00f3s projetar revanche, Miguel \u00c1ngel Ramirez exalta o Flamengo\"}]},{\"@type\":\"WebSite\",\"@id\":\"https:\/\/www.gaveanews.com\/#website\",\"url\":\"https:\/\/www.gaveanews.com\/\",\"name\":\"G\u00e1vea News\",\"description\":\"Veja todas as not\u00edcias sobre o Flamengo: Contrata\u00e7\u00f5es, categorias de base, resultados das partidas, tabela de classifica\u00e7\u00e3o, pr\u00f3ximos jogos!\",\"potentialAction\":[{\"@type\":\"SearchAction\",\"target\":{\"@type\":\"EntryPoint\",\"urlTemplate\":\"https:\/\/www.gaveanews.com\/?s={search_term_string}\"},\"query-input\":{\"@type\":\"PropertyValueSpecification\",\"valueRequired\":true,\"valueName\":\"search_term_string\"}}],\"inLanguage\":\"pt-BR\"},{\"@type\":\"Person\",\"@id\":\"https:\/\/www.gaveanews.com\/#\/schema\/person\/2ec14f73fb96be2caf28f91afb14749d\",\"name\":\"Equipe G\u00e1vea News\",\"image\":{\"@type\":\"ImageObject\",\"inLanguage\":\"pt-BR\",\"@id\":\"https:\/\/www.gaveanews.com\/#\/schema\/person\/image\/\",\"url\":\"https:\/\/secure.gravatar.com\/avatar\/1e1956f1facbffd3f8fa53a326721950116b3b9dc9bd44939c01180fd4a745a9?s=96&d=mm&r=g\",\"contentUrl\":\"https:\/\/secure.gravatar.com\/avatar\/1e1956f1facbffd3f8fa53a326721950116b3b9dc9bd44939c01180fd4a745a9?s=96&d=mm&r=g\",\"caption\":\"Equipe G\u00e1vea News\"}}]}<\/script>\n<!-- \/ Yoast SEO Premium plugin. -->","yoast_head_json":{"title":"Ap\u00f3s projetar revanche, Miguel \u00c1ngel Ramirez exalta o Flamengo","description":"Miguel \u00c1ngel Ramirez, um dos cotados para assumir o Flamengo depois da sa\u00edda de Jorge Jesus, foi o entrevistado do programa Linha de Passe.","robots":{"index":"index","follow":"follow","max-snippet":"max-snippet:-1","max-image-preview":"max-image-preview:large","max-video-preview":"max-video-preview:-1"},"canonical":"https:\/\/www.gaveanews.com\/index.php\/2020\/08\/19\/apos-projetar-revanche-miguel-angel-ramirez-exalta-o-flamengo\/","og_locale":"pt_BR","og_type":"article","og_title":"Ap\u00f3s projetar revanche, Miguel \u00c1ngel Ramirez exalta o Flamengo","og_description":"Miguel \u00c1ngel Ramirez, um dos cotados para assumir o Flamengo depois da sa\u00edda de Jorge Jesus, foi o entrevistado do programa Linha de Passe.","og_url":"https:\/\/www.gaveanews.com\/index.php\/2020\/08\/19\/apos-projetar-revanche-miguel-angel-ramirez-exalta-o-flamengo\/","og_site_name":"G\u00e1vea News","article_publisher":"https:\/\/facebook.com\/gaveaNews\/","article_published_time":"2020-08-19T12:04:59+00:00","article_modified_time":"2020-08-19T12:05:01+00:00","og_image":[{"url":"https:\/\/www.gaveanews.com\/wp-content\/uploads\/2019\/03\/Taca-da-Copa-Libertadores-da-America.webp","width":1,"height":1,"type":"image\/jpeg"}],"author":"Equipe G\u00e1vea News","twitter_card":"summary_large_image","twitter_misc":{"Escrito por":"Equipe G\u00e1vea News","Est. tempo de leitura":"2 minutos"},"schema":{"@context":"https:\/\/schema.org","@graph":[{"@type":"NewsArticle","@id":"https:\/\/www.gaveanews.com\/index.php\/2020\/08\/19\/apos-projetar-revanche-miguel-angel-ramirez-exalta-o-flamengo\/#article","isPartOf":{"@id":"https:\/\/www.gaveanews.com\/index.php\/2020\/08\/19\/apos-projetar-revanche-miguel-angel-ramirez-exalta-o-flamengo\/"},"author":{"name":"Equipe G\u00e1vea News","@id":"https:\/\/www.gaveanews.com\/#\/schema\/person\/2ec14f73fb96be2caf28f91afb14749d"},"headline":"Ap\u00f3s projetar revanche, Miguel \u00c1ngel Ramirez exalta o Flamengo","datePublished":"2020-08-19T12:04:59+00:00","dateModified":"2020-08-19T12:05:01+00:00","mainEntityOfPage":{"@id":"https:\/\/www.gaveanews.com\/index.php\/2020\/08\/19\/apos-projetar-revanche-miguel-angel-ramirez-exalta-o-flamengo\/"},"wordCount":327,"commentCount":7,"image":{"@id":"https:\/\/www.gaveanews.com\/index.php\/2020\/08\/19\/apos-projetar-revanche-miguel-angel-ramirez-exalta-o-flamengo\/#primaryimage"},"thumbnailUrl":"https:\/\/www.gaveanews.com\/wp-content\/uploads\/2019\/03\/Taca-da-Copa-Libertadores-da-America.webp","articleSection":["Destaques"],"inLanguage":"pt-BR","potentialAction":[{"@type":"CommentAction","name":"Comment","target":["https:\/\/www.gaveanews.com\/index.php\/2020\/08\/19\/apos-projetar-revanche-miguel-angel-ramirez-exalta-o-flamengo\/#respond"]}],"copyrightYear":"2020","copyrightHolder":{"@id":"https:\/\/www.gaveanews.com\/#organization"}},{"@type":"WebPage","@id":"https:\/\/www.gaveanews.com\/index.php\/2020\/08\/19\/apos-projetar-revanche-miguel-angel-ramirez-exalta-o-flamengo\/","url":"https:\/\/www.gaveanews.com\/index.php\/2020\/08\/19\/apos-projetar-revanche-miguel-angel-ramirez-exalta-o-flamengo\/","name":"Ap\u00f3s projetar revanche, Miguel \u00c1ngel Ramirez exalta o Flamengo","isPartOf":{"@id":"https:\/\/www.gaveanews.com\/#website"},"primaryImageOfPage":{"@id":"https:\/\/www.gaveanews.com\/index.php\/2020\/08\/19\/apos-projetar-revanche-miguel-angel-ramirez-exalta-o-flamengo\/#primaryimage"},"image":{"@id":"https:\/\/www.gaveanews.com\/index.php\/2020\/08\/19\/apos-projetar-revanche-miguel-angel-ramirez-exalta-o-flamengo\/#primaryimage"},"thumbnailUrl":"https:\/\/www.gaveanews.com\/wp-content\/uploads\/2019\/03\/Taca-da-Copa-Libertadores-da-America.webp","datePublished":"2020-08-19T12:04:59+00:00","dateModified":"2020-08-19T12:05:01+00:00","author":{"@id":"https:\/\/www.gaveanews.com\/#\/schema\/person\/2ec14f73fb96be2caf28f91afb14749d"},"description":"Miguel \u00c1ngel Ramirez, um dos cotados para assumir o Flamengo depois da sa\u00edda de Jorge Jesus, foi o entrevistado do programa Linha de Passe.","breadcrumb":{"@id":"https:\/\/www.gaveanews.com\/index.php\/2020\/08\/19\/apos-projetar-revanche-miguel-angel-ramirez-exalta-o-flamengo\/#breadcrumb"},"inLanguage":"pt-BR","potentialAction":[{"@type":"ReadAction","target":["https:\/\/www.gaveanews.com\/index.php\/2020\/08\/19\/apos-projetar-revanche-miguel-angel-ramirez-exalta-o-flamengo\/"]}]},{"@type":"ImageObject","inLanguage":"pt-BR","@id":"https:\/\/www.gaveanews.com\/index.php\/2020\/08\/19\/apos-projetar-revanche-miguel-angel-ramirez-exalta-o-flamengo\/#primaryimage","url":"https:\/\/www.gaveanews.com\/wp-content\/uploads\/2019\/03\/Taca-da-Copa-Libertadores-da-America.webp","contentUrl":"https:\/\/www.gaveanews.com\/wp-content\/uploads\/2019\/03\/Taca-da-Copa-Libertadores-da-America.webp","caption":"Ta\u00e7a da Copa Libertadores da Am\u00e9rica (Foto: Divulga\u00e7\u00e3o\/Conmebol)"},{"@type":"BreadcrumbList","@id":"https:\/\/www.gaveanews.com\/index.php\/2020\/08\/19\/apos-projetar-revanche-miguel-angel-ramirez-exalta-o-flamengo\/#breadcrumb","itemListElement":[{"@type":"ListItem","position":1,"name":"Home","item":"https:\/\/www.gaveanews.com\/"},{"@type":"ListItem","position":2,"name":"Ap\u00f3s projetar revanche, Miguel \u00c1ngel Ramirez exalta o Flamengo"}]},{"@type":"WebSite","@id":"https:\/\/www.gaveanews.com\/#website","url":"https:\/\/www.gaveanews.com\/","name":"G\u00e1vea News","description":"Veja todas as not\u00edcias sobre o Flamengo: Contrata\u00e7\u00f5es, categorias de base, resultados das partidas, tabela de classifica\u00e7\u00e3o, pr\u00f3ximos jogos!","potentialAction":[{"@type":"SearchAction","target":{"@type":"EntryPoint","urlTemplate":"https:\/\/www.gaveanews.com\/?s={search_term_string}"},"query-input":{"@type":"PropertyValueSpecification","valueRequired":true,"valueName":"search_term_string"}}],"inLanguage":"pt-BR"},{"@type":"Person","@id":"https:\/\/www.gaveanews.com\/#\/schema\/person\/2ec14f73fb96be2caf28f91afb14749d","name":"Equipe G\u00e1vea News","image":{"@type":"ImageObject","inLanguage":"pt-BR","@id":"https:\/\/www.gaveanews.com\/#\/schema\/person\/image\/","url":"https:\/\/secure.gravatar.com\/avatar\/1e1956f1facbffd3f8fa53a326721950116b3b9dc9bd44939c01180fd4a745a9?s=96&d=mm&r=g","contentUrl":"https:\/\/secure.gravatar.com\/avatar\/1e1956f1facbffd3f8fa53a326721950116b3b9dc9bd44939c01180fd4a745a9?s=96&d=mm&r=g","caption":"Equipe G\u00e1vea News"}}]}},"_links":{"self":[{"href":"https:\/\/www.gaveanews.com\/index.php\/wp-json\/wp\/v2\/posts\/45894","targetHints":{"allow":["GET"]}}],"collection":[{"href":"https:\/\/www.gaveanews.com\/index.php\/wp-json\/wp\/v2\/posts"}],"about":[{"href":"https:\/\/www.gaveanews.com\/index.php\/wp-json\/wp\/v2\/types\/post"}],"author":[{"embeddable":true,"href":"https:\/\/www.gaveanews.com\/index.php\/wp-json\/wp\/v2\/users\/1"}],"replies":[{"embeddable":true,"href":"https:\/\/www.gaveanews.com\/index.php\/wp-json\/wp\/v2\/comments?post=45894"}],"version-history":[{"count":0,"href":"https:\/\/www.gaveanews.com\/index.php\/wp-json\/wp\/v2\/posts\/45894\/revisions"}],"wp:featuredmedia":[{"embeddable":true,"href":"https:\/\/www.gaveanews.com\/index.php\/wp-json\/wp\/v2\/media\/14851"}],"wp:attachment":[{"href":"https:\/\/www.gaveanews.com\/index.php\/wp-json\/wp\/v2\/media?parent=45894"}],"wp:term":[{"taxonomy":"category","embeddable":true,"href":"https:\/\/www.gaveanews.com\/index.php\/wp-json\/wp\/v2\/categories?post=45894"},{"taxonomy":"post_tag","embeddable":true,"href":"https:\/\/www.gaveanews.com\/index.php\/wp-json\/wp\/v2\/tags?post=45894"}],"curies":[{"name":"wp","href":"https:\/\/api.w.org\/{rel}","templated":true}]}}