{"id":45905,"date":"2020-08-19T14:34:19","date_gmt":"2020-08-19T17:34:19","guid":{"rendered":"https:\/\/www.gaveanews.com\/?p=45905"},"modified":"2020-08-19T14:34:21","modified_gmt":"2020-08-19T17:34:21","slug":"vale-a-pena-atacante-do-flamengo-pode-ser-envolvido-em-negociacao-com-guga","status":"publish","type":"post","link":"https:\/\/www.gaveanews.com\/index.php\/2020\/08\/19\/vale-a-pena-atacante-do-flamengo-pode-ser-envolvido-em-negociacao-com-guga\/","title":{"rendered":"Vale a pena? Atacante do Flamengo pode ser envolvido em negocia\u00e7\u00e3o com Guga"},"content":{"rendered":"\n<p>Depois de perder Rafinha que retornou ao futebol europeu, desta vez para defender o Olympiakos, da Gr\u00e9cia, o Flamengo est\u00e1 perto de contratar o chileno Mauricio Isla como reposi\u00e7\u00e3o para a lateral direita. Mas nem por isso o clube rubro-negro deixar\u00e1 de tentar a contrata\u00e7\u00e3o de Guga, do Atl\u00e9tico-MG, como noticiado pelo &#8216;Globo Esporte&#8217;. Vender um titular para um concorrente direto na disputa pelo t\u00edtulo do Campeonato Brasileiro n\u00e3o \u00e9 o desejo da dire\u00e7\u00e3o alvinegra. Mas tamb\u00e9m n\u00e3o \u00e9 algo imposs\u00edvel de acontecer, em caso de uma boa oferta financeira e at\u00e9 mesmo a inclus\u00e3o de outro jogador na negocia\u00e7\u00e3o.<\/p>\n\n\n\n<p>At\u00e9 o momento, o t\u00e9cnico Jorge Sampaoli n\u00e3o colocou nenhum empecilho para uma eventual venda de Guga para o Flamengo. O treinador argentino fez uma solicita\u00e7\u00e3o aos dirigentes atleticanos. O desejo do t\u00e9cnico do Galo \u00e9 que um jogador do Flamengo entre na negocia\u00e7\u00e3o e os nomes passados foram de Vitinho e Pedro Rocha, que jogam como pontas. A posi\u00e7\u00e3o \u00e9 vista como uma das mais carente do elenco atleticano. Jorge Sampaoli tem apenas tr\u00eas jogadores para a fun\u00e7\u00e3o. Keno e Savarino s\u00e3o considerados os titulares e Marquinhos tem sido bastante utilizado pelo treinador.<\/p>\n\n\n\n<p>Vitinho, de 26 anos, chegou ao Flamengo em junho de 2018. O clube carioca pagou 10 milh\u00f5es de euros (R$ 43 milh\u00f5es na cota\u00e7\u00e3o da \u00e9poca) ao CSKA, da R\u00fassia. Apesar do alto investimento, o atacante jamais rendeu com a camisa rubro-negra o que era esperado e virou um reserva de luxo. Em mais de dois anos de Flamengo s\u00e3o 96 jogos e 13 gols.<\/p>\n\n\n\n<p>J\u00e1 Pedro Rocha chegou ao Ninho do Urubu no come\u00e7o desta temporada, depois de fazer parte da campanha que rebaixou o Cruzeiro no Campeonato Brasileiro de 2019. Revelado pelo Gr\u00eamio, o atacante de 25 anos teve pouqu\u00edssimas oportunidades no Flamengo. Desde janeiro foram somente quatro partidas, todas no Campeonato Carioca, sendo apenas uma como titular. Somando os quatro jogos, Pedro Rocha n\u00e3o tem 90 minutos em campo. Ele fez um gol com a camisa rubro-negra. Pedro Rocha est\u00e1 emprestado ao Flamengo at\u00e9 dezembro. O jogador pertence ao Spartak, da R\u00fassia.<\/p>\n\n\n\n<p>Apesar da solicita\u00e7\u00e3o de Jorge Sampaoli, uma poss\u00edvel venda de Guga n\u00e3o depende da inclus\u00e3o de outro jogador. O desejo da diretoria do Galo \u00e9 de fazer dinheiro. Portanto, a evolu\u00e7\u00e3o da negocia\u00e7\u00e3o depende totalmente da oferta do Rubro-Negro. E como se trata de um concorrente pelo t\u00edtulo do Brasileir\u00e3o, certamente o Atl\u00e9tico far\u00e1 jogo duro.<\/p>\n\n\n\n<p>Retirado de: Yahoo Esportes<\/p>\n","protected":false},"excerpt":{"rendered":"<p>Depois de perder Rafinha que retornou ao futebol europeu, desta vez para defender o Olympiakos, da Gr\u00e9cia, o Flamengo est\u00e1 perto de contratar o chileno Mauricio Isla como reposi\u00e7\u00e3o para a lateral direita. Mas nem por isso o clube rubro-negro deixar\u00e1 de tentar a contrata\u00e7\u00e3o de Guga, do Atl\u00e9tico-MG, como noticiado pelo &#8216;Globo Esporte&#8217;. Vender [&hellip;]<\/p>\n","protected":false},"author":1,"featured_media":45598,"comment_status":"open","ping_status":"closed","sticky":false,"template":"","format":"standard","meta":{"footnotes":""},"categories":[47],"tags":[],"class_list":["post-45905","post","type-post","status-publish","format-standard","has-post-thumbnail","hentry","category-destaques"],"yoast_head":"<!-- This site is optimized with the Yoast SEO Premium plugin v24.2 (Yoast SEO v26.9) - https:\/\/yoast.com\/product\/yoast-seo-premium-wordpress\/ -->\n<title>Atacante do Flamengo pode ser envolvido em negocia\u00e7\u00e3o com Guga<\/title>\n<meta name=\"description\" content=\"At\u00e9 o momento, o t\u00e9cnico Jorge Sampaoli n\u00e3o colocou nenhum empecilho para uma eventual venda de Guga para o Flamengo.\" \/>\n<meta name=\"robots\" content=\"index, follow, max-snippet:-1, max-image-preview:large, max-video-preview:-1\" \/>\n<link rel=\"canonical\" href=\"https:\/\/www.gaveanews.com\/index.php\/2020\/08\/19\/vale-a-pena-atacante-do-flamengo-pode-ser-envolvido-em-negociacao-com-guga\/\" \/>\n<meta property=\"og:locale\" content=\"pt_BR\" \/>\n<meta property=\"og:type\" content=\"article\" \/>\n<meta property=\"og:title\" content=\"Vale a pena? Atacante do Flamengo pode ser envolvido em negocia\u00e7\u00e3o com Guga\" \/>\n<meta property=\"og:description\" content=\"At\u00e9 o momento, o t\u00e9cnico Jorge Sampaoli n\u00e3o colocou nenhum empecilho para uma eventual venda de Guga para o Flamengo.\" \/>\n<meta property=\"og:url\" content=\"https:\/\/www.gaveanews.com\/index.php\/2020\/08\/19\/vale-a-pena-atacante-do-flamengo-pode-ser-envolvido-em-negociacao-com-guga\/\" \/>\n<meta property=\"og:site_name\" content=\"G\u00e1vea News\" \/>\n<meta property=\"article:publisher\" content=\"https:\/\/facebook.com\/gaveaNews\/\" \/>\n<meta property=\"article:published_time\" content=\"2020-08-19T17:34:19+00:00\" \/>\n<meta property=\"article:modified_time\" content=\"2020-08-19T17:34:21+00:00\" \/>\n<meta property=\"og:image\" content=\"https:\/\/www.gaveanews.com\/wp-content\/uploads\/Guga-com-a-camisa-do-Brasil.webp\" \/>\n\t<meta property=\"og:image:width\" content=\"984\" \/>\n\t<meta property=\"og:image:height\" content=\"1312\" \/>\n\t<meta property=\"og:image:type\" content=\"image\/jpeg\" \/>\n<meta name=\"author\" content=\"Equipe G\u00e1vea News\" \/>\n<meta name=\"twitter:card\" content=\"summary_large_image\" \/>\n<meta name=\"twitter:label1\" content=\"Escrito por\" \/>\n\t<meta name=\"twitter:data1\" content=\"Equipe G\u00e1vea News\" \/>\n\t<meta name=\"twitter:label2\" content=\"Est. tempo de leitura\" \/>\n\t<meta name=\"twitter:data2\" content=\"2 minutos\" \/>\n<script type=\"application\/ld+json\" class=\"yoast-schema-graph\">{\"@context\":\"https:\/\/schema.org\",\"@graph\":[{\"@type\":\"NewsArticle\",\"@id\":\"https:\/\/www.gaveanews.com\/index.php\/2020\/08\/19\/vale-a-pena-atacante-do-flamengo-pode-ser-envolvido-em-negociacao-com-guga\/#article\",\"isPartOf\":{\"@id\":\"https:\/\/www.gaveanews.com\/index.php\/2020\/08\/19\/vale-a-pena-atacante-do-flamengo-pode-ser-envolvido-em-negociacao-com-guga\/\"},\"author\":{\"name\":\"Equipe G\u00e1vea News\",\"@id\":\"https:\/\/www.gaveanews.com\/#\/schema\/person\/2ec14f73fb96be2caf28f91afb14749d\"},\"headline\":\"Vale a pena? Atacante do Flamengo pode ser envolvido em negocia\u00e7\u00e3o com Guga\",\"datePublished\":\"2020-08-19T17:34:19+00:00\",\"dateModified\":\"2020-08-19T17:34:21+00:00\",\"mainEntityOfPage\":{\"@id\":\"https:\/\/www.gaveanews.com\/index.php\/2020\/08\/19\/vale-a-pena-atacante-do-flamengo-pode-ser-envolvido-em-negociacao-com-guga\/\"},\"wordCount\":449,\"commentCount\":60,\"image\":{\"@id\":\"https:\/\/www.gaveanews.com\/index.php\/2020\/08\/19\/vale-a-pena-atacante-do-flamengo-pode-ser-envolvido-em-negociacao-com-guga\/#primaryimage\"},\"thumbnailUrl\":\"https:\/\/www.gaveanews.com\/wp-content\/uploads\/Guga-com-a-camisa-do-Brasil.webp\",\"articleSection\":[\"Destaques\"],\"inLanguage\":\"pt-BR\",\"potentialAction\":[{\"@type\":\"CommentAction\",\"name\":\"Comment\",\"target\":[\"https:\/\/www.gaveanews.com\/index.php\/2020\/08\/19\/vale-a-pena-atacante-do-flamengo-pode-ser-envolvido-em-negociacao-com-guga\/#respond\"]}],\"copyrightYear\":\"2020\",\"copyrightHolder\":{\"@id\":\"https:\/\/www.gaveanews.com\/#organization\"}},{\"@type\":\"WebPage\",\"@id\":\"https:\/\/www.gaveanews.com\/index.php\/2020\/08\/19\/vale-a-pena-atacante-do-flamengo-pode-ser-envolvido-em-negociacao-com-guga\/\",\"url\":\"https:\/\/www.gaveanews.com\/index.php\/2020\/08\/19\/vale-a-pena-atacante-do-flamengo-pode-ser-envolvido-em-negociacao-com-guga\/\",\"name\":\"Atacante do Flamengo pode ser envolvido em negocia\u00e7\u00e3o com Guga\",\"isPartOf\":{\"@id\":\"https:\/\/www.gaveanews.com\/#website\"},\"primaryImageOfPage\":{\"@id\":\"https:\/\/www.gaveanews.com\/index.php\/2020\/08\/19\/vale-a-pena-atacante-do-flamengo-pode-ser-envolvido-em-negociacao-com-guga\/#primaryimage\"},\"image\":{\"@id\":\"https:\/\/www.gaveanews.com\/index.php\/2020\/08\/19\/vale-a-pena-atacante-do-flamengo-pode-ser-envolvido-em-negociacao-com-guga\/#primaryimage\"},\"thumbnailUrl\":\"https:\/\/www.gaveanews.com\/wp-content\/uploads\/Guga-com-a-camisa-do-Brasil.webp\",\"datePublished\":\"2020-08-19T17:34:19+00:00\",\"dateModified\":\"2020-08-19T17:34:21+00:00\",\"author\":{\"@id\":\"https:\/\/www.gaveanews.com\/#\/schema\/person\/2ec14f73fb96be2caf28f91afb14749d\"},\"description\":\"At\u00e9 o momento, o t\u00e9cnico Jorge Sampaoli n\u00e3o colocou nenhum empecilho para uma eventual venda de Guga para o Flamengo.\",\"breadcrumb\":{\"@id\":\"https:\/\/www.gaveanews.com\/index.php\/2020\/08\/19\/vale-a-pena-atacante-do-flamengo-pode-ser-envolvido-em-negociacao-com-guga\/#breadcrumb\"},\"inLanguage\":\"pt-BR\",\"potentialAction\":[{\"@type\":\"ReadAction\",\"target\":[\"https:\/\/www.gaveanews.com\/index.php\/2020\/08\/19\/vale-a-pena-atacante-do-flamengo-pode-ser-envolvido-em-negociacao-com-guga\/\"]}]},{\"@type\":\"ImageObject\",\"inLanguage\":\"pt-BR\",\"@id\":\"https:\/\/www.gaveanews.com\/index.php\/2020\/08\/19\/vale-a-pena-atacante-do-flamengo-pode-ser-envolvido-em-negociacao-com-guga\/#primaryimage\",\"url\":\"https:\/\/www.gaveanews.com\/wp-content\/uploads\/Guga-com-a-camisa-do-Brasil.webp\",\"contentUrl\":\"https:\/\/www.gaveanews.com\/wp-content\/uploads\/Guga-com-a-camisa-do-Brasil.webp\",\"width\":984,\"height\":1312,\"caption\":\"Guga com a camisa do Brasil (Foto: Reprodu\u00e7\u00e3o)\"},{\"@type\":\"BreadcrumbList\",\"@id\":\"https:\/\/www.gaveanews.com\/index.php\/2020\/08\/19\/vale-a-pena-atacante-do-flamengo-pode-ser-envolvido-em-negociacao-com-guga\/#breadcrumb\",\"itemListElement\":[{\"@type\":\"ListItem\",\"position\":1,\"name\":\"Home\",\"item\":\"https:\/\/www.gaveanews.com\/\"},{\"@type\":\"ListItem\",\"position\":2,\"name\":\"Vale a pena? Atacante do Flamengo pode ser envolvido em negocia\u00e7\u00e3o com Guga\"}]},{\"@type\":\"WebSite\",\"@id\":\"https:\/\/www.gaveanews.com\/#website\",\"url\":\"https:\/\/www.gaveanews.com\/\",\"name\":\"G\u00e1vea News\",\"description\":\"Veja todas as not\u00edcias sobre o Flamengo: Contrata\u00e7\u00f5es, categorias de base, resultados das partidas, tabela de classifica\u00e7\u00e3o, pr\u00f3ximos jogos!\",\"potentialAction\":[{\"@type\":\"SearchAction\",\"target\":{\"@type\":\"EntryPoint\",\"urlTemplate\":\"https:\/\/www.gaveanews.com\/?s={search_term_string}\"},\"query-input\":{\"@type\":\"PropertyValueSpecification\",\"valueRequired\":true,\"valueName\":\"search_term_string\"}}],\"inLanguage\":\"pt-BR\"},{\"@type\":\"Person\",\"@id\":\"https:\/\/www.gaveanews.com\/#\/schema\/person\/2ec14f73fb96be2caf28f91afb14749d\",\"name\":\"Equipe G\u00e1vea News\",\"image\":{\"@type\":\"ImageObject\",\"inLanguage\":\"pt-BR\",\"@id\":\"https:\/\/www.gaveanews.com\/#\/schema\/person\/image\/\",\"url\":\"https:\/\/secure.gravatar.com\/avatar\/1e1956f1facbffd3f8fa53a326721950116b3b9dc9bd44939c01180fd4a745a9?s=96&d=mm&r=g\",\"contentUrl\":\"https:\/\/secure.gravatar.com\/avatar\/1e1956f1facbffd3f8fa53a326721950116b3b9dc9bd44939c01180fd4a745a9?s=96&d=mm&r=g\",\"caption\":\"Equipe G\u00e1vea News\"}}]}<\/script>\n<!-- \/ Yoast SEO Premium plugin. -->","yoast_head_json":{"title":"Atacante do Flamengo pode ser envolvido em negocia\u00e7\u00e3o com Guga","description":"At\u00e9 o momento, o t\u00e9cnico Jorge Sampaoli n\u00e3o colocou nenhum empecilho para uma eventual venda de Guga para o Flamengo.","robots":{"index":"index","follow":"follow","max-snippet":"max-snippet:-1","max-image-preview":"max-image-preview:large","max-video-preview":"max-video-preview:-1"},"canonical":"https:\/\/www.gaveanews.com\/index.php\/2020\/08\/19\/vale-a-pena-atacante-do-flamengo-pode-ser-envolvido-em-negociacao-com-guga\/","og_locale":"pt_BR","og_type":"article","og_title":"Vale a pena? Atacante do Flamengo pode ser envolvido em negocia\u00e7\u00e3o com Guga","og_description":"At\u00e9 o momento, o t\u00e9cnico Jorge Sampaoli n\u00e3o colocou nenhum empecilho para uma eventual venda de Guga para o Flamengo.","og_url":"https:\/\/www.gaveanews.com\/index.php\/2020\/08\/19\/vale-a-pena-atacante-do-flamengo-pode-ser-envolvido-em-negociacao-com-guga\/","og_site_name":"G\u00e1vea News","article_publisher":"https:\/\/facebook.com\/gaveaNews\/","article_published_time":"2020-08-19T17:34:19+00:00","article_modified_time":"2020-08-19T17:34:21+00:00","og_image":[{"width":984,"height":1312,"url":"https:\/\/www.gaveanews.com\/wp-content\/uploads\/Guga-com-a-camisa-do-Brasil.webp","type":"image\/jpeg"}],"author":"Equipe G\u00e1vea News","twitter_card":"summary_large_image","twitter_misc":{"Escrito por":"Equipe G\u00e1vea News","Est. tempo de leitura":"2 minutos"},"schema":{"@context":"https:\/\/schema.org","@graph":[{"@type":"NewsArticle","@id":"https:\/\/www.gaveanews.com\/index.php\/2020\/08\/19\/vale-a-pena-atacante-do-flamengo-pode-ser-envolvido-em-negociacao-com-guga\/#article","isPartOf":{"@id":"https:\/\/www.gaveanews.com\/index.php\/2020\/08\/19\/vale-a-pena-atacante-do-flamengo-pode-ser-envolvido-em-negociacao-com-guga\/"},"author":{"name":"Equipe G\u00e1vea News","@id":"https:\/\/www.gaveanews.com\/#\/schema\/person\/2ec14f73fb96be2caf28f91afb14749d"},"headline":"Vale a pena? Atacante do Flamengo pode ser envolvido em negocia\u00e7\u00e3o com Guga","datePublished":"2020-08-19T17:34:19+00:00","dateModified":"2020-08-19T17:34:21+00:00","mainEntityOfPage":{"@id":"https:\/\/www.gaveanews.com\/index.php\/2020\/08\/19\/vale-a-pena-atacante-do-flamengo-pode-ser-envolvido-em-negociacao-com-guga\/"},"wordCount":449,"commentCount":60,"image":{"@id":"https:\/\/www.gaveanews.com\/index.php\/2020\/08\/19\/vale-a-pena-atacante-do-flamengo-pode-ser-envolvido-em-negociacao-com-guga\/#primaryimage"},"thumbnailUrl":"https:\/\/www.gaveanews.com\/wp-content\/uploads\/Guga-com-a-camisa-do-Brasil.webp","articleSection":["Destaques"],"inLanguage":"pt-BR","potentialAction":[{"@type":"CommentAction","name":"Comment","target":["https:\/\/www.gaveanews.com\/index.php\/2020\/08\/19\/vale-a-pena-atacante-do-flamengo-pode-ser-envolvido-em-negociacao-com-guga\/#respond"]}],"copyrightYear":"2020","copyrightHolder":{"@id":"https:\/\/www.gaveanews.com\/#organization"}},{"@type":"WebPage","@id":"https:\/\/www.gaveanews.com\/index.php\/2020\/08\/19\/vale-a-pena-atacante-do-flamengo-pode-ser-envolvido-em-negociacao-com-guga\/","url":"https:\/\/www.gaveanews.com\/index.php\/2020\/08\/19\/vale-a-pena-atacante-do-flamengo-pode-ser-envolvido-em-negociacao-com-guga\/","name":"Atacante do Flamengo pode ser envolvido em negocia\u00e7\u00e3o com Guga","isPartOf":{"@id":"https:\/\/www.gaveanews.com\/#website"},"primaryImageOfPage":{"@id":"https:\/\/www.gaveanews.com\/index.php\/2020\/08\/19\/vale-a-pena-atacante-do-flamengo-pode-ser-envolvido-em-negociacao-com-guga\/#primaryimage"},"image":{"@id":"https:\/\/www.gaveanews.com\/index.php\/2020\/08\/19\/vale-a-pena-atacante-do-flamengo-pode-ser-envolvido-em-negociacao-com-guga\/#primaryimage"},"thumbnailUrl":"https:\/\/www.gaveanews.com\/wp-content\/uploads\/Guga-com-a-camisa-do-Brasil.webp","datePublished":"2020-08-19T17:34:19+00:00","dateModified":"2020-08-19T17:34:21+00:00","author":{"@id":"https:\/\/www.gaveanews.com\/#\/schema\/person\/2ec14f73fb96be2caf28f91afb14749d"},"description":"At\u00e9 o momento, o t\u00e9cnico Jorge Sampaoli n\u00e3o colocou nenhum empecilho para uma eventual venda de Guga para o Flamengo.","breadcrumb":{"@id":"https:\/\/www.gaveanews.com\/index.php\/2020\/08\/19\/vale-a-pena-atacante-do-flamengo-pode-ser-envolvido-em-negociacao-com-guga\/#breadcrumb"},"inLanguage":"pt-BR","potentialAction":[{"@type":"ReadAction","target":["https:\/\/www.gaveanews.com\/index.php\/2020\/08\/19\/vale-a-pena-atacante-do-flamengo-pode-ser-envolvido-em-negociacao-com-guga\/"]}]},{"@type":"ImageObject","inLanguage":"pt-BR","@id":"https:\/\/www.gaveanews.com\/index.php\/2020\/08\/19\/vale-a-pena-atacante-do-flamengo-pode-ser-envolvido-em-negociacao-com-guga\/#primaryimage","url":"https:\/\/www.gaveanews.com\/wp-content\/uploads\/Guga-com-a-camisa-do-Brasil.webp","contentUrl":"https:\/\/www.gaveanews.com\/wp-content\/uploads\/Guga-com-a-camisa-do-Brasil.webp","width":984,"height":1312,"caption":"Guga com a camisa do Brasil (Foto: Reprodu\u00e7\u00e3o)"},{"@type":"BreadcrumbList","@id":"https:\/\/www.gaveanews.com\/index.php\/2020\/08\/19\/vale-a-pena-atacante-do-flamengo-pode-ser-envolvido-em-negociacao-com-guga\/#breadcrumb","itemListElement":[{"@type":"ListItem","position":1,"name":"Home","item":"https:\/\/www.gaveanews.com\/"},{"@type":"ListItem","position":2,"name":"Vale a pena? Atacante do Flamengo pode ser envolvido em negocia\u00e7\u00e3o com Guga"}]},{"@type":"WebSite","@id":"https:\/\/www.gaveanews.com\/#website","url":"https:\/\/www.gaveanews.com\/","name":"G\u00e1vea News","description":"Veja todas as not\u00edcias sobre o Flamengo: Contrata\u00e7\u00f5es, categorias de base, resultados das partidas, tabela de classifica\u00e7\u00e3o, pr\u00f3ximos jogos!","potentialAction":[{"@type":"SearchAction","target":{"@type":"EntryPoint","urlTemplate":"https:\/\/www.gaveanews.com\/?s={search_term_string}"},"query-input":{"@type":"PropertyValueSpecification","valueRequired":true,"valueName":"search_term_string"}}],"inLanguage":"pt-BR"},{"@type":"Person","@id":"https:\/\/www.gaveanews.com\/#\/schema\/person\/2ec14f73fb96be2caf28f91afb14749d","name":"Equipe G\u00e1vea News","image":{"@type":"ImageObject","inLanguage":"pt-BR","@id":"https:\/\/www.gaveanews.com\/#\/schema\/person\/image\/","url":"https:\/\/secure.gravatar.com\/avatar\/1e1956f1facbffd3f8fa53a326721950116b3b9dc9bd44939c01180fd4a745a9?s=96&d=mm&r=g","contentUrl":"https:\/\/secure.gravatar.com\/avatar\/1e1956f1facbffd3f8fa53a326721950116b3b9dc9bd44939c01180fd4a745a9?s=96&d=mm&r=g","caption":"Equipe G\u00e1vea News"}}]}},"_links":{"self":[{"href":"https:\/\/www.gaveanews.com\/index.php\/wp-json\/wp\/v2\/posts\/45905","targetHints":{"allow":["GET"]}}],"collection":[{"href":"https:\/\/www.gaveanews.com\/index.php\/wp-json\/wp\/v2\/posts"}],"about":[{"href":"https:\/\/www.gaveanews.com\/index.php\/wp-json\/wp\/v2\/types\/post"}],"author":[{"embeddable":true,"href":"https:\/\/www.gaveanews.com\/index.php\/wp-json\/wp\/v2\/users\/1"}],"replies":[{"embeddable":true,"href":"https:\/\/www.gaveanews.com\/index.php\/wp-json\/wp\/v2\/comments?post=45905"}],"version-history":[{"count":0,"href":"https:\/\/www.gaveanews.com\/index.php\/wp-json\/wp\/v2\/posts\/45905\/revisions"}],"wp:featuredmedia":[{"embeddable":true,"href":"https:\/\/www.gaveanews.com\/index.php\/wp-json\/wp\/v2\/media\/45598"}],"wp:attachment":[{"href":"https:\/\/www.gaveanews.com\/index.php\/wp-json\/wp\/v2\/media?parent=45905"}],"wp:term":[{"taxonomy":"category","embeddable":true,"href":"https:\/\/www.gaveanews.com\/index.php\/wp-json\/wp\/v2\/categories?post=45905"},{"taxonomy":"post_tag","embeddable":true,"href":"https:\/\/www.gaveanews.com\/index.php\/wp-json\/wp\/v2\/tags?post=45905"}],"curies":[{"name":"wp","href":"https:\/\/api.w.org\/{rel}","templated":true}]}}