{"id":45950,"date":"2020-08-19T23:00:58","date_gmt":"2020-08-20T02:00:58","guid":{"rendered":"https:\/\/www.gaveanews.com\/?p=45950"},"modified":"2020-08-19T23:01:00","modified_gmt":"2020-08-20T02:01:00","slug":"torcida-do-flamengo-detona-domenec-devido-a-substituicao-de-everton-ribeiro","status":"publish","type":"post","link":"https:\/\/www.gaveanews.com\/index.php\/2020\/08\/19\/torcida-do-flamengo-detona-domenec-devido-a-substituicao-de-everton-ribeiro\/","title":{"rendered":"Torcida do Flamengo detona Dom\u00e8nec devido a substitui\u00e7\u00e3o de Everton Ribeiro"},"content":{"rendered":"\n<p>Dom\u00e8nec Torrent ainda n\u00e3o engatou uma sequ\u00eancia de vit\u00f3rias no comando do Flamengo. O treinador, que acumula uma vit\u00f3ria em quatro partidas, tem sido criticado pelas substitui\u00e7\u00f5es realizadas durante os jogos.<\/p>\n\n\n\n<p>A \u00faltima cr\u00edtica da torcida aconteceu durante a partida contra o Gr\u00eamio, nesta quarta-feira (19). O t\u00e9cnico decidiu substituir Everton Ribeiro e colocar o atacante Vitinho no jogo. <\/p>\n\n\n\n<h2 class=\"wp-block-heading\">Veja uma das rea\u00e7\u00f5es nas redes sociais:<\/h2>\n\n\n\n<figure class=\"wp-block-embed-twitter wp-block-embed is-type-rich is-provider-twitter\"><div class=\"wp-block-embed__wrapper\">\n<blockquote class=\"twitter-tweet\" data-width=\"550\" data-dnt=\"true\"><p lang=\"pt\" dir=\"ltr\">&quot;Domenec tirou o melhor em campo do Flamengo, o Everton Ribeiro&quot; <br><br>Eu: <a href=\"https:\/\/t.co\/O2y3UXGXGL\">https:\/\/t.co\/O2y3UXGXGL<\/a><\/p>&mdash; Medusa Bet \ud83d\udcb8 (@Medusa_Bet) <a href=\"https:\/\/twitter.com\/Medusa_Bet\/status\/1296230551167406082?ref_src=twsrc%5Etfw\">August 19, 2020<\/a><\/blockquote><script async src=\"https:\/\/platform.twitter.com\/widgets.js\" charset=\"utf-8\"><\/script>\n<\/div><\/figure>\n\n\n\n<figure class=\"wp-block-embed-twitter wp-block-embed is-type-rich is-provider-twitter\"><div class=\"wp-block-embed__wrapper\">\n<blockquote class=\"twitter-tweet\" data-width=\"550\" data-dnt=\"true\"><p lang=\"pt\" dir=\"ltr\">Mais um substitui\u00e7\u00e3o o horrorosa do Dom\u00e8nec. Tirar Ribeiro num jogo fechado desses.<\/p>&mdash; Arthur Muhlenberg \u262e\ufe0f The Dude do Posto 2 (@Urublog) <a href=\"https:\/\/twitter.com\/Urublog\/status\/1296229899125100544?ref_src=twsrc%5Etfw\">August 19, 2020<\/a><\/blockquote><script async src=\"https:\/\/platform.twitter.com\/widgets.js\" charset=\"utf-8\"><\/script>\n<\/div><\/figure>\n\n\n\n<figure class=\"wp-block-embed-twitter wp-block-embed is-type-rich is-provider-twitter\"><div class=\"wp-block-embed__wrapper\">\nhttps:\/\/twitter.com\/_nathaliacoelho\/status\/1296230561992675329\n<\/div><\/figure>\n\n\n\n<figure class=\"wp-block-embed-twitter wp-block-embed is-type-rich is-provider-twitter\"><div class=\"wp-block-embed__wrapper\">\nhttps:\/\/twitter.com\/bielaurelio20\/status\/1296229595943972864\n<\/div><\/figure>\n\n\n\n<figure class=\"wp-block-embed-twitter wp-block-embed is-type-rich is-provider-twitter\"><div class=\"wp-block-embed__wrapper\">\nhttps:\/\/twitter.com\/bielaurelio20\/status\/1296234702400106496\n<\/div><\/figure>\n\n\n\n<figure class=\"wp-block-embed-twitter wp-block-embed is-type-rich is-provider-twitter\"><div class=\"wp-block-embed__wrapper\">\n<blockquote class=\"twitter-tweet\" data-width=\"550\" data-dnt=\"true\"><p lang=\"pt\" dir=\"ltr\">Everton Ribeiro? <br>Everton Ribeiro?<br>Everton Ribeiro?<br>Everton Ribeiro?<br>Everton Ribeiro?<\/p>&mdash; Poetas (@PoetasFla) <a href=\"https:\/\/twitter.com\/PoetasFla\/status\/1296229552709132293?ref_src=twsrc%5Etfw\">August 19, 2020<\/a><\/blockquote><script async src=\"https:\/\/platform.twitter.com\/widgets.js\" charset=\"utf-8\"><\/script>\n<\/div><\/figure>\n\n\n\n<figure class=\"wp-block-embed-twitter wp-block-embed is-type-rich is-provider-twitter\"><div class=\"wp-block-embed__wrapper\">\nhttps:\/\/twitter.com\/Matheus_VOV\/status\/1296229924852977670?ref_src=twsrc%5Etfw%7Ctwcamp%5Etweetembed%7Ctwterm%5E1296229924852977670%7Ctwgr%5E393535353b636f6e74726f6c&#038;ref_url=https%3A%2F%2Fcolunadofla.com%2F2020%2F08%2Fassim-complica-torcedores-do-flamengo-surtam-apos-domenec-substituir-everton-ribeiro%2F\n<\/div><\/figure>\n\n\n\n<figure class=\"wp-block-embed-twitter wp-block-embed is-type-rich is-provider-twitter\"><div class=\"wp-block-embed__wrapper\">\nhttps:\/\/twitter.com\/crfmyy\/status\/1296242712287600641\n<\/div><\/figure>\n\n\n\n<figure class=\"wp-block-embed-twitter wp-block-embed is-type-rich is-provider-twitter\"><div class=\"wp-block-embed__wrapper\">\nhttps:\/\/twitter.com\/tavarzz\/status\/1296230950247051264\n<\/div><\/figure>\n\n\n\n<p>Em meio \u00e0s cr\u00edticas da torcida, o Flamengo volta a jogar no pr\u00f3ximo domingo (23 de agosto), \u00e0s 11 da manh\u00e3, no cl\u00e1ssico contra o Botafogo. A partida ser\u00e1 realizada no est\u00e1dio do Maracan\u00e3.<\/p>\n\n\n\n<p>Retirado de: Urubu Interativo<\/p>\n","protected":false},"excerpt":{"rendered":"<p>Dom\u00e8nec Torrent ainda n\u00e3o engatou uma sequ\u00eancia de vit\u00f3rias no comando do Flamengo. O treinador, que acumula uma vit\u00f3ria em quatro partidas, tem sido criticado pelas substitui\u00e7\u00f5es realizadas durante os jogos. A \u00faltima cr\u00edtica da torcida aconteceu durante a partida contra o Gr\u00eamio, nesta quarta-feira (19). O t\u00e9cnico decidiu substituir Everton Ribeiro e colocar o [&hellip;]<\/p>\n","protected":false},"author":1,"featured_media":28904,"comment_status":"open","ping_status":"closed","sticky":false,"template":"","format":"standard","meta":{"footnotes":""},"categories":[47],"tags":[],"class_list":["post-45950","post","type-post","status-publish","format-standard","has-post-thumbnail","hentry","category-destaques"],"yoast_head":"<!-- This site is optimized with the Yoast SEO Premium plugin v24.2 (Yoast SEO v26.9) - https:\/\/yoast.com\/product\/yoast-seo-premium-wordpress\/ -->\n<title>Torcida do Flamengo detona Dom\u00e8nec devido a substitui\u00e7\u00e3o de Everton<\/title>\n<meta name=\"description\" content=\"O treinador, que acumula uma vit\u00f3ria em quatro partidas, tem sido criticado pelas substitui\u00e7\u00f5es realizadas durante os jogos.\" \/>\n<meta name=\"robots\" content=\"index, follow, max-snippet:-1, max-image-preview:large, max-video-preview:-1\" \/>\n<link rel=\"canonical\" href=\"https:\/\/www.gaveanews.com\/index.php\/2020\/08\/19\/torcida-do-flamengo-detona-domenec-devido-a-substituicao-de-everton-ribeiro\/\" \/>\n<meta property=\"og:locale\" content=\"pt_BR\" \/>\n<meta property=\"og:type\" content=\"article\" \/>\n<meta property=\"og:title\" content=\"Torcida do Flamengo detona Dom\u00e8nec devido a substitui\u00e7\u00e3o de Everton Ribeiro\" \/>\n<meta property=\"og:description\" content=\"O treinador, que acumula uma vit\u00f3ria em quatro partidas, tem sido criticado pelas substitui\u00e7\u00f5es realizadas durante os jogos.\" \/>\n<meta property=\"og:url\" content=\"https:\/\/www.gaveanews.com\/index.php\/2020\/08\/19\/torcida-do-flamengo-detona-domenec-devido-a-substituicao-de-everton-ribeiro\/\" \/>\n<meta property=\"og:site_name\" content=\"G\u00e1vea News\" \/>\n<meta property=\"article:publisher\" content=\"https:\/\/facebook.com\/gaveaNews\/\" \/>\n<meta property=\"article:published_time\" content=\"2020-08-20T02:00:58+00:00\" \/>\n<meta property=\"article:modified_time\" content=\"2020-08-20T02:01:00+00:00\" \/>\n<meta property=\"og:image\" content=\"https:\/\/www.gaveanews.com\/wp-content\/uploads\/Meia-Everton-Ribeiro-em-acao-pelo-Flamengo-com-a-faixa-de-capitao.webp\" \/>\n\t<meta property=\"og:image:width\" content=\"1\" \/>\n\t<meta property=\"og:image:height\" content=\"1\" \/>\n\t<meta property=\"og:image:type\" content=\"image\/jpeg\" \/>\n<meta name=\"author\" content=\"Equipe G\u00e1vea News\" \/>\n<meta name=\"twitter:card\" content=\"summary_large_image\" \/>\n<meta name=\"twitter:label1\" content=\"Escrito por\" \/>\n\t<meta name=\"twitter:data1\" content=\"Equipe G\u00e1vea News\" \/>\n\t<meta name=\"twitter:label2\" content=\"Est. tempo de leitura\" \/>\n\t<meta name=\"twitter:data2\" content=\"1 minuto\" \/>\n<script type=\"application\/ld+json\" class=\"yoast-schema-graph\">{\"@context\":\"https:\/\/schema.org\",\"@graph\":[{\"@type\":\"NewsArticle\",\"@id\":\"https:\/\/www.gaveanews.com\/index.php\/2020\/08\/19\/torcida-do-flamengo-detona-domenec-devido-a-substituicao-de-everton-ribeiro\/#article\",\"isPartOf\":{\"@id\":\"https:\/\/www.gaveanews.com\/index.php\/2020\/08\/19\/torcida-do-flamengo-detona-domenec-devido-a-substituicao-de-everton-ribeiro\/\"},\"author\":{\"name\":\"Equipe G\u00e1vea News\",\"@id\":\"https:\/\/www.gaveanews.com\/#\/schema\/person\/2ec14f73fb96be2caf28f91afb14749d\"},\"headline\":\"Torcida do Flamengo detona Dom\u00e8nec devido a substitui\u00e7\u00e3o de Everton Ribeiro\",\"datePublished\":\"2020-08-20T02:00:58+00:00\",\"dateModified\":\"2020-08-20T02:01:00+00:00\",\"mainEntityOfPage\":{\"@id\":\"https:\/\/www.gaveanews.com\/index.php\/2020\/08\/19\/torcida-do-flamengo-detona-domenec-devido-a-substituicao-de-everton-ribeiro\/\"},\"wordCount\":228,\"commentCount\":45,\"image\":{\"@id\":\"https:\/\/www.gaveanews.com\/index.php\/2020\/08\/19\/torcida-do-flamengo-detona-domenec-devido-a-substituicao-de-everton-ribeiro\/#primaryimage\"},\"thumbnailUrl\":\"https:\/\/www.gaveanews.com\/wp-content\/uploads\/Meia-Everton-Ribeiro-em-acao-pelo-Flamengo-com-a-faixa-de-capitao.webp\",\"articleSection\":[\"Destaques\"],\"inLanguage\":\"pt-BR\",\"potentialAction\":[{\"@type\":\"CommentAction\",\"name\":\"Comment\",\"target\":[\"https:\/\/www.gaveanews.com\/index.php\/2020\/08\/19\/torcida-do-flamengo-detona-domenec-devido-a-substituicao-de-everton-ribeiro\/#respond\"]}],\"copyrightYear\":\"2020\",\"copyrightHolder\":{\"@id\":\"https:\/\/www.gaveanews.com\/#organization\"}},{\"@type\":\"WebPage\",\"@id\":\"https:\/\/www.gaveanews.com\/index.php\/2020\/08\/19\/torcida-do-flamengo-detona-domenec-devido-a-substituicao-de-everton-ribeiro\/\",\"url\":\"https:\/\/www.gaveanews.com\/index.php\/2020\/08\/19\/torcida-do-flamengo-detona-domenec-devido-a-substituicao-de-everton-ribeiro\/\",\"name\":\"Torcida do Flamengo detona Dom\u00e8nec devido a substitui\u00e7\u00e3o de Everton\",\"isPartOf\":{\"@id\":\"https:\/\/www.gaveanews.com\/#website\"},\"primaryImageOfPage\":{\"@id\":\"https:\/\/www.gaveanews.com\/index.php\/2020\/08\/19\/torcida-do-flamengo-detona-domenec-devido-a-substituicao-de-everton-ribeiro\/#primaryimage\"},\"image\":{\"@id\":\"https:\/\/www.gaveanews.com\/index.php\/2020\/08\/19\/torcida-do-flamengo-detona-domenec-devido-a-substituicao-de-everton-ribeiro\/#primaryimage\"},\"thumbnailUrl\":\"https:\/\/www.gaveanews.com\/wp-content\/uploads\/Meia-Everton-Ribeiro-em-acao-pelo-Flamengo-com-a-faixa-de-capitao.webp\",\"datePublished\":\"2020-08-20T02:00:58+00:00\",\"dateModified\":\"2020-08-20T02:01:00+00:00\",\"author\":{\"@id\":\"https:\/\/www.gaveanews.com\/#\/schema\/person\/2ec14f73fb96be2caf28f91afb14749d\"},\"description\":\"O treinador, que acumula uma vit\u00f3ria em quatro partidas, tem sido criticado pelas substitui\u00e7\u00f5es realizadas durante os jogos.\",\"breadcrumb\":{\"@id\":\"https:\/\/www.gaveanews.com\/index.php\/2020\/08\/19\/torcida-do-flamengo-detona-domenec-devido-a-substituicao-de-everton-ribeiro\/#breadcrumb\"},\"inLanguage\":\"pt-BR\",\"potentialAction\":[{\"@type\":\"ReadAction\",\"target\":[\"https:\/\/www.gaveanews.com\/index.php\/2020\/08\/19\/torcida-do-flamengo-detona-domenec-devido-a-substituicao-de-everton-ribeiro\/\"]}]},{\"@type\":\"ImageObject\",\"inLanguage\":\"pt-BR\",\"@id\":\"https:\/\/www.gaveanews.com\/index.php\/2020\/08\/19\/torcida-do-flamengo-detona-domenec-devido-a-substituicao-de-everton-ribeiro\/#primaryimage\",\"url\":\"https:\/\/www.gaveanews.com\/wp-content\/uploads\/Meia-Everton-Ribeiro-em-acao-pelo-Flamengo-com-a-faixa-de-capitao.webp\",\"contentUrl\":\"https:\/\/www.gaveanews.com\/wp-content\/uploads\/Meia-Everton-Ribeiro-em-acao-pelo-Flamengo-com-a-faixa-de-capitao.webp\",\"caption\":\"Meia Everton Ribeiro em a\u00e7\u00e3o pelo Flamengo com a faixa de capit\u00e3o (Foto: Alexandre Vidal\/Flamengo)\"},{\"@type\":\"BreadcrumbList\",\"@id\":\"https:\/\/www.gaveanews.com\/index.php\/2020\/08\/19\/torcida-do-flamengo-detona-domenec-devido-a-substituicao-de-everton-ribeiro\/#breadcrumb\",\"itemListElement\":[{\"@type\":\"ListItem\",\"position\":1,\"name\":\"Home\",\"item\":\"https:\/\/www.gaveanews.com\/\"},{\"@type\":\"ListItem\",\"position\":2,\"name\":\"Torcida do Flamengo detona Dom\u00e8nec devido a substitui\u00e7\u00e3o de Everton Ribeiro\"}]},{\"@type\":\"WebSite\",\"@id\":\"https:\/\/www.gaveanews.com\/#website\",\"url\":\"https:\/\/www.gaveanews.com\/\",\"name\":\"G\u00e1vea News\",\"description\":\"Veja todas as not\u00edcias sobre o Flamengo: Contrata\u00e7\u00f5es, categorias de base, resultados das partidas, tabela de classifica\u00e7\u00e3o, pr\u00f3ximos jogos!\",\"potentialAction\":[{\"@type\":\"SearchAction\",\"target\":{\"@type\":\"EntryPoint\",\"urlTemplate\":\"https:\/\/www.gaveanews.com\/?s={search_term_string}\"},\"query-input\":{\"@type\":\"PropertyValueSpecification\",\"valueRequired\":true,\"valueName\":\"search_term_string\"}}],\"inLanguage\":\"pt-BR\"},{\"@type\":\"Person\",\"@id\":\"https:\/\/www.gaveanews.com\/#\/schema\/person\/2ec14f73fb96be2caf28f91afb14749d\",\"name\":\"Equipe G\u00e1vea News\",\"image\":{\"@type\":\"ImageObject\",\"inLanguage\":\"pt-BR\",\"@id\":\"https:\/\/www.gaveanews.com\/#\/schema\/person\/image\/\",\"url\":\"https:\/\/secure.gravatar.com\/avatar\/1e1956f1facbffd3f8fa53a326721950116b3b9dc9bd44939c01180fd4a745a9?s=96&d=mm&r=g\",\"contentUrl\":\"https:\/\/secure.gravatar.com\/avatar\/1e1956f1facbffd3f8fa53a326721950116b3b9dc9bd44939c01180fd4a745a9?s=96&d=mm&r=g\",\"caption\":\"Equipe G\u00e1vea News\"}}]}<\/script>\n<!-- \/ Yoast SEO Premium plugin. -->","yoast_head_json":{"title":"Torcida do Flamengo detona Dom\u00e8nec devido a substitui\u00e7\u00e3o de Everton","description":"O treinador, que acumula uma vit\u00f3ria em quatro partidas, tem sido criticado pelas substitui\u00e7\u00f5es realizadas durante os jogos.","robots":{"index":"index","follow":"follow","max-snippet":"max-snippet:-1","max-image-preview":"max-image-preview:large","max-video-preview":"max-video-preview:-1"},"canonical":"https:\/\/www.gaveanews.com\/index.php\/2020\/08\/19\/torcida-do-flamengo-detona-domenec-devido-a-substituicao-de-everton-ribeiro\/","og_locale":"pt_BR","og_type":"article","og_title":"Torcida do Flamengo detona Dom\u00e8nec devido a substitui\u00e7\u00e3o de Everton Ribeiro","og_description":"O treinador, que acumula uma vit\u00f3ria em quatro partidas, tem sido criticado pelas substitui\u00e7\u00f5es realizadas durante os jogos.","og_url":"https:\/\/www.gaveanews.com\/index.php\/2020\/08\/19\/torcida-do-flamengo-detona-domenec-devido-a-substituicao-de-everton-ribeiro\/","og_site_name":"G\u00e1vea News","article_publisher":"https:\/\/facebook.com\/gaveaNews\/","article_published_time":"2020-08-20T02:00:58+00:00","article_modified_time":"2020-08-20T02:01:00+00:00","og_image":[{"url":"https:\/\/www.gaveanews.com\/wp-content\/uploads\/Meia-Everton-Ribeiro-em-acao-pelo-Flamengo-com-a-faixa-de-capitao.webp","width":1,"height":1,"type":"image\/jpeg"}],"author":"Equipe G\u00e1vea News","twitter_card":"summary_large_image","twitter_misc":{"Escrito por":"Equipe G\u00e1vea News","Est. tempo de leitura":"1 minuto"},"schema":{"@context":"https:\/\/schema.org","@graph":[{"@type":"NewsArticle","@id":"https:\/\/www.gaveanews.com\/index.php\/2020\/08\/19\/torcida-do-flamengo-detona-domenec-devido-a-substituicao-de-everton-ribeiro\/#article","isPartOf":{"@id":"https:\/\/www.gaveanews.com\/index.php\/2020\/08\/19\/torcida-do-flamengo-detona-domenec-devido-a-substituicao-de-everton-ribeiro\/"},"author":{"name":"Equipe G\u00e1vea News","@id":"https:\/\/www.gaveanews.com\/#\/schema\/person\/2ec14f73fb96be2caf28f91afb14749d"},"headline":"Torcida do Flamengo detona Dom\u00e8nec devido a substitui\u00e7\u00e3o de Everton Ribeiro","datePublished":"2020-08-20T02:00:58+00:00","dateModified":"2020-08-20T02:01:00+00:00","mainEntityOfPage":{"@id":"https:\/\/www.gaveanews.com\/index.php\/2020\/08\/19\/torcida-do-flamengo-detona-domenec-devido-a-substituicao-de-everton-ribeiro\/"},"wordCount":228,"commentCount":45,"image":{"@id":"https:\/\/www.gaveanews.com\/index.php\/2020\/08\/19\/torcida-do-flamengo-detona-domenec-devido-a-substituicao-de-everton-ribeiro\/#primaryimage"},"thumbnailUrl":"https:\/\/www.gaveanews.com\/wp-content\/uploads\/Meia-Everton-Ribeiro-em-acao-pelo-Flamengo-com-a-faixa-de-capitao.webp","articleSection":["Destaques"],"inLanguage":"pt-BR","potentialAction":[{"@type":"CommentAction","name":"Comment","target":["https:\/\/www.gaveanews.com\/index.php\/2020\/08\/19\/torcida-do-flamengo-detona-domenec-devido-a-substituicao-de-everton-ribeiro\/#respond"]}],"copyrightYear":"2020","copyrightHolder":{"@id":"https:\/\/www.gaveanews.com\/#organization"}},{"@type":"WebPage","@id":"https:\/\/www.gaveanews.com\/index.php\/2020\/08\/19\/torcida-do-flamengo-detona-domenec-devido-a-substituicao-de-everton-ribeiro\/","url":"https:\/\/www.gaveanews.com\/index.php\/2020\/08\/19\/torcida-do-flamengo-detona-domenec-devido-a-substituicao-de-everton-ribeiro\/","name":"Torcida do Flamengo detona Dom\u00e8nec devido a substitui\u00e7\u00e3o de Everton","isPartOf":{"@id":"https:\/\/www.gaveanews.com\/#website"},"primaryImageOfPage":{"@id":"https:\/\/www.gaveanews.com\/index.php\/2020\/08\/19\/torcida-do-flamengo-detona-domenec-devido-a-substituicao-de-everton-ribeiro\/#primaryimage"},"image":{"@id":"https:\/\/www.gaveanews.com\/index.php\/2020\/08\/19\/torcida-do-flamengo-detona-domenec-devido-a-substituicao-de-everton-ribeiro\/#primaryimage"},"thumbnailUrl":"https:\/\/www.gaveanews.com\/wp-content\/uploads\/Meia-Everton-Ribeiro-em-acao-pelo-Flamengo-com-a-faixa-de-capitao.webp","datePublished":"2020-08-20T02:00:58+00:00","dateModified":"2020-08-20T02:01:00+00:00","author":{"@id":"https:\/\/www.gaveanews.com\/#\/schema\/person\/2ec14f73fb96be2caf28f91afb14749d"},"description":"O treinador, que acumula uma vit\u00f3ria em quatro partidas, tem sido criticado pelas substitui\u00e7\u00f5es realizadas durante os jogos.","breadcrumb":{"@id":"https:\/\/www.gaveanews.com\/index.php\/2020\/08\/19\/torcida-do-flamengo-detona-domenec-devido-a-substituicao-de-everton-ribeiro\/#breadcrumb"},"inLanguage":"pt-BR","potentialAction":[{"@type":"ReadAction","target":["https:\/\/www.gaveanews.com\/index.php\/2020\/08\/19\/torcida-do-flamengo-detona-domenec-devido-a-substituicao-de-everton-ribeiro\/"]}]},{"@type":"ImageObject","inLanguage":"pt-BR","@id":"https:\/\/www.gaveanews.com\/index.php\/2020\/08\/19\/torcida-do-flamengo-detona-domenec-devido-a-substituicao-de-everton-ribeiro\/#primaryimage","url":"https:\/\/www.gaveanews.com\/wp-content\/uploads\/Meia-Everton-Ribeiro-em-acao-pelo-Flamengo-com-a-faixa-de-capitao.webp","contentUrl":"https:\/\/www.gaveanews.com\/wp-content\/uploads\/Meia-Everton-Ribeiro-em-acao-pelo-Flamengo-com-a-faixa-de-capitao.webp","caption":"Meia Everton Ribeiro em a\u00e7\u00e3o pelo Flamengo com a faixa de capit\u00e3o (Foto: Alexandre Vidal\/Flamengo)"},{"@type":"BreadcrumbList","@id":"https:\/\/www.gaveanews.com\/index.php\/2020\/08\/19\/torcida-do-flamengo-detona-domenec-devido-a-substituicao-de-everton-ribeiro\/#breadcrumb","itemListElement":[{"@type":"ListItem","position":1,"name":"Home","item":"https:\/\/www.gaveanews.com\/"},{"@type":"ListItem","position":2,"name":"Torcida do Flamengo detona Dom\u00e8nec devido a substitui\u00e7\u00e3o de Everton Ribeiro"}]},{"@type":"WebSite","@id":"https:\/\/www.gaveanews.com\/#website","url":"https:\/\/www.gaveanews.com\/","name":"G\u00e1vea News","description":"Veja todas as not\u00edcias sobre o Flamengo: Contrata\u00e7\u00f5es, categorias de base, resultados das partidas, tabela de classifica\u00e7\u00e3o, pr\u00f3ximos jogos!","potentialAction":[{"@type":"SearchAction","target":{"@type":"EntryPoint","urlTemplate":"https:\/\/www.gaveanews.com\/?s={search_term_string}"},"query-input":{"@type":"PropertyValueSpecification","valueRequired":true,"valueName":"search_term_string"}}],"inLanguage":"pt-BR"},{"@type":"Person","@id":"https:\/\/www.gaveanews.com\/#\/schema\/person\/2ec14f73fb96be2caf28f91afb14749d","name":"Equipe G\u00e1vea News","image":{"@type":"ImageObject","inLanguage":"pt-BR","@id":"https:\/\/www.gaveanews.com\/#\/schema\/person\/image\/","url":"https:\/\/secure.gravatar.com\/avatar\/1e1956f1facbffd3f8fa53a326721950116b3b9dc9bd44939c01180fd4a745a9?s=96&d=mm&r=g","contentUrl":"https:\/\/secure.gravatar.com\/avatar\/1e1956f1facbffd3f8fa53a326721950116b3b9dc9bd44939c01180fd4a745a9?s=96&d=mm&r=g","caption":"Equipe G\u00e1vea News"}}]}},"_links":{"self":[{"href":"https:\/\/www.gaveanews.com\/index.php\/wp-json\/wp\/v2\/posts\/45950","targetHints":{"allow":["GET"]}}],"collection":[{"href":"https:\/\/www.gaveanews.com\/index.php\/wp-json\/wp\/v2\/posts"}],"about":[{"href":"https:\/\/www.gaveanews.com\/index.php\/wp-json\/wp\/v2\/types\/post"}],"author":[{"embeddable":true,"href":"https:\/\/www.gaveanews.com\/index.php\/wp-json\/wp\/v2\/users\/1"}],"replies":[{"embeddable":true,"href":"https:\/\/www.gaveanews.com\/index.php\/wp-json\/wp\/v2\/comments?post=45950"}],"version-history":[{"count":0,"href":"https:\/\/www.gaveanews.com\/index.php\/wp-json\/wp\/v2\/posts\/45950\/revisions"}],"wp:featuredmedia":[{"embeddable":true,"href":"https:\/\/www.gaveanews.com\/index.php\/wp-json\/wp\/v2\/media\/28904"}],"wp:attachment":[{"href":"https:\/\/www.gaveanews.com\/index.php\/wp-json\/wp\/v2\/media?parent=45950"}],"wp:term":[{"taxonomy":"category","embeddable":true,"href":"https:\/\/www.gaveanews.com\/index.php\/wp-json\/wp\/v2\/categories?post=45950"},{"taxonomy":"post_tag","embeddable":true,"href":"https:\/\/www.gaveanews.com\/index.php\/wp-json\/wp\/v2\/tags?post=45950"}],"curies":[{"name":"wp","href":"https:\/\/api.w.org\/{rel}","templated":true}]}}