{"id":45970,"date":"2020-08-20T04:22:04","date_gmt":"2020-08-20T07:22:04","guid":{"rendered":"https:\/\/www.gaveanews.com\/?p=45970"},"modified":"2021-08-12T00:43:26","modified_gmt":"2021-08-12T03:43:26","slug":"saiba-o-valor-da-multa-rescisoria-de-mauricio-isla-no-flamengo","status":"publish","type":"post","link":"https:\/\/www.gaveanews.com\/index.php\/2020\/08\/20\/saiba-o-valor-da-multa-rescisoria-de-mauricio-isla-no-flamengo\/","title":{"rendered":"Saiba o valor da multa rescis\u00f3ria de Mauricio Isla no Flamengo"},"content":{"rendered":"\n<p>Na tarde da \u00faltima quarta-feira (19 de agosto), o Flamengo, atrav\u00e9s das redes sociais, oficializou a contrata\u00e7\u00e3o de Mauricio Isla. O lateral chegar\u00e1 com o objetivo de suprir a aus\u00eancia de Rafinha, que foi para o Olympiacos, da Gr\u00e9cia. Vale destacar que o time carioca n\u00e3o obteve nenhum retorno financeiro com Rafinha. Isso porque, conforme previsto em seu contrato, ele foi liberado gratuitamente.<\/p>\n\n\n\n<p>Mas para que isso n\u00e3o aconte\u00e7a novamente, a diretoria flamenguista, tomou as devidos precau\u00e7\u00f5es, e fixou a multa rescis\u00f3ria de Isla em 12 milh\u00f5es de d\u00f3lares. Na cota\u00e7\u00e3o atual, tal quantia representa 65 milh\u00f5es de reais. <\/p>\n\n\n\n<h2 class=\"wp-block-heading\">Rafinha x Isla<\/h2>\n\n\n\n<p>De acordo com o SofaScore (site de estat\u00edsticas), os n\u00fameros de Isla s\u00e3o superiores aos n\u00fameros de Rafinha. A \u00fanica exce\u00e7\u00e3o fica por conta do aproveitamento nos cruzamentos. <strong>Veja mais detalhes abaixo:<\/strong><\/p>\n\n\n\n<!DOCTYPE html>\n<html>\n<head>\n<style>\ntable {\n  font-family: arial, sans-serif;\n  border-collapse: collapse;\n  width: 100%;\n}\n\ntd, th {\n  border: 1px solid #dddddd;\n  text-align: left;\n  padding: 8px;\n}\n\ntr:nth-child(even) {\n  background-color: #dddddd;\n}\n<\/style>\n<\/head>\n<body>\n\n<table>\n  <tr>\n    <th><\/th>\n    <th>Rafinha<\/th>\n    <th>Isla<\/th>\n  <\/tr>\n  <tr>\n    <td>M\u00e9dia de assist\u00eancias:<\/td>\n    <td>0.11<\/td>\n    <td>0.20<\/td>\n  <\/tr>\n  <tr>\n    <td>M\u00e9dia de passes decisivos:<\/td>\n    <td>0.82<\/td>\n    <td>1.51<\/td>\n  <\/tr>\n  <tr>\n    <td>M\u00e9dia de grandes chances criadas:<\/td>\n    <td>0.13<\/td>\n    <td>0.31<\/td>\n  <\/tr>\n  <tr>\n    <td>Aproveitamento nos cruzamentos:<\/td>\n    <td>24%<\/td>\n    <td>22%<\/td>\n  <\/tr>\n  <tr>\n    <td>M\u00e9dia de desarmes<\/td>\n    <td>1.76<\/td>\n    <td>2.20<\/td>\n  <\/tr>\n  <tr>\n    <td>M\u00e9dia de dribles sofridos<\/td>\n    <td>0.73<\/td>\n    <td>0.83<\/td>\n  <\/tr>\n   <tr>\n    <td>M\u00e9dia de faltas<\/td>\n    <td>0.98<\/td>\n    <td>1.14<\/td>\n  <\/tr>\n   <tr>\n    <td>M\u00e9dia de cart\u00f5es amarelos<\/td>\n    <td>0.29<\/td>\n    <td>0.20<\/td>\n  <\/tr>\n   <tr>\n    <td>Notas<\/td>\n    <td>6.92<\/td>\n    <td>7.03<\/td>\n  <\/tr>\n<\/table>\n\n<\/body>\n<\/html>\n\n\n\n<p> <\/p>\n\n\n\n<h2 class=\"wp-block-heading\">Carreira<\/h2>\n\n\n\n<figure class=\"wp-block-image size-large\"><img decoding=\"async\" src=\"https:\/\/www3.pictures.zimbio.com\/gi\/Honduras+v+Chile+Group+H+2010+FIFA+World+Cup+bn9Q094qai9x.webp\" alt=\"\"\/><figcaption>Isla em a\u00e7\u00e3o pelo Chile durante a Copa de 2010<\/figcaption><\/figure>\n\n\n\n<p>Isla possu\u00ed uma vasta experiencia no futebol europeu. Em ordem cronol\u00f3gica, ele j\u00e1 defendeu os seguintes clubes: Udinese (ITA), Queens Park Rangers (ING), Juventus (ITA), Marseille (FRA), Cagliari (ITA) e Fenerbah\u00e7e (TUR). Vale citar que ele j\u00e1 foi convocado diversas vezes para a sele\u00e7\u00e3o do Chile. N\u00e3o \u00e0 toa, ele disputou a Copa do Mundo que foi disputada na \u00c1frica do Sul (2010) e no Brasil (2014).<\/p>\n\n\n\n<p> <\/p>\n","protected":false},"excerpt":{"rendered":"<p>Na tarde da \u00faltima quarta-feira (19 de agosto), o Flamengo, atrav\u00e9s das redes sociais, oficializou a contrata\u00e7\u00e3o de Mauricio Isla. O lateral chegar\u00e1 com o objetivo de suprir a aus\u00eancia de Rafinha, que foi para o Olympiacos, da Gr\u00e9cia. Vale destacar que o time carioca n\u00e3o obteve nenhum retorno financeiro com Rafinha. Isso porque, conforme [&hellip;]<\/p>\n","protected":false},"author":2,"featured_media":45676,"comment_status":"open","ping_status":"closed","sticky":false,"template":"","format":"standard","meta":{"footnotes":""},"categories":[47],"tags":[],"class_list":["post-45970","post","type-post","status-publish","format-standard","has-post-thumbnail","hentry","category-destaques"],"yoast_head":"<!-- This site is optimized with the Yoast SEO Premium plugin v24.2 (Yoast SEO v26.9) - https:\/\/yoast.com\/product\/yoast-seo-premium-wordpress\/ -->\n<title>Saiba o valor da multa rescis\u00f3ria de Mauricio Isla no Flamengo<\/title>\n<meta name=\"description\" content=\"Mauricio Isla chegar\u00e1 ao Flamengo com o objetivo de suprir a aus\u00eancia de Rafinha, que foi para o Olympiacos, da Gr\u00e9cia.\" \/>\n<meta name=\"robots\" content=\"index, follow, max-snippet:-1, max-image-preview:large, max-video-preview:-1\" \/>\n<link rel=\"canonical\" href=\"https:\/\/www.gaveanews.com\/index.php\/2020\/08\/20\/saiba-o-valor-da-multa-rescisoria-de-mauricio-isla-no-flamengo\/\" \/>\n<meta property=\"og:locale\" content=\"pt_BR\" \/>\n<meta property=\"og:type\" content=\"article\" \/>\n<meta property=\"og:title\" content=\"Saiba o valor da multa rescis\u00f3ria de Mauricio Isla no Flamengo\" \/>\n<meta property=\"og:description\" content=\"Mauricio Isla chegar\u00e1 ao Flamengo com o objetivo de suprir a aus\u00eancia de Rafinha, que foi para o Olympiacos, da Gr\u00e9cia.\" \/>\n<meta property=\"og:url\" content=\"https:\/\/www.gaveanews.com\/index.php\/2020\/08\/20\/saiba-o-valor-da-multa-rescisoria-de-mauricio-isla-no-flamengo\/\" \/>\n<meta property=\"og:site_name\" content=\"G\u00e1vea News\" \/>\n<meta property=\"article:publisher\" content=\"https:\/\/facebook.com\/gaveaNews\/\" \/>\n<meta property=\"article:published_time\" content=\"2020-08-20T07:22:04+00:00\" \/>\n<meta property=\"article:modified_time\" content=\"2021-08-12T03:43:26+00:00\" \/>\n<meta property=\"og:image\" content=\"https:\/\/www.gaveanews.com\/wp-content\/uploads\/Isla-e-Neymar-disputam-a-bola-durante-o-jogo-entre-Brasil-e-Chile.webp\" \/>\n\t<meta property=\"og:image:width\" content=\"984\" \/>\n\t<meta property=\"og:image:height\" content=\"622\" \/>\n\t<meta property=\"og:image:type\" content=\"image\/jpeg\" \/>\n<meta name=\"author\" content=\"Hugo Nogueira\" \/>\n<meta name=\"twitter:card\" content=\"summary_large_image\" \/>\n<meta name=\"twitter:label1\" content=\"Escrito por\" \/>\n\t<meta name=\"twitter:data1\" content=\"Hugo Nogueira\" \/>\n\t<meta name=\"twitter:label2\" content=\"Est. tempo de leitura\" \/>\n\t<meta name=\"twitter:data2\" content=\"1 minuto\" \/>\n<script type=\"application\/ld+json\" class=\"yoast-schema-graph\">{\"@context\":\"https:\/\/schema.org\",\"@graph\":[{\"@type\":\"NewsArticle\",\"@id\":\"https:\/\/www.gaveanews.com\/index.php\/2020\/08\/20\/saiba-o-valor-da-multa-rescisoria-de-mauricio-isla-no-flamengo\/#article\",\"isPartOf\":{\"@id\":\"https:\/\/www.gaveanews.com\/index.php\/2020\/08\/20\/saiba-o-valor-da-multa-rescisoria-de-mauricio-isla-no-flamengo\/\"},\"author\":{\"name\":\"Hugo Nogueira\",\"@id\":\"https:\/\/www.gaveanews.com\/#\/schema\/person\/3a0372021fabaeec4e7e4242cfa27841\"},\"headline\":\"Saiba o valor da multa rescis\u00f3ria de Mauricio Isla no Flamengo\",\"datePublished\":\"2020-08-20T07:22:04+00:00\",\"dateModified\":\"2021-08-12T03:43:26+00:00\",\"mainEntityOfPage\":{\"@id\":\"https:\/\/www.gaveanews.com\/index.php\/2020\/08\/20\/saiba-o-valor-da-multa-rescisoria-de-mauricio-isla-no-flamengo\/\"},\"wordCount\":281,\"commentCount\":7,\"image\":{\"@id\":\"https:\/\/www.gaveanews.com\/index.php\/2020\/08\/20\/saiba-o-valor-da-multa-rescisoria-de-mauricio-isla-no-flamengo\/#primaryimage\"},\"thumbnailUrl\":\"https:\/\/www.gaveanews.com\/wp-content\/uploads\/Isla-e-Neymar-disputam-a-bola-durante-o-jogo-entre-Brasil-e-Chile.webp\",\"articleSection\":[\"Destaques\"],\"inLanguage\":\"pt-BR\",\"potentialAction\":[{\"@type\":\"CommentAction\",\"name\":\"Comment\",\"target\":[\"https:\/\/www.gaveanews.com\/index.php\/2020\/08\/20\/saiba-o-valor-da-multa-rescisoria-de-mauricio-isla-no-flamengo\/#respond\"]}],\"copyrightYear\":\"2020\",\"copyrightHolder\":{\"@id\":\"https:\/\/www.gaveanews.com\/#organization\"}},{\"@type\":\"WebPage\",\"@id\":\"https:\/\/www.gaveanews.com\/index.php\/2020\/08\/20\/saiba-o-valor-da-multa-rescisoria-de-mauricio-isla-no-flamengo\/\",\"url\":\"https:\/\/www.gaveanews.com\/index.php\/2020\/08\/20\/saiba-o-valor-da-multa-rescisoria-de-mauricio-isla-no-flamengo\/\",\"name\":\"Saiba o valor da multa rescis\u00f3ria de Mauricio Isla no Flamengo\",\"isPartOf\":{\"@id\":\"https:\/\/www.gaveanews.com\/#website\"},\"primaryImageOfPage\":{\"@id\":\"https:\/\/www.gaveanews.com\/index.php\/2020\/08\/20\/saiba-o-valor-da-multa-rescisoria-de-mauricio-isla-no-flamengo\/#primaryimage\"},\"image\":{\"@id\":\"https:\/\/www.gaveanews.com\/index.php\/2020\/08\/20\/saiba-o-valor-da-multa-rescisoria-de-mauricio-isla-no-flamengo\/#primaryimage\"},\"thumbnailUrl\":\"https:\/\/www.gaveanews.com\/wp-content\/uploads\/Isla-e-Neymar-disputam-a-bola-durante-o-jogo-entre-Brasil-e-Chile.webp\",\"datePublished\":\"2020-08-20T07:22:04+00:00\",\"dateModified\":\"2021-08-12T03:43:26+00:00\",\"author\":{\"@id\":\"https:\/\/www.gaveanews.com\/#\/schema\/person\/3a0372021fabaeec4e7e4242cfa27841\"},\"description\":\"Mauricio Isla chegar\u00e1 ao Flamengo com o objetivo de suprir a aus\u00eancia de Rafinha, que foi para o Olympiacos, da Gr\u00e9cia.\",\"breadcrumb\":{\"@id\":\"https:\/\/www.gaveanews.com\/index.php\/2020\/08\/20\/saiba-o-valor-da-multa-rescisoria-de-mauricio-isla-no-flamengo\/#breadcrumb\"},\"inLanguage\":\"pt-BR\",\"potentialAction\":[{\"@type\":\"ReadAction\",\"target\":[\"https:\/\/www.gaveanews.com\/index.php\/2020\/08\/20\/saiba-o-valor-da-multa-rescisoria-de-mauricio-isla-no-flamengo\/\"]}]},{\"@type\":\"ImageObject\",\"inLanguage\":\"pt-BR\",\"@id\":\"https:\/\/www.gaveanews.com\/index.php\/2020\/08\/20\/saiba-o-valor-da-multa-rescisoria-de-mauricio-isla-no-flamengo\/#primaryimage\",\"url\":\"https:\/\/www.gaveanews.com\/wp-content\/uploads\/Isla-e-Neymar-disputam-a-bola-durante-o-jogo-entre-Brasil-e-Chile.webp\",\"contentUrl\":\"https:\/\/www.gaveanews.com\/wp-content\/uploads\/Isla-e-Neymar-disputam-a-bola-durante-o-jogo-entre-Brasil-e-Chile.webp\",\"width\":984,\"height\":622,\"caption\":\"Isla e Neymar disputam a bola durante o jogo entre Brasil e Chile (Foto: AP)\"},{\"@type\":\"BreadcrumbList\",\"@id\":\"https:\/\/www.gaveanews.com\/index.php\/2020\/08\/20\/saiba-o-valor-da-multa-rescisoria-de-mauricio-isla-no-flamengo\/#breadcrumb\",\"itemListElement\":[{\"@type\":\"ListItem\",\"position\":1,\"name\":\"Home\",\"item\":\"https:\/\/www.gaveanews.com\/\"},{\"@type\":\"ListItem\",\"position\":2,\"name\":\"Saiba o valor da multa rescis\u00f3ria de Mauricio Isla no Flamengo\"}]},{\"@type\":\"WebSite\",\"@id\":\"https:\/\/www.gaveanews.com\/#website\",\"url\":\"https:\/\/www.gaveanews.com\/\",\"name\":\"G\u00e1vea News\",\"description\":\"Veja todas as not\u00edcias sobre o Flamengo: Contrata\u00e7\u00f5es, categorias de base, resultados das partidas, tabela de classifica\u00e7\u00e3o, pr\u00f3ximos jogos!\",\"potentialAction\":[{\"@type\":\"SearchAction\",\"target\":{\"@type\":\"EntryPoint\",\"urlTemplate\":\"https:\/\/www.gaveanews.com\/?s={search_term_string}\"},\"query-input\":{\"@type\":\"PropertyValueSpecification\",\"valueRequired\":true,\"valueName\":\"search_term_string\"}}],\"inLanguage\":\"pt-BR\"},{\"@type\":\"Person\",\"@id\":\"https:\/\/www.gaveanews.com\/#\/schema\/person\/3a0372021fabaeec4e7e4242cfa27841\",\"name\":\"Hugo Nogueira\",\"image\":{\"@type\":\"ImageObject\",\"inLanguage\":\"pt-BR\",\"@id\":\"https:\/\/www.gaveanews.com\/#\/schema\/person\/image\/\",\"url\":\"https:\/\/secure.gravatar.com\/avatar\/0cdd89f3b47bb55926c08eee2db992845cfdd53f84c9fdd47a49d89b3cd40c0a?s=96&d=mm&r=g\",\"contentUrl\":\"https:\/\/secure.gravatar.com\/avatar\/0cdd89f3b47bb55926c08eee2db992845cfdd53f84c9fdd47a49d89b3cd40c0a?s=96&d=mm&r=g\",\"caption\":\"Hugo Nogueira\"}}]}<\/script>\n<!-- \/ Yoast SEO Premium plugin. -->","yoast_head_json":{"title":"Saiba o valor da multa rescis\u00f3ria de Mauricio Isla no Flamengo","description":"Mauricio Isla chegar\u00e1 ao Flamengo com o objetivo de suprir a aus\u00eancia de Rafinha, que foi para o Olympiacos, da Gr\u00e9cia.","robots":{"index":"index","follow":"follow","max-snippet":"max-snippet:-1","max-image-preview":"max-image-preview:large","max-video-preview":"max-video-preview:-1"},"canonical":"https:\/\/www.gaveanews.com\/index.php\/2020\/08\/20\/saiba-o-valor-da-multa-rescisoria-de-mauricio-isla-no-flamengo\/","og_locale":"pt_BR","og_type":"article","og_title":"Saiba o valor da multa rescis\u00f3ria de Mauricio Isla no Flamengo","og_description":"Mauricio Isla chegar\u00e1 ao Flamengo com o objetivo de suprir a aus\u00eancia de Rafinha, que foi para o Olympiacos, da Gr\u00e9cia.","og_url":"https:\/\/www.gaveanews.com\/index.php\/2020\/08\/20\/saiba-o-valor-da-multa-rescisoria-de-mauricio-isla-no-flamengo\/","og_site_name":"G\u00e1vea News","article_publisher":"https:\/\/facebook.com\/gaveaNews\/","article_published_time":"2020-08-20T07:22:04+00:00","article_modified_time":"2021-08-12T03:43:26+00:00","og_image":[{"width":984,"height":622,"url":"https:\/\/www.gaveanews.com\/wp-content\/uploads\/Isla-e-Neymar-disputam-a-bola-durante-o-jogo-entre-Brasil-e-Chile.webp","type":"image\/jpeg"}],"author":"Hugo Nogueira","twitter_card":"summary_large_image","twitter_misc":{"Escrito por":"Hugo Nogueira","Est. tempo de leitura":"1 minuto"},"schema":{"@context":"https:\/\/schema.org","@graph":[{"@type":"NewsArticle","@id":"https:\/\/www.gaveanews.com\/index.php\/2020\/08\/20\/saiba-o-valor-da-multa-rescisoria-de-mauricio-isla-no-flamengo\/#article","isPartOf":{"@id":"https:\/\/www.gaveanews.com\/index.php\/2020\/08\/20\/saiba-o-valor-da-multa-rescisoria-de-mauricio-isla-no-flamengo\/"},"author":{"name":"Hugo Nogueira","@id":"https:\/\/www.gaveanews.com\/#\/schema\/person\/3a0372021fabaeec4e7e4242cfa27841"},"headline":"Saiba o valor da multa rescis\u00f3ria de Mauricio Isla no Flamengo","datePublished":"2020-08-20T07:22:04+00:00","dateModified":"2021-08-12T03:43:26+00:00","mainEntityOfPage":{"@id":"https:\/\/www.gaveanews.com\/index.php\/2020\/08\/20\/saiba-o-valor-da-multa-rescisoria-de-mauricio-isla-no-flamengo\/"},"wordCount":281,"commentCount":7,"image":{"@id":"https:\/\/www.gaveanews.com\/index.php\/2020\/08\/20\/saiba-o-valor-da-multa-rescisoria-de-mauricio-isla-no-flamengo\/#primaryimage"},"thumbnailUrl":"https:\/\/www.gaveanews.com\/wp-content\/uploads\/Isla-e-Neymar-disputam-a-bola-durante-o-jogo-entre-Brasil-e-Chile.webp","articleSection":["Destaques"],"inLanguage":"pt-BR","potentialAction":[{"@type":"CommentAction","name":"Comment","target":["https:\/\/www.gaveanews.com\/index.php\/2020\/08\/20\/saiba-o-valor-da-multa-rescisoria-de-mauricio-isla-no-flamengo\/#respond"]}],"copyrightYear":"2020","copyrightHolder":{"@id":"https:\/\/www.gaveanews.com\/#organization"}},{"@type":"WebPage","@id":"https:\/\/www.gaveanews.com\/index.php\/2020\/08\/20\/saiba-o-valor-da-multa-rescisoria-de-mauricio-isla-no-flamengo\/","url":"https:\/\/www.gaveanews.com\/index.php\/2020\/08\/20\/saiba-o-valor-da-multa-rescisoria-de-mauricio-isla-no-flamengo\/","name":"Saiba o valor da multa rescis\u00f3ria de Mauricio Isla no Flamengo","isPartOf":{"@id":"https:\/\/www.gaveanews.com\/#website"},"primaryImageOfPage":{"@id":"https:\/\/www.gaveanews.com\/index.php\/2020\/08\/20\/saiba-o-valor-da-multa-rescisoria-de-mauricio-isla-no-flamengo\/#primaryimage"},"image":{"@id":"https:\/\/www.gaveanews.com\/index.php\/2020\/08\/20\/saiba-o-valor-da-multa-rescisoria-de-mauricio-isla-no-flamengo\/#primaryimage"},"thumbnailUrl":"https:\/\/www.gaveanews.com\/wp-content\/uploads\/Isla-e-Neymar-disputam-a-bola-durante-o-jogo-entre-Brasil-e-Chile.webp","datePublished":"2020-08-20T07:22:04+00:00","dateModified":"2021-08-12T03:43:26+00:00","author":{"@id":"https:\/\/www.gaveanews.com\/#\/schema\/person\/3a0372021fabaeec4e7e4242cfa27841"},"description":"Mauricio Isla chegar\u00e1 ao Flamengo com o objetivo de suprir a aus\u00eancia de Rafinha, que foi para o Olympiacos, da Gr\u00e9cia.","breadcrumb":{"@id":"https:\/\/www.gaveanews.com\/index.php\/2020\/08\/20\/saiba-o-valor-da-multa-rescisoria-de-mauricio-isla-no-flamengo\/#breadcrumb"},"inLanguage":"pt-BR","potentialAction":[{"@type":"ReadAction","target":["https:\/\/www.gaveanews.com\/index.php\/2020\/08\/20\/saiba-o-valor-da-multa-rescisoria-de-mauricio-isla-no-flamengo\/"]}]},{"@type":"ImageObject","inLanguage":"pt-BR","@id":"https:\/\/www.gaveanews.com\/index.php\/2020\/08\/20\/saiba-o-valor-da-multa-rescisoria-de-mauricio-isla-no-flamengo\/#primaryimage","url":"https:\/\/www.gaveanews.com\/wp-content\/uploads\/Isla-e-Neymar-disputam-a-bola-durante-o-jogo-entre-Brasil-e-Chile.webp","contentUrl":"https:\/\/www.gaveanews.com\/wp-content\/uploads\/Isla-e-Neymar-disputam-a-bola-durante-o-jogo-entre-Brasil-e-Chile.webp","width":984,"height":622,"caption":"Isla e Neymar disputam a bola durante o jogo entre Brasil e Chile (Foto: AP)"},{"@type":"BreadcrumbList","@id":"https:\/\/www.gaveanews.com\/index.php\/2020\/08\/20\/saiba-o-valor-da-multa-rescisoria-de-mauricio-isla-no-flamengo\/#breadcrumb","itemListElement":[{"@type":"ListItem","position":1,"name":"Home","item":"https:\/\/www.gaveanews.com\/"},{"@type":"ListItem","position":2,"name":"Saiba o valor da multa rescis\u00f3ria de Mauricio Isla no Flamengo"}]},{"@type":"WebSite","@id":"https:\/\/www.gaveanews.com\/#website","url":"https:\/\/www.gaveanews.com\/","name":"G\u00e1vea News","description":"Veja todas as not\u00edcias sobre o Flamengo: Contrata\u00e7\u00f5es, categorias de base, resultados das partidas, tabela de classifica\u00e7\u00e3o, pr\u00f3ximos jogos!","potentialAction":[{"@type":"SearchAction","target":{"@type":"EntryPoint","urlTemplate":"https:\/\/www.gaveanews.com\/?s={search_term_string}"},"query-input":{"@type":"PropertyValueSpecification","valueRequired":true,"valueName":"search_term_string"}}],"inLanguage":"pt-BR"},{"@type":"Person","@id":"https:\/\/www.gaveanews.com\/#\/schema\/person\/3a0372021fabaeec4e7e4242cfa27841","name":"Hugo Nogueira","image":{"@type":"ImageObject","inLanguage":"pt-BR","@id":"https:\/\/www.gaveanews.com\/#\/schema\/person\/image\/","url":"https:\/\/secure.gravatar.com\/avatar\/0cdd89f3b47bb55926c08eee2db992845cfdd53f84c9fdd47a49d89b3cd40c0a?s=96&d=mm&r=g","contentUrl":"https:\/\/secure.gravatar.com\/avatar\/0cdd89f3b47bb55926c08eee2db992845cfdd53f84c9fdd47a49d89b3cd40c0a?s=96&d=mm&r=g","caption":"Hugo Nogueira"}}]}},"_links":{"self":[{"href":"https:\/\/www.gaveanews.com\/index.php\/wp-json\/wp\/v2\/posts\/45970","targetHints":{"allow":["GET"]}}],"collection":[{"href":"https:\/\/www.gaveanews.com\/index.php\/wp-json\/wp\/v2\/posts"}],"about":[{"href":"https:\/\/www.gaveanews.com\/index.php\/wp-json\/wp\/v2\/types\/post"}],"author":[{"embeddable":true,"href":"https:\/\/www.gaveanews.com\/index.php\/wp-json\/wp\/v2\/users\/2"}],"replies":[{"embeddable":true,"href":"https:\/\/www.gaveanews.com\/index.php\/wp-json\/wp\/v2\/comments?post=45970"}],"version-history":[{"count":0,"href":"https:\/\/www.gaveanews.com\/index.php\/wp-json\/wp\/v2\/posts\/45970\/revisions"}],"wp:featuredmedia":[{"embeddable":true,"href":"https:\/\/www.gaveanews.com\/index.php\/wp-json\/wp\/v2\/media\/45676"}],"wp:attachment":[{"href":"https:\/\/www.gaveanews.com\/index.php\/wp-json\/wp\/v2\/media?parent=45970"}],"wp:term":[{"taxonomy":"category","embeddable":true,"href":"https:\/\/www.gaveanews.com\/index.php\/wp-json\/wp\/v2\/categories?post=45970"},{"taxonomy":"post_tag","embeddable":true,"href":"https:\/\/www.gaveanews.com\/index.php\/wp-json\/wp\/v2\/tags?post=45970"}],"curies":[{"name":"wp","href":"https:\/\/api.w.org\/{rel}","templated":true}]}}