{"id":45984,"date":"2020-08-20T14:46:23","date_gmt":"2020-08-20T17:46:23","guid":{"rendered":"https:\/\/www.gaveanews.com\/?p=45984"},"modified":"2020-08-20T14:46:26","modified_gmt":"2020-08-20T17:46:26","slug":"everton-ribeiro-e-o-jogador-mais-substituido-no-inicio-da-era-domenec","status":"publish","type":"post","link":"https:\/\/www.gaveanews.com\/index.php\/2020\/08\/20\/everton-ribeiro-e-o-jogador-mais-substituido-no-inicio-da-era-domenec\/","title":{"rendered":"\u00c9verton Ribeiro \u00e9 o jogador mais substitu\u00eddo no in\u00edcio da Era Dom\u00e8nec"},"content":{"rendered":"\n<p>Em quatro jogos de Dom\u00e8nec Torrent sob o comando do Flamengo, a inconsist\u00eancia coletiva tem marcado a primeira impress\u00e3o do time comandado pelo catal\u00e3o, que busca alternativas ao longo dos jogos para que os resultados sejam positivos. As alternativas n\u00e3o t\u00eam dado resultado e, at\u00e9 aqui, Everton Ribeiro \u00e9 o principal &#8220;sacrificado&#8221; neste in\u00edcio trajet\u00f3ria e readapta\u00e7\u00e3o.<\/p>\n\n\n\n<p>Explica-se: Everton Ribeiro \u00e9 quem mais vezes foi substitu\u00eddo por Torrent. Ao todo, foram tr\u00eas substitui\u00e7\u00f5es do camisa 7, que, titular em todos os quatro jogos do Brasileir\u00e3o, s\u00f3 n\u00e3o deixou o gramado em uma oportunidade &#8211; na \u00fanica vit\u00f3ria na competi\u00e7\u00e3o, por 1 a 0, contra o Coritiba.<\/p>\n\n\n\n<p>Na entrevista coletiva ap\u00f3s o jogo da \u00faltima noite, um suado empate em 1 a 1 com o Gr\u00eamio, Dom\u00e8nec Torrent foi questionado acerca da sa\u00edda de Everton Ribeiro, destaque e criador da melhor chance do Rubro-Negro na etapa inicial.<\/p>\n\n\n\n<p>A justificativa do t\u00e9cnico est\u00e1 alinhada ao quesito t\u00e1tico. Para o treinador, que tem escalado quatro atacantes para superar cen\u00e1rios adversos, com dois extremos e duas refer\u00eancias na \u00e1rea, Ribeiro tem sa\u00eddo em desvantagem pois, com ele e Arrascaeta, n\u00e3o h\u00e1 amplitude para a execu\u00e7\u00e3o de sua varia\u00e7\u00e3o t\u00e1tica.<\/p>\n\n\n\n<p>&#8220;Ele (Everton Ribeiro) estava bem. Mas eu precisava abrir o campo. Para abrir o campo prefiro jogar com jogadores r\u00e1pidos. Everton joga bem entre linhas, mas quando se quer jogar com 4-2-4, as qualidades de Vitinho e Bruno s\u00e3o outras. Estou muito feliz com Everton, mas voc\u00ea precisa fazer uma mudan\u00e7a t\u00e1tica e mudar rapidamente e decidir rapidamente que jogadores s\u00e3o melhores para n\u00f3s. Estava feliz com Everton e Arrasca, mas quando voc\u00ea quer fazer uma variante t\u00e1tica, estamos buscando jogadores desta qualidade. Bruno pode jogar aberto, Vitinho tamb\u00e9m&#8221;, explicou Dome.<\/p>\n\n\n\n<p>A t\u00edtulo de compara\u00e7\u00e3o, ao longo de todo o segundo semestre de 2019, quando o Fla arrancou para dois t\u00edtulos de peso, com Jorge Jesus, Everton Ribeiro foi substitu\u00eddo oito vezes em 34 jogos. S\u00e3o contextos e ideias distintas, mas a atual recorr\u00eancia quanto ao capit\u00e3o n\u00e3o deixa de chamar a aten\u00e7\u00e3o.<\/p>\n\n\n\n<p>Retirado de: O Dia<\/p>\n","protected":false},"excerpt":{"rendered":"<p>Em quatro jogos de Dom\u00e8nec Torrent sob o comando do Flamengo, a inconsist\u00eancia coletiva tem marcado a primeira impress\u00e3o do time comandado pelo catal\u00e3o, que busca alternativas ao longo dos jogos para que os resultados sejam positivos. As alternativas n\u00e3o t\u00eam dado resultado e, at\u00e9 aqui, Everton Ribeiro \u00e9 o principal &#8220;sacrificado&#8221; neste in\u00edcio trajet\u00f3ria [&hellip;]<\/p>\n","protected":false},"author":1,"featured_media":28903,"comment_status":"open","ping_status":"closed","sticky":false,"template":"","format":"standard","meta":{"footnotes":""},"categories":[47],"tags":[],"class_list":["post-45984","post","type-post","status-publish","format-standard","has-post-thumbnail","hentry","category-destaques"],"yoast_head":"<!-- This site is optimized with the Yoast SEO Premium plugin v24.2 (Yoast SEO v26.9) - https:\/\/yoast.com\/product\/yoast-seo-premium-wordpress\/ -->\n<title>\u00c9verton Ribeiro \u00e9 o jogador mais substitu\u00eddo no in\u00edcio da Era Dom\u00e8nec<\/title>\n<meta name=\"description\" content=\"Desde que Dom\u00e8nec Torrent chegou ao Flamengo, o meia Everton s\u00f3 n\u00e3o foi substitu\u00eddo na vit\u00f3ria diante do Coritiba.\" \/>\n<meta name=\"robots\" content=\"index, follow, max-snippet:-1, max-image-preview:large, max-video-preview:-1\" \/>\n<link rel=\"canonical\" href=\"https:\/\/www.gaveanews.com\/index.php\/2020\/08\/20\/everton-ribeiro-e-o-jogador-mais-substituido-no-inicio-da-era-domenec\/\" \/>\n<meta property=\"og:locale\" content=\"pt_BR\" \/>\n<meta property=\"og:type\" content=\"article\" \/>\n<meta property=\"og:title\" content=\"\u00c9verton Ribeiro \u00e9 o jogador mais substitu\u00eddo no in\u00edcio da Era Dom\u00e8nec\" \/>\n<meta property=\"og:description\" content=\"Desde que Dom\u00e8nec Torrent chegou ao Flamengo, o meia Everton s\u00f3 n\u00e3o foi substitu\u00eddo na vit\u00f3ria diante do Coritiba.\" \/>\n<meta property=\"og:url\" content=\"https:\/\/www.gaveanews.com\/index.php\/2020\/08\/20\/everton-ribeiro-e-o-jogador-mais-substituido-no-inicio-da-era-domenec\/\" \/>\n<meta property=\"og:site_name\" content=\"G\u00e1vea News\" \/>\n<meta property=\"article:publisher\" content=\"https:\/\/facebook.com\/gaveaNews\/\" \/>\n<meta property=\"article:published_time\" content=\"2020-08-20T17:46:23+00:00\" \/>\n<meta property=\"article:modified_time\" content=\"2020-08-20T17:46:26+00:00\" \/>\n<meta property=\"og:image\" content=\"https:\/\/www.gaveanews.com\/wp-content\/uploads\/Everton-Ribeiro-durante-uma-partida-do-Flamengo.webp\" \/>\n\t<meta property=\"og:image:width\" content=\"900\" \/>\n\t<meta property=\"og:image:height\" content=\"600\" \/>\n\t<meta property=\"og:image:type\" content=\"image\/jpeg\" \/>\n<meta name=\"author\" content=\"Equipe G\u00e1vea News\" \/>\n<meta name=\"twitter:card\" content=\"summary_large_image\" \/>\n<meta name=\"twitter:label1\" content=\"Escrito por\" \/>\n\t<meta name=\"twitter:data1\" content=\"Equipe G\u00e1vea News\" \/>\n\t<meta name=\"twitter:label2\" content=\"Est. tempo de leitura\" \/>\n\t<meta name=\"twitter:data2\" content=\"2 minutos\" \/>\n<script type=\"application\/ld+json\" class=\"yoast-schema-graph\">{\"@context\":\"https:\/\/schema.org\",\"@graph\":[{\"@type\":\"NewsArticle\",\"@id\":\"https:\/\/www.gaveanews.com\/index.php\/2020\/08\/20\/everton-ribeiro-e-o-jogador-mais-substituido-no-inicio-da-era-domenec\/#article\",\"isPartOf\":{\"@id\":\"https:\/\/www.gaveanews.com\/index.php\/2020\/08\/20\/everton-ribeiro-e-o-jogador-mais-substituido-no-inicio-da-era-domenec\/\"},\"author\":{\"name\":\"Equipe G\u00e1vea News\",\"@id\":\"https:\/\/www.gaveanews.com\/#\/schema\/person\/2ec14f73fb96be2caf28f91afb14749d\"},\"headline\":\"\u00c9verton Ribeiro \u00e9 o jogador mais substitu\u00eddo no in\u00edcio da Era Dom\u00e8nec\",\"datePublished\":\"2020-08-20T17:46:23+00:00\",\"dateModified\":\"2020-08-20T17:46:26+00:00\",\"mainEntityOfPage\":{\"@id\":\"https:\/\/www.gaveanews.com\/index.php\/2020\/08\/20\/everton-ribeiro-e-o-jogador-mais-substituido-no-inicio-da-era-domenec\/\"},\"wordCount\":394,\"commentCount\":18,\"image\":{\"@id\":\"https:\/\/www.gaveanews.com\/index.php\/2020\/08\/20\/everton-ribeiro-e-o-jogador-mais-substituido-no-inicio-da-era-domenec\/#primaryimage\"},\"thumbnailUrl\":\"https:\/\/www.gaveanews.com\/wp-content\/uploads\/Everton-Ribeiro-durante-uma-partida-do-Flamengo.webp\",\"articleSection\":[\"Destaques\"],\"inLanguage\":\"pt-BR\",\"potentialAction\":[{\"@type\":\"CommentAction\",\"name\":\"Comment\",\"target\":[\"https:\/\/www.gaveanews.com\/index.php\/2020\/08\/20\/everton-ribeiro-e-o-jogador-mais-substituido-no-inicio-da-era-domenec\/#respond\"]}],\"copyrightYear\":\"2020\",\"copyrightHolder\":{\"@id\":\"https:\/\/www.gaveanews.com\/#organization\"}},{\"@type\":\"WebPage\",\"@id\":\"https:\/\/www.gaveanews.com\/index.php\/2020\/08\/20\/everton-ribeiro-e-o-jogador-mais-substituido-no-inicio-da-era-domenec\/\",\"url\":\"https:\/\/www.gaveanews.com\/index.php\/2020\/08\/20\/everton-ribeiro-e-o-jogador-mais-substituido-no-inicio-da-era-domenec\/\",\"name\":\"\u00c9verton Ribeiro \u00e9 o jogador mais substitu\u00eddo no in\u00edcio da Era Dom\u00e8nec\",\"isPartOf\":{\"@id\":\"https:\/\/www.gaveanews.com\/#website\"},\"primaryImageOfPage\":{\"@id\":\"https:\/\/www.gaveanews.com\/index.php\/2020\/08\/20\/everton-ribeiro-e-o-jogador-mais-substituido-no-inicio-da-era-domenec\/#primaryimage\"},\"image\":{\"@id\":\"https:\/\/www.gaveanews.com\/index.php\/2020\/08\/20\/everton-ribeiro-e-o-jogador-mais-substituido-no-inicio-da-era-domenec\/#primaryimage\"},\"thumbnailUrl\":\"https:\/\/www.gaveanews.com\/wp-content\/uploads\/Everton-Ribeiro-durante-uma-partida-do-Flamengo.webp\",\"datePublished\":\"2020-08-20T17:46:23+00:00\",\"dateModified\":\"2020-08-20T17:46:26+00:00\",\"author\":{\"@id\":\"https:\/\/www.gaveanews.com\/#\/schema\/person\/2ec14f73fb96be2caf28f91afb14749d\"},\"description\":\"Desde que Dom\u00e8nec Torrent chegou ao Flamengo, o meia Everton s\u00f3 n\u00e3o foi substitu\u00eddo na vit\u00f3ria diante do Coritiba.\",\"breadcrumb\":{\"@id\":\"https:\/\/www.gaveanews.com\/index.php\/2020\/08\/20\/everton-ribeiro-e-o-jogador-mais-substituido-no-inicio-da-era-domenec\/#breadcrumb\"},\"inLanguage\":\"pt-BR\",\"potentialAction\":[{\"@type\":\"ReadAction\",\"target\":[\"https:\/\/www.gaveanews.com\/index.php\/2020\/08\/20\/everton-ribeiro-e-o-jogador-mais-substituido-no-inicio-da-era-domenec\/\"]}]},{\"@type\":\"ImageObject\",\"inLanguage\":\"pt-BR\",\"@id\":\"https:\/\/www.gaveanews.com\/index.php\/2020\/08\/20\/everton-ribeiro-e-o-jogador-mais-substituido-no-inicio-da-era-domenec\/#primaryimage\",\"url\":\"https:\/\/www.gaveanews.com\/wp-content\/uploads\/Everton-Ribeiro-durante-uma-partida-do-Flamengo.webp\",\"contentUrl\":\"https:\/\/www.gaveanews.com\/wp-content\/uploads\/Everton-Ribeiro-durante-uma-partida-do-Flamengo.webp\",\"width\":900,\"height\":600,\"caption\":\"Everton Ribeiro durante uma partida do Flamengo (Foto: Alexandre Vidal\/Flamengo)\"},{\"@type\":\"BreadcrumbList\",\"@id\":\"https:\/\/www.gaveanews.com\/index.php\/2020\/08\/20\/everton-ribeiro-e-o-jogador-mais-substituido-no-inicio-da-era-domenec\/#breadcrumb\",\"itemListElement\":[{\"@type\":\"ListItem\",\"position\":1,\"name\":\"Home\",\"item\":\"https:\/\/www.gaveanews.com\/\"},{\"@type\":\"ListItem\",\"position\":2,\"name\":\"\u00c9verton Ribeiro \u00e9 o jogador mais substitu\u00eddo no in\u00edcio da Era Dom\u00e8nec\"}]},{\"@type\":\"WebSite\",\"@id\":\"https:\/\/www.gaveanews.com\/#website\",\"url\":\"https:\/\/www.gaveanews.com\/\",\"name\":\"G\u00e1vea News\",\"description\":\"Veja todas as not\u00edcias sobre o Flamengo: Contrata\u00e7\u00f5es, categorias de base, resultados das partidas, tabela de classifica\u00e7\u00e3o, pr\u00f3ximos jogos!\",\"potentialAction\":[{\"@type\":\"SearchAction\",\"target\":{\"@type\":\"EntryPoint\",\"urlTemplate\":\"https:\/\/www.gaveanews.com\/?s={search_term_string}\"},\"query-input\":{\"@type\":\"PropertyValueSpecification\",\"valueRequired\":true,\"valueName\":\"search_term_string\"}}],\"inLanguage\":\"pt-BR\"},{\"@type\":\"Person\",\"@id\":\"https:\/\/www.gaveanews.com\/#\/schema\/person\/2ec14f73fb96be2caf28f91afb14749d\",\"name\":\"Equipe G\u00e1vea News\",\"image\":{\"@type\":\"ImageObject\",\"inLanguage\":\"pt-BR\",\"@id\":\"https:\/\/www.gaveanews.com\/#\/schema\/person\/image\/\",\"url\":\"https:\/\/secure.gravatar.com\/avatar\/1e1956f1facbffd3f8fa53a326721950116b3b9dc9bd44939c01180fd4a745a9?s=96&d=mm&r=g\",\"contentUrl\":\"https:\/\/secure.gravatar.com\/avatar\/1e1956f1facbffd3f8fa53a326721950116b3b9dc9bd44939c01180fd4a745a9?s=96&d=mm&r=g\",\"caption\":\"Equipe G\u00e1vea News\"}}]}<\/script>\n<!-- \/ Yoast SEO Premium plugin. -->","yoast_head_json":{"title":"\u00c9verton Ribeiro \u00e9 o jogador mais substitu\u00eddo no in\u00edcio da Era Dom\u00e8nec","description":"Desde que Dom\u00e8nec Torrent chegou ao Flamengo, o meia Everton s\u00f3 n\u00e3o foi substitu\u00eddo na vit\u00f3ria diante do Coritiba.","robots":{"index":"index","follow":"follow","max-snippet":"max-snippet:-1","max-image-preview":"max-image-preview:large","max-video-preview":"max-video-preview:-1"},"canonical":"https:\/\/www.gaveanews.com\/index.php\/2020\/08\/20\/everton-ribeiro-e-o-jogador-mais-substituido-no-inicio-da-era-domenec\/","og_locale":"pt_BR","og_type":"article","og_title":"\u00c9verton Ribeiro \u00e9 o jogador mais substitu\u00eddo no in\u00edcio da Era Dom\u00e8nec","og_description":"Desde que Dom\u00e8nec Torrent chegou ao Flamengo, o meia Everton s\u00f3 n\u00e3o foi substitu\u00eddo na vit\u00f3ria diante do Coritiba.","og_url":"https:\/\/www.gaveanews.com\/index.php\/2020\/08\/20\/everton-ribeiro-e-o-jogador-mais-substituido-no-inicio-da-era-domenec\/","og_site_name":"G\u00e1vea News","article_publisher":"https:\/\/facebook.com\/gaveaNews\/","article_published_time":"2020-08-20T17:46:23+00:00","article_modified_time":"2020-08-20T17:46:26+00:00","og_image":[{"width":900,"height":600,"url":"https:\/\/www.gaveanews.com\/wp-content\/uploads\/Everton-Ribeiro-durante-uma-partida-do-Flamengo.webp","type":"image\/jpeg"}],"author":"Equipe G\u00e1vea News","twitter_card":"summary_large_image","twitter_misc":{"Escrito por":"Equipe G\u00e1vea News","Est. tempo de leitura":"2 minutos"},"schema":{"@context":"https:\/\/schema.org","@graph":[{"@type":"NewsArticle","@id":"https:\/\/www.gaveanews.com\/index.php\/2020\/08\/20\/everton-ribeiro-e-o-jogador-mais-substituido-no-inicio-da-era-domenec\/#article","isPartOf":{"@id":"https:\/\/www.gaveanews.com\/index.php\/2020\/08\/20\/everton-ribeiro-e-o-jogador-mais-substituido-no-inicio-da-era-domenec\/"},"author":{"name":"Equipe G\u00e1vea News","@id":"https:\/\/www.gaveanews.com\/#\/schema\/person\/2ec14f73fb96be2caf28f91afb14749d"},"headline":"\u00c9verton Ribeiro \u00e9 o jogador mais substitu\u00eddo no in\u00edcio da Era Dom\u00e8nec","datePublished":"2020-08-20T17:46:23+00:00","dateModified":"2020-08-20T17:46:26+00:00","mainEntityOfPage":{"@id":"https:\/\/www.gaveanews.com\/index.php\/2020\/08\/20\/everton-ribeiro-e-o-jogador-mais-substituido-no-inicio-da-era-domenec\/"},"wordCount":394,"commentCount":18,"image":{"@id":"https:\/\/www.gaveanews.com\/index.php\/2020\/08\/20\/everton-ribeiro-e-o-jogador-mais-substituido-no-inicio-da-era-domenec\/#primaryimage"},"thumbnailUrl":"https:\/\/www.gaveanews.com\/wp-content\/uploads\/Everton-Ribeiro-durante-uma-partida-do-Flamengo.webp","articleSection":["Destaques"],"inLanguage":"pt-BR","potentialAction":[{"@type":"CommentAction","name":"Comment","target":["https:\/\/www.gaveanews.com\/index.php\/2020\/08\/20\/everton-ribeiro-e-o-jogador-mais-substituido-no-inicio-da-era-domenec\/#respond"]}],"copyrightYear":"2020","copyrightHolder":{"@id":"https:\/\/www.gaveanews.com\/#organization"}},{"@type":"WebPage","@id":"https:\/\/www.gaveanews.com\/index.php\/2020\/08\/20\/everton-ribeiro-e-o-jogador-mais-substituido-no-inicio-da-era-domenec\/","url":"https:\/\/www.gaveanews.com\/index.php\/2020\/08\/20\/everton-ribeiro-e-o-jogador-mais-substituido-no-inicio-da-era-domenec\/","name":"\u00c9verton Ribeiro \u00e9 o jogador mais substitu\u00eddo no in\u00edcio da Era Dom\u00e8nec","isPartOf":{"@id":"https:\/\/www.gaveanews.com\/#website"},"primaryImageOfPage":{"@id":"https:\/\/www.gaveanews.com\/index.php\/2020\/08\/20\/everton-ribeiro-e-o-jogador-mais-substituido-no-inicio-da-era-domenec\/#primaryimage"},"image":{"@id":"https:\/\/www.gaveanews.com\/index.php\/2020\/08\/20\/everton-ribeiro-e-o-jogador-mais-substituido-no-inicio-da-era-domenec\/#primaryimage"},"thumbnailUrl":"https:\/\/www.gaveanews.com\/wp-content\/uploads\/Everton-Ribeiro-durante-uma-partida-do-Flamengo.webp","datePublished":"2020-08-20T17:46:23+00:00","dateModified":"2020-08-20T17:46:26+00:00","author":{"@id":"https:\/\/www.gaveanews.com\/#\/schema\/person\/2ec14f73fb96be2caf28f91afb14749d"},"description":"Desde que Dom\u00e8nec Torrent chegou ao Flamengo, o meia Everton s\u00f3 n\u00e3o foi substitu\u00eddo na vit\u00f3ria diante do Coritiba.","breadcrumb":{"@id":"https:\/\/www.gaveanews.com\/index.php\/2020\/08\/20\/everton-ribeiro-e-o-jogador-mais-substituido-no-inicio-da-era-domenec\/#breadcrumb"},"inLanguage":"pt-BR","potentialAction":[{"@type":"ReadAction","target":["https:\/\/www.gaveanews.com\/index.php\/2020\/08\/20\/everton-ribeiro-e-o-jogador-mais-substituido-no-inicio-da-era-domenec\/"]}]},{"@type":"ImageObject","inLanguage":"pt-BR","@id":"https:\/\/www.gaveanews.com\/index.php\/2020\/08\/20\/everton-ribeiro-e-o-jogador-mais-substituido-no-inicio-da-era-domenec\/#primaryimage","url":"https:\/\/www.gaveanews.com\/wp-content\/uploads\/Everton-Ribeiro-durante-uma-partida-do-Flamengo.webp","contentUrl":"https:\/\/www.gaveanews.com\/wp-content\/uploads\/Everton-Ribeiro-durante-uma-partida-do-Flamengo.webp","width":900,"height":600,"caption":"Everton Ribeiro durante uma partida do Flamengo (Foto: Alexandre Vidal\/Flamengo)"},{"@type":"BreadcrumbList","@id":"https:\/\/www.gaveanews.com\/index.php\/2020\/08\/20\/everton-ribeiro-e-o-jogador-mais-substituido-no-inicio-da-era-domenec\/#breadcrumb","itemListElement":[{"@type":"ListItem","position":1,"name":"Home","item":"https:\/\/www.gaveanews.com\/"},{"@type":"ListItem","position":2,"name":"\u00c9verton Ribeiro \u00e9 o jogador mais substitu\u00eddo no in\u00edcio da Era Dom\u00e8nec"}]},{"@type":"WebSite","@id":"https:\/\/www.gaveanews.com\/#website","url":"https:\/\/www.gaveanews.com\/","name":"G\u00e1vea News","description":"Veja todas as not\u00edcias sobre o Flamengo: Contrata\u00e7\u00f5es, categorias de base, resultados das partidas, tabela de classifica\u00e7\u00e3o, pr\u00f3ximos jogos!","potentialAction":[{"@type":"SearchAction","target":{"@type":"EntryPoint","urlTemplate":"https:\/\/www.gaveanews.com\/?s={search_term_string}"},"query-input":{"@type":"PropertyValueSpecification","valueRequired":true,"valueName":"search_term_string"}}],"inLanguage":"pt-BR"},{"@type":"Person","@id":"https:\/\/www.gaveanews.com\/#\/schema\/person\/2ec14f73fb96be2caf28f91afb14749d","name":"Equipe G\u00e1vea News","image":{"@type":"ImageObject","inLanguage":"pt-BR","@id":"https:\/\/www.gaveanews.com\/#\/schema\/person\/image\/","url":"https:\/\/secure.gravatar.com\/avatar\/1e1956f1facbffd3f8fa53a326721950116b3b9dc9bd44939c01180fd4a745a9?s=96&d=mm&r=g","contentUrl":"https:\/\/secure.gravatar.com\/avatar\/1e1956f1facbffd3f8fa53a326721950116b3b9dc9bd44939c01180fd4a745a9?s=96&d=mm&r=g","caption":"Equipe G\u00e1vea News"}}]}},"_links":{"self":[{"href":"https:\/\/www.gaveanews.com\/index.php\/wp-json\/wp\/v2\/posts\/45984","targetHints":{"allow":["GET"]}}],"collection":[{"href":"https:\/\/www.gaveanews.com\/index.php\/wp-json\/wp\/v2\/posts"}],"about":[{"href":"https:\/\/www.gaveanews.com\/index.php\/wp-json\/wp\/v2\/types\/post"}],"author":[{"embeddable":true,"href":"https:\/\/www.gaveanews.com\/index.php\/wp-json\/wp\/v2\/users\/1"}],"replies":[{"embeddable":true,"href":"https:\/\/www.gaveanews.com\/index.php\/wp-json\/wp\/v2\/comments?post=45984"}],"version-history":[{"count":0,"href":"https:\/\/www.gaveanews.com\/index.php\/wp-json\/wp\/v2\/posts\/45984\/revisions"}],"wp:featuredmedia":[{"embeddable":true,"href":"https:\/\/www.gaveanews.com\/index.php\/wp-json\/wp\/v2\/media\/28903"}],"wp:attachment":[{"href":"https:\/\/www.gaveanews.com\/index.php\/wp-json\/wp\/v2\/media?parent=45984"}],"wp:term":[{"taxonomy":"category","embeddable":true,"href":"https:\/\/www.gaveanews.com\/index.php\/wp-json\/wp\/v2\/categories?post=45984"},{"taxonomy":"post_tag","embeddable":true,"href":"https:\/\/www.gaveanews.com\/index.php\/wp-json\/wp\/v2\/tags?post=45984"}],"curies":[{"name":"wp","href":"https:\/\/api.w.org\/{rel}","templated":true}]}}