{"id":45991,"date":"2020-08-20T18:16:58","date_gmt":"2020-08-20T21:16:58","guid":{"rendered":"https:\/\/www.gaveanews.com\/?p=45991"},"modified":"2020-08-20T18:17:00","modified_gmt":"2020-08-20T21:17:00","slug":"cbf-marca-inicio-dos-estaduais-quatro-dias-apos-fim-do-brasileirao","status":"publish","type":"post","link":"https:\/\/www.gaveanews.com\/index.php\/2020\/08\/20\/cbf-marca-inicio-dos-estaduais-quatro-dias-apos-fim-do-brasileirao\/","title":{"rendered":"CBF marca in\u00edcio dos estaduais quatro dias ap\u00f3s fim do Brasileir\u00e3o"},"content":{"rendered":"\n<p>O calend\u00e1rio do futebol profissional brasileiro para a temporada de 2021 j\u00e1 est\u00e1 previamente preenchido. A Confedera\u00e7\u00e3o Brasileira de Futebol (CBF) divulgou, na noite de quarta-feira, as datas previstas para as competi\u00e7\u00f5es nacionais e estaduais ao longo do pr\u00f3ximo ano, com bola rolando de 28 de fevereiro a 5 de dezembro.<\/p>\n\n\n\n<p>A principal novidade fica por conta da continua\u00e7\u00e3o de todas as s\u00e9ries do Campeonato Brasileiro e da Copa do Brasil mesmo em meio \u00e0 disputa das eliminat\u00f3rias da Copa do Mundo de 2022, no Catar, e da Copa Am\u00e9rica, que ser\u00e1 realizada na Argentina e na Col\u00f4mbia, a partir de junho.<\/p>\n\n\n\n<p>Os campeonatos estaduais, por exemplo, come\u00e7ar\u00e3o em 28 de fevereiro, com disputa em at\u00e9 16 datas, mesmo n\u00famero deste ano. Os times que atualmente disputam a S\u00e9rie A do Brasileiro n\u00e3o ter\u00e3o tempo de prepara\u00e7\u00e3o para seus respectivos estaduais, j\u00e1 que o principal torneio nacional acaba em 24 de fevereiro, apenas quatro dias antes da primeira rodada dos estaduais de 2021.<\/p>\n\n\n\n<p>Ainda de acordo com o documento da CBF, as competi\u00e7\u00f5es estaduais acabam no dia 23 de maio. A Supercopa do Brasil, que voltou a ser disputada neste ano em jogo \u00fanico, tem data prevista para 10 de mar\u00e7o, mesmo dia em que se d\u00e1 in\u00edcio \u00e0 Copa do Brasil.<\/p>\n\n\n\n<p>As eliminat\u00f3rias para a Copa do Mundo do Catar ter\u00e3o dez datas divididas em cinco per\u00edodos, de 25 de mar\u00e7o a 16 de novembro, sem, no entanto, haver choque de datas com as competi\u00e7\u00f5es nacionais. A Copa Am\u00e9rica, no entanto, que vai ser disputada de 11 de junho a 11 de julho, ocorrer\u00e1 simultaneamente com as principais competi\u00e7\u00f5es do Brasil.<\/p>\n\n\n\n<p>Por fim, todas as s\u00e9ries do Campeonato Brasileiro t\u00eam in\u00edcio previsto para o \u00faltimo fim de semana de maio: a S\u00e9rie B come\u00e7a no dia 29, e as S\u00e9ries A, C e D no dia 30. A elite do Brasileir\u00e3o, inclusive, \u00e9 a competi\u00e7\u00e3o que finda o calend\u00e1rio nacional, no dia 5 de dezembro.<\/p>\n\n\n\n<p><strong>Tr\u00eas detalhes importantes que valem destaque:<\/strong><\/p>\n\n\n\n<p>&#8211; Contando com um controle da pandemia do novo coronav\u00edrus, o Campeonato Brasileiro (de todas as s\u00e9ries) e a Copa do Brasil voltam a acontecer nos per\u00edodos em que normalmente vinham acontecendo nos \u00faltimos anos;<\/p>\n\n\n\n<p>&#8211; As datas das competi\u00e7\u00f5es continentais: Recopa Sul-Americana, Copa Libertadores da Am\u00e9rica, e Copa Sul-Americana s\u00f3 ser\u00e3o divulgadas posteriormente pela Confedera\u00e7\u00e3o Sul-Americana de Futebol (Conmebol);<\/p>\n\n\n\n<p>&#8211; A Copa do Nordeste, que n\u00e3o costuma estar no calend\u00e1rio previamente divulgado, mais uma vez, n\u00e3o se faz presente com as suas datas.<\/p>\n\n\n\n<h2 class=\"wp-block-heading\">Calend\u00e1rio, competi\u00e7\u00e3o por competi\u00e7\u00e3o:<\/h2>\n\n\n\n<ul class=\"wp-block-list\"><li><strong>Estaduais (16 datas)<\/strong><\/li><\/ul>\n\n\n\n<p>28 de fevereiro a 23 de maio<\/p>\n\n\n\n<ul class=\"wp-block-list\"><li><strong>Supercopa do Brasil (jogo \u00fanico entre o campe\u00e3o brasileiro e o campe\u00e3o da Copa do Brasil de 2020)<\/strong><\/li><\/ul>\n\n\n\n<p>10 de mar\u00e7o<\/p>\n\n\n\n<ul class=\"wp-block-list\"><li><strong>Copa do Brasil (16 datas e oito fases)<\/strong><\/li><\/ul>\n\n\n\n<p>10 de mar\u00e7o a 27 de outubro<\/p>\n\n\n\n<ul class=\"wp-block-list\"><li><strong>Eliminat\u00f3rias (10 datas divididas em cinco per\u00edodos)<\/strong><\/li><\/ul>\n\n\n\n<p>25 de mar\u00e7o a 16 de novembro<\/p>\n\n\n\n<ul class=\"wp-block-list\"><li><strong>Copa Am\u00e9rica (31 datas)<\/strong><\/li><\/ul>\n\n\n\n<p>11 de junho a 11 de julho<\/p>\n\n\n\n<ul class=\"wp-block-list\"><li><strong>Brasileir\u00e3o S\u00e9rie A (38 datas)<\/strong><\/li><\/ul>\n\n\n\n<p>30 de maio a 5 de dezembro<\/p>\n\n\n\n<ul class=\"wp-block-list\"><li><strong>Brasileir\u00e3o S\u00e9rie B (38 datas)<\/strong><\/li><\/ul>\n\n\n\n<p>29 de maio a 27 de novembro<\/p>\n\n\n\n<ul class=\"wp-block-list\"><li><strong>Brasileir\u00e3o S\u00e9rie C (26 datas)<\/strong><\/li><\/ul>\n\n\n\n<p>30 de maio a 21 de novembro<\/p>\n\n\n\n<ul class=\"wp-block-list\"><li><strong>Brasileir\u00e3o S\u00e9rie D (26 datas)<\/strong><\/li><\/ul>\n\n\n\n<p>30 de maio a 14 de novembro<\/p>\n\n\n\n<p>Retirado de: Globo Esporte<\/p>\n","protected":false},"excerpt":{"rendered":"<p>O calend\u00e1rio do futebol profissional brasileiro para a temporada de 2021 j\u00e1 est\u00e1 previamente preenchido. A Confedera\u00e7\u00e3o Brasileira de Futebol (CBF) divulgou, na noite de quarta-feira, as datas previstas para as competi\u00e7\u00f5es nacionais e estaduais ao longo do pr\u00f3ximo ano, com bola rolando de 28 de fevereiro a 5 de dezembro. A principal novidade fica [&hellip;]<\/p>\n","protected":false},"author":1,"featured_media":15035,"comment_status":"open","ping_status":"closed","sticky":false,"template":"","format":"standard","meta":{"footnotes":""},"categories":[1],"tags":[],"class_list":["post-45991","post","type-post","status-publish","format-standard","has-post-thumbnail","hentry","category-flamengo"],"yoast_head":"<!-- This site is optimized with the Yoast SEO Premium plugin v24.2 (Yoast SEO v26.9) - https:\/\/yoast.com\/product\/yoast-seo-premium-wordpress\/ -->\n<title>CBF marca in\u00edcio dos estaduais quatro dias ap\u00f3s fim do Brasileir\u00e3o<\/title>\n<meta name=\"description\" content=\"O calend\u00e1rio do futebol profissional brasileiro para a pr\u00f3xima temporada j\u00e1 est\u00e1 previamente preenchido pela CBF.\" \/>\n<meta name=\"robots\" content=\"index, follow, max-snippet:-1, max-image-preview:large, max-video-preview:-1\" \/>\n<link rel=\"canonical\" href=\"https:\/\/www.gaveanews.com\/index.php\/2020\/08\/20\/cbf-marca-inicio-dos-estaduais-quatro-dias-apos-fim-do-brasileirao\/\" \/>\n<meta property=\"og:locale\" content=\"pt_BR\" \/>\n<meta property=\"og:type\" content=\"article\" \/>\n<meta property=\"og:title\" content=\"CBF marca in\u00edcio dos estaduais quatro dias ap\u00f3s fim do Brasileir\u00e3o\" \/>\n<meta property=\"og:description\" content=\"O calend\u00e1rio do futebol profissional brasileiro para a pr\u00f3xima temporada j\u00e1 est\u00e1 previamente preenchido pela CBF.\" \/>\n<meta property=\"og:url\" content=\"https:\/\/www.gaveanews.com\/index.php\/2020\/08\/20\/cbf-marca-inicio-dos-estaduais-quatro-dias-apos-fim-do-brasileirao\/\" \/>\n<meta property=\"og:site_name\" content=\"G\u00e1vea News\" \/>\n<meta property=\"article:publisher\" content=\"https:\/\/facebook.com\/gaveaNews\/\" \/>\n<meta property=\"article:published_time\" content=\"2020-08-20T21:16:58+00:00\" \/>\n<meta property=\"article:modified_time\" content=\"2020-08-20T21:17:00+00:00\" \/>\n<meta property=\"og:image\" content=\"https:\/\/www.gaveanews.com\/wp-content\/uploads\/2019\/03\/Taca-do-Campeonato-Brasileiro.webp\" \/>\n\t<meta property=\"og:image:width\" content=\"1\" \/>\n\t<meta property=\"og:image:height\" content=\"1\" \/>\n\t<meta property=\"og:image:type\" content=\"image\/jpeg\" \/>\n<meta name=\"author\" content=\"Equipe G\u00e1vea News\" \/>\n<meta name=\"twitter:card\" content=\"summary_large_image\" \/>\n<meta name=\"twitter:label1\" content=\"Escrito por\" \/>\n\t<meta name=\"twitter:data1\" content=\"Equipe G\u00e1vea News\" \/>\n\t<meta name=\"twitter:label2\" content=\"Est. tempo de leitura\" \/>\n\t<meta name=\"twitter:data2\" content=\"3 minutos\" \/>\n<script type=\"application\/ld+json\" class=\"yoast-schema-graph\">{\"@context\":\"https:\/\/schema.org\",\"@graph\":[{\"@type\":\"NewsArticle\",\"@id\":\"https:\/\/www.gaveanews.com\/index.php\/2020\/08\/20\/cbf-marca-inicio-dos-estaduais-quatro-dias-apos-fim-do-brasileirao\/#article\",\"isPartOf\":{\"@id\":\"https:\/\/www.gaveanews.com\/index.php\/2020\/08\/20\/cbf-marca-inicio-dos-estaduais-quatro-dias-apos-fim-do-brasileirao\/\"},\"author\":{\"name\":\"Equipe G\u00e1vea News\",\"@id\":\"https:\/\/www.gaveanews.com\/#\/schema\/person\/2ec14f73fb96be2caf28f91afb14749d\"},\"headline\":\"CBF marca in\u00edcio dos estaduais quatro dias ap\u00f3s fim do Brasileir\u00e3o\",\"datePublished\":\"2020-08-20T21:16:58+00:00\",\"dateModified\":\"2020-08-20T21:17:00+00:00\",\"mainEntityOfPage\":{\"@id\":\"https:\/\/www.gaveanews.com\/index.php\/2020\/08\/20\/cbf-marca-inicio-dos-estaduais-quatro-dias-apos-fim-do-brasileirao\/\"},\"wordCount\":576,\"commentCount\":0,\"image\":{\"@id\":\"https:\/\/www.gaveanews.com\/index.php\/2020\/08\/20\/cbf-marca-inicio-dos-estaduais-quatro-dias-apos-fim-do-brasileirao\/#primaryimage\"},\"thumbnailUrl\":\"https:\/\/www.gaveanews.com\/wp-content\/uploads\/2019\/03\/Taca-do-Campeonato-Brasileiro.webp\",\"articleSection\":[\"Flamengo\"],\"inLanguage\":\"pt-BR\",\"potentialAction\":[{\"@type\":\"CommentAction\",\"name\":\"Comment\",\"target\":[\"https:\/\/www.gaveanews.com\/index.php\/2020\/08\/20\/cbf-marca-inicio-dos-estaduais-quatro-dias-apos-fim-do-brasileirao\/#respond\"]}],\"copyrightYear\":\"2020\",\"copyrightHolder\":{\"@id\":\"https:\/\/www.gaveanews.com\/#organization\"}},{\"@type\":\"WebPage\",\"@id\":\"https:\/\/www.gaveanews.com\/index.php\/2020\/08\/20\/cbf-marca-inicio-dos-estaduais-quatro-dias-apos-fim-do-brasileirao\/\",\"url\":\"https:\/\/www.gaveanews.com\/index.php\/2020\/08\/20\/cbf-marca-inicio-dos-estaduais-quatro-dias-apos-fim-do-brasileirao\/\",\"name\":\"CBF marca in\u00edcio dos estaduais quatro dias ap\u00f3s fim do Brasileir\u00e3o\",\"isPartOf\":{\"@id\":\"https:\/\/www.gaveanews.com\/#website\"},\"primaryImageOfPage\":{\"@id\":\"https:\/\/www.gaveanews.com\/index.php\/2020\/08\/20\/cbf-marca-inicio-dos-estaduais-quatro-dias-apos-fim-do-brasileirao\/#primaryimage\"},\"image\":{\"@id\":\"https:\/\/www.gaveanews.com\/index.php\/2020\/08\/20\/cbf-marca-inicio-dos-estaduais-quatro-dias-apos-fim-do-brasileirao\/#primaryimage\"},\"thumbnailUrl\":\"https:\/\/www.gaveanews.com\/wp-content\/uploads\/2019\/03\/Taca-do-Campeonato-Brasileiro.webp\",\"datePublished\":\"2020-08-20T21:16:58+00:00\",\"dateModified\":\"2020-08-20T21:17:00+00:00\",\"author\":{\"@id\":\"https:\/\/www.gaveanews.com\/#\/schema\/person\/2ec14f73fb96be2caf28f91afb14749d\"},\"description\":\"O calend\u00e1rio do futebol profissional brasileiro para a pr\u00f3xima temporada j\u00e1 est\u00e1 previamente preenchido pela CBF.\",\"breadcrumb\":{\"@id\":\"https:\/\/www.gaveanews.com\/index.php\/2020\/08\/20\/cbf-marca-inicio-dos-estaduais-quatro-dias-apos-fim-do-brasileirao\/#breadcrumb\"},\"inLanguage\":\"pt-BR\",\"potentialAction\":[{\"@type\":\"ReadAction\",\"target\":[\"https:\/\/www.gaveanews.com\/index.php\/2020\/08\/20\/cbf-marca-inicio-dos-estaduais-quatro-dias-apos-fim-do-brasileirao\/\"]}]},{\"@type\":\"ImageObject\",\"inLanguage\":\"pt-BR\",\"@id\":\"https:\/\/www.gaveanews.com\/index.php\/2020\/08\/20\/cbf-marca-inicio-dos-estaduais-quatro-dias-apos-fim-do-brasileirao\/#primaryimage\",\"url\":\"https:\/\/www.gaveanews.com\/wp-content\/uploads\/2019\/03\/Taca-do-Campeonato-Brasileiro.webp\",\"contentUrl\":\"https:\/\/www.gaveanews.com\/wp-content\/uploads\/2019\/03\/Taca-do-Campeonato-Brasileiro.webp\",\"caption\":\"Ta\u00e7a do Campeonato Brasileiro (Foto: Rafael Ribeiro\/CBF)\"},{\"@type\":\"BreadcrumbList\",\"@id\":\"https:\/\/www.gaveanews.com\/index.php\/2020\/08\/20\/cbf-marca-inicio-dos-estaduais-quatro-dias-apos-fim-do-brasileirao\/#breadcrumb\",\"itemListElement\":[{\"@type\":\"ListItem\",\"position\":1,\"name\":\"Home\",\"item\":\"https:\/\/www.gaveanews.com\/\"},{\"@type\":\"ListItem\",\"position\":2,\"name\":\"CBF marca in\u00edcio dos estaduais quatro dias ap\u00f3s fim do Brasileir\u00e3o\"}]},{\"@type\":\"WebSite\",\"@id\":\"https:\/\/www.gaveanews.com\/#website\",\"url\":\"https:\/\/www.gaveanews.com\/\",\"name\":\"G\u00e1vea News\",\"description\":\"Veja todas as not\u00edcias sobre o Flamengo: Contrata\u00e7\u00f5es, categorias de base, resultados das partidas, tabela de classifica\u00e7\u00e3o, pr\u00f3ximos jogos!\",\"potentialAction\":[{\"@type\":\"SearchAction\",\"target\":{\"@type\":\"EntryPoint\",\"urlTemplate\":\"https:\/\/www.gaveanews.com\/?s={search_term_string}\"},\"query-input\":{\"@type\":\"PropertyValueSpecification\",\"valueRequired\":true,\"valueName\":\"search_term_string\"}}],\"inLanguage\":\"pt-BR\"},{\"@type\":\"Person\",\"@id\":\"https:\/\/www.gaveanews.com\/#\/schema\/person\/2ec14f73fb96be2caf28f91afb14749d\",\"name\":\"Equipe G\u00e1vea News\",\"image\":{\"@type\":\"ImageObject\",\"inLanguage\":\"pt-BR\",\"@id\":\"https:\/\/www.gaveanews.com\/#\/schema\/person\/image\/\",\"url\":\"https:\/\/secure.gravatar.com\/avatar\/1e1956f1facbffd3f8fa53a326721950116b3b9dc9bd44939c01180fd4a745a9?s=96&d=mm&r=g\",\"contentUrl\":\"https:\/\/secure.gravatar.com\/avatar\/1e1956f1facbffd3f8fa53a326721950116b3b9dc9bd44939c01180fd4a745a9?s=96&d=mm&r=g\",\"caption\":\"Equipe G\u00e1vea News\"}}]}<\/script>\n<!-- \/ Yoast SEO Premium plugin. -->","yoast_head_json":{"title":"CBF marca in\u00edcio dos estaduais quatro dias ap\u00f3s fim do Brasileir\u00e3o","description":"O calend\u00e1rio do futebol profissional brasileiro para a pr\u00f3xima temporada j\u00e1 est\u00e1 previamente preenchido pela CBF.","robots":{"index":"index","follow":"follow","max-snippet":"max-snippet:-1","max-image-preview":"max-image-preview:large","max-video-preview":"max-video-preview:-1"},"canonical":"https:\/\/www.gaveanews.com\/index.php\/2020\/08\/20\/cbf-marca-inicio-dos-estaduais-quatro-dias-apos-fim-do-brasileirao\/","og_locale":"pt_BR","og_type":"article","og_title":"CBF marca in\u00edcio dos estaduais quatro dias ap\u00f3s fim do Brasileir\u00e3o","og_description":"O calend\u00e1rio do futebol profissional brasileiro para a pr\u00f3xima temporada j\u00e1 est\u00e1 previamente preenchido pela CBF.","og_url":"https:\/\/www.gaveanews.com\/index.php\/2020\/08\/20\/cbf-marca-inicio-dos-estaduais-quatro-dias-apos-fim-do-brasileirao\/","og_site_name":"G\u00e1vea News","article_publisher":"https:\/\/facebook.com\/gaveaNews\/","article_published_time":"2020-08-20T21:16:58+00:00","article_modified_time":"2020-08-20T21:17:00+00:00","og_image":[{"url":"https:\/\/www.gaveanews.com\/wp-content\/uploads\/2019\/03\/Taca-do-Campeonato-Brasileiro.webp","width":1,"height":1,"type":"image\/jpeg"}],"author":"Equipe G\u00e1vea News","twitter_card":"summary_large_image","twitter_misc":{"Escrito por":"Equipe G\u00e1vea News","Est. tempo de leitura":"3 minutos"},"schema":{"@context":"https:\/\/schema.org","@graph":[{"@type":"NewsArticle","@id":"https:\/\/www.gaveanews.com\/index.php\/2020\/08\/20\/cbf-marca-inicio-dos-estaduais-quatro-dias-apos-fim-do-brasileirao\/#article","isPartOf":{"@id":"https:\/\/www.gaveanews.com\/index.php\/2020\/08\/20\/cbf-marca-inicio-dos-estaduais-quatro-dias-apos-fim-do-brasileirao\/"},"author":{"name":"Equipe G\u00e1vea News","@id":"https:\/\/www.gaveanews.com\/#\/schema\/person\/2ec14f73fb96be2caf28f91afb14749d"},"headline":"CBF marca in\u00edcio dos estaduais quatro dias ap\u00f3s fim do Brasileir\u00e3o","datePublished":"2020-08-20T21:16:58+00:00","dateModified":"2020-08-20T21:17:00+00:00","mainEntityOfPage":{"@id":"https:\/\/www.gaveanews.com\/index.php\/2020\/08\/20\/cbf-marca-inicio-dos-estaduais-quatro-dias-apos-fim-do-brasileirao\/"},"wordCount":576,"commentCount":0,"image":{"@id":"https:\/\/www.gaveanews.com\/index.php\/2020\/08\/20\/cbf-marca-inicio-dos-estaduais-quatro-dias-apos-fim-do-brasileirao\/#primaryimage"},"thumbnailUrl":"https:\/\/www.gaveanews.com\/wp-content\/uploads\/2019\/03\/Taca-do-Campeonato-Brasileiro.webp","articleSection":["Flamengo"],"inLanguage":"pt-BR","potentialAction":[{"@type":"CommentAction","name":"Comment","target":["https:\/\/www.gaveanews.com\/index.php\/2020\/08\/20\/cbf-marca-inicio-dos-estaduais-quatro-dias-apos-fim-do-brasileirao\/#respond"]}],"copyrightYear":"2020","copyrightHolder":{"@id":"https:\/\/www.gaveanews.com\/#organization"}},{"@type":"WebPage","@id":"https:\/\/www.gaveanews.com\/index.php\/2020\/08\/20\/cbf-marca-inicio-dos-estaduais-quatro-dias-apos-fim-do-brasileirao\/","url":"https:\/\/www.gaveanews.com\/index.php\/2020\/08\/20\/cbf-marca-inicio-dos-estaduais-quatro-dias-apos-fim-do-brasileirao\/","name":"CBF marca in\u00edcio dos estaduais quatro dias ap\u00f3s fim do Brasileir\u00e3o","isPartOf":{"@id":"https:\/\/www.gaveanews.com\/#website"},"primaryImageOfPage":{"@id":"https:\/\/www.gaveanews.com\/index.php\/2020\/08\/20\/cbf-marca-inicio-dos-estaduais-quatro-dias-apos-fim-do-brasileirao\/#primaryimage"},"image":{"@id":"https:\/\/www.gaveanews.com\/index.php\/2020\/08\/20\/cbf-marca-inicio-dos-estaduais-quatro-dias-apos-fim-do-brasileirao\/#primaryimage"},"thumbnailUrl":"https:\/\/www.gaveanews.com\/wp-content\/uploads\/2019\/03\/Taca-do-Campeonato-Brasileiro.webp","datePublished":"2020-08-20T21:16:58+00:00","dateModified":"2020-08-20T21:17:00+00:00","author":{"@id":"https:\/\/www.gaveanews.com\/#\/schema\/person\/2ec14f73fb96be2caf28f91afb14749d"},"description":"O calend\u00e1rio do futebol profissional brasileiro para a pr\u00f3xima temporada j\u00e1 est\u00e1 previamente preenchido pela CBF.","breadcrumb":{"@id":"https:\/\/www.gaveanews.com\/index.php\/2020\/08\/20\/cbf-marca-inicio-dos-estaduais-quatro-dias-apos-fim-do-brasileirao\/#breadcrumb"},"inLanguage":"pt-BR","potentialAction":[{"@type":"ReadAction","target":["https:\/\/www.gaveanews.com\/index.php\/2020\/08\/20\/cbf-marca-inicio-dos-estaduais-quatro-dias-apos-fim-do-brasileirao\/"]}]},{"@type":"ImageObject","inLanguage":"pt-BR","@id":"https:\/\/www.gaveanews.com\/index.php\/2020\/08\/20\/cbf-marca-inicio-dos-estaduais-quatro-dias-apos-fim-do-brasileirao\/#primaryimage","url":"https:\/\/www.gaveanews.com\/wp-content\/uploads\/2019\/03\/Taca-do-Campeonato-Brasileiro.webp","contentUrl":"https:\/\/www.gaveanews.com\/wp-content\/uploads\/2019\/03\/Taca-do-Campeonato-Brasileiro.webp","caption":"Ta\u00e7a do Campeonato Brasileiro (Foto: Rafael Ribeiro\/CBF)"},{"@type":"BreadcrumbList","@id":"https:\/\/www.gaveanews.com\/index.php\/2020\/08\/20\/cbf-marca-inicio-dos-estaduais-quatro-dias-apos-fim-do-brasileirao\/#breadcrumb","itemListElement":[{"@type":"ListItem","position":1,"name":"Home","item":"https:\/\/www.gaveanews.com\/"},{"@type":"ListItem","position":2,"name":"CBF marca in\u00edcio dos estaduais quatro dias ap\u00f3s fim do Brasileir\u00e3o"}]},{"@type":"WebSite","@id":"https:\/\/www.gaveanews.com\/#website","url":"https:\/\/www.gaveanews.com\/","name":"G\u00e1vea News","description":"Veja todas as not\u00edcias sobre o Flamengo: Contrata\u00e7\u00f5es, categorias de base, resultados das partidas, tabela de classifica\u00e7\u00e3o, pr\u00f3ximos jogos!","potentialAction":[{"@type":"SearchAction","target":{"@type":"EntryPoint","urlTemplate":"https:\/\/www.gaveanews.com\/?s={search_term_string}"},"query-input":{"@type":"PropertyValueSpecification","valueRequired":true,"valueName":"search_term_string"}}],"inLanguage":"pt-BR"},{"@type":"Person","@id":"https:\/\/www.gaveanews.com\/#\/schema\/person\/2ec14f73fb96be2caf28f91afb14749d","name":"Equipe G\u00e1vea News","image":{"@type":"ImageObject","inLanguage":"pt-BR","@id":"https:\/\/www.gaveanews.com\/#\/schema\/person\/image\/","url":"https:\/\/secure.gravatar.com\/avatar\/1e1956f1facbffd3f8fa53a326721950116b3b9dc9bd44939c01180fd4a745a9?s=96&d=mm&r=g","contentUrl":"https:\/\/secure.gravatar.com\/avatar\/1e1956f1facbffd3f8fa53a326721950116b3b9dc9bd44939c01180fd4a745a9?s=96&d=mm&r=g","caption":"Equipe G\u00e1vea News"}}]}},"_links":{"self":[{"href":"https:\/\/www.gaveanews.com\/index.php\/wp-json\/wp\/v2\/posts\/45991","targetHints":{"allow":["GET"]}}],"collection":[{"href":"https:\/\/www.gaveanews.com\/index.php\/wp-json\/wp\/v2\/posts"}],"about":[{"href":"https:\/\/www.gaveanews.com\/index.php\/wp-json\/wp\/v2\/types\/post"}],"author":[{"embeddable":true,"href":"https:\/\/www.gaveanews.com\/index.php\/wp-json\/wp\/v2\/users\/1"}],"replies":[{"embeddable":true,"href":"https:\/\/www.gaveanews.com\/index.php\/wp-json\/wp\/v2\/comments?post=45991"}],"version-history":[{"count":0,"href":"https:\/\/www.gaveanews.com\/index.php\/wp-json\/wp\/v2\/posts\/45991\/revisions"}],"wp:featuredmedia":[{"embeddable":true,"href":"https:\/\/www.gaveanews.com\/index.php\/wp-json\/wp\/v2\/media\/15035"}],"wp:attachment":[{"href":"https:\/\/www.gaveanews.com\/index.php\/wp-json\/wp\/v2\/media?parent=45991"}],"wp:term":[{"taxonomy":"category","embeddable":true,"href":"https:\/\/www.gaveanews.com\/index.php\/wp-json\/wp\/v2\/categories?post=45991"},{"taxonomy":"post_tag","embeddable":true,"href":"https:\/\/www.gaveanews.com\/index.php\/wp-json\/wp\/v2\/tags?post=45991"}],"curies":[{"name":"wp","href":"https:\/\/api.w.org\/{rel}","templated":true}]}}