{"id":45999,"date":"2020-08-20T22:34:32","date_gmt":"2020-08-21T01:34:32","guid":{"rendered":"https:\/\/www.gaveanews.com\/?p=45999"},"modified":"2020-08-20T22:34:37","modified_gmt":"2020-08-21T01:34:37","slug":"devido-ao-flamengo-piloto-personalizara-o-seu-carro-na-corrida-do-milhao-veja-foto","status":"publish","type":"post","link":"https:\/\/www.gaveanews.com\/index.php\/2020\/08\/20\/devido-ao-flamengo-piloto-personalizara-o-seu-carro-na-corrida-do-milhao-veja-foto\/","title":{"rendered":"Devido ao Flamengo, piloto personalizar\u00e1 o seu carro na Corrida do Milh\u00e3o; veja foto"},"content":{"rendered":"\n<p>Mais importante prova do automobilismo nacional, a Corrida do Milh\u00e3o, que reunir\u00e1 as estrelas da Stock Car, neste final de semana, em Interlagos, ter\u00e1 em seu grid um carro com as cores do clube de maior torcida do Brasil: o Flamengo. O piloto brasiliense Pedro Cardoso ostentar\u00e1 em seu carro o vermelho e o preto, apoiando o projeto #NACAOBRBFLA, do Banco BRB, parceiro master do clube.<\/p>\n\n\n\n<p>Mais jovem no grid da principal categoria do automobilismo nacional, com 21 anos, Cardoso disputar\u00e1 pela segunda vez a Corrida do Milh\u00e3o, que neste ano ter\u00e1 o pr\u00eamio voltado para a\u00e7\u00f5es sociais.<\/p>\n\n\n\n<p>A prova milion\u00e1ria ser\u00e1 disputada no domingo (23), valendo pela terceira etapa do campeonato \u2013 no s\u00e1bado, o torneio realiza a segunda etapa da temporada 2020. As duas corridas ter\u00e3o dura\u00e7\u00e3o de 40 minutos mais uma volta.<\/p>\n\n\n\n<figure class=\"wp-block-image size-large\"><img decoding=\"async\" src=\"https:\/\/colunadofla.com\/wp-content\/uploads\/2020\/08\/carro-stock-car-brb-flamengo-1280x720.webp\" alt=\"\"\/><figcaption>Carro personalizado em vermelho e preto<\/figcaption><\/figure>\n\n\n\n<p>\u201cEssa ser\u00e1 a minha segunda vez disputando a Corrida do Milh\u00e3o, que \u00e9 o principal fim de semana da Stock Car, e poder homenagear as cores do Flamengo em uma prova t\u00e3o importante \u00e9 uma honra, o sonho de todo esportista. Tenho certeza de que a torcida do atual campe\u00e3o brasileiro e da Libertadores me ajudar\u00e1 a ser um dos destaques do fim de semana\u201d, comemorou Pedro, que faz a sua segunda temporada na elite do automobilismo brasileiro.<\/p>\n\n\n\n<p>O presidente do Flamengo, Rodolfo Landim, destacou a homenagem do BRB. \u201cFicamos muito felizes em recebermos esta homenagem do nosso parceiro. O carro ficou muito bonito com nossas cores\u201d, disse o mandat\u00e1rio do Mais Querido.<\/p>\n\n\n\n<p>A a\u00e7\u00e3o foi uma iniciativa do Banco BRB, que utilizar\u00e1 as provas deste final de semana para divulgar o rec\u00e9m-criado banco digital NacaoBRBFla. \u201cEstamos trabalhando na divulga\u00e7\u00e3o do nosso banco digital, que acaba de ser lan\u00e7ado e j\u00e1 \u00e9 um sucesso. Poder unir o projeto com o Flamengo ao automobilismo e ao piloto brasiliense Pedro Cardoso \u00e9 motivo de orgulho para n\u00f3s\u201d, afirma o presidente do BRB, Paulo Henrique Costa.<\/p>\n\n\n\n<p>O carro #43 da equipe R Mattheis Motorsport, que tem sede no Rio de Janeiro, deixar\u00e1 as cores azul e branca e passar\u00e1 a ser preto e vermelho neste fim de semana com etapa dupla.<\/p>\n\n\n\n<p>\u201cHomenagear o Flamengo nas pistas ser\u00e1 um motivo de orgulho na hist\u00f3ria de nossa equipe. O carro ficou com um visual incr\u00edvel e acho que at\u00e9 mesmo nossos rivais nas pistas v\u00e3o torcer para que a Na\u00e7\u00e3o Rubro-Negra seja bem representada neste final de semana, tanto na etapa de s\u00e1bado, quanto no domingo, com a Corrida do Milh\u00e3o Solid\u00e1rio\u201d, disse Rodolpho Mattheis, chefe da equipe.<\/p>\n\n\n\n<p>Retirado de: Site Oficial do Flamengo<\/p>\n","protected":false},"excerpt":{"rendered":"<p>Mais importante prova do automobilismo nacional, a Corrida do Milh\u00e3o, que reunir\u00e1 as estrelas da Stock Car, neste final de semana, em Interlagos, ter\u00e1 em seu grid um carro com as cores do clube de maior torcida do Brasil: o Flamengo. O piloto brasiliense Pedro Cardoso ostentar\u00e1 em seu carro o vermelho e o preto, [&hellip;]<\/p>\n","protected":false},"author":1,"featured_media":15081,"comment_status":"open","ping_status":"closed","sticky":false,"template":"","format":"standard","meta":{"footnotes":""},"categories":[1],"tags":[],"class_list":["post-45999","post","type-post","status-publish","format-standard","has-post-thumbnail","hentry","category-flamengo"],"yoast_head":"<!-- This site is optimized with the Yoast SEO Premium plugin v24.2 (Yoast SEO v26.9) - https:\/\/yoast.com\/product\/yoast-seo-premium-wordpress\/ -->\n<title>Devido ao Flamengo, piloto personalizar\u00e1 o seu carro na Corrida do Milh\u00e3o<\/title>\n<meta name=\"description\" content=\"O carro deixar\u00e1 as cores azul e branca e passar\u00e1 a ser preto e vermelho neste fim de semana com etapa dupla.\" \/>\n<meta name=\"robots\" content=\"index, follow, max-snippet:-1, max-image-preview:large, max-video-preview:-1\" \/>\n<link rel=\"canonical\" href=\"https:\/\/www.gaveanews.com\/index.php\/2020\/08\/20\/devido-ao-flamengo-piloto-personalizara-o-seu-carro-na-corrida-do-milhao-veja-foto\/\" \/>\n<meta property=\"og:locale\" content=\"pt_BR\" \/>\n<meta property=\"og:type\" content=\"article\" \/>\n<meta property=\"og:title\" content=\"Devido ao Flamengo, piloto personalizar\u00e1 o seu carro na Corrida do Milh\u00e3o; veja foto\" \/>\n<meta property=\"og:description\" content=\"O carro deixar\u00e1 as cores azul e branca e passar\u00e1 a ser preto e vermelho neste fim de semana com etapa dupla.\" \/>\n<meta property=\"og:url\" content=\"https:\/\/www.gaveanews.com\/index.php\/2020\/08\/20\/devido-ao-flamengo-piloto-personalizara-o-seu-carro-na-corrida-do-milhao-veja-foto\/\" \/>\n<meta property=\"og:site_name\" content=\"G\u00e1vea News\" \/>\n<meta property=\"article:publisher\" content=\"https:\/\/facebook.com\/gaveaNews\/\" \/>\n<meta property=\"article:published_time\" content=\"2020-08-21T01:34:32+00:00\" \/>\n<meta property=\"article:modified_time\" content=\"2020-08-21T01:34:37+00:00\" \/>\n<meta property=\"og:image\" content=\"https:\/\/www.gaveanews.com\/wp-content\/uploads\/2019\/03\/Escudo-do-Flamengo-e-exposto-proximo-a-um-dos-gols-no-gramado-do-Maracana.webp\" \/>\n\t<meta property=\"og:image:width\" content=\"1\" \/>\n\t<meta property=\"og:image:height\" content=\"1\" \/>\n\t<meta property=\"og:image:type\" content=\"image\/jpeg\" \/>\n<meta name=\"author\" content=\"Equipe G\u00e1vea News\" \/>\n<meta name=\"twitter:card\" content=\"summary_large_image\" \/>\n<meta name=\"twitter:label1\" content=\"Escrito por\" \/>\n\t<meta name=\"twitter:data1\" content=\"Equipe G\u00e1vea News\" \/>\n\t<meta name=\"twitter:label2\" content=\"Est. tempo de leitura\" \/>\n\t<meta name=\"twitter:data2\" content=\"2 minutos\" \/>\n<script type=\"application\/ld+json\" class=\"yoast-schema-graph\">{\"@context\":\"https:\/\/schema.org\",\"@graph\":[{\"@type\":\"NewsArticle\",\"@id\":\"https:\/\/www.gaveanews.com\/index.php\/2020\/08\/20\/devido-ao-flamengo-piloto-personalizara-o-seu-carro-na-corrida-do-milhao-veja-foto\/#article\",\"isPartOf\":{\"@id\":\"https:\/\/www.gaveanews.com\/index.php\/2020\/08\/20\/devido-ao-flamengo-piloto-personalizara-o-seu-carro-na-corrida-do-milhao-veja-foto\/\"},\"author\":{\"name\":\"Equipe G\u00e1vea News\",\"@id\":\"https:\/\/www.gaveanews.com\/#\/schema\/person\/2ec14f73fb96be2caf28f91afb14749d\"},\"headline\":\"Devido ao Flamengo, piloto personalizar\u00e1 o seu carro na Corrida do Milh\u00e3o; veja foto\",\"datePublished\":\"2020-08-21T01:34:32+00:00\",\"dateModified\":\"2020-08-21T01:34:37+00:00\",\"mainEntityOfPage\":{\"@id\":\"https:\/\/www.gaveanews.com\/index.php\/2020\/08\/20\/devido-ao-flamengo-piloto-personalizara-o-seu-carro-na-corrida-do-milhao-veja-foto\/\"},\"wordCount\":459,\"commentCount\":4,\"image\":{\"@id\":\"https:\/\/www.gaveanews.com\/index.php\/2020\/08\/20\/devido-ao-flamengo-piloto-personalizara-o-seu-carro-na-corrida-do-milhao-veja-foto\/#primaryimage\"},\"thumbnailUrl\":\"https:\/\/www.gaveanews.com\/wp-content\/uploads\/2019\/03\/Escudo-do-Flamengo-e-exposto-proximo-a-um-dos-gols-no-gramado-do-Maracana.webp\",\"articleSection\":[\"Flamengo\"],\"inLanguage\":\"pt-BR\",\"potentialAction\":[{\"@type\":\"CommentAction\",\"name\":\"Comment\",\"target\":[\"https:\/\/www.gaveanews.com\/index.php\/2020\/08\/20\/devido-ao-flamengo-piloto-personalizara-o-seu-carro-na-corrida-do-milhao-veja-foto\/#respond\"]}],\"copyrightYear\":\"2020\",\"copyrightHolder\":{\"@id\":\"https:\/\/www.gaveanews.com\/#organization\"}},{\"@type\":\"WebPage\",\"@id\":\"https:\/\/www.gaveanews.com\/index.php\/2020\/08\/20\/devido-ao-flamengo-piloto-personalizara-o-seu-carro-na-corrida-do-milhao-veja-foto\/\",\"url\":\"https:\/\/www.gaveanews.com\/index.php\/2020\/08\/20\/devido-ao-flamengo-piloto-personalizara-o-seu-carro-na-corrida-do-milhao-veja-foto\/\",\"name\":\"Devido ao Flamengo, piloto personalizar\u00e1 o seu carro na Corrida do Milh\u00e3o\",\"isPartOf\":{\"@id\":\"https:\/\/www.gaveanews.com\/#website\"},\"primaryImageOfPage\":{\"@id\":\"https:\/\/www.gaveanews.com\/index.php\/2020\/08\/20\/devido-ao-flamengo-piloto-personalizara-o-seu-carro-na-corrida-do-milhao-veja-foto\/#primaryimage\"},\"image\":{\"@id\":\"https:\/\/www.gaveanews.com\/index.php\/2020\/08\/20\/devido-ao-flamengo-piloto-personalizara-o-seu-carro-na-corrida-do-milhao-veja-foto\/#primaryimage\"},\"thumbnailUrl\":\"https:\/\/www.gaveanews.com\/wp-content\/uploads\/2019\/03\/Escudo-do-Flamengo-e-exposto-proximo-a-um-dos-gols-no-gramado-do-Maracana.webp\",\"datePublished\":\"2020-08-21T01:34:32+00:00\",\"dateModified\":\"2020-08-21T01:34:37+00:00\",\"author\":{\"@id\":\"https:\/\/www.gaveanews.com\/#\/schema\/person\/2ec14f73fb96be2caf28f91afb14749d\"},\"description\":\"O carro deixar\u00e1 as cores azul e branca e passar\u00e1 a ser preto e vermelho neste fim de semana com etapa dupla.\",\"breadcrumb\":{\"@id\":\"https:\/\/www.gaveanews.com\/index.php\/2020\/08\/20\/devido-ao-flamengo-piloto-personalizara-o-seu-carro-na-corrida-do-milhao-veja-foto\/#breadcrumb\"},\"inLanguage\":\"pt-BR\",\"potentialAction\":[{\"@type\":\"ReadAction\",\"target\":[\"https:\/\/www.gaveanews.com\/index.php\/2020\/08\/20\/devido-ao-flamengo-piloto-personalizara-o-seu-carro-na-corrida-do-milhao-veja-foto\/\"]}]},{\"@type\":\"ImageObject\",\"inLanguage\":\"pt-BR\",\"@id\":\"https:\/\/www.gaveanews.com\/index.php\/2020\/08\/20\/devido-ao-flamengo-piloto-personalizara-o-seu-carro-na-corrida-do-milhao-veja-foto\/#primaryimage\",\"url\":\"https:\/\/www.gaveanews.com\/wp-content\/uploads\/2019\/03\/Escudo-do-Flamengo-e-exposto-proximo-a-um-dos-gols-no-gramado-do-Maracana.webp\",\"contentUrl\":\"https:\/\/www.gaveanews.com\/wp-content\/uploads\/2019\/03\/Escudo-do-Flamengo-e-exposto-proximo-a-um-dos-gols-no-gramado-do-Maracana.webp\",\"caption\":\"Escudo do Flamengo \u00e9 exposto pr\u00f3ximo a um dos gols, no gramado do Maracan\u00e3 (Foto: Daniel Castelo Branco)\"},{\"@type\":\"BreadcrumbList\",\"@id\":\"https:\/\/www.gaveanews.com\/index.php\/2020\/08\/20\/devido-ao-flamengo-piloto-personalizara-o-seu-carro-na-corrida-do-milhao-veja-foto\/#breadcrumb\",\"itemListElement\":[{\"@type\":\"ListItem\",\"position\":1,\"name\":\"Home\",\"item\":\"https:\/\/www.gaveanews.com\/\"},{\"@type\":\"ListItem\",\"position\":2,\"name\":\"Devido ao Flamengo, piloto personalizar\u00e1 o seu carro na Corrida do Milh\u00e3o; veja foto\"}]},{\"@type\":\"WebSite\",\"@id\":\"https:\/\/www.gaveanews.com\/#website\",\"url\":\"https:\/\/www.gaveanews.com\/\",\"name\":\"G\u00e1vea News\",\"description\":\"Veja todas as not\u00edcias sobre o Flamengo: Contrata\u00e7\u00f5es, categorias de base, resultados das partidas, tabela de classifica\u00e7\u00e3o, pr\u00f3ximos jogos!\",\"potentialAction\":[{\"@type\":\"SearchAction\",\"target\":{\"@type\":\"EntryPoint\",\"urlTemplate\":\"https:\/\/www.gaveanews.com\/?s={search_term_string}\"},\"query-input\":{\"@type\":\"PropertyValueSpecification\",\"valueRequired\":true,\"valueName\":\"search_term_string\"}}],\"inLanguage\":\"pt-BR\"},{\"@type\":\"Person\",\"@id\":\"https:\/\/www.gaveanews.com\/#\/schema\/person\/2ec14f73fb96be2caf28f91afb14749d\",\"name\":\"Equipe G\u00e1vea News\",\"image\":{\"@type\":\"ImageObject\",\"inLanguage\":\"pt-BR\",\"@id\":\"https:\/\/www.gaveanews.com\/#\/schema\/person\/image\/\",\"url\":\"https:\/\/secure.gravatar.com\/avatar\/1e1956f1facbffd3f8fa53a326721950116b3b9dc9bd44939c01180fd4a745a9?s=96&d=mm&r=g\",\"contentUrl\":\"https:\/\/secure.gravatar.com\/avatar\/1e1956f1facbffd3f8fa53a326721950116b3b9dc9bd44939c01180fd4a745a9?s=96&d=mm&r=g\",\"caption\":\"Equipe G\u00e1vea News\"}}]}<\/script>\n<!-- \/ Yoast SEO Premium plugin. -->","yoast_head_json":{"title":"Devido ao Flamengo, piloto personalizar\u00e1 o seu carro na Corrida do Milh\u00e3o","description":"O carro deixar\u00e1 as cores azul e branca e passar\u00e1 a ser preto e vermelho neste fim de semana com etapa dupla.","robots":{"index":"index","follow":"follow","max-snippet":"max-snippet:-1","max-image-preview":"max-image-preview:large","max-video-preview":"max-video-preview:-1"},"canonical":"https:\/\/www.gaveanews.com\/index.php\/2020\/08\/20\/devido-ao-flamengo-piloto-personalizara-o-seu-carro-na-corrida-do-milhao-veja-foto\/","og_locale":"pt_BR","og_type":"article","og_title":"Devido ao Flamengo, piloto personalizar\u00e1 o seu carro na Corrida do Milh\u00e3o; veja foto","og_description":"O carro deixar\u00e1 as cores azul e branca e passar\u00e1 a ser preto e vermelho neste fim de semana com etapa dupla.","og_url":"https:\/\/www.gaveanews.com\/index.php\/2020\/08\/20\/devido-ao-flamengo-piloto-personalizara-o-seu-carro-na-corrida-do-milhao-veja-foto\/","og_site_name":"G\u00e1vea News","article_publisher":"https:\/\/facebook.com\/gaveaNews\/","article_published_time":"2020-08-21T01:34:32+00:00","article_modified_time":"2020-08-21T01:34:37+00:00","og_image":[{"url":"https:\/\/www.gaveanews.com\/wp-content\/uploads\/2019\/03\/Escudo-do-Flamengo-e-exposto-proximo-a-um-dos-gols-no-gramado-do-Maracana.webp","width":1,"height":1,"type":"image\/jpeg"}],"author":"Equipe G\u00e1vea News","twitter_card":"summary_large_image","twitter_misc":{"Escrito por":"Equipe G\u00e1vea News","Est. tempo de leitura":"2 minutos"},"schema":{"@context":"https:\/\/schema.org","@graph":[{"@type":"NewsArticle","@id":"https:\/\/www.gaveanews.com\/index.php\/2020\/08\/20\/devido-ao-flamengo-piloto-personalizara-o-seu-carro-na-corrida-do-milhao-veja-foto\/#article","isPartOf":{"@id":"https:\/\/www.gaveanews.com\/index.php\/2020\/08\/20\/devido-ao-flamengo-piloto-personalizara-o-seu-carro-na-corrida-do-milhao-veja-foto\/"},"author":{"name":"Equipe G\u00e1vea News","@id":"https:\/\/www.gaveanews.com\/#\/schema\/person\/2ec14f73fb96be2caf28f91afb14749d"},"headline":"Devido ao Flamengo, piloto personalizar\u00e1 o seu carro na Corrida do Milh\u00e3o; veja foto","datePublished":"2020-08-21T01:34:32+00:00","dateModified":"2020-08-21T01:34:37+00:00","mainEntityOfPage":{"@id":"https:\/\/www.gaveanews.com\/index.php\/2020\/08\/20\/devido-ao-flamengo-piloto-personalizara-o-seu-carro-na-corrida-do-milhao-veja-foto\/"},"wordCount":459,"commentCount":4,"image":{"@id":"https:\/\/www.gaveanews.com\/index.php\/2020\/08\/20\/devido-ao-flamengo-piloto-personalizara-o-seu-carro-na-corrida-do-milhao-veja-foto\/#primaryimage"},"thumbnailUrl":"https:\/\/www.gaveanews.com\/wp-content\/uploads\/2019\/03\/Escudo-do-Flamengo-e-exposto-proximo-a-um-dos-gols-no-gramado-do-Maracana.webp","articleSection":["Flamengo"],"inLanguage":"pt-BR","potentialAction":[{"@type":"CommentAction","name":"Comment","target":["https:\/\/www.gaveanews.com\/index.php\/2020\/08\/20\/devido-ao-flamengo-piloto-personalizara-o-seu-carro-na-corrida-do-milhao-veja-foto\/#respond"]}],"copyrightYear":"2020","copyrightHolder":{"@id":"https:\/\/www.gaveanews.com\/#organization"}},{"@type":"WebPage","@id":"https:\/\/www.gaveanews.com\/index.php\/2020\/08\/20\/devido-ao-flamengo-piloto-personalizara-o-seu-carro-na-corrida-do-milhao-veja-foto\/","url":"https:\/\/www.gaveanews.com\/index.php\/2020\/08\/20\/devido-ao-flamengo-piloto-personalizara-o-seu-carro-na-corrida-do-milhao-veja-foto\/","name":"Devido ao Flamengo, piloto personalizar\u00e1 o seu carro na Corrida do Milh\u00e3o","isPartOf":{"@id":"https:\/\/www.gaveanews.com\/#website"},"primaryImageOfPage":{"@id":"https:\/\/www.gaveanews.com\/index.php\/2020\/08\/20\/devido-ao-flamengo-piloto-personalizara-o-seu-carro-na-corrida-do-milhao-veja-foto\/#primaryimage"},"image":{"@id":"https:\/\/www.gaveanews.com\/index.php\/2020\/08\/20\/devido-ao-flamengo-piloto-personalizara-o-seu-carro-na-corrida-do-milhao-veja-foto\/#primaryimage"},"thumbnailUrl":"https:\/\/www.gaveanews.com\/wp-content\/uploads\/2019\/03\/Escudo-do-Flamengo-e-exposto-proximo-a-um-dos-gols-no-gramado-do-Maracana.webp","datePublished":"2020-08-21T01:34:32+00:00","dateModified":"2020-08-21T01:34:37+00:00","author":{"@id":"https:\/\/www.gaveanews.com\/#\/schema\/person\/2ec14f73fb96be2caf28f91afb14749d"},"description":"O carro deixar\u00e1 as cores azul e branca e passar\u00e1 a ser preto e vermelho neste fim de semana com etapa dupla.","breadcrumb":{"@id":"https:\/\/www.gaveanews.com\/index.php\/2020\/08\/20\/devido-ao-flamengo-piloto-personalizara-o-seu-carro-na-corrida-do-milhao-veja-foto\/#breadcrumb"},"inLanguage":"pt-BR","potentialAction":[{"@type":"ReadAction","target":["https:\/\/www.gaveanews.com\/index.php\/2020\/08\/20\/devido-ao-flamengo-piloto-personalizara-o-seu-carro-na-corrida-do-milhao-veja-foto\/"]}]},{"@type":"ImageObject","inLanguage":"pt-BR","@id":"https:\/\/www.gaveanews.com\/index.php\/2020\/08\/20\/devido-ao-flamengo-piloto-personalizara-o-seu-carro-na-corrida-do-milhao-veja-foto\/#primaryimage","url":"https:\/\/www.gaveanews.com\/wp-content\/uploads\/2019\/03\/Escudo-do-Flamengo-e-exposto-proximo-a-um-dos-gols-no-gramado-do-Maracana.webp","contentUrl":"https:\/\/www.gaveanews.com\/wp-content\/uploads\/2019\/03\/Escudo-do-Flamengo-e-exposto-proximo-a-um-dos-gols-no-gramado-do-Maracana.webp","caption":"Escudo do Flamengo \u00e9 exposto pr\u00f3ximo a um dos gols, no gramado do Maracan\u00e3 (Foto: Daniel Castelo Branco)"},{"@type":"BreadcrumbList","@id":"https:\/\/www.gaveanews.com\/index.php\/2020\/08\/20\/devido-ao-flamengo-piloto-personalizara-o-seu-carro-na-corrida-do-milhao-veja-foto\/#breadcrumb","itemListElement":[{"@type":"ListItem","position":1,"name":"Home","item":"https:\/\/www.gaveanews.com\/"},{"@type":"ListItem","position":2,"name":"Devido ao Flamengo, piloto personalizar\u00e1 o seu carro na Corrida do Milh\u00e3o; veja foto"}]},{"@type":"WebSite","@id":"https:\/\/www.gaveanews.com\/#website","url":"https:\/\/www.gaveanews.com\/","name":"G\u00e1vea News","description":"Veja todas as not\u00edcias sobre o Flamengo: Contrata\u00e7\u00f5es, categorias de base, resultados das partidas, tabela de classifica\u00e7\u00e3o, pr\u00f3ximos jogos!","potentialAction":[{"@type":"SearchAction","target":{"@type":"EntryPoint","urlTemplate":"https:\/\/www.gaveanews.com\/?s={search_term_string}"},"query-input":{"@type":"PropertyValueSpecification","valueRequired":true,"valueName":"search_term_string"}}],"inLanguage":"pt-BR"},{"@type":"Person","@id":"https:\/\/www.gaveanews.com\/#\/schema\/person\/2ec14f73fb96be2caf28f91afb14749d","name":"Equipe G\u00e1vea News","image":{"@type":"ImageObject","inLanguage":"pt-BR","@id":"https:\/\/www.gaveanews.com\/#\/schema\/person\/image\/","url":"https:\/\/secure.gravatar.com\/avatar\/1e1956f1facbffd3f8fa53a326721950116b3b9dc9bd44939c01180fd4a745a9?s=96&d=mm&r=g","contentUrl":"https:\/\/secure.gravatar.com\/avatar\/1e1956f1facbffd3f8fa53a326721950116b3b9dc9bd44939c01180fd4a745a9?s=96&d=mm&r=g","caption":"Equipe G\u00e1vea News"}}]}},"_links":{"self":[{"href":"https:\/\/www.gaveanews.com\/index.php\/wp-json\/wp\/v2\/posts\/45999","targetHints":{"allow":["GET"]}}],"collection":[{"href":"https:\/\/www.gaveanews.com\/index.php\/wp-json\/wp\/v2\/posts"}],"about":[{"href":"https:\/\/www.gaveanews.com\/index.php\/wp-json\/wp\/v2\/types\/post"}],"author":[{"embeddable":true,"href":"https:\/\/www.gaveanews.com\/index.php\/wp-json\/wp\/v2\/users\/1"}],"replies":[{"embeddable":true,"href":"https:\/\/www.gaveanews.com\/index.php\/wp-json\/wp\/v2\/comments?post=45999"}],"version-history":[{"count":0,"href":"https:\/\/www.gaveanews.com\/index.php\/wp-json\/wp\/v2\/posts\/45999\/revisions"}],"wp:featuredmedia":[{"embeddable":true,"href":"https:\/\/www.gaveanews.com\/index.php\/wp-json\/wp\/v2\/media\/15081"}],"wp:attachment":[{"href":"https:\/\/www.gaveanews.com\/index.php\/wp-json\/wp\/v2\/media?parent=45999"}],"wp:term":[{"taxonomy":"category","embeddable":true,"href":"https:\/\/www.gaveanews.com\/index.php\/wp-json\/wp\/v2\/categories?post=45999"},{"taxonomy":"post_tag","embeddable":true,"href":"https:\/\/www.gaveanews.com\/index.php\/wp-json\/wp\/v2\/tags?post=45999"}],"curies":[{"name":"wp","href":"https:\/\/api.w.org\/{rel}","templated":true}]}}