{"id":46025,"date":"2020-08-21T14:05:04","date_gmt":"2020-08-21T17:05:04","guid":{"rendered":"https:\/\/www.gaveanews.com\/?p=46025"},"modified":"2020-08-21T14:06:17","modified_gmt":"2020-08-21T17:06:17","slug":"city-faz-proposta-para-comprar-volante-do-flamengo","status":"publish","type":"post","link":"https:\/\/www.gaveanews.com\/index.php\/2020\/08\/21\/city-faz-proposta-para-comprar-volante-do-flamengo\/","title":{"rendered":"City faz proposta para comprar volante do Flamengo"},"content":{"rendered":"\n<p>O Flamengo negocia com o Grupo City a venda de mais um jogador revelado em sua base. Os controladores do Manchester City realizaram nova proposta para comprar o volante Vinicius Souza, o Vini\u00e7\u00e3o, e as conversas est\u00e3o caminhando bem, embora ainda n\u00e3o haja um acordo. A ideia \u00e9 de que, caso o neg\u00f3cio seja conclu\u00eddo, o jogador seja alocado no SK Lommel, da B\u00e9lgica.<\/p>\n\n\n\n<p>A primeira oferta do Grupo City foi feita h\u00e1 alguns meses, mas o Flamengo recusou. Desde ent\u00e3o, as conversas foram retomadas, com participa\u00e7\u00e3o do empres\u00e1rio Carlos Leite, que trabalha com Vinicius. Havia tamb\u00e9m interesse do Boavista, de Portugal, mas o modelo de neg\u00f3cio n\u00e3o agradou, e as tratativas esfriaram.<\/p>\n\n\n\n<p>Vinicius tem 21 anos e est\u00e1 no elenco profissional do Flamengo desde 2019 &#8211; ele participou, inclusive, das conquistas do Campeonato Brasileiro e da Libertadores. O volante chamou a aten\u00e7\u00e3o do t\u00e9cnico Dom\u00e9nec Torrent nas \u00faltimas semanas e chegou a ser relacionado para o jogo contra o Gr\u00eamio, mas n\u00e3o foi utilizado.<\/p>\n\n\n\n<p>Recentemente, o Flamengo concluiu a venda do lateral-esquerdo Caio Roque, do sub-20, tamb\u00e9m para o Grupo City. O jogador foi alocado no SK Lommel, da B\u00e9lgica. Outro jovem brasileiro na mira do grupo \u00e9 o atacante Wesley, do Palmeiras. Em caso de acordo fechado, ele seguir\u00e1 o mesmo caminho e assinar\u00e1 com o clube belga.<\/p>\n\n\n\n<p>Retirado de: Globo Esporte<\/p>\n","protected":false},"excerpt":{"rendered":"<p>O Flamengo negocia com o Grupo City a venda de mais um jogador revelado em sua base. Os controladores do Manchester City realizaram nova proposta para comprar o volante Vinicius Souza, o Vini\u00e7\u00e3o, e as conversas est\u00e3o caminhando bem, embora ainda n\u00e3o haja um acordo. A ideia \u00e9 de que, caso o neg\u00f3cio seja conclu\u00eddo, [&hellip;]<\/p>\n","protected":false},"author":1,"featured_media":19906,"comment_status":"open","ping_status":"closed","sticky":false,"template":"","format":"standard","meta":{"footnotes":""},"categories":[48],"tags":[],"class_list":["post-46025","post","type-post","status-publish","format-standard","has-post-thumbnail","hentry","category-negociacoes"],"yoast_head":"<!-- This site is optimized with the Yoast SEO Premium plugin v24.2 (Yoast SEO v26.9) - https:\/\/yoast.com\/product\/yoast-seo-premium-wordpress\/ -->\n<title>City faz proposta para comprar volante do Flamengo<\/title>\n<meta name=\"description\" content=\"As conversas com a diretoria do Flamengo est\u00e3o caminhando bem, embora ainda n\u00e3o haja um acordo entre os envolvidos.\" \/>\n<meta name=\"robots\" content=\"index, follow, max-snippet:-1, max-image-preview:large, max-video-preview:-1\" \/>\n<link rel=\"canonical\" href=\"https:\/\/www.gaveanews.com\/index.php\/2020\/08\/21\/city-faz-proposta-para-comprar-volante-do-flamengo\/\" \/>\n<meta property=\"og:locale\" content=\"pt_BR\" \/>\n<meta property=\"og:type\" content=\"article\" \/>\n<meta property=\"og:title\" content=\"City faz proposta para comprar volante do Flamengo\" \/>\n<meta property=\"og:description\" content=\"As conversas com a diretoria do Flamengo est\u00e3o caminhando bem, embora ainda n\u00e3o haja um acordo entre os envolvidos.\" \/>\n<meta property=\"og:url\" content=\"https:\/\/www.gaveanews.com\/index.php\/2020\/08\/21\/city-faz-proposta-para-comprar-volante-do-flamengo\/\" \/>\n<meta property=\"og:site_name\" content=\"G\u00e1vea News\" \/>\n<meta property=\"article:publisher\" content=\"https:\/\/facebook.com\/gaveaNews\/\" \/>\n<meta property=\"article:published_time\" content=\"2020-08-21T17:05:04+00:00\" \/>\n<meta property=\"article:modified_time\" content=\"2020-08-21T17:06:17+00:00\" \/>\n<meta property=\"og:image\" content=\"https:\/\/www.gaveanews.com\/wp-content\/uploads\/2019\/05\/Cuellar-e-Vinicius-Souza-durante-treinamento-no-Ninho-do-Urubu.webp\" \/>\n\t<meta property=\"og:image:width\" content=\"855\" \/>\n\t<meta property=\"og:image:height\" content=\"570\" \/>\n\t<meta property=\"og:image:type\" content=\"image\/jpeg\" \/>\n<meta name=\"author\" content=\"Equipe G\u00e1vea News\" \/>\n<meta name=\"twitter:card\" content=\"summary_large_image\" \/>\n<meta name=\"twitter:label1\" content=\"Escrito por\" \/>\n\t<meta name=\"twitter:data1\" content=\"Equipe G\u00e1vea News\" \/>\n\t<meta name=\"twitter:label2\" content=\"Est. tempo de leitura\" \/>\n\t<meta name=\"twitter:data2\" content=\"1 minuto\" \/>\n<script type=\"application\/ld+json\" class=\"yoast-schema-graph\">{\"@context\":\"https:\/\/schema.org\",\"@graph\":[{\"@type\":\"NewsArticle\",\"@id\":\"https:\/\/www.gaveanews.com\/index.php\/2020\/08\/21\/city-faz-proposta-para-comprar-volante-do-flamengo\/#article\",\"isPartOf\":{\"@id\":\"https:\/\/www.gaveanews.com\/index.php\/2020\/08\/21\/city-faz-proposta-para-comprar-volante-do-flamengo\/\"},\"author\":{\"name\":\"Equipe G\u00e1vea News\",\"@id\":\"https:\/\/www.gaveanews.com\/#\/schema\/person\/2ec14f73fb96be2caf28f91afb14749d\"},\"headline\":\"City faz proposta para comprar volante do Flamengo\",\"datePublished\":\"2020-08-21T17:05:04+00:00\",\"dateModified\":\"2020-08-21T17:06:17+00:00\",\"mainEntityOfPage\":{\"@id\":\"https:\/\/www.gaveanews.com\/index.php\/2020\/08\/21\/city-faz-proposta-para-comprar-volante-do-flamengo\/\"},\"wordCount\":247,\"commentCount\":13,\"image\":{\"@id\":\"https:\/\/www.gaveanews.com\/index.php\/2020\/08\/21\/city-faz-proposta-para-comprar-volante-do-flamengo\/#primaryimage\"},\"thumbnailUrl\":\"https:\/\/www.gaveanews.com\/wp-content\/uploads\/2019\/05\/Cuellar-e-Vinicius-Souza-durante-treinamento-no-Ninho-do-Urubu.webp\",\"articleSection\":[\"Negocia\u00e7\u00f5es\"],\"inLanguage\":\"pt-BR\",\"potentialAction\":[{\"@type\":\"CommentAction\",\"name\":\"Comment\",\"target\":[\"https:\/\/www.gaveanews.com\/index.php\/2020\/08\/21\/city-faz-proposta-para-comprar-volante-do-flamengo\/#respond\"]}],\"copyrightYear\":\"2020\",\"copyrightHolder\":{\"@id\":\"https:\/\/www.gaveanews.com\/#organization\"}},{\"@type\":\"WebPage\",\"@id\":\"https:\/\/www.gaveanews.com\/index.php\/2020\/08\/21\/city-faz-proposta-para-comprar-volante-do-flamengo\/\",\"url\":\"https:\/\/www.gaveanews.com\/index.php\/2020\/08\/21\/city-faz-proposta-para-comprar-volante-do-flamengo\/\",\"name\":\"City faz proposta para comprar volante do Flamengo\",\"isPartOf\":{\"@id\":\"https:\/\/www.gaveanews.com\/#website\"},\"primaryImageOfPage\":{\"@id\":\"https:\/\/www.gaveanews.com\/index.php\/2020\/08\/21\/city-faz-proposta-para-comprar-volante-do-flamengo\/#primaryimage\"},\"image\":{\"@id\":\"https:\/\/www.gaveanews.com\/index.php\/2020\/08\/21\/city-faz-proposta-para-comprar-volante-do-flamengo\/#primaryimage\"},\"thumbnailUrl\":\"https:\/\/www.gaveanews.com\/wp-content\/uploads\/2019\/05\/Cuellar-e-Vinicius-Souza-durante-treinamento-no-Ninho-do-Urubu.webp\",\"datePublished\":\"2020-08-21T17:05:04+00:00\",\"dateModified\":\"2020-08-21T17:06:17+00:00\",\"author\":{\"@id\":\"https:\/\/www.gaveanews.com\/#\/schema\/person\/2ec14f73fb96be2caf28f91afb14749d\"},\"description\":\"As conversas com a diretoria do Flamengo est\u00e3o caminhando bem, embora ainda n\u00e3o haja um acordo entre os envolvidos.\",\"breadcrumb\":{\"@id\":\"https:\/\/www.gaveanews.com\/index.php\/2020\/08\/21\/city-faz-proposta-para-comprar-volante-do-flamengo\/#breadcrumb\"},\"inLanguage\":\"pt-BR\",\"potentialAction\":[{\"@type\":\"ReadAction\",\"target\":[\"https:\/\/www.gaveanews.com\/index.php\/2020\/08\/21\/city-faz-proposta-para-comprar-volante-do-flamengo\/\"]}]},{\"@type\":\"ImageObject\",\"inLanguage\":\"pt-BR\",\"@id\":\"https:\/\/www.gaveanews.com\/index.php\/2020\/08\/21\/city-faz-proposta-para-comprar-volante-do-flamengo\/#primaryimage\",\"url\":\"https:\/\/www.gaveanews.com\/wp-content\/uploads\/2019\/05\/Cuellar-e-Vinicius-Souza-durante-treinamento-no-Ninho-do-Urubu.webp\",\"contentUrl\":\"https:\/\/www.gaveanews.com\/wp-content\/uploads\/2019\/05\/Cuellar-e-Vinicius-Souza-durante-treinamento-no-Ninho-do-Urubu.webp\",\"width\":855,\"height\":570,\"caption\":\"Cuellar e Vinicius Souza durante treinamento no Ninho do Urubu (Foto: Reprodu\u00e7\u00e3o\/Twitter)\"},{\"@type\":\"BreadcrumbList\",\"@id\":\"https:\/\/www.gaveanews.com\/index.php\/2020\/08\/21\/city-faz-proposta-para-comprar-volante-do-flamengo\/#breadcrumb\",\"itemListElement\":[{\"@type\":\"ListItem\",\"position\":1,\"name\":\"Home\",\"item\":\"https:\/\/www.gaveanews.com\/\"},{\"@type\":\"ListItem\",\"position\":2,\"name\":\"City faz proposta para comprar volante do Flamengo\"}]},{\"@type\":\"WebSite\",\"@id\":\"https:\/\/www.gaveanews.com\/#website\",\"url\":\"https:\/\/www.gaveanews.com\/\",\"name\":\"G\u00e1vea News\",\"description\":\"Veja todas as not\u00edcias sobre o Flamengo: Contrata\u00e7\u00f5es, categorias de base, resultados das partidas, tabela de classifica\u00e7\u00e3o, pr\u00f3ximos jogos!\",\"potentialAction\":[{\"@type\":\"SearchAction\",\"target\":{\"@type\":\"EntryPoint\",\"urlTemplate\":\"https:\/\/www.gaveanews.com\/?s={search_term_string}\"},\"query-input\":{\"@type\":\"PropertyValueSpecification\",\"valueRequired\":true,\"valueName\":\"search_term_string\"}}],\"inLanguage\":\"pt-BR\"},{\"@type\":\"Person\",\"@id\":\"https:\/\/www.gaveanews.com\/#\/schema\/person\/2ec14f73fb96be2caf28f91afb14749d\",\"name\":\"Equipe G\u00e1vea News\",\"image\":{\"@type\":\"ImageObject\",\"inLanguage\":\"pt-BR\",\"@id\":\"https:\/\/www.gaveanews.com\/#\/schema\/person\/image\/\",\"url\":\"https:\/\/secure.gravatar.com\/avatar\/1e1956f1facbffd3f8fa53a326721950116b3b9dc9bd44939c01180fd4a745a9?s=96&d=mm&r=g\",\"contentUrl\":\"https:\/\/secure.gravatar.com\/avatar\/1e1956f1facbffd3f8fa53a326721950116b3b9dc9bd44939c01180fd4a745a9?s=96&d=mm&r=g\",\"caption\":\"Equipe G\u00e1vea News\"}}]}<\/script>\n<!-- \/ Yoast SEO Premium plugin. -->","yoast_head_json":{"title":"City faz proposta para comprar volante do Flamengo","description":"As conversas com a diretoria do Flamengo est\u00e3o caminhando bem, embora ainda n\u00e3o haja um acordo entre os envolvidos.","robots":{"index":"index","follow":"follow","max-snippet":"max-snippet:-1","max-image-preview":"max-image-preview:large","max-video-preview":"max-video-preview:-1"},"canonical":"https:\/\/www.gaveanews.com\/index.php\/2020\/08\/21\/city-faz-proposta-para-comprar-volante-do-flamengo\/","og_locale":"pt_BR","og_type":"article","og_title":"City faz proposta para comprar volante do Flamengo","og_description":"As conversas com a diretoria do Flamengo est\u00e3o caminhando bem, embora ainda n\u00e3o haja um acordo entre os envolvidos.","og_url":"https:\/\/www.gaveanews.com\/index.php\/2020\/08\/21\/city-faz-proposta-para-comprar-volante-do-flamengo\/","og_site_name":"G\u00e1vea News","article_publisher":"https:\/\/facebook.com\/gaveaNews\/","article_published_time":"2020-08-21T17:05:04+00:00","article_modified_time":"2020-08-21T17:06:17+00:00","og_image":[{"width":855,"height":570,"url":"https:\/\/www.gaveanews.com\/wp-content\/uploads\/2019\/05\/Cuellar-e-Vinicius-Souza-durante-treinamento-no-Ninho-do-Urubu.webp","type":"image\/jpeg"}],"author":"Equipe G\u00e1vea News","twitter_card":"summary_large_image","twitter_misc":{"Escrito por":"Equipe G\u00e1vea News","Est. tempo de leitura":"1 minuto"},"schema":{"@context":"https:\/\/schema.org","@graph":[{"@type":"NewsArticle","@id":"https:\/\/www.gaveanews.com\/index.php\/2020\/08\/21\/city-faz-proposta-para-comprar-volante-do-flamengo\/#article","isPartOf":{"@id":"https:\/\/www.gaveanews.com\/index.php\/2020\/08\/21\/city-faz-proposta-para-comprar-volante-do-flamengo\/"},"author":{"name":"Equipe G\u00e1vea News","@id":"https:\/\/www.gaveanews.com\/#\/schema\/person\/2ec14f73fb96be2caf28f91afb14749d"},"headline":"City faz proposta para comprar volante do Flamengo","datePublished":"2020-08-21T17:05:04+00:00","dateModified":"2020-08-21T17:06:17+00:00","mainEntityOfPage":{"@id":"https:\/\/www.gaveanews.com\/index.php\/2020\/08\/21\/city-faz-proposta-para-comprar-volante-do-flamengo\/"},"wordCount":247,"commentCount":13,"image":{"@id":"https:\/\/www.gaveanews.com\/index.php\/2020\/08\/21\/city-faz-proposta-para-comprar-volante-do-flamengo\/#primaryimage"},"thumbnailUrl":"https:\/\/www.gaveanews.com\/wp-content\/uploads\/2019\/05\/Cuellar-e-Vinicius-Souza-durante-treinamento-no-Ninho-do-Urubu.webp","articleSection":["Negocia\u00e7\u00f5es"],"inLanguage":"pt-BR","potentialAction":[{"@type":"CommentAction","name":"Comment","target":["https:\/\/www.gaveanews.com\/index.php\/2020\/08\/21\/city-faz-proposta-para-comprar-volante-do-flamengo\/#respond"]}],"copyrightYear":"2020","copyrightHolder":{"@id":"https:\/\/www.gaveanews.com\/#organization"}},{"@type":"WebPage","@id":"https:\/\/www.gaveanews.com\/index.php\/2020\/08\/21\/city-faz-proposta-para-comprar-volante-do-flamengo\/","url":"https:\/\/www.gaveanews.com\/index.php\/2020\/08\/21\/city-faz-proposta-para-comprar-volante-do-flamengo\/","name":"City faz proposta para comprar volante do Flamengo","isPartOf":{"@id":"https:\/\/www.gaveanews.com\/#website"},"primaryImageOfPage":{"@id":"https:\/\/www.gaveanews.com\/index.php\/2020\/08\/21\/city-faz-proposta-para-comprar-volante-do-flamengo\/#primaryimage"},"image":{"@id":"https:\/\/www.gaveanews.com\/index.php\/2020\/08\/21\/city-faz-proposta-para-comprar-volante-do-flamengo\/#primaryimage"},"thumbnailUrl":"https:\/\/www.gaveanews.com\/wp-content\/uploads\/2019\/05\/Cuellar-e-Vinicius-Souza-durante-treinamento-no-Ninho-do-Urubu.webp","datePublished":"2020-08-21T17:05:04+00:00","dateModified":"2020-08-21T17:06:17+00:00","author":{"@id":"https:\/\/www.gaveanews.com\/#\/schema\/person\/2ec14f73fb96be2caf28f91afb14749d"},"description":"As conversas com a diretoria do Flamengo est\u00e3o caminhando bem, embora ainda n\u00e3o haja um acordo entre os envolvidos.","breadcrumb":{"@id":"https:\/\/www.gaveanews.com\/index.php\/2020\/08\/21\/city-faz-proposta-para-comprar-volante-do-flamengo\/#breadcrumb"},"inLanguage":"pt-BR","potentialAction":[{"@type":"ReadAction","target":["https:\/\/www.gaveanews.com\/index.php\/2020\/08\/21\/city-faz-proposta-para-comprar-volante-do-flamengo\/"]}]},{"@type":"ImageObject","inLanguage":"pt-BR","@id":"https:\/\/www.gaveanews.com\/index.php\/2020\/08\/21\/city-faz-proposta-para-comprar-volante-do-flamengo\/#primaryimage","url":"https:\/\/www.gaveanews.com\/wp-content\/uploads\/2019\/05\/Cuellar-e-Vinicius-Souza-durante-treinamento-no-Ninho-do-Urubu.webp","contentUrl":"https:\/\/www.gaveanews.com\/wp-content\/uploads\/2019\/05\/Cuellar-e-Vinicius-Souza-durante-treinamento-no-Ninho-do-Urubu.webp","width":855,"height":570,"caption":"Cuellar e Vinicius Souza durante treinamento no Ninho do Urubu (Foto: Reprodu\u00e7\u00e3o\/Twitter)"},{"@type":"BreadcrumbList","@id":"https:\/\/www.gaveanews.com\/index.php\/2020\/08\/21\/city-faz-proposta-para-comprar-volante-do-flamengo\/#breadcrumb","itemListElement":[{"@type":"ListItem","position":1,"name":"Home","item":"https:\/\/www.gaveanews.com\/"},{"@type":"ListItem","position":2,"name":"City faz proposta para comprar volante do Flamengo"}]},{"@type":"WebSite","@id":"https:\/\/www.gaveanews.com\/#website","url":"https:\/\/www.gaveanews.com\/","name":"G\u00e1vea News","description":"Veja todas as not\u00edcias sobre o Flamengo: Contrata\u00e7\u00f5es, categorias de base, resultados das partidas, tabela de classifica\u00e7\u00e3o, pr\u00f3ximos jogos!","potentialAction":[{"@type":"SearchAction","target":{"@type":"EntryPoint","urlTemplate":"https:\/\/www.gaveanews.com\/?s={search_term_string}"},"query-input":{"@type":"PropertyValueSpecification","valueRequired":true,"valueName":"search_term_string"}}],"inLanguage":"pt-BR"},{"@type":"Person","@id":"https:\/\/www.gaveanews.com\/#\/schema\/person\/2ec14f73fb96be2caf28f91afb14749d","name":"Equipe G\u00e1vea News","image":{"@type":"ImageObject","inLanguage":"pt-BR","@id":"https:\/\/www.gaveanews.com\/#\/schema\/person\/image\/","url":"https:\/\/secure.gravatar.com\/avatar\/1e1956f1facbffd3f8fa53a326721950116b3b9dc9bd44939c01180fd4a745a9?s=96&d=mm&r=g","contentUrl":"https:\/\/secure.gravatar.com\/avatar\/1e1956f1facbffd3f8fa53a326721950116b3b9dc9bd44939c01180fd4a745a9?s=96&d=mm&r=g","caption":"Equipe G\u00e1vea News"}}]}},"_links":{"self":[{"href":"https:\/\/www.gaveanews.com\/index.php\/wp-json\/wp\/v2\/posts\/46025","targetHints":{"allow":["GET"]}}],"collection":[{"href":"https:\/\/www.gaveanews.com\/index.php\/wp-json\/wp\/v2\/posts"}],"about":[{"href":"https:\/\/www.gaveanews.com\/index.php\/wp-json\/wp\/v2\/types\/post"}],"author":[{"embeddable":true,"href":"https:\/\/www.gaveanews.com\/index.php\/wp-json\/wp\/v2\/users\/1"}],"replies":[{"embeddable":true,"href":"https:\/\/www.gaveanews.com\/index.php\/wp-json\/wp\/v2\/comments?post=46025"}],"version-history":[{"count":0,"href":"https:\/\/www.gaveanews.com\/index.php\/wp-json\/wp\/v2\/posts\/46025\/revisions"}],"wp:featuredmedia":[{"embeddable":true,"href":"https:\/\/www.gaveanews.com\/index.php\/wp-json\/wp\/v2\/media\/19906"}],"wp:attachment":[{"href":"https:\/\/www.gaveanews.com\/index.php\/wp-json\/wp\/v2\/media?parent=46025"}],"wp:term":[{"taxonomy":"category","embeddable":true,"href":"https:\/\/www.gaveanews.com\/index.php\/wp-json\/wp\/v2\/categories?post=46025"},{"taxonomy":"post_tag","embeddable":true,"href":"https:\/\/www.gaveanews.com\/index.php\/wp-json\/wp\/v2\/tags?post=46025"}],"curies":[{"name":"wp","href":"https:\/\/api.w.org\/{rel}","templated":true}]}}