{"id":46042,"date":"2020-08-22T03:32:44","date_gmt":"2020-08-22T06:32:44","guid":{"rendered":"https:\/\/www.gaveanews.com\/?p=46042"},"modified":"2020-08-22T03:32:48","modified_gmt":"2020-08-22T06:32:48","slug":"flamengo-pode-ser-desfalcado-por-convocacoes-em-24-jogos-em-2021","status":"publish","type":"post","link":"https:\/\/www.gaveanews.com\/index.php\/2020\/08\/22\/flamengo-pode-ser-desfalcado-por-convocacoes-em-24-jogos-em-2021\/","title":{"rendered":"Flamengo pode ser desfalcado por convoca\u00e7\u00f5es em 24 jogos em 2021"},"content":{"rendered":"\n<p>A temporada 2021 ainda est\u00e1 longe de come\u00e7ar, por\u00e9m j\u00e1 \u00e9 motivo de preocupa\u00e7\u00e3o para o Flamengo. Com elenco recheado de craques, o Rubro-Negro tem sido desfalcado constantemente durante as datas-Fifa e, no ano que vem, isso ser\u00e1 um problema ainda maior. A CBF divulgou o calend\u00e1rio de 2021 e os jogos da temporada brasileira n\u00e3o ser\u00e3o paralisados entre as partidas da Sele\u00e7\u00e3o.<\/p>\n\n\n\n<p>Al\u00e9m das Eliminat\u00f3rias da Copa, em 2021 tamb\u00e9m ser\u00e1 realizada a Copa Am\u00e9rica, com sede na Argentina e na Col\u00f4mbia. O torneio, que inicialmente aconteceria em 2020, foi adiado e ser\u00e1 disputado entre 11 de junho e 11 de julho, podendo desfalcar o Flamengo em nove rodadas do Campeonato Brasileiro.<\/p>\n\n\n\n<p>As Eliminat\u00f3rias tamb\u00e9m coincidem com outras nove rodadas do Brasileir\u00e3o, tr\u00eas dos Estaduais e com os jogos de ida e volta das oitavas de final da Copa do Brasil. O jogo de ida da semifinal da Copa do Brasil tamb\u00e9m ser\u00e1 afetado e, caso o Flamengo chegue \u00e0 esta fase, pode ser desfalcado com as convoca\u00e7\u00f5es de Arrascaeta, Gabigol, Bruno Henrique e at\u00e9 outros nomes que estejam se destacando como o pr\u00f3prio lateral Mauricio Isla, do Chile.<\/p>\n\n\n\n<p>Sendo assim, ao todo, ser\u00e3o 24 jogos, sendo praticamente meio Campeonato Brasileiro, podendo ser desfalcado pela data-Fifa e de m\u00e3os atadas, j\u00e1 que a libera\u00e7\u00e3o dos jogadores convocados \u00e9 obrigat\u00f3ria.<\/p>\n\n\n\n<p>Retirado de: Hashtag Rubro-Negro<\/p>\n","protected":false},"excerpt":{"rendered":"<p>A temporada 2021 ainda est\u00e1 longe de come\u00e7ar, por\u00e9m j\u00e1 \u00e9 motivo de preocupa\u00e7\u00e3o para o Flamengo. Com elenco recheado de craques, o Rubro-Negro tem sido desfalcado constantemente durante as datas-Fifa e, no ano que vem, isso ser\u00e1 um problema ainda maior. A CBF divulgou o calend\u00e1rio de 2021 e os jogos da temporada brasileira [&hellip;]<\/p>\n","protected":false},"author":1,"featured_media":23781,"comment_status":"open","ping_status":"closed","sticky":false,"template":"","format":"standard","meta":{"footnotes":""},"categories":[47],"tags":[],"class_list":["post-46042","post","type-post","status-publish","format-standard","has-post-thumbnail","hentry","category-destaques"],"yoast_head":"<!-- This site is optimized with the Yoast SEO Premium plugin v24.2 (Yoast SEO v26.9) - https:\/\/yoast.com\/product\/yoast-seo-premium-wordpress\/ -->\n<title>Flamengo pode ser desfalcado por convoca\u00e7\u00f5es em 24 jogos em 2021<\/title>\n<meta name=\"description\" content=\"A temporada 2021 ainda est\u00e1 longe de come\u00e7ar, por\u00e9m j\u00e1 \u00e9 motivo de preocupa\u00e7\u00e3o para a diretoria do Flamengo.\" \/>\n<meta name=\"robots\" content=\"index, follow, max-snippet:-1, max-image-preview:large, max-video-preview:-1\" \/>\n<link rel=\"canonical\" href=\"https:\/\/www.gaveanews.com\/index.php\/2020\/08\/22\/flamengo-pode-ser-desfalcado-por-convocacoes-em-24-jogos-em-2021\/\" \/>\n<meta property=\"og:locale\" content=\"pt_BR\" \/>\n<meta property=\"og:type\" content=\"article\" \/>\n<meta property=\"og:title\" content=\"Flamengo pode ser desfalcado por convoca\u00e7\u00f5es em 24 jogos em 2021\" \/>\n<meta property=\"og:description\" content=\"A temporada 2021 ainda est\u00e1 longe de come\u00e7ar, por\u00e9m j\u00e1 \u00e9 motivo de preocupa\u00e7\u00e3o para a diretoria do Flamengo.\" \/>\n<meta property=\"og:url\" content=\"https:\/\/www.gaveanews.com\/index.php\/2020\/08\/22\/flamengo-pode-ser-desfalcado-por-convocacoes-em-24-jogos-em-2021\/\" \/>\n<meta property=\"og:site_name\" content=\"G\u00e1vea News\" \/>\n<meta property=\"article:publisher\" content=\"https:\/\/facebook.com\/gaveaNews\/\" \/>\n<meta property=\"article:published_time\" content=\"2020-08-22T06:32:44+00:00\" \/>\n<meta property=\"article:modified_time\" content=\"2020-08-22T06:32:48+00:00\" \/>\n<meta property=\"og:image\" content=\"https:\/\/www.gaveanews.com\/wp-content\/uploads\/2019\/07\/Tite-durante-coletiva-de-imprensa-do-Brasil.webp\" \/>\n\t<meta property=\"og:image:width\" content=\"960\" \/>\n\t<meta property=\"og:image:height\" content=\"639\" \/>\n\t<meta property=\"og:image:type\" content=\"image\/jpeg\" \/>\n<meta name=\"author\" content=\"Equipe G\u00e1vea News\" \/>\n<meta name=\"twitter:card\" content=\"summary_large_image\" \/>\n<meta name=\"twitter:label1\" content=\"Escrito por\" \/>\n\t<meta name=\"twitter:data1\" content=\"Equipe G\u00e1vea News\" \/>\n\t<meta name=\"twitter:label2\" content=\"Est. tempo de leitura\" \/>\n\t<meta name=\"twitter:data2\" content=\"1 minuto\" \/>\n<script type=\"application\/ld+json\" class=\"yoast-schema-graph\">{\"@context\":\"https:\/\/schema.org\",\"@graph\":[{\"@type\":\"NewsArticle\",\"@id\":\"https:\/\/www.gaveanews.com\/index.php\/2020\/08\/22\/flamengo-pode-ser-desfalcado-por-convocacoes-em-24-jogos-em-2021\/#article\",\"isPartOf\":{\"@id\":\"https:\/\/www.gaveanews.com\/index.php\/2020\/08\/22\/flamengo-pode-ser-desfalcado-por-convocacoes-em-24-jogos-em-2021\/\"},\"author\":{\"name\":\"Equipe G\u00e1vea News\",\"@id\":\"https:\/\/www.gaveanews.com\/#\/schema\/person\/2ec14f73fb96be2caf28f91afb14749d\"},\"headline\":\"Flamengo pode ser desfalcado por convoca\u00e7\u00f5es em 24 jogos em 2021\",\"datePublished\":\"2020-08-22T06:32:44+00:00\",\"dateModified\":\"2020-08-22T06:32:48+00:00\",\"mainEntityOfPage\":{\"@id\":\"https:\/\/www.gaveanews.com\/index.php\/2020\/08\/22\/flamengo-pode-ser-desfalcado-por-convocacoes-em-24-jogos-em-2021\/\"},\"wordCount\":247,\"commentCount\":17,\"image\":{\"@id\":\"https:\/\/www.gaveanews.com\/index.php\/2020\/08\/22\/flamengo-pode-ser-desfalcado-por-convocacoes-em-24-jogos-em-2021\/#primaryimage\"},\"thumbnailUrl\":\"https:\/\/www.gaveanews.com\/wp-content\/uploads\/2019\/07\/Tite-durante-coletiva-de-imprensa-do-Brasil.webp\",\"articleSection\":[\"Destaques\"],\"inLanguage\":\"pt-BR\",\"potentialAction\":[{\"@type\":\"CommentAction\",\"name\":\"Comment\",\"target\":[\"https:\/\/www.gaveanews.com\/index.php\/2020\/08\/22\/flamengo-pode-ser-desfalcado-por-convocacoes-em-24-jogos-em-2021\/#respond\"]}],\"copyrightYear\":\"2020\",\"copyrightHolder\":{\"@id\":\"https:\/\/www.gaveanews.com\/#organization\"}},{\"@type\":\"WebPage\",\"@id\":\"https:\/\/www.gaveanews.com\/index.php\/2020\/08\/22\/flamengo-pode-ser-desfalcado-por-convocacoes-em-24-jogos-em-2021\/\",\"url\":\"https:\/\/www.gaveanews.com\/index.php\/2020\/08\/22\/flamengo-pode-ser-desfalcado-por-convocacoes-em-24-jogos-em-2021\/\",\"name\":\"Flamengo pode ser desfalcado por convoca\u00e7\u00f5es em 24 jogos em 2021\",\"isPartOf\":{\"@id\":\"https:\/\/www.gaveanews.com\/#website\"},\"primaryImageOfPage\":{\"@id\":\"https:\/\/www.gaveanews.com\/index.php\/2020\/08\/22\/flamengo-pode-ser-desfalcado-por-convocacoes-em-24-jogos-em-2021\/#primaryimage\"},\"image\":{\"@id\":\"https:\/\/www.gaveanews.com\/index.php\/2020\/08\/22\/flamengo-pode-ser-desfalcado-por-convocacoes-em-24-jogos-em-2021\/#primaryimage\"},\"thumbnailUrl\":\"https:\/\/www.gaveanews.com\/wp-content\/uploads\/2019\/07\/Tite-durante-coletiva-de-imprensa-do-Brasil.webp\",\"datePublished\":\"2020-08-22T06:32:44+00:00\",\"dateModified\":\"2020-08-22T06:32:48+00:00\",\"author\":{\"@id\":\"https:\/\/www.gaveanews.com\/#\/schema\/person\/2ec14f73fb96be2caf28f91afb14749d\"},\"description\":\"A temporada 2021 ainda est\u00e1 longe de come\u00e7ar, por\u00e9m j\u00e1 \u00e9 motivo de preocupa\u00e7\u00e3o para a diretoria do Flamengo.\",\"breadcrumb\":{\"@id\":\"https:\/\/www.gaveanews.com\/index.php\/2020\/08\/22\/flamengo-pode-ser-desfalcado-por-convocacoes-em-24-jogos-em-2021\/#breadcrumb\"},\"inLanguage\":\"pt-BR\",\"potentialAction\":[{\"@type\":\"ReadAction\",\"target\":[\"https:\/\/www.gaveanews.com\/index.php\/2020\/08\/22\/flamengo-pode-ser-desfalcado-por-convocacoes-em-24-jogos-em-2021\/\"]}]},{\"@type\":\"ImageObject\",\"inLanguage\":\"pt-BR\",\"@id\":\"https:\/\/www.gaveanews.com\/index.php\/2020\/08\/22\/flamengo-pode-ser-desfalcado-por-convocacoes-em-24-jogos-em-2021\/#primaryimage\",\"url\":\"https:\/\/www.gaveanews.com\/wp-content\/uploads\/2019\/07\/Tite-durante-coletiva-de-imprensa-do-Brasil.webp\",\"contentUrl\":\"https:\/\/www.gaveanews.com\/wp-content\/uploads\/2019\/07\/Tite-durante-coletiva-de-imprensa-do-Brasil.webp\",\"width\":960,\"height\":639,\"caption\":\"Tite durante coletiva de imprensa do Brasil (Foto: Lucas Figueiredo\/CBF)\"},{\"@type\":\"BreadcrumbList\",\"@id\":\"https:\/\/www.gaveanews.com\/index.php\/2020\/08\/22\/flamengo-pode-ser-desfalcado-por-convocacoes-em-24-jogos-em-2021\/#breadcrumb\",\"itemListElement\":[{\"@type\":\"ListItem\",\"position\":1,\"name\":\"Home\",\"item\":\"https:\/\/www.gaveanews.com\/\"},{\"@type\":\"ListItem\",\"position\":2,\"name\":\"Flamengo pode ser desfalcado por convoca\u00e7\u00f5es em 24 jogos em 2021\"}]},{\"@type\":\"WebSite\",\"@id\":\"https:\/\/www.gaveanews.com\/#website\",\"url\":\"https:\/\/www.gaveanews.com\/\",\"name\":\"G\u00e1vea News\",\"description\":\"Veja todas as not\u00edcias sobre o Flamengo: Contrata\u00e7\u00f5es, categorias de base, resultados das partidas, tabela de classifica\u00e7\u00e3o, pr\u00f3ximos jogos!\",\"potentialAction\":[{\"@type\":\"SearchAction\",\"target\":{\"@type\":\"EntryPoint\",\"urlTemplate\":\"https:\/\/www.gaveanews.com\/?s={search_term_string}\"},\"query-input\":{\"@type\":\"PropertyValueSpecification\",\"valueRequired\":true,\"valueName\":\"search_term_string\"}}],\"inLanguage\":\"pt-BR\"},{\"@type\":\"Person\",\"@id\":\"https:\/\/www.gaveanews.com\/#\/schema\/person\/2ec14f73fb96be2caf28f91afb14749d\",\"name\":\"Equipe G\u00e1vea News\",\"image\":{\"@type\":\"ImageObject\",\"inLanguage\":\"pt-BR\",\"@id\":\"https:\/\/www.gaveanews.com\/#\/schema\/person\/image\/\",\"url\":\"https:\/\/secure.gravatar.com\/avatar\/1e1956f1facbffd3f8fa53a326721950116b3b9dc9bd44939c01180fd4a745a9?s=96&d=mm&r=g\",\"contentUrl\":\"https:\/\/secure.gravatar.com\/avatar\/1e1956f1facbffd3f8fa53a326721950116b3b9dc9bd44939c01180fd4a745a9?s=96&d=mm&r=g\",\"caption\":\"Equipe G\u00e1vea News\"}}]}<\/script>\n<!-- \/ Yoast SEO Premium plugin. -->","yoast_head_json":{"title":"Flamengo pode ser desfalcado por convoca\u00e7\u00f5es em 24 jogos em 2021","description":"A temporada 2021 ainda est\u00e1 longe de come\u00e7ar, por\u00e9m j\u00e1 \u00e9 motivo de preocupa\u00e7\u00e3o para a diretoria do Flamengo.","robots":{"index":"index","follow":"follow","max-snippet":"max-snippet:-1","max-image-preview":"max-image-preview:large","max-video-preview":"max-video-preview:-1"},"canonical":"https:\/\/www.gaveanews.com\/index.php\/2020\/08\/22\/flamengo-pode-ser-desfalcado-por-convocacoes-em-24-jogos-em-2021\/","og_locale":"pt_BR","og_type":"article","og_title":"Flamengo pode ser desfalcado por convoca\u00e7\u00f5es em 24 jogos em 2021","og_description":"A temporada 2021 ainda est\u00e1 longe de come\u00e7ar, por\u00e9m j\u00e1 \u00e9 motivo de preocupa\u00e7\u00e3o para a diretoria do Flamengo.","og_url":"https:\/\/www.gaveanews.com\/index.php\/2020\/08\/22\/flamengo-pode-ser-desfalcado-por-convocacoes-em-24-jogos-em-2021\/","og_site_name":"G\u00e1vea News","article_publisher":"https:\/\/facebook.com\/gaveaNews\/","article_published_time":"2020-08-22T06:32:44+00:00","article_modified_time":"2020-08-22T06:32:48+00:00","og_image":[{"width":960,"height":639,"url":"https:\/\/www.gaveanews.com\/wp-content\/uploads\/2019\/07\/Tite-durante-coletiva-de-imprensa-do-Brasil.webp","type":"image\/jpeg"}],"author":"Equipe G\u00e1vea News","twitter_card":"summary_large_image","twitter_misc":{"Escrito por":"Equipe G\u00e1vea News","Est. tempo de leitura":"1 minuto"},"schema":{"@context":"https:\/\/schema.org","@graph":[{"@type":"NewsArticle","@id":"https:\/\/www.gaveanews.com\/index.php\/2020\/08\/22\/flamengo-pode-ser-desfalcado-por-convocacoes-em-24-jogos-em-2021\/#article","isPartOf":{"@id":"https:\/\/www.gaveanews.com\/index.php\/2020\/08\/22\/flamengo-pode-ser-desfalcado-por-convocacoes-em-24-jogos-em-2021\/"},"author":{"name":"Equipe G\u00e1vea News","@id":"https:\/\/www.gaveanews.com\/#\/schema\/person\/2ec14f73fb96be2caf28f91afb14749d"},"headline":"Flamengo pode ser desfalcado por convoca\u00e7\u00f5es em 24 jogos em 2021","datePublished":"2020-08-22T06:32:44+00:00","dateModified":"2020-08-22T06:32:48+00:00","mainEntityOfPage":{"@id":"https:\/\/www.gaveanews.com\/index.php\/2020\/08\/22\/flamengo-pode-ser-desfalcado-por-convocacoes-em-24-jogos-em-2021\/"},"wordCount":247,"commentCount":17,"image":{"@id":"https:\/\/www.gaveanews.com\/index.php\/2020\/08\/22\/flamengo-pode-ser-desfalcado-por-convocacoes-em-24-jogos-em-2021\/#primaryimage"},"thumbnailUrl":"https:\/\/www.gaveanews.com\/wp-content\/uploads\/2019\/07\/Tite-durante-coletiva-de-imprensa-do-Brasil.webp","articleSection":["Destaques"],"inLanguage":"pt-BR","potentialAction":[{"@type":"CommentAction","name":"Comment","target":["https:\/\/www.gaveanews.com\/index.php\/2020\/08\/22\/flamengo-pode-ser-desfalcado-por-convocacoes-em-24-jogos-em-2021\/#respond"]}],"copyrightYear":"2020","copyrightHolder":{"@id":"https:\/\/www.gaveanews.com\/#organization"}},{"@type":"WebPage","@id":"https:\/\/www.gaveanews.com\/index.php\/2020\/08\/22\/flamengo-pode-ser-desfalcado-por-convocacoes-em-24-jogos-em-2021\/","url":"https:\/\/www.gaveanews.com\/index.php\/2020\/08\/22\/flamengo-pode-ser-desfalcado-por-convocacoes-em-24-jogos-em-2021\/","name":"Flamengo pode ser desfalcado por convoca\u00e7\u00f5es em 24 jogos em 2021","isPartOf":{"@id":"https:\/\/www.gaveanews.com\/#website"},"primaryImageOfPage":{"@id":"https:\/\/www.gaveanews.com\/index.php\/2020\/08\/22\/flamengo-pode-ser-desfalcado-por-convocacoes-em-24-jogos-em-2021\/#primaryimage"},"image":{"@id":"https:\/\/www.gaveanews.com\/index.php\/2020\/08\/22\/flamengo-pode-ser-desfalcado-por-convocacoes-em-24-jogos-em-2021\/#primaryimage"},"thumbnailUrl":"https:\/\/www.gaveanews.com\/wp-content\/uploads\/2019\/07\/Tite-durante-coletiva-de-imprensa-do-Brasil.webp","datePublished":"2020-08-22T06:32:44+00:00","dateModified":"2020-08-22T06:32:48+00:00","author":{"@id":"https:\/\/www.gaveanews.com\/#\/schema\/person\/2ec14f73fb96be2caf28f91afb14749d"},"description":"A temporada 2021 ainda est\u00e1 longe de come\u00e7ar, por\u00e9m j\u00e1 \u00e9 motivo de preocupa\u00e7\u00e3o para a diretoria do Flamengo.","breadcrumb":{"@id":"https:\/\/www.gaveanews.com\/index.php\/2020\/08\/22\/flamengo-pode-ser-desfalcado-por-convocacoes-em-24-jogos-em-2021\/#breadcrumb"},"inLanguage":"pt-BR","potentialAction":[{"@type":"ReadAction","target":["https:\/\/www.gaveanews.com\/index.php\/2020\/08\/22\/flamengo-pode-ser-desfalcado-por-convocacoes-em-24-jogos-em-2021\/"]}]},{"@type":"ImageObject","inLanguage":"pt-BR","@id":"https:\/\/www.gaveanews.com\/index.php\/2020\/08\/22\/flamengo-pode-ser-desfalcado-por-convocacoes-em-24-jogos-em-2021\/#primaryimage","url":"https:\/\/www.gaveanews.com\/wp-content\/uploads\/2019\/07\/Tite-durante-coletiva-de-imprensa-do-Brasil.webp","contentUrl":"https:\/\/www.gaveanews.com\/wp-content\/uploads\/2019\/07\/Tite-durante-coletiva-de-imprensa-do-Brasil.webp","width":960,"height":639,"caption":"Tite durante coletiva de imprensa do Brasil (Foto: Lucas Figueiredo\/CBF)"},{"@type":"BreadcrumbList","@id":"https:\/\/www.gaveanews.com\/index.php\/2020\/08\/22\/flamengo-pode-ser-desfalcado-por-convocacoes-em-24-jogos-em-2021\/#breadcrumb","itemListElement":[{"@type":"ListItem","position":1,"name":"Home","item":"https:\/\/www.gaveanews.com\/"},{"@type":"ListItem","position":2,"name":"Flamengo pode ser desfalcado por convoca\u00e7\u00f5es em 24 jogos em 2021"}]},{"@type":"WebSite","@id":"https:\/\/www.gaveanews.com\/#website","url":"https:\/\/www.gaveanews.com\/","name":"G\u00e1vea News","description":"Veja todas as not\u00edcias sobre o Flamengo: Contrata\u00e7\u00f5es, categorias de base, resultados das partidas, tabela de classifica\u00e7\u00e3o, pr\u00f3ximos jogos!","potentialAction":[{"@type":"SearchAction","target":{"@type":"EntryPoint","urlTemplate":"https:\/\/www.gaveanews.com\/?s={search_term_string}"},"query-input":{"@type":"PropertyValueSpecification","valueRequired":true,"valueName":"search_term_string"}}],"inLanguage":"pt-BR"},{"@type":"Person","@id":"https:\/\/www.gaveanews.com\/#\/schema\/person\/2ec14f73fb96be2caf28f91afb14749d","name":"Equipe G\u00e1vea News","image":{"@type":"ImageObject","inLanguage":"pt-BR","@id":"https:\/\/www.gaveanews.com\/#\/schema\/person\/image\/","url":"https:\/\/secure.gravatar.com\/avatar\/1e1956f1facbffd3f8fa53a326721950116b3b9dc9bd44939c01180fd4a745a9?s=96&d=mm&r=g","contentUrl":"https:\/\/secure.gravatar.com\/avatar\/1e1956f1facbffd3f8fa53a326721950116b3b9dc9bd44939c01180fd4a745a9?s=96&d=mm&r=g","caption":"Equipe G\u00e1vea News"}}]}},"_links":{"self":[{"href":"https:\/\/www.gaveanews.com\/index.php\/wp-json\/wp\/v2\/posts\/46042","targetHints":{"allow":["GET"]}}],"collection":[{"href":"https:\/\/www.gaveanews.com\/index.php\/wp-json\/wp\/v2\/posts"}],"about":[{"href":"https:\/\/www.gaveanews.com\/index.php\/wp-json\/wp\/v2\/types\/post"}],"author":[{"embeddable":true,"href":"https:\/\/www.gaveanews.com\/index.php\/wp-json\/wp\/v2\/users\/1"}],"replies":[{"embeddable":true,"href":"https:\/\/www.gaveanews.com\/index.php\/wp-json\/wp\/v2\/comments?post=46042"}],"version-history":[{"count":0,"href":"https:\/\/www.gaveanews.com\/index.php\/wp-json\/wp\/v2\/posts\/46042\/revisions"}],"wp:featuredmedia":[{"embeddable":true,"href":"https:\/\/www.gaveanews.com\/index.php\/wp-json\/wp\/v2\/media\/23781"}],"wp:attachment":[{"href":"https:\/\/www.gaveanews.com\/index.php\/wp-json\/wp\/v2\/media?parent=46042"}],"wp:term":[{"taxonomy":"category","embeddable":true,"href":"https:\/\/www.gaveanews.com\/index.php\/wp-json\/wp\/v2\/categories?post=46042"},{"taxonomy":"post_tag","embeddable":true,"href":"https:\/\/www.gaveanews.com\/index.php\/wp-json\/wp\/v2\/tags?post=46042"}],"curies":[{"name":"wp","href":"https:\/\/api.w.org\/{rel}","templated":true}]}}