{"id":46319,"date":"2020-08-27T14:06:32","date_gmt":"2020-08-27T17:06:32","guid":{"rendered":"https:\/\/www.gaveanews.com\/?p=46319"},"modified":"2020-08-27T14:06:36","modified_gmt":"2020-08-27T17:06:36","slug":"conmebol-define-portoes-fechados-na-libertadores-mesmo-com-liberacao-local","status":"publish","type":"post","link":"https:\/\/www.gaveanews.com\/index.php\/2020\/08\/27\/conmebol-define-portoes-fechados-na-libertadores-mesmo-com-liberacao-local\/","title":{"rendered":"Conmebol define port\u00f5es fechados na Libertadores mesmo com libera\u00e7\u00e3o local"},"content":{"rendered":"\n<p>A Conmebol (Confedera\u00e7\u00e3o Sul-Americana) definiu que a conclus\u00e3o da fase de grupos da Libertadores ser\u00e1 jogada com port\u00f5es fechados, independentemente de haver relaxamento de restri\u00e7\u00f5es em algum dos dez pa\u00edses do continente nos pr\u00f3ximos dois meses. A \u00faltima rodada desta etapa ocorrer\u00e1 dia 23 de outubro, se nada de anormal acontecer \u2014 o torneio est\u00e1 paralisado desde mar\u00e7o por causa da pandemia do coronav\u00edrus e tem retorno marcado para 15 de setembro.<\/p>\n\n\n\n<p>Como o blog mostrou, h\u00e1 articula\u00e7\u00e3o dos clubes brasileiros para que seja permitido o acesso de torcedores a jogos no Brasil, com limite de 30% a 50% da capacidade dos est\u00e1dios. Isso \u00e9 uma decis\u00e3o de \u00f3rg\u00e3os governamentais, mas j\u00e1 h\u00e1 lobby, inclusive na esfera federal, para libera\u00e7\u00e3o a partir de novembro.<\/p>\n\n\n\n<p>Se houver esse ok, ele teoricamente valeria para todas as competi\u00e7\u00f5es disputadas em solo brasileiro, inclusive Libertadores e Sul-Americana. Com um adendo: se a Conmebol permitir. Se a entidade decidir que toda sua competi\u00e7\u00e3o ser\u00e1 disputada com port\u00f5es fechados, n\u00e3o h\u00e1 o que o clube fazer mesmo se houver libera\u00e7\u00e3o governamental para o evento receber torcedores.<\/p>\n\n\n\n<p>Em recentes reuni\u00f5es com a cartolagem, a Conmebol recebeu feedback principalmente de argentinos e uruguaios de que n\u00e3o h\u00e1 qualquer previs\u00e3o da presen\u00e7a de p\u00fablico em partidas de futebol nesses pa\u00edses. Argentina e Uruguai, por sinal, foram os dois \u00faltimos a aprovar o protocolo de retorno das competi\u00e7\u00f5es da Conmebol e pediram alguns ajustes no texto. A preocupa\u00e7\u00e3o da Conmebol \u00e9 a mesma da CBF: se alguns jogos tiverem port\u00f5es abertos, e outros n\u00e3o, poder\u00e1 haver desequil\u00edbrio t\u00e9cnico na competi\u00e7\u00e3o, o que fatalmente geraria reclama\u00e7\u00f5es diversas.<\/p>\n\n\n\n<p>A partir das oitavas de final, a Conmebol reavaliar\u00e1 os protocolos com base na condi\u00e7\u00e3o sanit\u00e1ria de cada pa\u00eds com rela\u00e7\u00e3o \u00e0 Covid-19. Coincidir\u00e1 com o per\u00edodo que os clubes brasileiros esperam poder reabrir seus est\u00e1dios, no in\u00edcio de novembro, quando come\u00e7ar\u00e1 o segundo turno do Brasileir\u00e3o.<\/p>\n\n\n\n<p>Quem acompanhou reuni\u00f5es recentes, por\u00e9m, acha muito dif\u00edcil qualquer jogo da Libertadores com p\u00fablico at\u00e9 a decis\u00e3o, no fim de janeiro. A final \u00fanica, marcada para o Maracan\u00e3, poder\u00e1 ser a exce\u00e7\u00e3o caso, claro, as autoridades do Brasil e do Rio j\u00e1 tenham permitido o acesso de torcedores.<\/p>\n\n\n\n<p>Retirado de: Marcel Rizzo\/UOL<\/p>\n","protected":false},"excerpt":{"rendered":"<p>A Conmebol (Confedera\u00e7\u00e3o Sul-Americana) definiu que a conclus\u00e3o da fase de grupos da Libertadores ser\u00e1 jogada com port\u00f5es fechados, independentemente de haver relaxamento de restri\u00e7\u00f5es em algum dos dez pa\u00edses do continente nos pr\u00f3ximos dois meses. A \u00faltima rodada desta etapa ocorrer\u00e1 dia 23 de outubro, se nada de anormal acontecer \u2014 o torneio est\u00e1 [&hellip;]<\/p>\n","protected":false},"author":1,"featured_media":35738,"comment_status":"open","ping_status":"closed","sticky":false,"template":"","format":"standard","meta":{"footnotes":""},"categories":[1],"tags":[],"class_list":["post-46319","post","type-post","status-publish","format-standard","has-post-thumbnail","hentry","category-flamengo"],"yoast_head":"<!-- This site is optimized with the Yoast SEO Premium plugin v24.2 (Yoast SEO v26.9) - https:\/\/yoast.com\/product\/yoast-seo-premium-wordpress\/ -->\n<title>Conmebol define port\u00f5es fechados na Libertadores mesmo com libera\u00e7\u00e3o local<\/title>\n<meta name=\"robots\" content=\"index, follow, max-snippet:-1, max-image-preview:large, max-video-preview:-1\" \/>\n<link rel=\"canonical\" href=\"https:\/\/www.gaveanews.com\/index.php\/2020\/08\/27\/conmebol-define-portoes-fechados-na-libertadores-mesmo-com-liberacao-local\/\" \/>\n<meta property=\"og:locale\" content=\"pt_BR\" \/>\n<meta property=\"og:type\" content=\"article\" \/>\n<meta property=\"og:title\" content=\"Conmebol define port\u00f5es fechados na Libertadores mesmo com libera\u00e7\u00e3o local\" \/>\n<meta property=\"og:description\" content=\"A Conmebol (Confedera\u00e7\u00e3o Sul-Americana) definiu que a conclus\u00e3o da fase de grupos da Libertadores ser\u00e1 jogada com port\u00f5es fechados, independentemente de haver relaxamento de restri\u00e7\u00f5es em algum dos dez pa\u00edses do continente nos pr\u00f3ximos dois meses. A \u00faltima rodada desta etapa ocorrer\u00e1 dia 23 de outubro, se nada de anormal acontecer \u2014 o torneio est\u00e1 [&hellip;]\" \/>\n<meta property=\"og:url\" content=\"https:\/\/www.gaveanews.com\/index.php\/2020\/08\/27\/conmebol-define-portoes-fechados-na-libertadores-mesmo-com-liberacao-local\/\" \/>\n<meta property=\"og:site_name\" content=\"G\u00e1vea News\" \/>\n<meta property=\"article:publisher\" content=\"https:\/\/facebook.com\/gaveaNews\/\" \/>\n<meta property=\"article:published_time\" content=\"2020-08-27T17:06:32+00:00\" \/>\n<meta property=\"article:modified_time\" content=\"2020-08-27T17:06:36+00:00\" \/>\n<meta property=\"og:image\" content=\"https:\/\/www.gaveanews.com\/wp-content\/uploads\/Logomarca-da-Conmebol.webp\" \/>\n\t<meta property=\"og:image:width\" content=\"1162\" \/>\n\t<meta property=\"og:image:height\" content=\"751\" \/>\n\t<meta property=\"og:image:type\" content=\"image\/jpeg\" \/>\n<meta name=\"author\" content=\"Equipe G\u00e1vea News\" \/>\n<meta name=\"twitter:card\" content=\"summary_large_image\" \/>\n<meta name=\"twitter:label1\" content=\"Escrito por\" \/>\n\t<meta name=\"twitter:data1\" content=\"Equipe G\u00e1vea News\" \/>\n\t<meta name=\"twitter:label2\" content=\"Est. tempo de leitura\" \/>\n\t<meta name=\"twitter:data2\" content=\"2 minutos\" \/>\n<script type=\"application\/ld+json\" class=\"yoast-schema-graph\">{\"@context\":\"https:\/\/schema.org\",\"@graph\":[{\"@type\":\"NewsArticle\",\"@id\":\"https:\/\/www.gaveanews.com\/index.php\/2020\/08\/27\/conmebol-define-portoes-fechados-na-libertadores-mesmo-com-liberacao-local\/#article\",\"isPartOf\":{\"@id\":\"https:\/\/www.gaveanews.com\/index.php\/2020\/08\/27\/conmebol-define-portoes-fechados-na-libertadores-mesmo-com-liberacao-local\/\"},\"author\":{\"name\":\"Equipe G\u00e1vea News\",\"@id\":\"https:\/\/www.gaveanews.com\/#\/schema\/person\/2ec14f73fb96be2caf28f91afb14749d\"},\"headline\":\"Conmebol define port\u00f5es fechados na Libertadores mesmo com libera\u00e7\u00e3o local\",\"datePublished\":\"2020-08-27T17:06:32+00:00\",\"dateModified\":\"2020-08-27T17:06:36+00:00\",\"mainEntityOfPage\":{\"@id\":\"https:\/\/www.gaveanews.com\/index.php\/2020\/08\/27\/conmebol-define-portoes-fechados-na-libertadores-mesmo-com-liberacao-local\/\"},\"wordCount\":417,\"commentCount\":0,\"image\":{\"@id\":\"https:\/\/www.gaveanews.com\/index.php\/2020\/08\/27\/conmebol-define-portoes-fechados-na-libertadores-mesmo-com-liberacao-local\/#primaryimage\"},\"thumbnailUrl\":\"https:\/\/www.gaveanews.com\/wp-content\/uploads\/Logomarca-da-Conmebol.webp\",\"articleSection\":[\"Flamengo\"],\"inLanguage\":\"pt-BR\",\"potentialAction\":[{\"@type\":\"CommentAction\",\"name\":\"Comment\",\"target\":[\"https:\/\/www.gaveanews.com\/index.php\/2020\/08\/27\/conmebol-define-portoes-fechados-na-libertadores-mesmo-com-liberacao-local\/#respond\"]}],\"copyrightYear\":\"2020\",\"copyrightHolder\":{\"@id\":\"https:\/\/www.gaveanews.com\/#organization\"}},{\"@type\":\"WebPage\",\"@id\":\"https:\/\/www.gaveanews.com\/index.php\/2020\/08\/27\/conmebol-define-portoes-fechados-na-libertadores-mesmo-com-liberacao-local\/\",\"url\":\"https:\/\/www.gaveanews.com\/index.php\/2020\/08\/27\/conmebol-define-portoes-fechados-na-libertadores-mesmo-com-liberacao-local\/\",\"name\":\"Conmebol define port\u00f5es fechados na Libertadores mesmo com libera\u00e7\u00e3o local\",\"isPartOf\":{\"@id\":\"https:\/\/www.gaveanews.com\/#website\"},\"primaryImageOfPage\":{\"@id\":\"https:\/\/www.gaveanews.com\/index.php\/2020\/08\/27\/conmebol-define-portoes-fechados-na-libertadores-mesmo-com-liberacao-local\/#primaryimage\"},\"image\":{\"@id\":\"https:\/\/www.gaveanews.com\/index.php\/2020\/08\/27\/conmebol-define-portoes-fechados-na-libertadores-mesmo-com-liberacao-local\/#primaryimage\"},\"thumbnailUrl\":\"https:\/\/www.gaveanews.com\/wp-content\/uploads\/Logomarca-da-Conmebol.webp\",\"datePublished\":\"2020-08-27T17:06:32+00:00\",\"dateModified\":\"2020-08-27T17:06:36+00:00\",\"author\":{\"@id\":\"https:\/\/www.gaveanews.com\/#\/schema\/person\/2ec14f73fb96be2caf28f91afb14749d\"},\"breadcrumb\":{\"@id\":\"https:\/\/www.gaveanews.com\/index.php\/2020\/08\/27\/conmebol-define-portoes-fechados-na-libertadores-mesmo-com-liberacao-local\/#breadcrumb\"},\"inLanguage\":\"pt-BR\",\"potentialAction\":[{\"@type\":\"ReadAction\",\"target\":[\"https:\/\/www.gaveanews.com\/index.php\/2020\/08\/27\/conmebol-define-portoes-fechados-na-libertadores-mesmo-com-liberacao-local\/\"]}]},{\"@type\":\"ImageObject\",\"inLanguage\":\"pt-BR\",\"@id\":\"https:\/\/www.gaveanews.com\/index.php\/2020\/08\/27\/conmebol-define-portoes-fechados-na-libertadores-mesmo-com-liberacao-local\/#primaryimage\",\"url\":\"https:\/\/www.gaveanews.com\/wp-content\/uploads\/Logomarca-da-Conmebol.webp\",\"contentUrl\":\"https:\/\/www.gaveanews.com\/wp-content\/uploads\/Logomarca-da-Conmebol.webp\",\"width\":1162,\"height\":751},{\"@type\":\"BreadcrumbList\",\"@id\":\"https:\/\/www.gaveanews.com\/index.php\/2020\/08\/27\/conmebol-define-portoes-fechados-na-libertadores-mesmo-com-liberacao-local\/#breadcrumb\",\"itemListElement\":[{\"@type\":\"ListItem\",\"position\":1,\"name\":\"Home\",\"item\":\"https:\/\/www.gaveanews.com\/\"},{\"@type\":\"ListItem\",\"position\":2,\"name\":\"Conmebol define port\u00f5es fechados na Libertadores mesmo com libera\u00e7\u00e3o local\"}]},{\"@type\":\"WebSite\",\"@id\":\"https:\/\/www.gaveanews.com\/#website\",\"url\":\"https:\/\/www.gaveanews.com\/\",\"name\":\"G\u00e1vea News\",\"description\":\"Veja todas as not\u00edcias sobre o Flamengo: Contrata\u00e7\u00f5es, categorias de base, resultados das partidas, tabela de classifica\u00e7\u00e3o, pr\u00f3ximos jogos!\",\"potentialAction\":[{\"@type\":\"SearchAction\",\"target\":{\"@type\":\"EntryPoint\",\"urlTemplate\":\"https:\/\/www.gaveanews.com\/?s={search_term_string}\"},\"query-input\":{\"@type\":\"PropertyValueSpecification\",\"valueRequired\":true,\"valueName\":\"search_term_string\"}}],\"inLanguage\":\"pt-BR\"},{\"@type\":\"Person\",\"@id\":\"https:\/\/www.gaveanews.com\/#\/schema\/person\/2ec14f73fb96be2caf28f91afb14749d\",\"name\":\"Equipe G\u00e1vea News\",\"image\":{\"@type\":\"ImageObject\",\"inLanguage\":\"pt-BR\",\"@id\":\"https:\/\/www.gaveanews.com\/#\/schema\/person\/image\/\",\"url\":\"https:\/\/secure.gravatar.com\/avatar\/1e1956f1facbffd3f8fa53a326721950116b3b9dc9bd44939c01180fd4a745a9?s=96&d=mm&r=g\",\"contentUrl\":\"https:\/\/secure.gravatar.com\/avatar\/1e1956f1facbffd3f8fa53a326721950116b3b9dc9bd44939c01180fd4a745a9?s=96&d=mm&r=g\",\"caption\":\"Equipe G\u00e1vea News\"}}]}<\/script>\n<!-- \/ Yoast SEO Premium plugin. -->","yoast_head_json":{"title":"Conmebol define port\u00f5es fechados na Libertadores mesmo com libera\u00e7\u00e3o local","robots":{"index":"index","follow":"follow","max-snippet":"max-snippet:-1","max-image-preview":"max-image-preview:large","max-video-preview":"max-video-preview:-1"},"canonical":"https:\/\/www.gaveanews.com\/index.php\/2020\/08\/27\/conmebol-define-portoes-fechados-na-libertadores-mesmo-com-liberacao-local\/","og_locale":"pt_BR","og_type":"article","og_title":"Conmebol define port\u00f5es fechados na Libertadores mesmo com libera\u00e7\u00e3o local","og_description":"A Conmebol (Confedera\u00e7\u00e3o Sul-Americana) definiu que a conclus\u00e3o da fase de grupos da Libertadores ser\u00e1 jogada com port\u00f5es fechados, independentemente de haver relaxamento de restri\u00e7\u00f5es em algum dos dez pa\u00edses do continente nos pr\u00f3ximos dois meses. A \u00faltima rodada desta etapa ocorrer\u00e1 dia 23 de outubro, se nada de anormal acontecer \u2014 o torneio est\u00e1 [&hellip;]","og_url":"https:\/\/www.gaveanews.com\/index.php\/2020\/08\/27\/conmebol-define-portoes-fechados-na-libertadores-mesmo-com-liberacao-local\/","og_site_name":"G\u00e1vea News","article_publisher":"https:\/\/facebook.com\/gaveaNews\/","article_published_time":"2020-08-27T17:06:32+00:00","article_modified_time":"2020-08-27T17:06:36+00:00","og_image":[{"width":1162,"height":751,"url":"https:\/\/www.gaveanews.com\/wp-content\/uploads\/Logomarca-da-Conmebol.webp","type":"image\/jpeg"}],"author":"Equipe G\u00e1vea News","twitter_card":"summary_large_image","twitter_misc":{"Escrito por":"Equipe G\u00e1vea News","Est. tempo de leitura":"2 minutos"},"schema":{"@context":"https:\/\/schema.org","@graph":[{"@type":"NewsArticle","@id":"https:\/\/www.gaveanews.com\/index.php\/2020\/08\/27\/conmebol-define-portoes-fechados-na-libertadores-mesmo-com-liberacao-local\/#article","isPartOf":{"@id":"https:\/\/www.gaveanews.com\/index.php\/2020\/08\/27\/conmebol-define-portoes-fechados-na-libertadores-mesmo-com-liberacao-local\/"},"author":{"name":"Equipe G\u00e1vea News","@id":"https:\/\/www.gaveanews.com\/#\/schema\/person\/2ec14f73fb96be2caf28f91afb14749d"},"headline":"Conmebol define port\u00f5es fechados na Libertadores mesmo com libera\u00e7\u00e3o local","datePublished":"2020-08-27T17:06:32+00:00","dateModified":"2020-08-27T17:06:36+00:00","mainEntityOfPage":{"@id":"https:\/\/www.gaveanews.com\/index.php\/2020\/08\/27\/conmebol-define-portoes-fechados-na-libertadores-mesmo-com-liberacao-local\/"},"wordCount":417,"commentCount":0,"image":{"@id":"https:\/\/www.gaveanews.com\/index.php\/2020\/08\/27\/conmebol-define-portoes-fechados-na-libertadores-mesmo-com-liberacao-local\/#primaryimage"},"thumbnailUrl":"https:\/\/www.gaveanews.com\/wp-content\/uploads\/Logomarca-da-Conmebol.webp","articleSection":["Flamengo"],"inLanguage":"pt-BR","potentialAction":[{"@type":"CommentAction","name":"Comment","target":["https:\/\/www.gaveanews.com\/index.php\/2020\/08\/27\/conmebol-define-portoes-fechados-na-libertadores-mesmo-com-liberacao-local\/#respond"]}],"copyrightYear":"2020","copyrightHolder":{"@id":"https:\/\/www.gaveanews.com\/#organization"}},{"@type":"WebPage","@id":"https:\/\/www.gaveanews.com\/index.php\/2020\/08\/27\/conmebol-define-portoes-fechados-na-libertadores-mesmo-com-liberacao-local\/","url":"https:\/\/www.gaveanews.com\/index.php\/2020\/08\/27\/conmebol-define-portoes-fechados-na-libertadores-mesmo-com-liberacao-local\/","name":"Conmebol define port\u00f5es fechados na Libertadores mesmo com libera\u00e7\u00e3o local","isPartOf":{"@id":"https:\/\/www.gaveanews.com\/#website"},"primaryImageOfPage":{"@id":"https:\/\/www.gaveanews.com\/index.php\/2020\/08\/27\/conmebol-define-portoes-fechados-na-libertadores-mesmo-com-liberacao-local\/#primaryimage"},"image":{"@id":"https:\/\/www.gaveanews.com\/index.php\/2020\/08\/27\/conmebol-define-portoes-fechados-na-libertadores-mesmo-com-liberacao-local\/#primaryimage"},"thumbnailUrl":"https:\/\/www.gaveanews.com\/wp-content\/uploads\/Logomarca-da-Conmebol.webp","datePublished":"2020-08-27T17:06:32+00:00","dateModified":"2020-08-27T17:06:36+00:00","author":{"@id":"https:\/\/www.gaveanews.com\/#\/schema\/person\/2ec14f73fb96be2caf28f91afb14749d"},"breadcrumb":{"@id":"https:\/\/www.gaveanews.com\/index.php\/2020\/08\/27\/conmebol-define-portoes-fechados-na-libertadores-mesmo-com-liberacao-local\/#breadcrumb"},"inLanguage":"pt-BR","potentialAction":[{"@type":"ReadAction","target":["https:\/\/www.gaveanews.com\/index.php\/2020\/08\/27\/conmebol-define-portoes-fechados-na-libertadores-mesmo-com-liberacao-local\/"]}]},{"@type":"ImageObject","inLanguage":"pt-BR","@id":"https:\/\/www.gaveanews.com\/index.php\/2020\/08\/27\/conmebol-define-portoes-fechados-na-libertadores-mesmo-com-liberacao-local\/#primaryimage","url":"https:\/\/www.gaveanews.com\/wp-content\/uploads\/Logomarca-da-Conmebol.webp","contentUrl":"https:\/\/www.gaveanews.com\/wp-content\/uploads\/Logomarca-da-Conmebol.webp","width":1162,"height":751},{"@type":"BreadcrumbList","@id":"https:\/\/www.gaveanews.com\/index.php\/2020\/08\/27\/conmebol-define-portoes-fechados-na-libertadores-mesmo-com-liberacao-local\/#breadcrumb","itemListElement":[{"@type":"ListItem","position":1,"name":"Home","item":"https:\/\/www.gaveanews.com\/"},{"@type":"ListItem","position":2,"name":"Conmebol define port\u00f5es fechados na Libertadores mesmo com libera\u00e7\u00e3o local"}]},{"@type":"WebSite","@id":"https:\/\/www.gaveanews.com\/#website","url":"https:\/\/www.gaveanews.com\/","name":"G\u00e1vea News","description":"Veja todas as not\u00edcias sobre o Flamengo: Contrata\u00e7\u00f5es, categorias de base, resultados das partidas, tabela de classifica\u00e7\u00e3o, pr\u00f3ximos jogos!","potentialAction":[{"@type":"SearchAction","target":{"@type":"EntryPoint","urlTemplate":"https:\/\/www.gaveanews.com\/?s={search_term_string}"},"query-input":{"@type":"PropertyValueSpecification","valueRequired":true,"valueName":"search_term_string"}}],"inLanguage":"pt-BR"},{"@type":"Person","@id":"https:\/\/www.gaveanews.com\/#\/schema\/person\/2ec14f73fb96be2caf28f91afb14749d","name":"Equipe G\u00e1vea News","image":{"@type":"ImageObject","inLanguage":"pt-BR","@id":"https:\/\/www.gaveanews.com\/#\/schema\/person\/image\/","url":"https:\/\/secure.gravatar.com\/avatar\/1e1956f1facbffd3f8fa53a326721950116b3b9dc9bd44939c01180fd4a745a9?s=96&d=mm&r=g","contentUrl":"https:\/\/secure.gravatar.com\/avatar\/1e1956f1facbffd3f8fa53a326721950116b3b9dc9bd44939c01180fd4a745a9?s=96&d=mm&r=g","caption":"Equipe G\u00e1vea News"}}]}},"_links":{"self":[{"href":"https:\/\/www.gaveanews.com\/index.php\/wp-json\/wp\/v2\/posts\/46319","targetHints":{"allow":["GET"]}}],"collection":[{"href":"https:\/\/www.gaveanews.com\/index.php\/wp-json\/wp\/v2\/posts"}],"about":[{"href":"https:\/\/www.gaveanews.com\/index.php\/wp-json\/wp\/v2\/types\/post"}],"author":[{"embeddable":true,"href":"https:\/\/www.gaveanews.com\/index.php\/wp-json\/wp\/v2\/users\/1"}],"replies":[{"embeddable":true,"href":"https:\/\/www.gaveanews.com\/index.php\/wp-json\/wp\/v2\/comments?post=46319"}],"version-history":[{"count":0,"href":"https:\/\/www.gaveanews.com\/index.php\/wp-json\/wp\/v2\/posts\/46319\/revisions"}],"wp:featuredmedia":[{"embeddable":true,"href":"https:\/\/www.gaveanews.com\/index.php\/wp-json\/wp\/v2\/media\/35738"}],"wp:attachment":[{"href":"https:\/\/www.gaveanews.com\/index.php\/wp-json\/wp\/v2\/media?parent=46319"}],"wp:term":[{"taxonomy":"category","embeddable":true,"href":"https:\/\/www.gaveanews.com\/index.php\/wp-json\/wp\/v2\/categories?post=46319"},{"taxonomy":"post_tag","embeddable":true,"href":"https:\/\/www.gaveanews.com\/index.php\/wp-json\/wp\/v2\/tags?post=46319"}],"curies":[{"name":"wp","href":"https:\/\/api.w.org\/{rel}","templated":true}]}}