{"id":46321,"date":"2020-08-27T14:27:12","date_gmt":"2020-08-27T17:27:12","guid":{"rendered":"https:\/\/www.gaveanews.com\/?p=46321"},"modified":"2020-08-27T14:27:14","modified_gmt":"2020-08-27T17:27:14","slug":"thiago-maia-se-destaca-ao-estrear-com-dome-e-justifica-coro-da-torcida","status":"publish","type":"post","link":"https:\/\/www.gaveanews.com\/index.php\/2020\/08\/27\/thiago-maia-se-destaca-ao-estrear-com-dome-e-justifica-coro-da-torcida\/","title":{"rendered":"Thiago Maia se destaca ao estrear com Dome e justifica coro da torcida"},"content":{"rendered":"\n<p>O Flamengo volta a campo neste domingo para retomar o caminho das vit\u00f3rias. Ser\u00e1 o primeiro jogo em que Dom\u00e8nec Torrent ter\u00e1 trabalhado ao longo de uma &#8220;semana limpa&#8221;, sem jogos no meio. E, por falar em partida, a \u00faltima do Fla marcou a estreia de Thiago Maia sob o comando do catal\u00e3o, que, segundo o portal &#8216;Lance&#8217; apurou, o elogiou e vem o orientando em particular com frequ\u00eancia no Ninho do Urubu.<\/p>\n\n\n\n<p>Se n\u00e3o foi op\u00e7\u00e3o nas quatro primeiras rodadas do Campeonato Brasileiro, Thiago Maia foi acionado para mudar o panorama do cl\u00e1ssico contra o Botafogo, no \u00faltimo domingo. O camisa 33 entrou na vaga de Diego e, diferentemente da fun\u00e7\u00e3o que vinha exercendo com Jorge Jesus, desempenhou um papel de meia pelo lado esquerdo.<\/p>\n\n\n\n<p>A entrada de Thiago Maia, com toques r\u00e1pidos e verticais, como prioriza Dom\u00e8nec Torrent, deu uma nova cara \u00e0 equipe. A din\u00e2mica do meio-campista potencializou as tramas com Filipe Lu\u00eds e Bruno Henrique, tanto que a jogada do gol anulado de Gabigol surgiu ap\u00f3s participa\u00e7\u00e3o direta de Maia.<\/p>\n\n\n\n<p>Ainda \u00e9 cedo para afirmar se Dome utilizar\u00e1 Thiago Maia como um volante mais recuado, com a eventual realiza\u00e7\u00e3o da &#8220;sa\u00edda de tr\u00eas&#8221; (cujo papel na equipe titular pertence a Willian Ar\u00e3o), ou se brigar\u00e1 para atuar mais pr\u00f3ximo aos atacantes, como ocorreu diante do Botafogo.<\/p>\n\n\n\n<p>Ali\u00e1s, contra o Alvinegro, em 21 minutos em campo, acertou 27 dos 30 passes tentados (96% de aproveitamento), sendo um decisivo &#8211; de acordo com o site especializado &#8220;Sofascore&#8221;. A intensidade de sua colabora\u00e7\u00e3o faz a disputa pelo setor, que ainda teve os concorrentes Gerson e Arrascaeta sem sair do banco, ser ainda mais acirrada.<\/p>\n\n\n\n<p id=\"p568603-m2836-4-2837\">Fica para Dom\u00e8nec Torrent a miss\u00e3o de fazer valer as \u00f3timas op\u00e7\u00f5es que se apresentam, agora com o pedido tempo para treinar.\u00a0Nas redes sociais, destaca-se o coro ecoado por mais oportunidades a Thiago Maia, que\u00a0n\u00e3o atuava desde o dia 5 de julho e que justificou o apelo ao pedir passagem.<\/p>\n\n\n\n<p id=\"p568603-m2836-4-2837\">Ou seja, leque de nomes acentuado, assim como a dor de cabe\u00e7a &#8220;positiva&#8221; de Dom\u00e8nec Torrent, que aprontar\u00e1 o Flamengo visando o jogo deste domingo contra o Santos, na Vila Belmiro. Em tempo: o pr\u00f3ximo duelo do Rubro-Negro ser\u00e1 v\u00e1lido pela sexta rodada do Brasileir\u00e3o.<\/p>\n\n\n\n<p>Retirado de: Lance<\/p>\n","protected":false},"excerpt":{"rendered":"<p>O Flamengo volta a campo neste domingo para retomar o caminho das vit\u00f3rias. Ser\u00e1 o primeiro jogo em que Dom\u00e8nec Torrent ter\u00e1 trabalhado ao longo de uma &#8220;semana limpa&#8221;, sem jogos no meio. E, por falar em partida, a \u00faltima do Fla marcou a estreia de Thiago Maia sob o comando do catal\u00e3o, que, segundo [&hellip;]<\/p>\n","protected":false},"author":1,"featured_media":46146,"comment_status":"open","ping_status":"closed","sticky":false,"template":"","format":"standard","meta":{"footnotes":""},"categories":[1],"tags":[],"class_list":["post-46321","post","type-post","status-publish","format-standard","has-post-thumbnail","hentry","category-flamengo"],"yoast_head":"<!-- This site is optimized with the Yoast SEO Premium plugin v24.2 (Yoast SEO v26.9) - https:\/\/yoast.com\/product\/yoast-seo-premium-wordpress\/ -->\n<title>Thiago Maia se destaca ao estrear com Dome e justifica coro da torcida<\/title>\n<meta name=\"robots\" content=\"index, follow, max-snippet:-1, max-image-preview:large, max-video-preview:-1\" \/>\n<link rel=\"canonical\" href=\"https:\/\/www.gaveanews.com\/index.php\/2020\/08\/27\/thiago-maia-se-destaca-ao-estrear-com-dome-e-justifica-coro-da-torcida\/\" \/>\n<meta property=\"og:locale\" content=\"pt_BR\" \/>\n<meta property=\"og:type\" content=\"article\" \/>\n<meta property=\"og:title\" content=\"Thiago Maia se destaca ao estrear com Dome e justifica coro da torcida\" \/>\n<meta property=\"og:description\" content=\"O Flamengo volta a campo neste domingo para retomar o caminho das vit\u00f3rias. Ser\u00e1 o primeiro jogo em que Dom\u00e8nec Torrent ter\u00e1 trabalhado ao longo de uma &#8220;semana limpa&#8221;, sem jogos no meio. E, por falar em partida, a \u00faltima do Fla marcou a estreia de Thiago Maia sob o comando do catal\u00e3o, que, segundo [&hellip;]\" \/>\n<meta property=\"og:url\" content=\"https:\/\/www.gaveanews.com\/index.php\/2020\/08\/27\/thiago-maia-se-destaca-ao-estrear-com-dome-e-justifica-coro-da-torcida\/\" \/>\n<meta property=\"og:site_name\" content=\"G\u00e1vea News\" \/>\n<meta property=\"article:publisher\" content=\"https:\/\/facebook.com\/gaveaNews\/\" \/>\n<meta property=\"article:published_time\" content=\"2020-08-27T17:27:12+00:00\" \/>\n<meta property=\"article:modified_time\" content=\"2020-08-27T17:27:14+00:00\" \/>\n<meta property=\"og:image\" content=\"https:\/\/www.gaveanews.com\/wp-content\/uploads\/Thiago-Maia-em-acao-pelo-Flamengo.webp\" \/>\n\t<meta property=\"og:image:width\" content=\"800\" \/>\n\t<meta property=\"og:image:height\" content=\"533\" \/>\n\t<meta property=\"og:image:type\" content=\"image\/jpeg\" \/>\n<meta name=\"author\" content=\"Equipe G\u00e1vea News\" \/>\n<meta name=\"twitter:card\" content=\"summary_large_image\" \/>\n<meta name=\"twitter:label1\" content=\"Escrito por\" \/>\n\t<meta name=\"twitter:data1\" content=\"Equipe G\u00e1vea News\" \/>\n\t<meta name=\"twitter:label2\" content=\"Est. tempo de leitura\" \/>\n\t<meta name=\"twitter:data2\" content=\"2 minutos\" \/>\n<script type=\"application\/ld+json\" class=\"yoast-schema-graph\">{\"@context\":\"https:\/\/schema.org\",\"@graph\":[{\"@type\":\"NewsArticle\",\"@id\":\"https:\/\/www.gaveanews.com\/index.php\/2020\/08\/27\/thiago-maia-se-destaca-ao-estrear-com-dome-e-justifica-coro-da-torcida\/#article\",\"isPartOf\":{\"@id\":\"https:\/\/www.gaveanews.com\/index.php\/2020\/08\/27\/thiago-maia-se-destaca-ao-estrear-com-dome-e-justifica-coro-da-torcida\/\"},\"author\":{\"name\":\"Equipe G\u00e1vea News\",\"@id\":\"https:\/\/www.gaveanews.com\/#\/schema\/person\/2ec14f73fb96be2caf28f91afb14749d\"},\"headline\":\"Thiago Maia se destaca ao estrear com Dome e justifica coro da torcida\",\"datePublished\":\"2020-08-27T17:27:12+00:00\",\"dateModified\":\"2020-08-27T17:27:14+00:00\",\"mainEntityOfPage\":{\"@id\":\"https:\/\/www.gaveanews.com\/index.php\/2020\/08\/27\/thiago-maia-se-destaca-ao-estrear-com-dome-e-justifica-coro-da-torcida\/\"},\"wordCount\":410,\"commentCount\":12,\"image\":{\"@id\":\"https:\/\/www.gaveanews.com\/index.php\/2020\/08\/27\/thiago-maia-se-destaca-ao-estrear-com-dome-e-justifica-coro-da-torcida\/#primaryimage\"},\"thumbnailUrl\":\"https:\/\/www.gaveanews.com\/wp-content\/uploads\/Thiago-Maia-em-acao-pelo-Flamengo.webp\",\"articleSection\":[\"Flamengo\"],\"inLanguage\":\"pt-BR\",\"potentialAction\":[{\"@type\":\"CommentAction\",\"name\":\"Comment\",\"target\":[\"https:\/\/www.gaveanews.com\/index.php\/2020\/08\/27\/thiago-maia-se-destaca-ao-estrear-com-dome-e-justifica-coro-da-torcida\/#respond\"]}],\"copyrightYear\":\"2020\",\"copyrightHolder\":{\"@id\":\"https:\/\/www.gaveanews.com\/#organization\"}},{\"@type\":\"WebPage\",\"@id\":\"https:\/\/www.gaveanews.com\/index.php\/2020\/08\/27\/thiago-maia-se-destaca-ao-estrear-com-dome-e-justifica-coro-da-torcida\/\",\"url\":\"https:\/\/www.gaveanews.com\/index.php\/2020\/08\/27\/thiago-maia-se-destaca-ao-estrear-com-dome-e-justifica-coro-da-torcida\/\",\"name\":\"Thiago Maia se destaca ao estrear com Dome e justifica coro da torcida\",\"isPartOf\":{\"@id\":\"https:\/\/www.gaveanews.com\/#website\"},\"primaryImageOfPage\":{\"@id\":\"https:\/\/www.gaveanews.com\/index.php\/2020\/08\/27\/thiago-maia-se-destaca-ao-estrear-com-dome-e-justifica-coro-da-torcida\/#primaryimage\"},\"image\":{\"@id\":\"https:\/\/www.gaveanews.com\/index.php\/2020\/08\/27\/thiago-maia-se-destaca-ao-estrear-com-dome-e-justifica-coro-da-torcida\/#primaryimage\"},\"thumbnailUrl\":\"https:\/\/www.gaveanews.com\/wp-content\/uploads\/Thiago-Maia-em-acao-pelo-Flamengo.webp\",\"datePublished\":\"2020-08-27T17:27:12+00:00\",\"dateModified\":\"2020-08-27T17:27:14+00:00\",\"author\":{\"@id\":\"https:\/\/www.gaveanews.com\/#\/schema\/person\/2ec14f73fb96be2caf28f91afb14749d\"},\"breadcrumb\":{\"@id\":\"https:\/\/www.gaveanews.com\/index.php\/2020\/08\/27\/thiago-maia-se-destaca-ao-estrear-com-dome-e-justifica-coro-da-torcida\/#breadcrumb\"},\"inLanguage\":\"pt-BR\",\"potentialAction\":[{\"@type\":\"ReadAction\",\"target\":[\"https:\/\/www.gaveanews.com\/index.php\/2020\/08\/27\/thiago-maia-se-destaca-ao-estrear-com-dome-e-justifica-coro-da-torcida\/\"]}]},{\"@type\":\"ImageObject\",\"inLanguage\":\"pt-BR\",\"@id\":\"https:\/\/www.gaveanews.com\/index.php\/2020\/08\/27\/thiago-maia-se-destaca-ao-estrear-com-dome-e-justifica-coro-da-torcida\/#primaryimage\",\"url\":\"https:\/\/www.gaveanews.com\/wp-content\/uploads\/Thiago-Maia-em-acao-pelo-Flamengo.webp\",\"contentUrl\":\"https:\/\/www.gaveanews.com\/wp-content\/uploads\/Thiago-Maia-em-acao-pelo-Flamengo.webp\",\"width\":800,\"height\":533,\"caption\":\"Thiago Maia em a\u00e7\u00e3o pelo Flamengo (Foto Alexandre Vidal\/Flamengo)\"},{\"@type\":\"BreadcrumbList\",\"@id\":\"https:\/\/www.gaveanews.com\/index.php\/2020\/08\/27\/thiago-maia-se-destaca-ao-estrear-com-dome-e-justifica-coro-da-torcida\/#breadcrumb\",\"itemListElement\":[{\"@type\":\"ListItem\",\"position\":1,\"name\":\"Home\",\"item\":\"https:\/\/www.gaveanews.com\/\"},{\"@type\":\"ListItem\",\"position\":2,\"name\":\"Thiago Maia se destaca ao estrear com Dome e justifica coro da torcida\"}]},{\"@type\":\"WebSite\",\"@id\":\"https:\/\/www.gaveanews.com\/#website\",\"url\":\"https:\/\/www.gaveanews.com\/\",\"name\":\"G\u00e1vea News\",\"description\":\"Veja todas as not\u00edcias sobre o Flamengo: Contrata\u00e7\u00f5es, categorias de base, resultados das partidas, tabela de classifica\u00e7\u00e3o, pr\u00f3ximos jogos!\",\"potentialAction\":[{\"@type\":\"SearchAction\",\"target\":{\"@type\":\"EntryPoint\",\"urlTemplate\":\"https:\/\/www.gaveanews.com\/?s={search_term_string}\"},\"query-input\":{\"@type\":\"PropertyValueSpecification\",\"valueRequired\":true,\"valueName\":\"search_term_string\"}}],\"inLanguage\":\"pt-BR\"},{\"@type\":\"Person\",\"@id\":\"https:\/\/www.gaveanews.com\/#\/schema\/person\/2ec14f73fb96be2caf28f91afb14749d\",\"name\":\"Equipe G\u00e1vea News\",\"image\":{\"@type\":\"ImageObject\",\"inLanguage\":\"pt-BR\",\"@id\":\"https:\/\/www.gaveanews.com\/#\/schema\/person\/image\/\",\"url\":\"https:\/\/secure.gravatar.com\/avatar\/1e1956f1facbffd3f8fa53a326721950116b3b9dc9bd44939c01180fd4a745a9?s=96&d=mm&r=g\",\"contentUrl\":\"https:\/\/secure.gravatar.com\/avatar\/1e1956f1facbffd3f8fa53a326721950116b3b9dc9bd44939c01180fd4a745a9?s=96&d=mm&r=g\",\"caption\":\"Equipe G\u00e1vea News\"}}]}<\/script>\n<!-- \/ Yoast SEO Premium plugin. -->","yoast_head_json":{"title":"Thiago Maia se destaca ao estrear com Dome e justifica coro da torcida","robots":{"index":"index","follow":"follow","max-snippet":"max-snippet:-1","max-image-preview":"max-image-preview:large","max-video-preview":"max-video-preview:-1"},"canonical":"https:\/\/www.gaveanews.com\/index.php\/2020\/08\/27\/thiago-maia-se-destaca-ao-estrear-com-dome-e-justifica-coro-da-torcida\/","og_locale":"pt_BR","og_type":"article","og_title":"Thiago Maia se destaca ao estrear com Dome e justifica coro da torcida","og_description":"O Flamengo volta a campo neste domingo para retomar o caminho das vit\u00f3rias. Ser\u00e1 o primeiro jogo em que Dom\u00e8nec Torrent ter\u00e1 trabalhado ao longo de uma &#8220;semana limpa&#8221;, sem jogos no meio. E, por falar em partida, a \u00faltima do Fla marcou a estreia de Thiago Maia sob o comando do catal\u00e3o, que, segundo [&hellip;]","og_url":"https:\/\/www.gaveanews.com\/index.php\/2020\/08\/27\/thiago-maia-se-destaca-ao-estrear-com-dome-e-justifica-coro-da-torcida\/","og_site_name":"G\u00e1vea News","article_publisher":"https:\/\/facebook.com\/gaveaNews\/","article_published_time":"2020-08-27T17:27:12+00:00","article_modified_time":"2020-08-27T17:27:14+00:00","og_image":[{"width":800,"height":533,"url":"https:\/\/www.gaveanews.com\/wp-content\/uploads\/Thiago-Maia-em-acao-pelo-Flamengo.webp","type":"image\/jpeg"}],"author":"Equipe G\u00e1vea News","twitter_card":"summary_large_image","twitter_misc":{"Escrito por":"Equipe G\u00e1vea News","Est. tempo de leitura":"2 minutos"},"schema":{"@context":"https:\/\/schema.org","@graph":[{"@type":"NewsArticle","@id":"https:\/\/www.gaveanews.com\/index.php\/2020\/08\/27\/thiago-maia-se-destaca-ao-estrear-com-dome-e-justifica-coro-da-torcida\/#article","isPartOf":{"@id":"https:\/\/www.gaveanews.com\/index.php\/2020\/08\/27\/thiago-maia-se-destaca-ao-estrear-com-dome-e-justifica-coro-da-torcida\/"},"author":{"name":"Equipe G\u00e1vea News","@id":"https:\/\/www.gaveanews.com\/#\/schema\/person\/2ec14f73fb96be2caf28f91afb14749d"},"headline":"Thiago Maia se destaca ao estrear com Dome e justifica coro da torcida","datePublished":"2020-08-27T17:27:12+00:00","dateModified":"2020-08-27T17:27:14+00:00","mainEntityOfPage":{"@id":"https:\/\/www.gaveanews.com\/index.php\/2020\/08\/27\/thiago-maia-se-destaca-ao-estrear-com-dome-e-justifica-coro-da-torcida\/"},"wordCount":410,"commentCount":12,"image":{"@id":"https:\/\/www.gaveanews.com\/index.php\/2020\/08\/27\/thiago-maia-se-destaca-ao-estrear-com-dome-e-justifica-coro-da-torcida\/#primaryimage"},"thumbnailUrl":"https:\/\/www.gaveanews.com\/wp-content\/uploads\/Thiago-Maia-em-acao-pelo-Flamengo.webp","articleSection":["Flamengo"],"inLanguage":"pt-BR","potentialAction":[{"@type":"CommentAction","name":"Comment","target":["https:\/\/www.gaveanews.com\/index.php\/2020\/08\/27\/thiago-maia-se-destaca-ao-estrear-com-dome-e-justifica-coro-da-torcida\/#respond"]}],"copyrightYear":"2020","copyrightHolder":{"@id":"https:\/\/www.gaveanews.com\/#organization"}},{"@type":"WebPage","@id":"https:\/\/www.gaveanews.com\/index.php\/2020\/08\/27\/thiago-maia-se-destaca-ao-estrear-com-dome-e-justifica-coro-da-torcida\/","url":"https:\/\/www.gaveanews.com\/index.php\/2020\/08\/27\/thiago-maia-se-destaca-ao-estrear-com-dome-e-justifica-coro-da-torcida\/","name":"Thiago Maia se destaca ao estrear com Dome e justifica coro da torcida","isPartOf":{"@id":"https:\/\/www.gaveanews.com\/#website"},"primaryImageOfPage":{"@id":"https:\/\/www.gaveanews.com\/index.php\/2020\/08\/27\/thiago-maia-se-destaca-ao-estrear-com-dome-e-justifica-coro-da-torcida\/#primaryimage"},"image":{"@id":"https:\/\/www.gaveanews.com\/index.php\/2020\/08\/27\/thiago-maia-se-destaca-ao-estrear-com-dome-e-justifica-coro-da-torcida\/#primaryimage"},"thumbnailUrl":"https:\/\/www.gaveanews.com\/wp-content\/uploads\/Thiago-Maia-em-acao-pelo-Flamengo.webp","datePublished":"2020-08-27T17:27:12+00:00","dateModified":"2020-08-27T17:27:14+00:00","author":{"@id":"https:\/\/www.gaveanews.com\/#\/schema\/person\/2ec14f73fb96be2caf28f91afb14749d"},"breadcrumb":{"@id":"https:\/\/www.gaveanews.com\/index.php\/2020\/08\/27\/thiago-maia-se-destaca-ao-estrear-com-dome-e-justifica-coro-da-torcida\/#breadcrumb"},"inLanguage":"pt-BR","potentialAction":[{"@type":"ReadAction","target":["https:\/\/www.gaveanews.com\/index.php\/2020\/08\/27\/thiago-maia-se-destaca-ao-estrear-com-dome-e-justifica-coro-da-torcida\/"]}]},{"@type":"ImageObject","inLanguage":"pt-BR","@id":"https:\/\/www.gaveanews.com\/index.php\/2020\/08\/27\/thiago-maia-se-destaca-ao-estrear-com-dome-e-justifica-coro-da-torcida\/#primaryimage","url":"https:\/\/www.gaveanews.com\/wp-content\/uploads\/Thiago-Maia-em-acao-pelo-Flamengo.webp","contentUrl":"https:\/\/www.gaveanews.com\/wp-content\/uploads\/Thiago-Maia-em-acao-pelo-Flamengo.webp","width":800,"height":533,"caption":"Thiago Maia em a\u00e7\u00e3o pelo Flamengo (Foto Alexandre Vidal\/Flamengo)"},{"@type":"BreadcrumbList","@id":"https:\/\/www.gaveanews.com\/index.php\/2020\/08\/27\/thiago-maia-se-destaca-ao-estrear-com-dome-e-justifica-coro-da-torcida\/#breadcrumb","itemListElement":[{"@type":"ListItem","position":1,"name":"Home","item":"https:\/\/www.gaveanews.com\/"},{"@type":"ListItem","position":2,"name":"Thiago Maia se destaca ao estrear com Dome e justifica coro da torcida"}]},{"@type":"WebSite","@id":"https:\/\/www.gaveanews.com\/#website","url":"https:\/\/www.gaveanews.com\/","name":"G\u00e1vea News","description":"Veja todas as not\u00edcias sobre o Flamengo: Contrata\u00e7\u00f5es, categorias de base, resultados das partidas, tabela de classifica\u00e7\u00e3o, pr\u00f3ximos jogos!","potentialAction":[{"@type":"SearchAction","target":{"@type":"EntryPoint","urlTemplate":"https:\/\/www.gaveanews.com\/?s={search_term_string}"},"query-input":{"@type":"PropertyValueSpecification","valueRequired":true,"valueName":"search_term_string"}}],"inLanguage":"pt-BR"},{"@type":"Person","@id":"https:\/\/www.gaveanews.com\/#\/schema\/person\/2ec14f73fb96be2caf28f91afb14749d","name":"Equipe G\u00e1vea News","image":{"@type":"ImageObject","inLanguage":"pt-BR","@id":"https:\/\/www.gaveanews.com\/#\/schema\/person\/image\/","url":"https:\/\/secure.gravatar.com\/avatar\/1e1956f1facbffd3f8fa53a326721950116b3b9dc9bd44939c01180fd4a745a9?s=96&d=mm&r=g","contentUrl":"https:\/\/secure.gravatar.com\/avatar\/1e1956f1facbffd3f8fa53a326721950116b3b9dc9bd44939c01180fd4a745a9?s=96&d=mm&r=g","caption":"Equipe G\u00e1vea News"}}]}},"_links":{"self":[{"href":"https:\/\/www.gaveanews.com\/index.php\/wp-json\/wp\/v2\/posts\/46321","targetHints":{"allow":["GET"]}}],"collection":[{"href":"https:\/\/www.gaveanews.com\/index.php\/wp-json\/wp\/v2\/posts"}],"about":[{"href":"https:\/\/www.gaveanews.com\/index.php\/wp-json\/wp\/v2\/types\/post"}],"author":[{"embeddable":true,"href":"https:\/\/www.gaveanews.com\/index.php\/wp-json\/wp\/v2\/users\/1"}],"replies":[{"embeddable":true,"href":"https:\/\/www.gaveanews.com\/index.php\/wp-json\/wp\/v2\/comments?post=46321"}],"version-history":[{"count":0,"href":"https:\/\/www.gaveanews.com\/index.php\/wp-json\/wp\/v2\/posts\/46321\/revisions"}],"wp:featuredmedia":[{"embeddable":true,"href":"https:\/\/www.gaveanews.com\/index.php\/wp-json\/wp\/v2\/media\/46146"}],"wp:attachment":[{"href":"https:\/\/www.gaveanews.com\/index.php\/wp-json\/wp\/v2\/media?parent=46321"}],"wp:term":[{"taxonomy":"category","embeddable":true,"href":"https:\/\/www.gaveanews.com\/index.php\/wp-json\/wp\/v2\/categories?post=46321"},{"taxonomy":"post_tag","embeddable":true,"href":"https:\/\/www.gaveanews.com\/index.php\/wp-json\/wp\/v2\/tags?post=46321"}],"curies":[{"name":"wp","href":"https:\/\/api.w.org\/{rel}","templated":true}]}}