{"id":46326,"date":"2020-08-27T15:41:40","date_gmt":"2020-08-27T18:41:40","guid":{"rendered":"https:\/\/www.gaveanews.com\/?p=46326"},"modified":"2020-08-27T15:41:44","modified_gmt":"2020-08-27T18:41:44","slug":"flamengo-aumenta-valor-de-mensalidade-de-socio-off-rio-em-165","status":"publish","type":"post","link":"https:\/\/www.gaveanews.com\/index.php\/2020\/08\/27\/flamengo-aumenta-valor-de-mensalidade-de-socio-off-rio-em-165\/","title":{"rendered":"Flamengo aumenta valor de mensalidade de s\u00f3cio off-Rio em 165%"},"content":{"rendered":"\n<p>O Conselho Diretor do Flamengo decidiu reajustar em 165% o valor da mensalidade dos s\u00f3cios da categoria Off Rio. Em comunicado enviado, o clube informou que a cobran\u00e7a passar\u00e1 de R$ 64 para R$ 170 mensais.<\/p>\n\n\n\n<p>Segundo o documento, a justificativa \u00e9 de que os s\u00f3cios Off Rio tinham direitos pr\u00f3ximos aos dos s\u00f3cios patrimoniais e propriet\u00e1rios, mas por um valor muito menor. Os direitos s\u00e3o:<\/p>\n\n\n\n<ul class=\"wp-block-list\"><li>Ser s\u00f3cio-torcedor com desconto de R$ 54,90 nas mensalidades de qualquer plano, o que corresponde a ter o plano Ra\u00e7a de forma gratuita;<\/li><li>Votar para presidente do clube a partir de tr\u00eas anos, ser votado para membro do Conselho Deliberativo e participar das vota\u00e7\u00f5es deste conselho;<\/li><li>Frequentar as depend\u00eancias do clube, no limite de 30 dias por ano.<\/li><\/ul>\n\n\n\n<p>A mudan\u00e7a na mensalidade passar\u00e1 a valer a partir de outubro. O Flamengo pediu ainda que, caso o valor ultrapasse o or\u00e7amento pessoal, os s\u00f3cios mudem seus planos para s\u00f3cio-torcedor.<\/p>\n\n\n\n<h2 class=\"wp-block-heading\">Confira a \u00edntegra do comunicado:<\/h2>\n\n\n\n<p><em>&#8220;Caro(a) Associado(a),<\/em><\/p>\n\n\n\n<p><em>Com o intuito de deixar mais justa e adequada a rela\u00e7\u00e3o entre todas as categorias associativas de nosso clube, bem como valorizar os s\u00f3cios do Flamengo, o Conselho Diretor definiu uma mudan\u00e7a na cobran\u00e7a do associado Off-Rio.<\/em><\/p>\n\n\n\n<p><em>Hoje, esta importante categoria de associados rubro-negros tem os seguintes direitos:<\/em><\/p>\n\n\n\n<p><em>&#8211; Ser S\u00f3cio-Torcedor com desconto de R$54,90 nas mensalidades de qualquer plano, valor que corresponde a ter o plano Ra\u00e7a de forma gratuita.<\/em><\/p>\n\n\n\n<p><em>&#8211; Votar para Presidente do clube a partir de 3 (tr\u00eas) anos, ser votado para membro do Conselho Deliberativo e, ainda, participar das vota\u00e7\u00f5es deste conselho.<\/em><\/p>\n\n\n\n<p><em>&#8211; Frequentar as depend\u00eancias do clube, no limite de 30 (trinta) dias por ano.<\/em><\/p>\n\n\n\n<p><em>Ou seja, direitos pr\u00f3ximos aos dos s\u00f3cios Patrimonial e Propriet\u00e1rio, por um valor muito menor.<\/em><\/p>\n\n\n\n<p><em>Sendo assim, a partir de outubro de 2020, o valor da mensalidade do associado Off Rio &#8211; que atualmente corresponde a menos de 30% do valor da mensalidade do S\u00f3cio Contribuinte &#8211; passar\u00e1 a ser de aproximadamente 75% da mensalidade deste mesmo s\u00f3cio.<\/em><\/p>\n\n\n\n<p><em>Em suma, dos R$64,00 pagos atualmente, a mensalidade passar\u00e1 para R$170,00, mantendo-se assim todos os direitos atuais do Off-Rio.<\/em><\/p>\n\n\n\n<p><em>Sabemos que existem S\u00f3cios Off-Rio que pouco frequentam a Sede Social e que sua participa\u00e7\u00e3o como s\u00f3cio tem como objetivo principal ajudar o Flamengo a ser ainda mais forte.<\/em><\/p>\n\n\n\n<p><em>Para este grupo de rubro-negros, caso a nova mensalidade do Off-Rio fique acima do reservado para este apoio, pedimos que mude seu plano para o S\u00f3cio-Torcedor. Caso o novo valor continue dentro do or\u00e7amento pessoal, pedimos que continue com sua contribui\u00e7\u00e3o importante para o nosso Flamengo.<\/em><\/p>\n\n\n\n<p><em>J\u00e1 para aqueles que, sendo Off-Rio, gostariam de continuar utilizando o clube, devem permanecer na mesma categoria ou mesmo migrar para as demais categorias dispon\u00edveis no Clube.<\/em><\/p>\n\n\n\n<p><em>O importante \u00e9 continuarmos juntos.<\/em><\/p>\n\n\n\n<p><em>Sauda\u00e7\u00f5es Rubro-Negras<\/em><\/p>\n\n\n\n<p><em>Conselho Diretor do Clube de Regatas do Flamengo&#8221;<\/em>.<\/p>\n\n\n\n<p>Retirado de: Globo Esporte<\/p>\n","protected":false},"excerpt":{"rendered":"<p>O Conselho Diretor do Flamengo decidiu reajustar em 165% o valor da mensalidade dos s\u00f3cios da categoria Off Rio. Em comunicado enviado, o clube informou que a cobran\u00e7a passar\u00e1 de R$ 64 para R$ 170 mensais. Segundo o documento, a justificativa \u00e9 de que os s\u00f3cios Off Rio tinham direitos pr\u00f3ximos aos dos s\u00f3cios patrimoniais [&hellip;]<\/p>\n","protected":false},"author":1,"featured_media":15077,"comment_status":"open","ping_status":"closed","sticky":false,"template":"","format":"standard","meta":{"footnotes":""},"categories":[47],"tags":[],"class_list":["post-46326","post","type-post","status-publish","format-standard","has-post-thumbnail","hentry","category-destaques"],"yoast_head":"<!-- This site is optimized with the Yoast SEO Premium plugin v24.2 (Yoast SEO v26.9) - https:\/\/yoast.com\/product\/yoast-seo-premium-wordpress\/ -->\n<title>Flamengo aumenta valor de mensalidade de s\u00f3cio off-Rio em 165%<\/title>\n<meta name=\"description\" content=\"Em comunicado enviado a associados, clube justifica que categoria tinha direitos pr\u00f3ximos a s\u00f3cios patrimoniais e propriet\u00e1rios.\" \/>\n<meta name=\"robots\" content=\"index, follow, max-snippet:-1, max-image-preview:large, max-video-preview:-1\" \/>\n<link rel=\"canonical\" href=\"https:\/\/www.gaveanews.com\/index.php\/2020\/08\/27\/flamengo-aumenta-valor-de-mensalidade-de-socio-off-rio-em-165\/\" \/>\n<meta property=\"og:locale\" content=\"pt_BR\" \/>\n<meta property=\"og:type\" content=\"article\" \/>\n<meta property=\"og:title\" content=\"Flamengo aumenta valor de mensalidade de s\u00f3cio off-Rio em 165%\" \/>\n<meta property=\"og:description\" content=\"Em comunicado enviado a associados, clube justifica que categoria tinha direitos pr\u00f3ximos a s\u00f3cios patrimoniais e propriet\u00e1rios.\" \/>\n<meta property=\"og:url\" content=\"https:\/\/www.gaveanews.com\/index.php\/2020\/08\/27\/flamengo-aumenta-valor-de-mensalidade-de-socio-off-rio-em-165\/\" \/>\n<meta property=\"og:site_name\" content=\"G\u00e1vea News\" \/>\n<meta property=\"article:publisher\" content=\"https:\/\/facebook.com\/gaveaNews\/\" \/>\n<meta property=\"article:published_time\" content=\"2020-08-27T18:41:40+00:00\" \/>\n<meta property=\"article:modified_time\" content=\"2020-08-27T18:41:44+00:00\" \/>\n<meta property=\"og:image\" content=\"https:\/\/www.gaveanews.com\/wp-content\/uploads\/2019\/03\/Rodolfo-Landim-durante-entrevista-coletiva-na-Gavea.webp\" \/>\n\t<meta property=\"og:image:width\" content=\"1\" \/>\n\t<meta property=\"og:image:height\" content=\"1\" \/>\n\t<meta property=\"og:image:type\" content=\"image\/jpeg\" \/>\n<meta name=\"author\" content=\"Equipe G\u00e1vea News\" \/>\n<meta name=\"twitter:card\" content=\"summary_large_image\" \/>\n<meta name=\"twitter:label1\" content=\"Escrito por\" \/>\n\t<meta name=\"twitter:data1\" content=\"Equipe G\u00e1vea News\" \/>\n\t<meta name=\"twitter:label2\" content=\"Est. tempo de leitura\" \/>\n\t<meta name=\"twitter:data2\" content=\"2 minutos\" \/>\n<script type=\"application\/ld+json\" class=\"yoast-schema-graph\">{\"@context\":\"https:\/\/schema.org\",\"@graph\":[{\"@type\":\"NewsArticle\",\"@id\":\"https:\/\/www.gaveanews.com\/index.php\/2020\/08\/27\/flamengo-aumenta-valor-de-mensalidade-de-socio-off-rio-em-165\/#article\",\"isPartOf\":{\"@id\":\"https:\/\/www.gaveanews.com\/index.php\/2020\/08\/27\/flamengo-aumenta-valor-de-mensalidade-de-socio-off-rio-em-165\/\"},\"author\":{\"name\":\"Equipe G\u00e1vea News\",\"@id\":\"https:\/\/www.gaveanews.com\/#\/schema\/person\/2ec14f73fb96be2caf28f91afb14749d\"},\"headline\":\"Flamengo aumenta valor de mensalidade de s\u00f3cio off-Rio em 165%\",\"datePublished\":\"2020-08-27T18:41:40+00:00\",\"dateModified\":\"2020-08-27T18:41:44+00:00\",\"mainEntityOfPage\":{\"@id\":\"https:\/\/www.gaveanews.com\/index.php\/2020\/08\/27\/flamengo-aumenta-valor-de-mensalidade-de-socio-off-rio-em-165\/\"},\"wordCount\":508,\"commentCount\":16,\"image\":{\"@id\":\"https:\/\/www.gaveanews.com\/index.php\/2020\/08\/27\/flamengo-aumenta-valor-de-mensalidade-de-socio-off-rio-em-165\/#primaryimage\"},\"thumbnailUrl\":\"https:\/\/www.gaveanews.com\/wp-content\/uploads\/2019\/03\/Rodolfo-Landim-durante-entrevista-coletiva-na-Gavea.webp\",\"articleSection\":[\"Destaques\"],\"inLanguage\":\"pt-BR\",\"potentialAction\":[{\"@type\":\"CommentAction\",\"name\":\"Comment\",\"target\":[\"https:\/\/www.gaveanews.com\/index.php\/2020\/08\/27\/flamengo-aumenta-valor-de-mensalidade-de-socio-off-rio-em-165\/#respond\"]}],\"copyrightYear\":\"2020\",\"copyrightHolder\":{\"@id\":\"https:\/\/www.gaveanews.com\/#organization\"}},{\"@type\":\"WebPage\",\"@id\":\"https:\/\/www.gaveanews.com\/index.php\/2020\/08\/27\/flamengo-aumenta-valor-de-mensalidade-de-socio-off-rio-em-165\/\",\"url\":\"https:\/\/www.gaveanews.com\/index.php\/2020\/08\/27\/flamengo-aumenta-valor-de-mensalidade-de-socio-off-rio-em-165\/\",\"name\":\"Flamengo aumenta valor de mensalidade de s\u00f3cio off-Rio em 165%\",\"isPartOf\":{\"@id\":\"https:\/\/www.gaveanews.com\/#website\"},\"primaryImageOfPage\":{\"@id\":\"https:\/\/www.gaveanews.com\/index.php\/2020\/08\/27\/flamengo-aumenta-valor-de-mensalidade-de-socio-off-rio-em-165\/#primaryimage\"},\"image\":{\"@id\":\"https:\/\/www.gaveanews.com\/index.php\/2020\/08\/27\/flamengo-aumenta-valor-de-mensalidade-de-socio-off-rio-em-165\/#primaryimage\"},\"thumbnailUrl\":\"https:\/\/www.gaveanews.com\/wp-content\/uploads\/2019\/03\/Rodolfo-Landim-durante-entrevista-coletiva-na-Gavea.webp\",\"datePublished\":\"2020-08-27T18:41:40+00:00\",\"dateModified\":\"2020-08-27T18:41:44+00:00\",\"author\":{\"@id\":\"https:\/\/www.gaveanews.com\/#\/schema\/person\/2ec14f73fb96be2caf28f91afb14749d\"},\"description\":\"Em comunicado enviado a associados, clube justifica que categoria tinha direitos pr\u00f3ximos a s\u00f3cios patrimoniais e propriet\u00e1rios.\",\"breadcrumb\":{\"@id\":\"https:\/\/www.gaveanews.com\/index.php\/2020\/08\/27\/flamengo-aumenta-valor-de-mensalidade-de-socio-off-rio-em-165\/#breadcrumb\"},\"inLanguage\":\"pt-BR\",\"potentialAction\":[{\"@type\":\"ReadAction\",\"target\":[\"https:\/\/www.gaveanews.com\/index.php\/2020\/08\/27\/flamengo-aumenta-valor-de-mensalidade-de-socio-off-rio-em-165\/\"]}]},{\"@type\":\"ImageObject\",\"inLanguage\":\"pt-BR\",\"@id\":\"https:\/\/www.gaveanews.com\/index.php\/2020\/08\/27\/flamengo-aumenta-valor-de-mensalidade-de-socio-off-rio-em-165\/#primaryimage\",\"url\":\"https:\/\/www.gaveanews.com\/wp-content\/uploads\/2019\/03\/Rodolfo-Landim-durante-entrevista-coletiva-na-Gavea.webp\",\"contentUrl\":\"https:\/\/www.gaveanews.com\/wp-content\/uploads\/2019\/03\/Rodolfo-Landim-durante-entrevista-coletiva-na-Gavea.webp\",\"width\":900,\"height\":599,\"caption\":\"Rodolfo Landim durante entrevista coletiva na G\u00e1vea (Foto: Ag\u00eancia Foto BR)\"},{\"@type\":\"BreadcrumbList\",\"@id\":\"https:\/\/www.gaveanews.com\/index.php\/2020\/08\/27\/flamengo-aumenta-valor-de-mensalidade-de-socio-off-rio-em-165\/#breadcrumb\",\"itemListElement\":[{\"@type\":\"ListItem\",\"position\":1,\"name\":\"Home\",\"item\":\"https:\/\/www.gaveanews.com\/\"},{\"@type\":\"ListItem\",\"position\":2,\"name\":\"Flamengo aumenta valor de mensalidade de s\u00f3cio off-Rio em 165%\"}]},{\"@type\":\"WebSite\",\"@id\":\"https:\/\/www.gaveanews.com\/#website\",\"url\":\"https:\/\/www.gaveanews.com\/\",\"name\":\"G\u00e1vea News\",\"description\":\"Veja todas as not\u00edcias sobre o Flamengo: Contrata\u00e7\u00f5es, categorias de base, resultados das partidas, tabela de classifica\u00e7\u00e3o, pr\u00f3ximos jogos!\",\"potentialAction\":[{\"@type\":\"SearchAction\",\"target\":{\"@type\":\"EntryPoint\",\"urlTemplate\":\"https:\/\/www.gaveanews.com\/?s={search_term_string}\"},\"query-input\":{\"@type\":\"PropertyValueSpecification\",\"valueRequired\":true,\"valueName\":\"search_term_string\"}}],\"inLanguage\":\"pt-BR\"},{\"@type\":\"Person\",\"@id\":\"https:\/\/www.gaveanews.com\/#\/schema\/person\/2ec14f73fb96be2caf28f91afb14749d\",\"name\":\"Equipe G\u00e1vea News\",\"image\":{\"@type\":\"ImageObject\",\"inLanguage\":\"pt-BR\",\"@id\":\"https:\/\/www.gaveanews.com\/#\/schema\/person\/image\/\",\"url\":\"https:\/\/secure.gravatar.com\/avatar\/1e1956f1facbffd3f8fa53a326721950116b3b9dc9bd44939c01180fd4a745a9?s=96&d=mm&r=g\",\"contentUrl\":\"https:\/\/secure.gravatar.com\/avatar\/1e1956f1facbffd3f8fa53a326721950116b3b9dc9bd44939c01180fd4a745a9?s=96&d=mm&r=g\",\"caption\":\"Equipe G\u00e1vea News\"}}]}<\/script>\n<!-- \/ Yoast SEO Premium plugin. -->","yoast_head_json":{"title":"Flamengo aumenta valor de mensalidade de s\u00f3cio off-Rio em 165%","description":"Em comunicado enviado a associados, clube justifica que categoria tinha direitos pr\u00f3ximos a s\u00f3cios patrimoniais e propriet\u00e1rios.","robots":{"index":"index","follow":"follow","max-snippet":"max-snippet:-1","max-image-preview":"max-image-preview:large","max-video-preview":"max-video-preview:-1"},"canonical":"https:\/\/www.gaveanews.com\/index.php\/2020\/08\/27\/flamengo-aumenta-valor-de-mensalidade-de-socio-off-rio-em-165\/","og_locale":"pt_BR","og_type":"article","og_title":"Flamengo aumenta valor de mensalidade de s\u00f3cio off-Rio em 165%","og_description":"Em comunicado enviado a associados, clube justifica que categoria tinha direitos pr\u00f3ximos a s\u00f3cios patrimoniais e propriet\u00e1rios.","og_url":"https:\/\/www.gaveanews.com\/index.php\/2020\/08\/27\/flamengo-aumenta-valor-de-mensalidade-de-socio-off-rio-em-165\/","og_site_name":"G\u00e1vea News","article_publisher":"https:\/\/facebook.com\/gaveaNews\/","article_published_time":"2020-08-27T18:41:40+00:00","article_modified_time":"2020-08-27T18:41:44+00:00","og_image":[{"url":"https:\/\/www.gaveanews.com\/wp-content\/uploads\/2019\/03\/Rodolfo-Landim-durante-entrevista-coletiva-na-Gavea.webp","width":1,"height":1,"type":"image\/jpeg"}],"author":"Equipe G\u00e1vea News","twitter_card":"summary_large_image","twitter_misc":{"Escrito por":"Equipe G\u00e1vea News","Est. tempo de leitura":"2 minutos"},"schema":{"@context":"https:\/\/schema.org","@graph":[{"@type":"NewsArticle","@id":"https:\/\/www.gaveanews.com\/index.php\/2020\/08\/27\/flamengo-aumenta-valor-de-mensalidade-de-socio-off-rio-em-165\/#article","isPartOf":{"@id":"https:\/\/www.gaveanews.com\/index.php\/2020\/08\/27\/flamengo-aumenta-valor-de-mensalidade-de-socio-off-rio-em-165\/"},"author":{"name":"Equipe G\u00e1vea News","@id":"https:\/\/www.gaveanews.com\/#\/schema\/person\/2ec14f73fb96be2caf28f91afb14749d"},"headline":"Flamengo aumenta valor de mensalidade de s\u00f3cio off-Rio em 165%","datePublished":"2020-08-27T18:41:40+00:00","dateModified":"2020-08-27T18:41:44+00:00","mainEntityOfPage":{"@id":"https:\/\/www.gaveanews.com\/index.php\/2020\/08\/27\/flamengo-aumenta-valor-de-mensalidade-de-socio-off-rio-em-165\/"},"wordCount":508,"commentCount":16,"image":{"@id":"https:\/\/www.gaveanews.com\/index.php\/2020\/08\/27\/flamengo-aumenta-valor-de-mensalidade-de-socio-off-rio-em-165\/#primaryimage"},"thumbnailUrl":"https:\/\/www.gaveanews.com\/wp-content\/uploads\/2019\/03\/Rodolfo-Landim-durante-entrevista-coletiva-na-Gavea.webp","articleSection":["Destaques"],"inLanguage":"pt-BR","potentialAction":[{"@type":"CommentAction","name":"Comment","target":["https:\/\/www.gaveanews.com\/index.php\/2020\/08\/27\/flamengo-aumenta-valor-de-mensalidade-de-socio-off-rio-em-165\/#respond"]}],"copyrightYear":"2020","copyrightHolder":{"@id":"https:\/\/www.gaveanews.com\/#organization"}},{"@type":"WebPage","@id":"https:\/\/www.gaveanews.com\/index.php\/2020\/08\/27\/flamengo-aumenta-valor-de-mensalidade-de-socio-off-rio-em-165\/","url":"https:\/\/www.gaveanews.com\/index.php\/2020\/08\/27\/flamengo-aumenta-valor-de-mensalidade-de-socio-off-rio-em-165\/","name":"Flamengo aumenta valor de mensalidade de s\u00f3cio off-Rio em 165%","isPartOf":{"@id":"https:\/\/www.gaveanews.com\/#website"},"primaryImageOfPage":{"@id":"https:\/\/www.gaveanews.com\/index.php\/2020\/08\/27\/flamengo-aumenta-valor-de-mensalidade-de-socio-off-rio-em-165\/#primaryimage"},"image":{"@id":"https:\/\/www.gaveanews.com\/index.php\/2020\/08\/27\/flamengo-aumenta-valor-de-mensalidade-de-socio-off-rio-em-165\/#primaryimage"},"thumbnailUrl":"https:\/\/www.gaveanews.com\/wp-content\/uploads\/2019\/03\/Rodolfo-Landim-durante-entrevista-coletiva-na-Gavea.webp","datePublished":"2020-08-27T18:41:40+00:00","dateModified":"2020-08-27T18:41:44+00:00","author":{"@id":"https:\/\/www.gaveanews.com\/#\/schema\/person\/2ec14f73fb96be2caf28f91afb14749d"},"description":"Em comunicado enviado a associados, clube justifica que categoria tinha direitos pr\u00f3ximos a s\u00f3cios patrimoniais e propriet\u00e1rios.","breadcrumb":{"@id":"https:\/\/www.gaveanews.com\/index.php\/2020\/08\/27\/flamengo-aumenta-valor-de-mensalidade-de-socio-off-rio-em-165\/#breadcrumb"},"inLanguage":"pt-BR","potentialAction":[{"@type":"ReadAction","target":["https:\/\/www.gaveanews.com\/index.php\/2020\/08\/27\/flamengo-aumenta-valor-de-mensalidade-de-socio-off-rio-em-165\/"]}]},{"@type":"ImageObject","inLanguage":"pt-BR","@id":"https:\/\/www.gaveanews.com\/index.php\/2020\/08\/27\/flamengo-aumenta-valor-de-mensalidade-de-socio-off-rio-em-165\/#primaryimage","url":"https:\/\/www.gaveanews.com\/wp-content\/uploads\/2019\/03\/Rodolfo-Landim-durante-entrevista-coletiva-na-Gavea.webp","contentUrl":"https:\/\/www.gaveanews.com\/wp-content\/uploads\/2019\/03\/Rodolfo-Landim-durante-entrevista-coletiva-na-Gavea.webp","width":900,"height":599,"caption":"Rodolfo Landim durante entrevista coletiva na G\u00e1vea (Foto: Ag\u00eancia Foto BR)"},{"@type":"BreadcrumbList","@id":"https:\/\/www.gaveanews.com\/index.php\/2020\/08\/27\/flamengo-aumenta-valor-de-mensalidade-de-socio-off-rio-em-165\/#breadcrumb","itemListElement":[{"@type":"ListItem","position":1,"name":"Home","item":"https:\/\/www.gaveanews.com\/"},{"@type":"ListItem","position":2,"name":"Flamengo aumenta valor de mensalidade de s\u00f3cio off-Rio em 165%"}]},{"@type":"WebSite","@id":"https:\/\/www.gaveanews.com\/#website","url":"https:\/\/www.gaveanews.com\/","name":"G\u00e1vea News","description":"Veja todas as not\u00edcias sobre o Flamengo: Contrata\u00e7\u00f5es, categorias de base, resultados das partidas, tabela de classifica\u00e7\u00e3o, pr\u00f3ximos jogos!","potentialAction":[{"@type":"SearchAction","target":{"@type":"EntryPoint","urlTemplate":"https:\/\/www.gaveanews.com\/?s={search_term_string}"},"query-input":{"@type":"PropertyValueSpecification","valueRequired":true,"valueName":"search_term_string"}}],"inLanguage":"pt-BR"},{"@type":"Person","@id":"https:\/\/www.gaveanews.com\/#\/schema\/person\/2ec14f73fb96be2caf28f91afb14749d","name":"Equipe G\u00e1vea News","image":{"@type":"ImageObject","inLanguage":"pt-BR","@id":"https:\/\/www.gaveanews.com\/#\/schema\/person\/image\/","url":"https:\/\/secure.gravatar.com\/avatar\/1e1956f1facbffd3f8fa53a326721950116b3b9dc9bd44939c01180fd4a745a9?s=96&d=mm&r=g","contentUrl":"https:\/\/secure.gravatar.com\/avatar\/1e1956f1facbffd3f8fa53a326721950116b3b9dc9bd44939c01180fd4a745a9?s=96&d=mm&r=g","caption":"Equipe G\u00e1vea News"}}]}},"_links":{"self":[{"href":"https:\/\/www.gaveanews.com\/index.php\/wp-json\/wp\/v2\/posts\/46326","targetHints":{"allow":["GET"]}}],"collection":[{"href":"https:\/\/www.gaveanews.com\/index.php\/wp-json\/wp\/v2\/posts"}],"about":[{"href":"https:\/\/www.gaveanews.com\/index.php\/wp-json\/wp\/v2\/types\/post"}],"author":[{"embeddable":true,"href":"https:\/\/www.gaveanews.com\/index.php\/wp-json\/wp\/v2\/users\/1"}],"replies":[{"embeddable":true,"href":"https:\/\/www.gaveanews.com\/index.php\/wp-json\/wp\/v2\/comments?post=46326"}],"version-history":[{"count":0,"href":"https:\/\/www.gaveanews.com\/index.php\/wp-json\/wp\/v2\/posts\/46326\/revisions"}],"wp:featuredmedia":[{"embeddable":true,"href":"https:\/\/www.gaveanews.com\/index.php\/wp-json\/wp\/v2\/media\/15077"}],"wp:attachment":[{"href":"https:\/\/www.gaveanews.com\/index.php\/wp-json\/wp\/v2\/media?parent=46326"}],"wp:term":[{"taxonomy":"category","embeddable":true,"href":"https:\/\/www.gaveanews.com\/index.php\/wp-json\/wp\/v2\/categories?post=46326"},{"taxonomy":"post_tag","embeddable":true,"href":"https:\/\/www.gaveanews.com\/index.php\/wp-json\/wp\/v2\/tags?post=46326"}],"curies":[{"name":"wp","href":"https:\/\/api.w.org\/{rel}","templated":true}]}}