{"id":46370,"date":"2020-08-28T16:23:14","date_gmt":"2020-08-28T19:23:14","guid":{"rendered":"https:\/\/www.gaveanews.com\/?p=46370"},"modified":"2020-08-28T16:24:14","modified_gmt":"2020-08-28T19:24:14","slug":"rodrigo-caio-e-gabriel-reforcam-otimismo-para-pegar-o-santos","status":"publish","type":"post","link":"https:\/\/www.gaveanews.com\/index.php\/2020\/08\/28\/rodrigo-caio-e-gabriel-reforcam-otimismo-para-pegar-o-santos\/","title":{"rendered":"Rodrigo Caio e Gabigol refor\u00e7am otimismo para pegar o Santos"},"content":{"rendered":"\n<p>A sexta-feira come\u00e7ou com boas not\u00edcias para o Flamengo. Maur\u00edcio Isla teve seu nome publicado no Boletim Informativo Di\u00e1rio (BID) da CBF e Rodrigo Caio e Gabriel aumentaram as chances de ficar \u00e0 disposi\u00e7\u00e3o de Dom\u00e8nec Torrent para encarar o Santos.<\/p>\n\n\n\n<p>O zagueiro e o atacante ainda n\u00e3o est\u00e3o totalmente integrados ao elenco, mas participaram do aquecimento e de boa parte do treinamento. No fim, fizeram complemento \u00e0 parte na fase final da recupera\u00e7\u00e3o de les\u00f5es musculares na coxa.<\/p>\n\n\n\n<p>A tend\u00eancia \u00e9 de que a dupla trabalhe normalmente na manh\u00e3 de s\u00e1bado com os companheiros e viaje para Santos. Jo\u00e3o Lucas, que tamb\u00e9m tem um problema muscular na coxa, j\u00e1 est\u00e1 vetado.<\/p>\n\n\n\n<p>Isla tamb\u00e9m viajar\u00e1 para Baixada Santista e a comiss\u00e3o t\u00e9cnica ainda avalia se come\u00e7ar\u00e1 jogando ou entrar\u00e1 no decorrer da partida de domingo, \u00e0s 16h (de Bras\u00edlia), na Vila Belmiro. O chileno tem dado um retorno positivo na parte f\u00edsica, mas ainda n\u00e3o est\u00e1 no n\u00edvel dos companheiros &#8211; a \u00faltima partida oficial foi disputada em mar\u00e7o.<\/p>\n\n\n\n<p>Mesmo com o elenco de folga ter\u00e7a-feira, Isla, Rodrigo Caio e Gabriel treinaram no Ninho do Urubu para aumentarem as chances de encarar o Santos. A escala\u00e7\u00e3o est\u00e1 nas m\u00e3os de Dome.<\/p>\n\n\n\n<figure class=\"wp-block-embed-instagram wp-block-embed is-type-rich is-provider-instagram\"><div class=\"wp-block-embed__wrapper\">\nhttps:\/\/www.instagram.com\/p\/CEb6ZljhdUo\/\n<\/div><\/figure>\n\n\n\n<p>Retirado de: Globo Esporte<\/p>\n","protected":false},"excerpt":{"rendered":"<p>A sexta-feira come\u00e7ou com boas not\u00edcias para o Flamengo. Maur\u00edcio Isla teve seu nome publicado no Boletim Informativo Di\u00e1rio (BID) da CBF e Rodrigo Caio e Gabriel aumentaram as chances de ficar \u00e0 disposi\u00e7\u00e3o de Dom\u00e8nec Torrent para encarar o Santos. O zagueiro e o atacante ainda n\u00e3o est\u00e3o totalmente integrados ao elenco, mas participaram [&hellip;]<\/p>\n","protected":false},"author":1,"featured_media":15116,"comment_status":"open","ping_status":"closed","sticky":false,"template":"","format":"standard","meta":{"footnotes":""},"categories":[1],"tags":[],"class_list":["post-46370","post","type-post","status-publish","format-standard","has-post-thumbnail","hentry","category-flamengo"],"yoast_head":"<!-- This site is optimized with the Yoast SEO Premium plugin v24.2 (Yoast SEO v26.9) - https:\/\/yoast.com\/product\/yoast-seo-premium-wordpress\/ -->\n<title>Rodrigo Caio e Gabigol refor\u00e7am otimismo para pegar o Santos<\/title>\n<meta name=\"description\" content=\"O zagueiro e o atacante ainda n\u00e3o est\u00e3o totalmente integrados ao elenco, mas participaram do aquecimento e de boa parte do treinamento.\" \/>\n<meta name=\"robots\" content=\"index, follow, max-snippet:-1, max-image-preview:large, max-video-preview:-1\" \/>\n<link rel=\"canonical\" href=\"https:\/\/www.gaveanews.com\/index.php\/2020\/08\/28\/rodrigo-caio-e-gabriel-reforcam-otimismo-para-pegar-o-santos\/\" \/>\n<meta property=\"og:locale\" content=\"pt_BR\" \/>\n<meta property=\"og:type\" content=\"article\" \/>\n<meta property=\"og:title\" content=\"Rodrigo Caio e Gabigol refor\u00e7am otimismo para pegar o Santos\" \/>\n<meta property=\"og:description\" content=\"O zagueiro e o atacante ainda n\u00e3o est\u00e3o totalmente integrados ao elenco, mas participaram do aquecimento e de boa parte do treinamento.\" \/>\n<meta property=\"og:url\" content=\"https:\/\/www.gaveanews.com\/index.php\/2020\/08\/28\/rodrigo-caio-e-gabriel-reforcam-otimismo-para-pegar-o-santos\/\" \/>\n<meta property=\"og:site_name\" content=\"G\u00e1vea News\" \/>\n<meta property=\"article:publisher\" content=\"https:\/\/facebook.com\/gaveaNews\/\" \/>\n<meta property=\"article:published_time\" content=\"2020-08-28T19:23:14+00:00\" \/>\n<meta property=\"article:modified_time\" content=\"2020-08-28T19:24:14+00:00\" \/>\n<meta property=\"og:image\" content=\"https:\/\/www.gaveanews.com\/wp-content\/uploads\/2019\/03\/Rodrigo-Caio-e-Gabigol-durante-treinamento-no-Ninho-do-Urubu.webp\" \/>\n\t<meta property=\"og:image:width\" content=\"900\" \/>\n\t<meta property=\"og:image:height\" content=\"599\" \/>\n\t<meta property=\"og:image:type\" content=\"image\/jpeg\" \/>\n<meta name=\"author\" content=\"Equipe G\u00e1vea News\" \/>\n<meta name=\"twitter:card\" content=\"summary_large_image\" \/>\n<meta name=\"twitter:label1\" content=\"Escrito por\" \/>\n\t<meta name=\"twitter:data1\" content=\"Equipe G\u00e1vea News\" \/>\n\t<meta name=\"twitter:label2\" content=\"Est. tempo de leitura\" \/>\n\t<meta name=\"twitter:data2\" content=\"1 minuto\" \/>\n<script type=\"application\/ld+json\" class=\"yoast-schema-graph\">{\"@context\":\"https:\/\/schema.org\",\"@graph\":[{\"@type\":\"NewsArticle\",\"@id\":\"https:\/\/www.gaveanews.com\/index.php\/2020\/08\/28\/rodrigo-caio-e-gabriel-reforcam-otimismo-para-pegar-o-santos\/#article\",\"isPartOf\":{\"@id\":\"https:\/\/www.gaveanews.com\/index.php\/2020\/08\/28\/rodrigo-caio-e-gabriel-reforcam-otimismo-para-pegar-o-santos\/\"},\"author\":{\"name\":\"Equipe G\u00e1vea News\",\"@id\":\"https:\/\/www.gaveanews.com\/#\/schema\/person\/2ec14f73fb96be2caf28f91afb14749d\"},\"headline\":\"Rodrigo Caio e Gabigol refor\u00e7am otimismo para pegar o Santos\",\"datePublished\":\"2020-08-28T19:23:14+00:00\",\"dateModified\":\"2020-08-28T19:24:14+00:00\",\"mainEntityOfPage\":{\"@id\":\"https:\/\/www.gaveanews.com\/index.php\/2020\/08\/28\/rodrigo-caio-e-gabriel-reforcam-otimismo-para-pegar-o-santos\/\"},\"wordCount\":246,\"commentCount\":2,\"image\":{\"@id\":\"https:\/\/www.gaveanews.com\/index.php\/2020\/08\/28\/rodrigo-caio-e-gabriel-reforcam-otimismo-para-pegar-o-santos\/#primaryimage\"},\"thumbnailUrl\":\"https:\/\/www.gaveanews.com\/wp-content\/uploads\/2019\/03\/Rodrigo-Caio-e-Gabigol-durante-treinamento-no-Ninho-do-Urubu.webp\",\"articleSection\":[\"Flamengo\"],\"inLanguage\":\"pt-BR\",\"potentialAction\":[{\"@type\":\"CommentAction\",\"name\":\"Comment\",\"target\":[\"https:\/\/www.gaveanews.com\/index.php\/2020\/08\/28\/rodrigo-caio-e-gabriel-reforcam-otimismo-para-pegar-o-santos\/#respond\"]}],\"copyrightYear\":\"2020\",\"copyrightHolder\":{\"@id\":\"https:\/\/www.gaveanews.com\/#organization\"}},{\"@type\":\"WebPage\",\"@id\":\"https:\/\/www.gaveanews.com\/index.php\/2020\/08\/28\/rodrigo-caio-e-gabriel-reforcam-otimismo-para-pegar-o-santos\/\",\"url\":\"https:\/\/www.gaveanews.com\/index.php\/2020\/08\/28\/rodrigo-caio-e-gabriel-reforcam-otimismo-para-pegar-o-santos\/\",\"name\":\"Rodrigo Caio e Gabigol refor\u00e7am otimismo para pegar o Santos\",\"isPartOf\":{\"@id\":\"https:\/\/www.gaveanews.com\/#website\"},\"primaryImageOfPage\":{\"@id\":\"https:\/\/www.gaveanews.com\/index.php\/2020\/08\/28\/rodrigo-caio-e-gabriel-reforcam-otimismo-para-pegar-o-santos\/#primaryimage\"},\"image\":{\"@id\":\"https:\/\/www.gaveanews.com\/index.php\/2020\/08\/28\/rodrigo-caio-e-gabriel-reforcam-otimismo-para-pegar-o-santos\/#primaryimage\"},\"thumbnailUrl\":\"https:\/\/www.gaveanews.com\/wp-content\/uploads\/2019\/03\/Rodrigo-Caio-e-Gabigol-durante-treinamento-no-Ninho-do-Urubu.webp\",\"datePublished\":\"2020-08-28T19:23:14+00:00\",\"dateModified\":\"2020-08-28T19:24:14+00:00\",\"author\":{\"@id\":\"https:\/\/www.gaveanews.com\/#\/schema\/person\/2ec14f73fb96be2caf28f91afb14749d\"},\"description\":\"O zagueiro e o atacante ainda n\u00e3o est\u00e3o totalmente integrados ao elenco, mas participaram do aquecimento e de boa parte do treinamento.\",\"breadcrumb\":{\"@id\":\"https:\/\/www.gaveanews.com\/index.php\/2020\/08\/28\/rodrigo-caio-e-gabriel-reforcam-otimismo-para-pegar-o-santos\/#breadcrumb\"},\"inLanguage\":\"pt-BR\",\"potentialAction\":[{\"@type\":\"ReadAction\",\"target\":[\"https:\/\/www.gaveanews.com\/index.php\/2020\/08\/28\/rodrigo-caio-e-gabriel-reforcam-otimismo-para-pegar-o-santos\/\"]}]},{\"@type\":\"ImageObject\",\"inLanguage\":\"pt-BR\",\"@id\":\"https:\/\/www.gaveanews.com\/index.php\/2020\/08\/28\/rodrigo-caio-e-gabriel-reforcam-otimismo-para-pegar-o-santos\/#primaryimage\",\"url\":\"https:\/\/www.gaveanews.com\/wp-content\/uploads\/2019\/03\/Rodrigo-Caio-e-Gabigol-durante-treinamento-no-Ninho-do-Urubu.webp\",\"contentUrl\":\"https:\/\/www.gaveanews.com\/wp-content\/uploads\/2019\/03\/Rodrigo-Caio-e-Gabigol-durante-treinamento-no-Ninho-do-Urubu.webp\",\"width\":900,\"height\":599,\"caption\":\"Rodrigo Caio e Gabigol durante treinamento no Ninho do Urubu (Foto: Alexandre Vidal\/Flamengo)\"},{\"@type\":\"BreadcrumbList\",\"@id\":\"https:\/\/www.gaveanews.com\/index.php\/2020\/08\/28\/rodrigo-caio-e-gabriel-reforcam-otimismo-para-pegar-o-santos\/#breadcrumb\",\"itemListElement\":[{\"@type\":\"ListItem\",\"position\":1,\"name\":\"Home\",\"item\":\"https:\/\/www.gaveanews.com\/\"},{\"@type\":\"ListItem\",\"position\":2,\"name\":\"Rodrigo Caio e Gabigol refor\u00e7am otimismo para pegar o Santos\"}]},{\"@type\":\"WebSite\",\"@id\":\"https:\/\/www.gaveanews.com\/#website\",\"url\":\"https:\/\/www.gaveanews.com\/\",\"name\":\"G\u00e1vea News\",\"description\":\"Veja todas as not\u00edcias sobre o Flamengo: Contrata\u00e7\u00f5es, categorias de base, resultados das partidas, tabela de classifica\u00e7\u00e3o, pr\u00f3ximos jogos!\",\"potentialAction\":[{\"@type\":\"SearchAction\",\"target\":{\"@type\":\"EntryPoint\",\"urlTemplate\":\"https:\/\/www.gaveanews.com\/?s={search_term_string}\"},\"query-input\":{\"@type\":\"PropertyValueSpecification\",\"valueRequired\":true,\"valueName\":\"search_term_string\"}}],\"inLanguage\":\"pt-BR\"},{\"@type\":\"Person\",\"@id\":\"https:\/\/www.gaveanews.com\/#\/schema\/person\/2ec14f73fb96be2caf28f91afb14749d\",\"name\":\"Equipe G\u00e1vea News\",\"image\":{\"@type\":\"ImageObject\",\"inLanguage\":\"pt-BR\",\"@id\":\"https:\/\/www.gaveanews.com\/#\/schema\/person\/image\/\",\"url\":\"https:\/\/secure.gravatar.com\/avatar\/1e1956f1facbffd3f8fa53a326721950116b3b9dc9bd44939c01180fd4a745a9?s=96&d=mm&r=g\",\"contentUrl\":\"https:\/\/secure.gravatar.com\/avatar\/1e1956f1facbffd3f8fa53a326721950116b3b9dc9bd44939c01180fd4a745a9?s=96&d=mm&r=g\",\"caption\":\"Equipe G\u00e1vea News\"}}]}<\/script>\n<!-- \/ Yoast SEO Premium plugin. -->","yoast_head_json":{"title":"Rodrigo Caio e Gabigol refor\u00e7am otimismo para pegar o Santos","description":"O zagueiro e o atacante ainda n\u00e3o est\u00e3o totalmente integrados ao elenco, mas participaram do aquecimento e de boa parte do treinamento.","robots":{"index":"index","follow":"follow","max-snippet":"max-snippet:-1","max-image-preview":"max-image-preview:large","max-video-preview":"max-video-preview:-1"},"canonical":"https:\/\/www.gaveanews.com\/index.php\/2020\/08\/28\/rodrigo-caio-e-gabriel-reforcam-otimismo-para-pegar-o-santos\/","og_locale":"pt_BR","og_type":"article","og_title":"Rodrigo Caio e Gabigol refor\u00e7am otimismo para pegar o Santos","og_description":"O zagueiro e o atacante ainda n\u00e3o est\u00e3o totalmente integrados ao elenco, mas participaram do aquecimento e de boa parte do treinamento.","og_url":"https:\/\/www.gaveanews.com\/index.php\/2020\/08\/28\/rodrigo-caio-e-gabriel-reforcam-otimismo-para-pegar-o-santos\/","og_site_name":"G\u00e1vea News","article_publisher":"https:\/\/facebook.com\/gaveaNews\/","article_published_time":"2020-08-28T19:23:14+00:00","article_modified_time":"2020-08-28T19:24:14+00:00","og_image":[{"width":900,"height":599,"url":"https:\/\/www.gaveanews.com\/wp-content\/uploads\/2019\/03\/Rodrigo-Caio-e-Gabigol-durante-treinamento-no-Ninho-do-Urubu.webp","type":"image\/jpeg"}],"author":"Equipe G\u00e1vea News","twitter_card":"summary_large_image","twitter_misc":{"Escrito por":"Equipe G\u00e1vea News","Est. tempo de leitura":"1 minuto"},"schema":{"@context":"https:\/\/schema.org","@graph":[{"@type":"NewsArticle","@id":"https:\/\/www.gaveanews.com\/index.php\/2020\/08\/28\/rodrigo-caio-e-gabriel-reforcam-otimismo-para-pegar-o-santos\/#article","isPartOf":{"@id":"https:\/\/www.gaveanews.com\/index.php\/2020\/08\/28\/rodrigo-caio-e-gabriel-reforcam-otimismo-para-pegar-o-santos\/"},"author":{"name":"Equipe G\u00e1vea News","@id":"https:\/\/www.gaveanews.com\/#\/schema\/person\/2ec14f73fb96be2caf28f91afb14749d"},"headline":"Rodrigo Caio e Gabigol refor\u00e7am otimismo para pegar o Santos","datePublished":"2020-08-28T19:23:14+00:00","dateModified":"2020-08-28T19:24:14+00:00","mainEntityOfPage":{"@id":"https:\/\/www.gaveanews.com\/index.php\/2020\/08\/28\/rodrigo-caio-e-gabriel-reforcam-otimismo-para-pegar-o-santos\/"},"wordCount":246,"commentCount":2,"image":{"@id":"https:\/\/www.gaveanews.com\/index.php\/2020\/08\/28\/rodrigo-caio-e-gabriel-reforcam-otimismo-para-pegar-o-santos\/#primaryimage"},"thumbnailUrl":"https:\/\/www.gaveanews.com\/wp-content\/uploads\/2019\/03\/Rodrigo-Caio-e-Gabigol-durante-treinamento-no-Ninho-do-Urubu.webp","articleSection":["Flamengo"],"inLanguage":"pt-BR","potentialAction":[{"@type":"CommentAction","name":"Comment","target":["https:\/\/www.gaveanews.com\/index.php\/2020\/08\/28\/rodrigo-caio-e-gabriel-reforcam-otimismo-para-pegar-o-santos\/#respond"]}],"copyrightYear":"2020","copyrightHolder":{"@id":"https:\/\/www.gaveanews.com\/#organization"}},{"@type":"WebPage","@id":"https:\/\/www.gaveanews.com\/index.php\/2020\/08\/28\/rodrigo-caio-e-gabriel-reforcam-otimismo-para-pegar-o-santos\/","url":"https:\/\/www.gaveanews.com\/index.php\/2020\/08\/28\/rodrigo-caio-e-gabriel-reforcam-otimismo-para-pegar-o-santos\/","name":"Rodrigo Caio e Gabigol refor\u00e7am otimismo para pegar o Santos","isPartOf":{"@id":"https:\/\/www.gaveanews.com\/#website"},"primaryImageOfPage":{"@id":"https:\/\/www.gaveanews.com\/index.php\/2020\/08\/28\/rodrigo-caio-e-gabriel-reforcam-otimismo-para-pegar-o-santos\/#primaryimage"},"image":{"@id":"https:\/\/www.gaveanews.com\/index.php\/2020\/08\/28\/rodrigo-caio-e-gabriel-reforcam-otimismo-para-pegar-o-santos\/#primaryimage"},"thumbnailUrl":"https:\/\/www.gaveanews.com\/wp-content\/uploads\/2019\/03\/Rodrigo-Caio-e-Gabigol-durante-treinamento-no-Ninho-do-Urubu.webp","datePublished":"2020-08-28T19:23:14+00:00","dateModified":"2020-08-28T19:24:14+00:00","author":{"@id":"https:\/\/www.gaveanews.com\/#\/schema\/person\/2ec14f73fb96be2caf28f91afb14749d"},"description":"O zagueiro e o atacante ainda n\u00e3o est\u00e3o totalmente integrados ao elenco, mas participaram do aquecimento e de boa parte do treinamento.","breadcrumb":{"@id":"https:\/\/www.gaveanews.com\/index.php\/2020\/08\/28\/rodrigo-caio-e-gabriel-reforcam-otimismo-para-pegar-o-santos\/#breadcrumb"},"inLanguage":"pt-BR","potentialAction":[{"@type":"ReadAction","target":["https:\/\/www.gaveanews.com\/index.php\/2020\/08\/28\/rodrigo-caio-e-gabriel-reforcam-otimismo-para-pegar-o-santos\/"]}]},{"@type":"ImageObject","inLanguage":"pt-BR","@id":"https:\/\/www.gaveanews.com\/index.php\/2020\/08\/28\/rodrigo-caio-e-gabriel-reforcam-otimismo-para-pegar-o-santos\/#primaryimage","url":"https:\/\/www.gaveanews.com\/wp-content\/uploads\/2019\/03\/Rodrigo-Caio-e-Gabigol-durante-treinamento-no-Ninho-do-Urubu.webp","contentUrl":"https:\/\/www.gaveanews.com\/wp-content\/uploads\/2019\/03\/Rodrigo-Caio-e-Gabigol-durante-treinamento-no-Ninho-do-Urubu.webp","width":900,"height":599,"caption":"Rodrigo Caio e Gabigol durante treinamento no Ninho do Urubu (Foto: Alexandre Vidal\/Flamengo)"},{"@type":"BreadcrumbList","@id":"https:\/\/www.gaveanews.com\/index.php\/2020\/08\/28\/rodrigo-caio-e-gabriel-reforcam-otimismo-para-pegar-o-santos\/#breadcrumb","itemListElement":[{"@type":"ListItem","position":1,"name":"Home","item":"https:\/\/www.gaveanews.com\/"},{"@type":"ListItem","position":2,"name":"Rodrigo Caio e Gabigol refor\u00e7am otimismo para pegar o Santos"}]},{"@type":"WebSite","@id":"https:\/\/www.gaveanews.com\/#website","url":"https:\/\/www.gaveanews.com\/","name":"G\u00e1vea News","description":"Veja todas as not\u00edcias sobre o Flamengo: Contrata\u00e7\u00f5es, categorias de base, resultados das partidas, tabela de classifica\u00e7\u00e3o, pr\u00f3ximos jogos!","potentialAction":[{"@type":"SearchAction","target":{"@type":"EntryPoint","urlTemplate":"https:\/\/www.gaveanews.com\/?s={search_term_string}"},"query-input":{"@type":"PropertyValueSpecification","valueRequired":true,"valueName":"search_term_string"}}],"inLanguage":"pt-BR"},{"@type":"Person","@id":"https:\/\/www.gaveanews.com\/#\/schema\/person\/2ec14f73fb96be2caf28f91afb14749d","name":"Equipe G\u00e1vea News","image":{"@type":"ImageObject","inLanguage":"pt-BR","@id":"https:\/\/www.gaveanews.com\/#\/schema\/person\/image\/","url":"https:\/\/secure.gravatar.com\/avatar\/1e1956f1facbffd3f8fa53a326721950116b3b9dc9bd44939c01180fd4a745a9?s=96&d=mm&r=g","contentUrl":"https:\/\/secure.gravatar.com\/avatar\/1e1956f1facbffd3f8fa53a326721950116b3b9dc9bd44939c01180fd4a745a9?s=96&d=mm&r=g","caption":"Equipe G\u00e1vea News"}}]}},"_links":{"self":[{"href":"https:\/\/www.gaveanews.com\/index.php\/wp-json\/wp\/v2\/posts\/46370","targetHints":{"allow":["GET"]}}],"collection":[{"href":"https:\/\/www.gaveanews.com\/index.php\/wp-json\/wp\/v2\/posts"}],"about":[{"href":"https:\/\/www.gaveanews.com\/index.php\/wp-json\/wp\/v2\/types\/post"}],"author":[{"embeddable":true,"href":"https:\/\/www.gaveanews.com\/index.php\/wp-json\/wp\/v2\/users\/1"}],"replies":[{"embeddable":true,"href":"https:\/\/www.gaveanews.com\/index.php\/wp-json\/wp\/v2\/comments?post=46370"}],"version-history":[{"count":0,"href":"https:\/\/www.gaveanews.com\/index.php\/wp-json\/wp\/v2\/posts\/46370\/revisions"}],"wp:featuredmedia":[{"embeddable":true,"href":"https:\/\/www.gaveanews.com\/index.php\/wp-json\/wp\/v2\/media\/15116"}],"wp:attachment":[{"href":"https:\/\/www.gaveanews.com\/index.php\/wp-json\/wp\/v2\/media?parent=46370"}],"wp:term":[{"taxonomy":"category","embeddable":true,"href":"https:\/\/www.gaveanews.com\/index.php\/wp-json\/wp\/v2\/categories?post=46370"},{"taxonomy":"post_tag","embeddable":true,"href":"https:\/\/www.gaveanews.com\/index.php\/wp-json\/wp\/v2\/tags?post=46370"}],"curies":[{"name":"wp","href":"https:\/\/api.w.org\/{rel}","templated":true}]}}