{"id":46374,"date":"2020-08-28T19:01:44","date_gmt":"2020-08-28T22:01:44","guid":{"rendered":"https:\/\/www.gaveanews.com\/?p=46374"},"modified":"2020-08-28T19:01:46","modified_gmt":"2020-08-28T22:01:46","slug":"flamengo-recusa-proposta-e-determina-valor-para-vender-goleiro-empresario-esta-insatisfeito","status":"publish","type":"post","link":"https:\/\/www.gaveanews.com\/index.php\/2020\/08\/28\/flamengo-recusa-proposta-e-determina-valor-para-vender-goleiro-empresario-esta-insatisfeito\/","title":{"rendered":"Flamengo recusa proposta e determina valor para vender goleiro; empres\u00e1rio est\u00e1 insatisfeito"},"content":{"rendered":"\n<p>Enquanto vende alguns jovens formados no clube, o Flamengo faz jogo duro para negociar outros. A diretoria recusou recentemente uma proposta de empr\u00e9stimo do Boavista, de Portugal, pelo goleiro Hugo Souza. Antes, j\u00e1 havia recha\u00e7ado uma sondagem do Nice, da Fran\u00e7a.<\/p>\n\n\n\n<p>A oferta do Boavista era de empr\u00e9stimo, com op\u00e7\u00e3o de compra, mas o Flamengo n\u00e3o achou interessante. A diretoria at\u00e9 aceita emprestar o jogador, mas para que ganhe rodagem. Por outro lado, s\u00f3 admite abrir conversas para vend\u00ea-lo em definitivo a partir de 4 milh\u00f5es de euros (cerca de R$ 25 milh\u00f5es na cota\u00e7\u00e3o atual).<\/p>\n\n\n\n<p>Hugo \u00e9 visto no clube como um goleiro de muito potencial. Entretanto, ainda n\u00e3o atuou profissionalmente. Aos 21 anos, ele \u00e9 atualmente o quarto na hierarquia da posi\u00e7\u00e3o no elenco, atr\u00e1s de Diego Alves, Cesar e Gabriel Batista.<\/p>\n\n\n\n<p>A situa\u00e7\u00e3o tem incomodado os empres\u00e1rios do jogador. O ex-zagueiro Andr\u00e9 Bahia, um de seus representantes, acredita que o goleiro precisa ter oportunidades.<\/p>\n\n\n\n<p>\u2014 O Flamengo, hoje, n\u00e3o tem projeto algum para o Hugo. Sabe do potencial dele, como todo mundo j\u00e1 sabe o potencial, mas infelizmente essa oportunidade n\u00e3o est\u00e1 sendo dada ao atleta. Atleta sem jogar \u00e9 p\u00e9ssimo. Prezo muito pela carreira dos atletas, sei que jogador n\u00e3o atuando dificilmente vai crescer na carreira. \u00c9 uma preocupa\u00e7\u00e3o que n\u00f3s temos, estamos falando com o Flamengo. Se o que eles pensam \u00e9 verdade, ent\u00e3o que deem oportunidade para o atleta. \u00c9 o que ele quer, ter uma chance no clube onde come\u00e7ou desde garoto &#8211; disse Andr\u00e9.<\/p>\n\n\n\n<p>Hugo Souza tem contrato com o Flamengo at\u00e9 2023. Destaque nas divis\u00f5es de base, ele teve convoca\u00e7\u00f5es para a sele\u00e7\u00e3o brasileira sub-20 e tamb\u00e9m para a principal &#8211; foi chamado por Tite para amistosos contra Estados Unidos e El Salvador, em setembro de 2018.<\/p>\n\n\n\n<p>Retirado de: Globo Esporte<\/p>\n","protected":false},"excerpt":{"rendered":"<p>Enquanto vende alguns jovens formados no clube, o Flamengo faz jogo duro para negociar outros. A diretoria recusou recentemente uma proposta de empr\u00e9stimo do Boavista, de Portugal, pelo goleiro Hugo Souza. Antes, j\u00e1 havia recha\u00e7ado uma sondagem do Nice, da Fran\u00e7a. A oferta do Boavista era de empr\u00e9stimo, com op\u00e7\u00e3o de compra, mas o Flamengo [&hellip;]<\/p>\n","protected":false},"author":1,"featured_media":35972,"comment_status":"open","ping_status":"closed","sticky":false,"template":"","format":"standard","meta":{"footnotes":""},"categories":[48],"tags":[],"class_list":["post-46374","post","type-post","status-publish","format-standard","has-post-thumbnail","hentry","category-negociacoes"],"yoast_head":"<!-- This site is optimized with the Yoast SEO Premium plugin v24.2 (Yoast SEO v26.9) - https:\/\/yoast.com\/product\/yoast-seo-premium-wordpress\/ -->\n<title>Flamengo recusa proposta e determina valor para vender goleiro<\/title>\n<meta name=\"robots\" content=\"index, follow, max-snippet:-1, max-image-preview:large, max-video-preview:-1\" \/>\n<link rel=\"canonical\" href=\"https:\/\/www.gaveanews.com\/index.php\/2020\/08\/28\/flamengo-recusa-proposta-e-determina-valor-para-vender-goleiro-empresario-esta-insatisfeito\/\" \/>\n<meta property=\"og:locale\" content=\"pt_BR\" \/>\n<meta property=\"og:type\" content=\"article\" \/>\n<meta property=\"og:title\" content=\"Flamengo recusa proposta e determina valor para vender goleiro; empres\u00e1rio est\u00e1 insatisfeito\" \/>\n<meta property=\"og:description\" content=\"Enquanto vende alguns jovens formados no clube, o Flamengo faz jogo duro para negociar outros. A diretoria recusou recentemente uma proposta de empr\u00e9stimo do Boavista, de Portugal, pelo goleiro Hugo Souza. Antes, j\u00e1 havia recha\u00e7ado uma sondagem do Nice, da Fran\u00e7a. A oferta do Boavista era de empr\u00e9stimo, com op\u00e7\u00e3o de compra, mas o Flamengo [&hellip;]\" \/>\n<meta property=\"og:url\" content=\"https:\/\/www.gaveanews.com\/index.php\/2020\/08\/28\/flamengo-recusa-proposta-e-determina-valor-para-vender-goleiro-empresario-esta-insatisfeito\/\" \/>\n<meta property=\"og:site_name\" content=\"G\u00e1vea News\" \/>\n<meta property=\"article:publisher\" content=\"https:\/\/facebook.com\/gaveaNews\/\" \/>\n<meta property=\"article:published_time\" content=\"2020-08-28T22:01:44+00:00\" \/>\n<meta property=\"article:modified_time\" content=\"2020-08-28T22:01:46+00:00\" \/>\n<meta property=\"og:image\" content=\"https:\/\/www.gaveanews.com\/wp-content\/uploads\/Marcos-Braz-e-Bruno-Spindel-durante-coletiva-no-Ninho-do-Urubu-1024x544.webp\" \/>\n\t<meta property=\"og:image:width\" content=\"1024\" \/>\n\t<meta property=\"og:image:height\" content=\"544\" \/>\n\t<meta property=\"og:image:type\" content=\"image\/png\" \/>\n<meta name=\"author\" content=\"Equipe G\u00e1vea News\" \/>\n<meta name=\"twitter:card\" content=\"summary_large_image\" \/>\n<meta name=\"twitter:label1\" content=\"Escrito por\" \/>\n\t<meta name=\"twitter:data1\" content=\"Equipe G\u00e1vea News\" \/>\n\t<meta name=\"twitter:label2\" content=\"Est. tempo de leitura\" \/>\n\t<meta name=\"twitter:data2\" content=\"2 minutos\" \/>\n<script type=\"application\/ld+json\" class=\"yoast-schema-graph\">{\"@context\":\"https:\/\/schema.org\",\"@graph\":[{\"@type\":\"NewsArticle\",\"@id\":\"https:\/\/www.gaveanews.com\/index.php\/2020\/08\/28\/flamengo-recusa-proposta-e-determina-valor-para-vender-goleiro-empresario-esta-insatisfeito\/#article\",\"isPartOf\":{\"@id\":\"https:\/\/www.gaveanews.com\/index.php\/2020\/08\/28\/flamengo-recusa-proposta-e-determina-valor-para-vender-goleiro-empresario-esta-insatisfeito\/\"},\"author\":{\"name\":\"Equipe G\u00e1vea News\",\"@id\":\"https:\/\/www.gaveanews.com\/#\/schema\/person\/2ec14f73fb96be2caf28f91afb14749d\"},\"headline\":\"Flamengo recusa proposta e determina valor para vender goleiro; empres\u00e1rio est\u00e1 insatisfeito\",\"datePublished\":\"2020-08-28T22:01:44+00:00\",\"dateModified\":\"2020-08-28T22:01:46+00:00\",\"mainEntityOfPage\":{\"@id\":\"https:\/\/www.gaveanews.com\/index.php\/2020\/08\/28\/flamengo-recusa-proposta-e-determina-valor-para-vender-goleiro-empresario-esta-insatisfeito\/\"},\"wordCount\":328,\"commentCount\":17,\"image\":{\"@id\":\"https:\/\/www.gaveanews.com\/index.php\/2020\/08\/28\/flamengo-recusa-proposta-e-determina-valor-para-vender-goleiro-empresario-esta-insatisfeito\/#primaryimage\"},\"thumbnailUrl\":\"https:\/\/www.gaveanews.com\/wp-content\/uploads\/Marcos-Braz-e-Bruno-Spindel-durante-coletiva-no-Ninho-do-Urubu.webp\",\"articleSection\":[\"Negocia\u00e7\u00f5es\"],\"inLanguage\":\"pt-BR\",\"potentialAction\":[{\"@type\":\"CommentAction\",\"name\":\"Comment\",\"target\":[\"https:\/\/www.gaveanews.com\/index.php\/2020\/08\/28\/flamengo-recusa-proposta-e-determina-valor-para-vender-goleiro-empresario-esta-insatisfeito\/#respond\"]}],\"copyrightYear\":\"2020\",\"copyrightHolder\":{\"@id\":\"https:\/\/www.gaveanews.com\/#organization\"}},{\"@type\":\"WebPage\",\"@id\":\"https:\/\/www.gaveanews.com\/index.php\/2020\/08\/28\/flamengo-recusa-proposta-e-determina-valor-para-vender-goleiro-empresario-esta-insatisfeito\/\",\"url\":\"https:\/\/www.gaveanews.com\/index.php\/2020\/08\/28\/flamengo-recusa-proposta-e-determina-valor-para-vender-goleiro-empresario-esta-insatisfeito\/\",\"name\":\"Flamengo recusa proposta e determina valor para vender goleiro\",\"isPartOf\":{\"@id\":\"https:\/\/www.gaveanews.com\/#website\"},\"primaryImageOfPage\":{\"@id\":\"https:\/\/www.gaveanews.com\/index.php\/2020\/08\/28\/flamengo-recusa-proposta-e-determina-valor-para-vender-goleiro-empresario-esta-insatisfeito\/#primaryimage\"},\"image\":{\"@id\":\"https:\/\/www.gaveanews.com\/index.php\/2020\/08\/28\/flamengo-recusa-proposta-e-determina-valor-para-vender-goleiro-empresario-esta-insatisfeito\/#primaryimage\"},\"thumbnailUrl\":\"https:\/\/www.gaveanews.com\/wp-content\/uploads\/Marcos-Braz-e-Bruno-Spindel-durante-coletiva-no-Ninho-do-Urubu.webp\",\"datePublished\":\"2020-08-28T22:01:44+00:00\",\"dateModified\":\"2020-08-28T22:01:46+00:00\",\"author\":{\"@id\":\"https:\/\/www.gaveanews.com\/#\/schema\/person\/2ec14f73fb96be2caf28f91afb14749d\"},\"breadcrumb\":{\"@id\":\"https:\/\/www.gaveanews.com\/index.php\/2020\/08\/28\/flamengo-recusa-proposta-e-determina-valor-para-vender-goleiro-empresario-esta-insatisfeito\/#breadcrumb\"},\"inLanguage\":\"pt-BR\",\"potentialAction\":[{\"@type\":\"ReadAction\",\"target\":[\"https:\/\/www.gaveanews.com\/index.php\/2020\/08\/28\/flamengo-recusa-proposta-e-determina-valor-para-vender-goleiro-empresario-esta-insatisfeito\/\"]}]},{\"@type\":\"ImageObject\",\"inLanguage\":\"pt-BR\",\"@id\":\"https:\/\/www.gaveanews.com\/index.php\/2020\/08\/28\/flamengo-recusa-proposta-e-determina-valor-para-vender-goleiro-empresario-esta-insatisfeito\/#primaryimage\",\"url\":\"https:\/\/www.gaveanews.com\/wp-content\/uploads\/Marcos-Braz-e-Bruno-Spindel-durante-coletiva-no-Ninho-do-Urubu.webp\",\"contentUrl\":\"https:\/\/www.gaveanews.com\/wp-content\/uploads\/Marcos-Braz-e-Bruno-Spindel-durante-coletiva-no-Ninho-do-Urubu.webp\",\"width\":1920,\"height\":1020},{\"@type\":\"BreadcrumbList\",\"@id\":\"https:\/\/www.gaveanews.com\/index.php\/2020\/08\/28\/flamengo-recusa-proposta-e-determina-valor-para-vender-goleiro-empresario-esta-insatisfeito\/#breadcrumb\",\"itemListElement\":[{\"@type\":\"ListItem\",\"position\":1,\"name\":\"Home\",\"item\":\"https:\/\/www.gaveanews.com\/\"},{\"@type\":\"ListItem\",\"position\":2,\"name\":\"Flamengo recusa proposta e determina valor para vender goleiro; empres\u00e1rio est\u00e1 insatisfeito\"}]},{\"@type\":\"WebSite\",\"@id\":\"https:\/\/www.gaveanews.com\/#website\",\"url\":\"https:\/\/www.gaveanews.com\/\",\"name\":\"G\u00e1vea News\",\"description\":\"Veja todas as not\u00edcias sobre o Flamengo: Contrata\u00e7\u00f5es, categorias de base, resultados das partidas, tabela de classifica\u00e7\u00e3o, pr\u00f3ximos jogos!\",\"potentialAction\":[{\"@type\":\"SearchAction\",\"target\":{\"@type\":\"EntryPoint\",\"urlTemplate\":\"https:\/\/www.gaveanews.com\/?s={search_term_string}\"},\"query-input\":{\"@type\":\"PropertyValueSpecification\",\"valueRequired\":true,\"valueName\":\"search_term_string\"}}],\"inLanguage\":\"pt-BR\"},{\"@type\":\"Person\",\"@id\":\"https:\/\/www.gaveanews.com\/#\/schema\/person\/2ec14f73fb96be2caf28f91afb14749d\",\"name\":\"Equipe G\u00e1vea News\",\"image\":{\"@type\":\"ImageObject\",\"inLanguage\":\"pt-BR\",\"@id\":\"https:\/\/www.gaveanews.com\/#\/schema\/person\/image\/\",\"url\":\"https:\/\/secure.gravatar.com\/avatar\/1e1956f1facbffd3f8fa53a326721950116b3b9dc9bd44939c01180fd4a745a9?s=96&d=mm&r=g\",\"contentUrl\":\"https:\/\/secure.gravatar.com\/avatar\/1e1956f1facbffd3f8fa53a326721950116b3b9dc9bd44939c01180fd4a745a9?s=96&d=mm&r=g\",\"caption\":\"Equipe G\u00e1vea News\"}}]}<\/script>\n<!-- \/ Yoast SEO Premium plugin. -->","yoast_head_json":{"title":"Flamengo recusa proposta e determina valor para vender goleiro","robots":{"index":"index","follow":"follow","max-snippet":"max-snippet:-1","max-image-preview":"max-image-preview:large","max-video-preview":"max-video-preview:-1"},"canonical":"https:\/\/www.gaveanews.com\/index.php\/2020\/08\/28\/flamengo-recusa-proposta-e-determina-valor-para-vender-goleiro-empresario-esta-insatisfeito\/","og_locale":"pt_BR","og_type":"article","og_title":"Flamengo recusa proposta e determina valor para vender goleiro; empres\u00e1rio est\u00e1 insatisfeito","og_description":"Enquanto vende alguns jovens formados no clube, o Flamengo faz jogo duro para negociar outros. A diretoria recusou recentemente uma proposta de empr\u00e9stimo do Boavista, de Portugal, pelo goleiro Hugo Souza. Antes, j\u00e1 havia recha\u00e7ado uma sondagem do Nice, da Fran\u00e7a. A oferta do Boavista era de empr\u00e9stimo, com op\u00e7\u00e3o de compra, mas o Flamengo [&hellip;]","og_url":"https:\/\/www.gaveanews.com\/index.php\/2020\/08\/28\/flamengo-recusa-proposta-e-determina-valor-para-vender-goleiro-empresario-esta-insatisfeito\/","og_site_name":"G\u00e1vea News","article_publisher":"https:\/\/facebook.com\/gaveaNews\/","article_published_time":"2020-08-28T22:01:44+00:00","article_modified_time":"2020-08-28T22:01:46+00:00","og_image":[{"width":1024,"height":544,"url":"https:\/\/www.gaveanews.com\/wp-content\/uploads\/Marcos-Braz-e-Bruno-Spindel-durante-coletiva-no-Ninho-do-Urubu-1024x544.webp","type":"image\/png"}],"author":"Equipe G\u00e1vea News","twitter_card":"summary_large_image","twitter_misc":{"Escrito por":"Equipe G\u00e1vea News","Est. tempo de leitura":"2 minutos"},"schema":{"@context":"https:\/\/schema.org","@graph":[{"@type":"NewsArticle","@id":"https:\/\/www.gaveanews.com\/index.php\/2020\/08\/28\/flamengo-recusa-proposta-e-determina-valor-para-vender-goleiro-empresario-esta-insatisfeito\/#article","isPartOf":{"@id":"https:\/\/www.gaveanews.com\/index.php\/2020\/08\/28\/flamengo-recusa-proposta-e-determina-valor-para-vender-goleiro-empresario-esta-insatisfeito\/"},"author":{"name":"Equipe G\u00e1vea News","@id":"https:\/\/www.gaveanews.com\/#\/schema\/person\/2ec14f73fb96be2caf28f91afb14749d"},"headline":"Flamengo recusa proposta e determina valor para vender goleiro; empres\u00e1rio est\u00e1 insatisfeito","datePublished":"2020-08-28T22:01:44+00:00","dateModified":"2020-08-28T22:01:46+00:00","mainEntityOfPage":{"@id":"https:\/\/www.gaveanews.com\/index.php\/2020\/08\/28\/flamengo-recusa-proposta-e-determina-valor-para-vender-goleiro-empresario-esta-insatisfeito\/"},"wordCount":328,"commentCount":17,"image":{"@id":"https:\/\/www.gaveanews.com\/index.php\/2020\/08\/28\/flamengo-recusa-proposta-e-determina-valor-para-vender-goleiro-empresario-esta-insatisfeito\/#primaryimage"},"thumbnailUrl":"https:\/\/www.gaveanews.com\/wp-content\/uploads\/Marcos-Braz-e-Bruno-Spindel-durante-coletiva-no-Ninho-do-Urubu.webp","articleSection":["Negocia\u00e7\u00f5es"],"inLanguage":"pt-BR","potentialAction":[{"@type":"CommentAction","name":"Comment","target":["https:\/\/www.gaveanews.com\/index.php\/2020\/08\/28\/flamengo-recusa-proposta-e-determina-valor-para-vender-goleiro-empresario-esta-insatisfeito\/#respond"]}],"copyrightYear":"2020","copyrightHolder":{"@id":"https:\/\/www.gaveanews.com\/#organization"}},{"@type":"WebPage","@id":"https:\/\/www.gaveanews.com\/index.php\/2020\/08\/28\/flamengo-recusa-proposta-e-determina-valor-para-vender-goleiro-empresario-esta-insatisfeito\/","url":"https:\/\/www.gaveanews.com\/index.php\/2020\/08\/28\/flamengo-recusa-proposta-e-determina-valor-para-vender-goleiro-empresario-esta-insatisfeito\/","name":"Flamengo recusa proposta e determina valor para vender goleiro","isPartOf":{"@id":"https:\/\/www.gaveanews.com\/#website"},"primaryImageOfPage":{"@id":"https:\/\/www.gaveanews.com\/index.php\/2020\/08\/28\/flamengo-recusa-proposta-e-determina-valor-para-vender-goleiro-empresario-esta-insatisfeito\/#primaryimage"},"image":{"@id":"https:\/\/www.gaveanews.com\/index.php\/2020\/08\/28\/flamengo-recusa-proposta-e-determina-valor-para-vender-goleiro-empresario-esta-insatisfeito\/#primaryimage"},"thumbnailUrl":"https:\/\/www.gaveanews.com\/wp-content\/uploads\/Marcos-Braz-e-Bruno-Spindel-durante-coletiva-no-Ninho-do-Urubu.webp","datePublished":"2020-08-28T22:01:44+00:00","dateModified":"2020-08-28T22:01:46+00:00","author":{"@id":"https:\/\/www.gaveanews.com\/#\/schema\/person\/2ec14f73fb96be2caf28f91afb14749d"},"breadcrumb":{"@id":"https:\/\/www.gaveanews.com\/index.php\/2020\/08\/28\/flamengo-recusa-proposta-e-determina-valor-para-vender-goleiro-empresario-esta-insatisfeito\/#breadcrumb"},"inLanguage":"pt-BR","potentialAction":[{"@type":"ReadAction","target":["https:\/\/www.gaveanews.com\/index.php\/2020\/08\/28\/flamengo-recusa-proposta-e-determina-valor-para-vender-goleiro-empresario-esta-insatisfeito\/"]}]},{"@type":"ImageObject","inLanguage":"pt-BR","@id":"https:\/\/www.gaveanews.com\/index.php\/2020\/08\/28\/flamengo-recusa-proposta-e-determina-valor-para-vender-goleiro-empresario-esta-insatisfeito\/#primaryimage","url":"https:\/\/www.gaveanews.com\/wp-content\/uploads\/Marcos-Braz-e-Bruno-Spindel-durante-coletiva-no-Ninho-do-Urubu.webp","contentUrl":"https:\/\/www.gaveanews.com\/wp-content\/uploads\/Marcos-Braz-e-Bruno-Spindel-durante-coletiva-no-Ninho-do-Urubu.webp","width":1920,"height":1020},{"@type":"BreadcrumbList","@id":"https:\/\/www.gaveanews.com\/index.php\/2020\/08\/28\/flamengo-recusa-proposta-e-determina-valor-para-vender-goleiro-empresario-esta-insatisfeito\/#breadcrumb","itemListElement":[{"@type":"ListItem","position":1,"name":"Home","item":"https:\/\/www.gaveanews.com\/"},{"@type":"ListItem","position":2,"name":"Flamengo recusa proposta e determina valor para vender goleiro; empres\u00e1rio est\u00e1 insatisfeito"}]},{"@type":"WebSite","@id":"https:\/\/www.gaveanews.com\/#website","url":"https:\/\/www.gaveanews.com\/","name":"G\u00e1vea News","description":"Veja todas as not\u00edcias sobre o Flamengo: Contrata\u00e7\u00f5es, categorias de base, resultados das partidas, tabela de classifica\u00e7\u00e3o, pr\u00f3ximos jogos!","potentialAction":[{"@type":"SearchAction","target":{"@type":"EntryPoint","urlTemplate":"https:\/\/www.gaveanews.com\/?s={search_term_string}"},"query-input":{"@type":"PropertyValueSpecification","valueRequired":true,"valueName":"search_term_string"}}],"inLanguage":"pt-BR"},{"@type":"Person","@id":"https:\/\/www.gaveanews.com\/#\/schema\/person\/2ec14f73fb96be2caf28f91afb14749d","name":"Equipe G\u00e1vea News","image":{"@type":"ImageObject","inLanguage":"pt-BR","@id":"https:\/\/www.gaveanews.com\/#\/schema\/person\/image\/","url":"https:\/\/secure.gravatar.com\/avatar\/1e1956f1facbffd3f8fa53a326721950116b3b9dc9bd44939c01180fd4a745a9?s=96&d=mm&r=g","contentUrl":"https:\/\/secure.gravatar.com\/avatar\/1e1956f1facbffd3f8fa53a326721950116b3b9dc9bd44939c01180fd4a745a9?s=96&d=mm&r=g","caption":"Equipe G\u00e1vea News"}}]}},"_links":{"self":[{"href":"https:\/\/www.gaveanews.com\/index.php\/wp-json\/wp\/v2\/posts\/46374","targetHints":{"allow":["GET"]}}],"collection":[{"href":"https:\/\/www.gaveanews.com\/index.php\/wp-json\/wp\/v2\/posts"}],"about":[{"href":"https:\/\/www.gaveanews.com\/index.php\/wp-json\/wp\/v2\/types\/post"}],"author":[{"embeddable":true,"href":"https:\/\/www.gaveanews.com\/index.php\/wp-json\/wp\/v2\/users\/1"}],"replies":[{"embeddable":true,"href":"https:\/\/www.gaveanews.com\/index.php\/wp-json\/wp\/v2\/comments?post=46374"}],"version-history":[{"count":0,"href":"https:\/\/www.gaveanews.com\/index.php\/wp-json\/wp\/v2\/posts\/46374\/revisions"}],"wp:featuredmedia":[{"embeddable":true,"href":"https:\/\/www.gaveanews.com\/index.php\/wp-json\/wp\/v2\/media\/35972"}],"wp:attachment":[{"href":"https:\/\/www.gaveanews.com\/index.php\/wp-json\/wp\/v2\/media?parent=46374"}],"wp:term":[{"taxonomy":"category","embeddable":true,"href":"https:\/\/www.gaveanews.com\/index.php\/wp-json\/wp\/v2\/categories?post=46374"},{"taxonomy":"post_tag","embeddable":true,"href":"https:\/\/www.gaveanews.com\/index.php\/wp-json\/wp\/v2\/tags?post=46374"}],"curies":[{"name":"wp","href":"https:\/\/api.w.org\/{rel}","templated":true}]}}