{"id":46398,"date":"2020-08-29T18:29:24","date_gmt":"2020-08-29T21:29:24","guid":{"rendered":"https:\/\/www.gaveanews.com\/?p=46398"},"modified":"2020-08-29T18:29:29","modified_gmt":"2020-08-29T21:29:29","slug":"flamengo-negocia-extensao-da-concessao-do-maracana","status":"publish","type":"post","link":"https:\/\/www.gaveanews.com\/index.php\/2020\/08\/29\/flamengo-negocia-extensao-da-concessao-do-maracana\/","title":{"rendered":"Flamengo negocia extens\u00e3o da concess\u00e3o do Maracan\u00e3"},"content":{"rendered":"\n<p>O afastamento do governador do Rio de Janeiro, Wilson Witzel (PSC) do cargo n\u00e3o causar\u00e1 impactos na administra\u00e7\u00e3o atual do Maracan\u00e3, feita por Flamengo e Fluminense. Os clubes, inclusive, j\u00e1 t\u00eam encaminhado junto ao Governo do Estado a renova\u00e7\u00e3o da permiss\u00e3o de uso do est\u00e1dio, que vence em novembro, por mais seis meses. A motiva\u00e7\u00e3o era a pandemia do novo coronav\u00edrus.<\/p>\n\n\n\n<p>Apesar disso, o processo de licita\u00e7\u00e3o est\u00e1 em andamento para a concess\u00e3o definitiva do Maracan\u00e3 por 35 anos, e o Flamengo aguarda confiante a an\u00e1lise das empresas que apare\u00e7am como concorrentes.<\/p>\n\n\n\n<p>A diretoria rubro-negra j\u00e1 mantinha contatos diretos com o vice-governador, Cl\u00e1udio Castro, em meio \u00e0s investiga\u00e7\u00f5es da Pol\u00edcia Federal sobre o governador e sua mulher, Helena Witzel, desde maio.<\/p>\n\n\n\n<p>Al\u00e9m do Maracan\u00e3, o clube tem projetos incentivados na Secretaria de Esporte, Lazer e Juventude (Seelje), a cargo de Felipe Bornier, que dialoga desde o ano passado com o Flamengo sobre o Maracan\u00e3.<\/p>\n\n\n\n<p>A parte administrativa e pr\u00e1tica da renova\u00e7\u00e3o da permiss\u00e3o de uso \u00e9 tocada no clube pelo respons\u00e1vel pela empresa Fla-Flu, que administra o est\u00e1dio em nome dos clubes, Severiano Braga.<\/p>\n\n\n\n<p>Flamengo e Fluminense gerem o complexo atrav\u00e9s dessa empresa, que \u00e9 uma sociedade de prop\u00f3sito espec\u00edfico (SPE).<\/p>\n\n\n\n<p>A inten\u00e7\u00e3o \u00e9 que, assim como a renova\u00e7\u00e3o que ocorreu em maio, n\u00e3o haja mudan\u00e7a nos termos financeiros neste novo contrato. Os alugu\u00e9is para jogos custam R$ 90 mil.<\/p>\n\n\n\n<p>Al\u00e9m disso, os clubes seguem com a responsabilidade dos custos de manuten\u00e7\u00e3o, estimados em R$ 2 milh\u00f5es por m\u00eas, e uma quantia de R$ 1 milh\u00e3o repassada ao Governo, dividida em seis parcelas ao longo dos 180 dias.<\/p>\n\n\n\n<p>Retirado de: O Globo<\/p>\n","protected":false},"excerpt":{"rendered":"<p>O afastamento do governador do Rio de Janeiro, Wilson Witzel (PSC) do cargo n\u00e3o causar\u00e1 impactos na administra\u00e7\u00e3o atual do Maracan\u00e3, feita por Flamengo e Fluminense. Os clubes, inclusive, j\u00e1 t\u00eam encaminhado junto ao Governo do Estado a renova\u00e7\u00e3o da permiss\u00e3o de uso do est\u00e1dio, que vence em novembro, por mais seis meses. A motiva\u00e7\u00e3o [&hellip;]<\/p>\n","protected":false},"author":1,"featured_media":15081,"comment_status":"open","ping_status":"closed","sticky":false,"template":"","format":"standard","meta":{"footnotes":""},"categories":[47],"tags":[],"class_list":["post-46398","post","type-post","status-publish","format-standard","has-post-thumbnail","hentry","category-destaques"],"yoast_head":"<!-- This site is optimized with the Yoast SEO Premium plugin v24.2 (Yoast SEO v26.9) - https:\/\/yoast.com\/product\/yoast-seo-premium-wordpress\/ -->\n<title>Flamengo negocia extens\u00e3o da concess\u00e3o do Maracan\u00e3<\/title>\n<meta name=\"description\" content=\"A parte administrativa e pr\u00e1tica da renova\u00e7\u00e3o da permiss\u00e3o de uso \u00e9 tocada no clube pelo respons\u00e1vel pela empresa Fla-Flu.\" \/>\n<meta name=\"robots\" content=\"index, follow, max-snippet:-1, max-image-preview:large, max-video-preview:-1\" \/>\n<link rel=\"canonical\" href=\"https:\/\/www.gaveanews.com\/index.php\/2020\/08\/29\/flamengo-negocia-extensao-da-concessao-do-maracana\/\" \/>\n<meta property=\"og:locale\" content=\"pt_BR\" \/>\n<meta property=\"og:type\" content=\"article\" \/>\n<meta property=\"og:title\" content=\"Flamengo negocia extens\u00e3o da concess\u00e3o do Maracan\u00e3\" \/>\n<meta property=\"og:description\" content=\"A parte administrativa e pr\u00e1tica da renova\u00e7\u00e3o da permiss\u00e3o de uso \u00e9 tocada no clube pelo respons\u00e1vel pela empresa Fla-Flu.\" \/>\n<meta property=\"og:url\" content=\"https:\/\/www.gaveanews.com\/index.php\/2020\/08\/29\/flamengo-negocia-extensao-da-concessao-do-maracana\/\" \/>\n<meta property=\"og:site_name\" content=\"G\u00e1vea News\" \/>\n<meta property=\"article:publisher\" content=\"https:\/\/facebook.com\/gaveaNews\/\" \/>\n<meta property=\"article:published_time\" content=\"2020-08-29T21:29:24+00:00\" \/>\n<meta property=\"article:modified_time\" content=\"2020-08-29T21:29:29+00:00\" \/>\n<meta property=\"og:image\" content=\"https:\/\/www.gaveanews.com\/wp-content\/uploads\/2019\/03\/Escudo-do-Flamengo-e-exposto-proximo-a-um-dos-gols-no-gramado-do-Maracana.webp\" \/>\n\t<meta property=\"og:image:width\" content=\"1\" \/>\n\t<meta property=\"og:image:height\" content=\"1\" \/>\n\t<meta property=\"og:image:type\" content=\"image\/jpeg\" \/>\n<meta name=\"author\" content=\"Equipe G\u00e1vea News\" \/>\n<meta name=\"twitter:card\" content=\"summary_large_image\" \/>\n<meta name=\"twitter:label1\" content=\"Escrito por\" \/>\n\t<meta name=\"twitter:data1\" content=\"Equipe G\u00e1vea News\" \/>\n\t<meta name=\"twitter:label2\" content=\"Est. tempo de leitura\" \/>\n\t<meta name=\"twitter:data2\" content=\"1 minuto\" \/>\n<script type=\"application\/ld+json\" class=\"yoast-schema-graph\">{\"@context\":\"https:\/\/schema.org\",\"@graph\":[{\"@type\":\"NewsArticle\",\"@id\":\"https:\/\/www.gaveanews.com\/index.php\/2020\/08\/29\/flamengo-negocia-extensao-da-concessao-do-maracana\/#article\",\"isPartOf\":{\"@id\":\"https:\/\/www.gaveanews.com\/index.php\/2020\/08\/29\/flamengo-negocia-extensao-da-concessao-do-maracana\/\"},\"author\":{\"name\":\"Equipe G\u00e1vea News\",\"@id\":\"https:\/\/www.gaveanews.com\/#\/schema\/person\/2ec14f73fb96be2caf28f91afb14749d\"},\"headline\":\"Flamengo negocia extens\u00e3o da concess\u00e3o do Maracan\u00e3\",\"datePublished\":\"2020-08-29T21:29:24+00:00\",\"dateModified\":\"2020-08-29T21:29:29+00:00\",\"mainEntityOfPage\":{\"@id\":\"https:\/\/www.gaveanews.com\/index.php\/2020\/08\/29\/flamengo-negocia-extensao-da-concessao-do-maracana\/\"},\"wordCount\":307,\"commentCount\":14,\"image\":{\"@id\":\"https:\/\/www.gaveanews.com\/index.php\/2020\/08\/29\/flamengo-negocia-extensao-da-concessao-do-maracana\/#primaryimage\"},\"thumbnailUrl\":\"https:\/\/www.gaveanews.com\/wp-content\/uploads\/2019\/03\/Escudo-do-Flamengo-e-exposto-proximo-a-um-dos-gols-no-gramado-do-Maracana.webp\",\"articleSection\":[\"Destaques\"],\"inLanguage\":\"pt-BR\",\"potentialAction\":[{\"@type\":\"CommentAction\",\"name\":\"Comment\",\"target\":[\"https:\/\/www.gaveanews.com\/index.php\/2020\/08\/29\/flamengo-negocia-extensao-da-concessao-do-maracana\/#respond\"]}],\"copyrightYear\":\"2020\",\"copyrightHolder\":{\"@id\":\"https:\/\/www.gaveanews.com\/#organization\"}},{\"@type\":\"WebPage\",\"@id\":\"https:\/\/www.gaveanews.com\/index.php\/2020\/08\/29\/flamengo-negocia-extensao-da-concessao-do-maracana\/\",\"url\":\"https:\/\/www.gaveanews.com\/index.php\/2020\/08\/29\/flamengo-negocia-extensao-da-concessao-do-maracana\/\",\"name\":\"Flamengo negocia extens\u00e3o da concess\u00e3o do Maracan\u00e3\",\"isPartOf\":{\"@id\":\"https:\/\/www.gaveanews.com\/#website\"},\"primaryImageOfPage\":{\"@id\":\"https:\/\/www.gaveanews.com\/index.php\/2020\/08\/29\/flamengo-negocia-extensao-da-concessao-do-maracana\/#primaryimage\"},\"image\":{\"@id\":\"https:\/\/www.gaveanews.com\/index.php\/2020\/08\/29\/flamengo-negocia-extensao-da-concessao-do-maracana\/#primaryimage\"},\"thumbnailUrl\":\"https:\/\/www.gaveanews.com\/wp-content\/uploads\/2019\/03\/Escudo-do-Flamengo-e-exposto-proximo-a-um-dos-gols-no-gramado-do-Maracana.webp\",\"datePublished\":\"2020-08-29T21:29:24+00:00\",\"dateModified\":\"2020-08-29T21:29:29+00:00\",\"author\":{\"@id\":\"https:\/\/www.gaveanews.com\/#\/schema\/person\/2ec14f73fb96be2caf28f91afb14749d\"},\"description\":\"A parte administrativa e pr\u00e1tica da renova\u00e7\u00e3o da permiss\u00e3o de uso \u00e9 tocada no clube pelo respons\u00e1vel pela empresa Fla-Flu.\",\"breadcrumb\":{\"@id\":\"https:\/\/www.gaveanews.com\/index.php\/2020\/08\/29\/flamengo-negocia-extensao-da-concessao-do-maracana\/#breadcrumb\"},\"inLanguage\":\"pt-BR\",\"potentialAction\":[{\"@type\":\"ReadAction\",\"target\":[\"https:\/\/www.gaveanews.com\/index.php\/2020\/08\/29\/flamengo-negocia-extensao-da-concessao-do-maracana\/\"]}]},{\"@type\":\"ImageObject\",\"inLanguage\":\"pt-BR\",\"@id\":\"https:\/\/www.gaveanews.com\/index.php\/2020\/08\/29\/flamengo-negocia-extensao-da-concessao-do-maracana\/#primaryimage\",\"url\":\"https:\/\/www.gaveanews.com\/wp-content\/uploads\/2019\/03\/Escudo-do-Flamengo-e-exposto-proximo-a-um-dos-gols-no-gramado-do-Maracana.webp\",\"contentUrl\":\"https:\/\/www.gaveanews.com\/wp-content\/uploads\/2019\/03\/Escudo-do-Flamengo-e-exposto-proximo-a-um-dos-gols-no-gramado-do-Maracana.webp\",\"caption\":\"Escudo do Flamengo \u00e9 exposto pr\u00f3ximo a um dos gols, no gramado do Maracan\u00e3 (Foto: Daniel Castelo Branco)\"},{\"@type\":\"BreadcrumbList\",\"@id\":\"https:\/\/www.gaveanews.com\/index.php\/2020\/08\/29\/flamengo-negocia-extensao-da-concessao-do-maracana\/#breadcrumb\",\"itemListElement\":[{\"@type\":\"ListItem\",\"position\":1,\"name\":\"Home\",\"item\":\"https:\/\/www.gaveanews.com\/\"},{\"@type\":\"ListItem\",\"position\":2,\"name\":\"Flamengo negocia extens\u00e3o da concess\u00e3o do Maracan\u00e3\"}]},{\"@type\":\"WebSite\",\"@id\":\"https:\/\/www.gaveanews.com\/#website\",\"url\":\"https:\/\/www.gaveanews.com\/\",\"name\":\"G\u00e1vea News\",\"description\":\"Veja todas as not\u00edcias sobre o Flamengo: Contrata\u00e7\u00f5es, categorias de base, resultados das partidas, tabela de classifica\u00e7\u00e3o, pr\u00f3ximos jogos!\",\"potentialAction\":[{\"@type\":\"SearchAction\",\"target\":{\"@type\":\"EntryPoint\",\"urlTemplate\":\"https:\/\/www.gaveanews.com\/?s={search_term_string}\"},\"query-input\":{\"@type\":\"PropertyValueSpecification\",\"valueRequired\":true,\"valueName\":\"search_term_string\"}}],\"inLanguage\":\"pt-BR\"},{\"@type\":\"Person\",\"@id\":\"https:\/\/www.gaveanews.com\/#\/schema\/person\/2ec14f73fb96be2caf28f91afb14749d\",\"name\":\"Equipe G\u00e1vea News\",\"image\":{\"@type\":\"ImageObject\",\"inLanguage\":\"pt-BR\",\"@id\":\"https:\/\/www.gaveanews.com\/#\/schema\/person\/image\/\",\"url\":\"https:\/\/secure.gravatar.com\/avatar\/1e1956f1facbffd3f8fa53a326721950116b3b9dc9bd44939c01180fd4a745a9?s=96&d=mm&r=g\",\"contentUrl\":\"https:\/\/secure.gravatar.com\/avatar\/1e1956f1facbffd3f8fa53a326721950116b3b9dc9bd44939c01180fd4a745a9?s=96&d=mm&r=g\",\"caption\":\"Equipe G\u00e1vea News\"}}]}<\/script>\n<!-- \/ Yoast SEO Premium plugin. -->","yoast_head_json":{"title":"Flamengo negocia extens\u00e3o da concess\u00e3o do Maracan\u00e3","description":"A parte administrativa e pr\u00e1tica da renova\u00e7\u00e3o da permiss\u00e3o de uso \u00e9 tocada no clube pelo respons\u00e1vel pela empresa Fla-Flu.","robots":{"index":"index","follow":"follow","max-snippet":"max-snippet:-1","max-image-preview":"max-image-preview:large","max-video-preview":"max-video-preview:-1"},"canonical":"https:\/\/www.gaveanews.com\/index.php\/2020\/08\/29\/flamengo-negocia-extensao-da-concessao-do-maracana\/","og_locale":"pt_BR","og_type":"article","og_title":"Flamengo negocia extens\u00e3o da concess\u00e3o do Maracan\u00e3","og_description":"A parte administrativa e pr\u00e1tica da renova\u00e7\u00e3o da permiss\u00e3o de uso \u00e9 tocada no clube pelo respons\u00e1vel pela empresa Fla-Flu.","og_url":"https:\/\/www.gaveanews.com\/index.php\/2020\/08\/29\/flamengo-negocia-extensao-da-concessao-do-maracana\/","og_site_name":"G\u00e1vea News","article_publisher":"https:\/\/facebook.com\/gaveaNews\/","article_published_time":"2020-08-29T21:29:24+00:00","article_modified_time":"2020-08-29T21:29:29+00:00","og_image":[{"url":"https:\/\/www.gaveanews.com\/wp-content\/uploads\/2019\/03\/Escudo-do-Flamengo-e-exposto-proximo-a-um-dos-gols-no-gramado-do-Maracana.webp","width":1,"height":1,"type":"image\/jpeg"}],"author":"Equipe G\u00e1vea News","twitter_card":"summary_large_image","twitter_misc":{"Escrito por":"Equipe G\u00e1vea News","Est. tempo de leitura":"1 minuto"},"schema":{"@context":"https:\/\/schema.org","@graph":[{"@type":"NewsArticle","@id":"https:\/\/www.gaveanews.com\/index.php\/2020\/08\/29\/flamengo-negocia-extensao-da-concessao-do-maracana\/#article","isPartOf":{"@id":"https:\/\/www.gaveanews.com\/index.php\/2020\/08\/29\/flamengo-negocia-extensao-da-concessao-do-maracana\/"},"author":{"name":"Equipe G\u00e1vea News","@id":"https:\/\/www.gaveanews.com\/#\/schema\/person\/2ec14f73fb96be2caf28f91afb14749d"},"headline":"Flamengo negocia extens\u00e3o da concess\u00e3o do Maracan\u00e3","datePublished":"2020-08-29T21:29:24+00:00","dateModified":"2020-08-29T21:29:29+00:00","mainEntityOfPage":{"@id":"https:\/\/www.gaveanews.com\/index.php\/2020\/08\/29\/flamengo-negocia-extensao-da-concessao-do-maracana\/"},"wordCount":307,"commentCount":14,"image":{"@id":"https:\/\/www.gaveanews.com\/index.php\/2020\/08\/29\/flamengo-negocia-extensao-da-concessao-do-maracana\/#primaryimage"},"thumbnailUrl":"https:\/\/www.gaveanews.com\/wp-content\/uploads\/2019\/03\/Escudo-do-Flamengo-e-exposto-proximo-a-um-dos-gols-no-gramado-do-Maracana.webp","articleSection":["Destaques"],"inLanguage":"pt-BR","potentialAction":[{"@type":"CommentAction","name":"Comment","target":["https:\/\/www.gaveanews.com\/index.php\/2020\/08\/29\/flamengo-negocia-extensao-da-concessao-do-maracana\/#respond"]}],"copyrightYear":"2020","copyrightHolder":{"@id":"https:\/\/www.gaveanews.com\/#organization"}},{"@type":"WebPage","@id":"https:\/\/www.gaveanews.com\/index.php\/2020\/08\/29\/flamengo-negocia-extensao-da-concessao-do-maracana\/","url":"https:\/\/www.gaveanews.com\/index.php\/2020\/08\/29\/flamengo-negocia-extensao-da-concessao-do-maracana\/","name":"Flamengo negocia extens\u00e3o da concess\u00e3o do Maracan\u00e3","isPartOf":{"@id":"https:\/\/www.gaveanews.com\/#website"},"primaryImageOfPage":{"@id":"https:\/\/www.gaveanews.com\/index.php\/2020\/08\/29\/flamengo-negocia-extensao-da-concessao-do-maracana\/#primaryimage"},"image":{"@id":"https:\/\/www.gaveanews.com\/index.php\/2020\/08\/29\/flamengo-negocia-extensao-da-concessao-do-maracana\/#primaryimage"},"thumbnailUrl":"https:\/\/www.gaveanews.com\/wp-content\/uploads\/2019\/03\/Escudo-do-Flamengo-e-exposto-proximo-a-um-dos-gols-no-gramado-do-Maracana.webp","datePublished":"2020-08-29T21:29:24+00:00","dateModified":"2020-08-29T21:29:29+00:00","author":{"@id":"https:\/\/www.gaveanews.com\/#\/schema\/person\/2ec14f73fb96be2caf28f91afb14749d"},"description":"A parte administrativa e pr\u00e1tica da renova\u00e7\u00e3o da permiss\u00e3o de uso \u00e9 tocada no clube pelo respons\u00e1vel pela empresa Fla-Flu.","breadcrumb":{"@id":"https:\/\/www.gaveanews.com\/index.php\/2020\/08\/29\/flamengo-negocia-extensao-da-concessao-do-maracana\/#breadcrumb"},"inLanguage":"pt-BR","potentialAction":[{"@type":"ReadAction","target":["https:\/\/www.gaveanews.com\/index.php\/2020\/08\/29\/flamengo-negocia-extensao-da-concessao-do-maracana\/"]}]},{"@type":"ImageObject","inLanguage":"pt-BR","@id":"https:\/\/www.gaveanews.com\/index.php\/2020\/08\/29\/flamengo-negocia-extensao-da-concessao-do-maracana\/#primaryimage","url":"https:\/\/www.gaveanews.com\/wp-content\/uploads\/2019\/03\/Escudo-do-Flamengo-e-exposto-proximo-a-um-dos-gols-no-gramado-do-Maracana.webp","contentUrl":"https:\/\/www.gaveanews.com\/wp-content\/uploads\/2019\/03\/Escudo-do-Flamengo-e-exposto-proximo-a-um-dos-gols-no-gramado-do-Maracana.webp","caption":"Escudo do Flamengo \u00e9 exposto pr\u00f3ximo a um dos gols, no gramado do Maracan\u00e3 (Foto: Daniel Castelo Branco)"},{"@type":"BreadcrumbList","@id":"https:\/\/www.gaveanews.com\/index.php\/2020\/08\/29\/flamengo-negocia-extensao-da-concessao-do-maracana\/#breadcrumb","itemListElement":[{"@type":"ListItem","position":1,"name":"Home","item":"https:\/\/www.gaveanews.com\/"},{"@type":"ListItem","position":2,"name":"Flamengo negocia extens\u00e3o da concess\u00e3o do Maracan\u00e3"}]},{"@type":"WebSite","@id":"https:\/\/www.gaveanews.com\/#website","url":"https:\/\/www.gaveanews.com\/","name":"G\u00e1vea News","description":"Veja todas as not\u00edcias sobre o Flamengo: Contrata\u00e7\u00f5es, categorias de base, resultados das partidas, tabela de classifica\u00e7\u00e3o, pr\u00f3ximos jogos!","potentialAction":[{"@type":"SearchAction","target":{"@type":"EntryPoint","urlTemplate":"https:\/\/www.gaveanews.com\/?s={search_term_string}"},"query-input":{"@type":"PropertyValueSpecification","valueRequired":true,"valueName":"search_term_string"}}],"inLanguage":"pt-BR"},{"@type":"Person","@id":"https:\/\/www.gaveanews.com\/#\/schema\/person\/2ec14f73fb96be2caf28f91afb14749d","name":"Equipe G\u00e1vea News","image":{"@type":"ImageObject","inLanguage":"pt-BR","@id":"https:\/\/www.gaveanews.com\/#\/schema\/person\/image\/","url":"https:\/\/secure.gravatar.com\/avatar\/1e1956f1facbffd3f8fa53a326721950116b3b9dc9bd44939c01180fd4a745a9?s=96&d=mm&r=g","contentUrl":"https:\/\/secure.gravatar.com\/avatar\/1e1956f1facbffd3f8fa53a326721950116b3b9dc9bd44939c01180fd4a745a9?s=96&d=mm&r=g","caption":"Equipe G\u00e1vea News"}}]}},"_links":{"self":[{"href":"https:\/\/www.gaveanews.com\/index.php\/wp-json\/wp\/v2\/posts\/46398","targetHints":{"allow":["GET"]}}],"collection":[{"href":"https:\/\/www.gaveanews.com\/index.php\/wp-json\/wp\/v2\/posts"}],"about":[{"href":"https:\/\/www.gaveanews.com\/index.php\/wp-json\/wp\/v2\/types\/post"}],"author":[{"embeddable":true,"href":"https:\/\/www.gaveanews.com\/index.php\/wp-json\/wp\/v2\/users\/1"}],"replies":[{"embeddable":true,"href":"https:\/\/www.gaveanews.com\/index.php\/wp-json\/wp\/v2\/comments?post=46398"}],"version-history":[{"count":0,"href":"https:\/\/www.gaveanews.com\/index.php\/wp-json\/wp\/v2\/posts\/46398\/revisions"}],"wp:featuredmedia":[{"embeddable":true,"href":"https:\/\/www.gaveanews.com\/index.php\/wp-json\/wp\/v2\/media\/15081"}],"wp:attachment":[{"href":"https:\/\/www.gaveanews.com\/index.php\/wp-json\/wp\/v2\/media?parent=46398"}],"wp:term":[{"taxonomy":"category","embeddable":true,"href":"https:\/\/www.gaveanews.com\/index.php\/wp-json\/wp\/v2\/categories?post=46398"},{"taxonomy":"post_tag","embeddable":true,"href":"https:\/\/www.gaveanews.com\/index.php\/wp-json\/wp\/v2\/tags?post=46398"}],"curies":[{"name":"wp","href":"https:\/\/api.w.org\/{rel}","templated":true}]}}