{"id":46443,"date":"2020-08-30T13:03:06","date_gmt":"2020-08-30T16:03:06","guid":{"rendered":"https:\/\/www.gaveanews.com\/?p=46443"},"modified":"2020-08-30T13:03:08","modified_gmt":"2020-08-30T16:03:08","slug":"isla-chama-a-atencao-por-raca-e-capacidade-fisica-em-treinos-do-flamengo","status":"publish","type":"post","link":"https:\/\/www.gaveanews.com\/index.php\/2020\/08\/30\/isla-chama-a-atencao-por-raca-e-capacidade-fisica-em-treinos-do-flamengo\/","title":{"rendered":"Isla chama a aten\u00e7\u00e3o por ra\u00e7a e capacidade f\u00edsica em treinos do Flamengo"},"content":{"rendered":"\n<p>Refor\u00e7o do Flamengo para a lateral direita, o chileno Mauricio Isla vem chamando a aten\u00e7\u00e3o nos primeiros treinos no CT do Ninho do Urubu. De acordo com informa\u00e7\u00f5es do portal &#8220;Globo Esporte&#8221;, o jogador se destaca capacidade f\u00edsica e ra\u00e7a nas atividades.<\/p>\n\n\n\n<p>O atleta foi relacionado por Dom\u00e8nec Torrent e poder\u00e1 fazer a sua estreia pelo Flamengo, neste domingo, contra o Santos. O jogador, de 32 anos, foi contratado para a vaga de Rafinha, que recentemente deixou o Rubro-negro, e acertou com o Olympiacos, da Gr\u00eamio.<\/p>\n\n\n\n<p>Isla \u00e9 jogador da sele\u00e7\u00e3o chilena disputou as Copas do Mundo de 2010 e 2014. Al\u00e9m disso, ele teve uma carreira de destaque na Europa, tendo defendido clubes como a Juventus, a Udinese, o Olympique de Marseille e o Fenerbah\u00e7e.<\/p>\n\n\n\n<p>Retirado de: O Dia<\/p>\n","protected":false},"excerpt":{"rendered":"<p>Refor\u00e7o do Flamengo para a lateral direita, o chileno Mauricio Isla vem chamando a aten\u00e7\u00e3o nos primeiros treinos no CT do Ninho do Urubu. De acordo com informa\u00e7\u00f5es do portal &#8220;Globo Esporte&#8221;, o jogador se destaca capacidade f\u00edsica e ra\u00e7a nas atividades. O atleta foi relacionado por Dom\u00e8nec Torrent e poder\u00e1 fazer a sua estreia [&hellip;]<\/p>\n","protected":false},"author":1,"featured_media":46113,"comment_status":"open","ping_status":"closed","sticky":false,"template":"","format":"standard","meta":{"footnotes":""},"categories":[47],"tags":[],"class_list":["post-46443","post","type-post","status-publish","format-standard","has-post-thumbnail","hentry","category-destaques"],"yoast_head":"<!-- This site is optimized with the Yoast SEO Premium plugin v24.2 (Yoast SEO v26.9) - https:\/\/yoast.com\/product\/yoast-seo-premium-wordpress\/ -->\n<title>Isla chama a aten\u00e7\u00e3o por ra\u00e7a e capacidade f\u00edsica em treinos do Flamengo<\/title>\n<meta name=\"description\" content=\"Mauricio Isla foi relacionado por Dom\u00e8nec Torrent e poder\u00e1 fazer a sua estreia pelo Flamengo, neste domingo, contra o Santos.\" \/>\n<meta name=\"robots\" content=\"index, follow, max-snippet:-1, max-image-preview:large, max-video-preview:-1\" \/>\n<link rel=\"canonical\" href=\"https:\/\/www.gaveanews.com\/index.php\/2020\/08\/30\/isla-chama-a-atencao-por-raca-e-capacidade-fisica-em-treinos-do-flamengo\/\" \/>\n<meta property=\"og:locale\" content=\"pt_BR\" \/>\n<meta property=\"og:type\" content=\"article\" \/>\n<meta property=\"og:title\" content=\"Isla chama a aten\u00e7\u00e3o por ra\u00e7a e capacidade f\u00edsica em treinos do Flamengo\" \/>\n<meta property=\"og:description\" content=\"Mauricio Isla foi relacionado por Dom\u00e8nec Torrent e poder\u00e1 fazer a sua estreia pelo Flamengo, neste domingo, contra o Santos.\" \/>\n<meta property=\"og:url\" content=\"https:\/\/www.gaveanews.com\/index.php\/2020\/08\/30\/isla-chama-a-atencao-por-raca-e-capacidade-fisica-em-treinos-do-flamengo\/\" \/>\n<meta property=\"og:site_name\" content=\"G\u00e1vea News\" \/>\n<meta property=\"article:publisher\" content=\"https:\/\/facebook.com\/gaveaNews\/\" \/>\n<meta property=\"article:published_time\" content=\"2020-08-30T16:03:06+00:00\" \/>\n<meta property=\"article:modified_time\" content=\"2020-08-30T16:03:08+00:00\" \/>\n<meta property=\"og:image\" content=\"https:\/\/www.gaveanews.com\/wp-content\/uploads\/Isla-durante-o-aquecimento-do-Flamengo-no-Maracana.webp\" \/>\n\t<meta property=\"og:image:width\" content=\"799\" \/>\n\t<meta property=\"og:image:height\" content=\"532\" \/>\n\t<meta property=\"og:image:type\" content=\"image\/jpeg\" \/>\n<meta name=\"author\" content=\"Equipe G\u00e1vea News\" \/>\n<meta name=\"twitter:card\" content=\"summary_large_image\" \/>\n<meta name=\"twitter:label1\" content=\"Escrito por\" \/>\n\t<meta name=\"twitter:data1\" content=\"Equipe G\u00e1vea News\" \/>\n\t<meta name=\"twitter:label2\" content=\"Est. tempo de leitura\" \/>\n\t<meta name=\"twitter:data2\" content=\"1 minuto\" \/>\n<script type=\"application\/ld+json\" class=\"yoast-schema-graph\">{\"@context\":\"https:\/\/schema.org\",\"@graph\":[{\"@type\":\"NewsArticle\",\"@id\":\"https:\/\/www.gaveanews.com\/index.php\/2020\/08\/30\/isla-chama-a-atencao-por-raca-e-capacidade-fisica-em-treinos-do-flamengo\/#article\",\"isPartOf\":{\"@id\":\"https:\/\/www.gaveanews.com\/index.php\/2020\/08\/30\/isla-chama-a-atencao-por-raca-e-capacidade-fisica-em-treinos-do-flamengo\/\"},\"author\":{\"name\":\"Equipe G\u00e1vea News\",\"@id\":\"https:\/\/www.gaveanews.com\/#\/schema\/person\/2ec14f73fb96be2caf28f91afb14749d\"},\"headline\":\"Isla chama a aten\u00e7\u00e3o por ra\u00e7a e capacidade f\u00edsica em treinos do Flamengo\",\"datePublished\":\"2020-08-30T16:03:06+00:00\",\"dateModified\":\"2020-08-30T16:03:08+00:00\",\"mainEntityOfPage\":{\"@id\":\"https:\/\/www.gaveanews.com\/index.php\/2020\/08\/30\/isla-chama-a-atencao-por-raca-e-capacidade-fisica-em-treinos-do-flamengo\/\"},\"wordCount\":152,\"commentCount\":11,\"image\":{\"@id\":\"https:\/\/www.gaveanews.com\/index.php\/2020\/08\/30\/isla-chama-a-atencao-por-raca-e-capacidade-fisica-em-treinos-do-flamengo\/#primaryimage\"},\"thumbnailUrl\":\"https:\/\/www.gaveanews.com\/wp-content\/uploads\/Isla-durante-o-aquecimento-do-Flamengo-no-Maracana.webp\",\"articleSection\":[\"Destaques\"],\"inLanguage\":\"pt-BR\",\"potentialAction\":[{\"@type\":\"CommentAction\",\"name\":\"Comment\",\"target\":[\"https:\/\/www.gaveanews.com\/index.php\/2020\/08\/30\/isla-chama-a-atencao-por-raca-e-capacidade-fisica-em-treinos-do-flamengo\/#respond\"]}],\"copyrightYear\":\"2020\",\"copyrightHolder\":{\"@id\":\"https:\/\/www.gaveanews.com\/#organization\"}},{\"@type\":\"WebPage\",\"@id\":\"https:\/\/www.gaveanews.com\/index.php\/2020\/08\/30\/isla-chama-a-atencao-por-raca-e-capacidade-fisica-em-treinos-do-flamengo\/\",\"url\":\"https:\/\/www.gaveanews.com\/index.php\/2020\/08\/30\/isla-chama-a-atencao-por-raca-e-capacidade-fisica-em-treinos-do-flamengo\/\",\"name\":\"Isla chama a aten\u00e7\u00e3o por ra\u00e7a e capacidade f\u00edsica em treinos do Flamengo\",\"isPartOf\":{\"@id\":\"https:\/\/www.gaveanews.com\/#website\"},\"primaryImageOfPage\":{\"@id\":\"https:\/\/www.gaveanews.com\/index.php\/2020\/08\/30\/isla-chama-a-atencao-por-raca-e-capacidade-fisica-em-treinos-do-flamengo\/#primaryimage\"},\"image\":{\"@id\":\"https:\/\/www.gaveanews.com\/index.php\/2020\/08\/30\/isla-chama-a-atencao-por-raca-e-capacidade-fisica-em-treinos-do-flamengo\/#primaryimage\"},\"thumbnailUrl\":\"https:\/\/www.gaveanews.com\/wp-content\/uploads\/Isla-durante-o-aquecimento-do-Flamengo-no-Maracana.webp\",\"datePublished\":\"2020-08-30T16:03:06+00:00\",\"dateModified\":\"2020-08-30T16:03:08+00:00\",\"author\":{\"@id\":\"https:\/\/www.gaveanews.com\/#\/schema\/person\/2ec14f73fb96be2caf28f91afb14749d\"},\"description\":\"Mauricio Isla foi relacionado por Dom\u00e8nec Torrent e poder\u00e1 fazer a sua estreia pelo Flamengo, neste domingo, contra o Santos.\",\"breadcrumb\":{\"@id\":\"https:\/\/www.gaveanews.com\/index.php\/2020\/08\/30\/isla-chama-a-atencao-por-raca-e-capacidade-fisica-em-treinos-do-flamengo\/#breadcrumb\"},\"inLanguage\":\"pt-BR\",\"potentialAction\":[{\"@type\":\"ReadAction\",\"target\":[\"https:\/\/www.gaveanews.com\/index.php\/2020\/08\/30\/isla-chama-a-atencao-por-raca-e-capacidade-fisica-em-treinos-do-flamengo\/\"]}]},{\"@type\":\"ImageObject\",\"inLanguage\":\"pt-BR\",\"@id\":\"https:\/\/www.gaveanews.com\/index.php\/2020\/08\/30\/isla-chama-a-atencao-por-raca-e-capacidade-fisica-em-treinos-do-flamengo\/#primaryimage\",\"url\":\"https:\/\/www.gaveanews.com\/wp-content\/uploads\/Isla-durante-o-aquecimento-do-Flamengo-no-Maracana.webp\",\"contentUrl\":\"https:\/\/www.gaveanews.com\/wp-content\/uploads\/Isla-durante-o-aquecimento-do-Flamengo-no-Maracana.webp\",\"width\":799,\"height\":532,\"caption\":\"Isla durante o aquecimento do Flamengo no Maracan\u00e3 (Foto: Alexandre Vidal\/Flamengo)\"},{\"@type\":\"BreadcrumbList\",\"@id\":\"https:\/\/www.gaveanews.com\/index.php\/2020\/08\/30\/isla-chama-a-atencao-por-raca-e-capacidade-fisica-em-treinos-do-flamengo\/#breadcrumb\",\"itemListElement\":[{\"@type\":\"ListItem\",\"position\":1,\"name\":\"Home\",\"item\":\"https:\/\/www.gaveanews.com\/\"},{\"@type\":\"ListItem\",\"position\":2,\"name\":\"Isla chama a aten\u00e7\u00e3o por ra\u00e7a e capacidade f\u00edsica em treinos do Flamengo\"}]},{\"@type\":\"WebSite\",\"@id\":\"https:\/\/www.gaveanews.com\/#website\",\"url\":\"https:\/\/www.gaveanews.com\/\",\"name\":\"G\u00e1vea News\",\"description\":\"Veja todas as not\u00edcias sobre o Flamengo: Contrata\u00e7\u00f5es, categorias de base, resultados das partidas, tabela de classifica\u00e7\u00e3o, pr\u00f3ximos jogos!\",\"potentialAction\":[{\"@type\":\"SearchAction\",\"target\":{\"@type\":\"EntryPoint\",\"urlTemplate\":\"https:\/\/www.gaveanews.com\/?s={search_term_string}\"},\"query-input\":{\"@type\":\"PropertyValueSpecification\",\"valueRequired\":true,\"valueName\":\"search_term_string\"}}],\"inLanguage\":\"pt-BR\"},{\"@type\":\"Person\",\"@id\":\"https:\/\/www.gaveanews.com\/#\/schema\/person\/2ec14f73fb96be2caf28f91afb14749d\",\"name\":\"Equipe G\u00e1vea News\",\"image\":{\"@type\":\"ImageObject\",\"inLanguage\":\"pt-BR\",\"@id\":\"https:\/\/www.gaveanews.com\/#\/schema\/person\/image\/\",\"url\":\"https:\/\/secure.gravatar.com\/avatar\/1e1956f1facbffd3f8fa53a326721950116b3b9dc9bd44939c01180fd4a745a9?s=96&d=mm&r=g\",\"contentUrl\":\"https:\/\/secure.gravatar.com\/avatar\/1e1956f1facbffd3f8fa53a326721950116b3b9dc9bd44939c01180fd4a745a9?s=96&d=mm&r=g\",\"caption\":\"Equipe G\u00e1vea News\"}}]}<\/script>\n<!-- \/ Yoast SEO Premium plugin. -->","yoast_head_json":{"title":"Isla chama a aten\u00e7\u00e3o por ra\u00e7a e capacidade f\u00edsica em treinos do Flamengo","description":"Mauricio Isla foi relacionado por Dom\u00e8nec Torrent e poder\u00e1 fazer a sua estreia pelo Flamengo, neste domingo, contra o Santos.","robots":{"index":"index","follow":"follow","max-snippet":"max-snippet:-1","max-image-preview":"max-image-preview:large","max-video-preview":"max-video-preview:-1"},"canonical":"https:\/\/www.gaveanews.com\/index.php\/2020\/08\/30\/isla-chama-a-atencao-por-raca-e-capacidade-fisica-em-treinos-do-flamengo\/","og_locale":"pt_BR","og_type":"article","og_title":"Isla chama a aten\u00e7\u00e3o por ra\u00e7a e capacidade f\u00edsica em treinos do Flamengo","og_description":"Mauricio Isla foi relacionado por Dom\u00e8nec Torrent e poder\u00e1 fazer a sua estreia pelo Flamengo, neste domingo, contra o Santos.","og_url":"https:\/\/www.gaveanews.com\/index.php\/2020\/08\/30\/isla-chama-a-atencao-por-raca-e-capacidade-fisica-em-treinos-do-flamengo\/","og_site_name":"G\u00e1vea News","article_publisher":"https:\/\/facebook.com\/gaveaNews\/","article_published_time":"2020-08-30T16:03:06+00:00","article_modified_time":"2020-08-30T16:03:08+00:00","og_image":[{"width":799,"height":532,"url":"https:\/\/www.gaveanews.com\/wp-content\/uploads\/Isla-durante-o-aquecimento-do-Flamengo-no-Maracana.webp","type":"image\/jpeg"}],"author":"Equipe G\u00e1vea News","twitter_card":"summary_large_image","twitter_misc":{"Escrito por":"Equipe G\u00e1vea News","Est. tempo de leitura":"1 minuto"},"schema":{"@context":"https:\/\/schema.org","@graph":[{"@type":"NewsArticle","@id":"https:\/\/www.gaveanews.com\/index.php\/2020\/08\/30\/isla-chama-a-atencao-por-raca-e-capacidade-fisica-em-treinos-do-flamengo\/#article","isPartOf":{"@id":"https:\/\/www.gaveanews.com\/index.php\/2020\/08\/30\/isla-chama-a-atencao-por-raca-e-capacidade-fisica-em-treinos-do-flamengo\/"},"author":{"name":"Equipe G\u00e1vea News","@id":"https:\/\/www.gaveanews.com\/#\/schema\/person\/2ec14f73fb96be2caf28f91afb14749d"},"headline":"Isla chama a aten\u00e7\u00e3o por ra\u00e7a e capacidade f\u00edsica em treinos do Flamengo","datePublished":"2020-08-30T16:03:06+00:00","dateModified":"2020-08-30T16:03:08+00:00","mainEntityOfPage":{"@id":"https:\/\/www.gaveanews.com\/index.php\/2020\/08\/30\/isla-chama-a-atencao-por-raca-e-capacidade-fisica-em-treinos-do-flamengo\/"},"wordCount":152,"commentCount":11,"image":{"@id":"https:\/\/www.gaveanews.com\/index.php\/2020\/08\/30\/isla-chama-a-atencao-por-raca-e-capacidade-fisica-em-treinos-do-flamengo\/#primaryimage"},"thumbnailUrl":"https:\/\/www.gaveanews.com\/wp-content\/uploads\/Isla-durante-o-aquecimento-do-Flamengo-no-Maracana.webp","articleSection":["Destaques"],"inLanguage":"pt-BR","potentialAction":[{"@type":"CommentAction","name":"Comment","target":["https:\/\/www.gaveanews.com\/index.php\/2020\/08\/30\/isla-chama-a-atencao-por-raca-e-capacidade-fisica-em-treinos-do-flamengo\/#respond"]}],"copyrightYear":"2020","copyrightHolder":{"@id":"https:\/\/www.gaveanews.com\/#organization"}},{"@type":"WebPage","@id":"https:\/\/www.gaveanews.com\/index.php\/2020\/08\/30\/isla-chama-a-atencao-por-raca-e-capacidade-fisica-em-treinos-do-flamengo\/","url":"https:\/\/www.gaveanews.com\/index.php\/2020\/08\/30\/isla-chama-a-atencao-por-raca-e-capacidade-fisica-em-treinos-do-flamengo\/","name":"Isla chama a aten\u00e7\u00e3o por ra\u00e7a e capacidade f\u00edsica em treinos do Flamengo","isPartOf":{"@id":"https:\/\/www.gaveanews.com\/#website"},"primaryImageOfPage":{"@id":"https:\/\/www.gaveanews.com\/index.php\/2020\/08\/30\/isla-chama-a-atencao-por-raca-e-capacidade-fisica-em-treinos-do-flamengo\/#primaryimage"},"image":{"@id":"https:\/\/www.gaveanews.com\/index.php\/2020\/08\/30\/isla-chama-a-atencao-por-raca-e-capacidade-fisica-em-treinos-do-flamengo\/#primaryimage"},"thumbnailUrl":"https:\/\/www.gaveanews.com\/wp-content\/uploads\/Isla-durante-o-aquecimento-do-Flamengo-no-Maracana.webp","datePublished":"2020-08-30T16:03:06+00:00","dateModified":"2020-08-30T16:03:08+00:00","author":{"@id":"https:\/\/www.gaveanews.com\/#\/schema\/person\/2ec14f73fb96be2caf28f91afb14749d"},"description":"Mauricio Isla foi relacionado por Dom\u00e8nec Torrent e poder\u00e1 fazer a sua estreia pelo Flamengo, neste domingo, contra o Santos.","breadcrumb":{"@id":"https:\/\/www.gaveanews.com\/index.php\/2020\/08\/30\/isla-chama-a-atencao-por-raca-e-capacidade-fisica-em-treinos-do-flamengo\/#breadcrumb"},"inLanguage":"pt-BR","potentialAction":[{"@type":"ReadAction","target":["https:\/\/www.gaveanews.com\/index.php\/2020\/08\/30\/isla-chama-a-atencao-por-raca-e-capacidade-fisica-em-treinos-do-flamengo\/"]}]},{"@type":"ImageObject","inLanguage":"pt-BR","@id":"https:\/\/www.gaveanews.com\/index.php\/2020\/08\/30\/isla-chama-a-atencao-por-raca-e-capacidade-fisica-em-treinos-do-flamengo\/#primaryimage","url":"https:\/\/www.gaveanews.com\/wp-content\/uploads\/Isla-durante-o-aquecimento-do-Flamengo-no-Maracana.webp","contentUrl":"https:\/\/www.gaveanews.com\/wp-content\/uploads\/Isla-durante-o-aquecimento-do-Flamengo-no-Maracana.webp","width":799,"height":532,"caption":"Isla durante o aquecimento do Flamengo no Maracan\u00e3 (Foto: Alexandre Vidal\/Flamengo)"},{"@type":"BreadcrumbList","@id":"https:\/\/www.gaveanews.com\/index.php\/2020\/08\/30\/isla-chama-a-atencao-por-raca-e-capacidade-fisica-em-treinos-do-flamengo\/#breadcrumb","itemListElement":[{"@type":"ListItem","position":1,"name":"Home","item":"https:\/\/www.gaveanews.com\/"},{"@type":"ListItem","position":2,"name":"Isla chama a aten\u00e7\u00e3o por ra\u00e7a e capacidade f\u00edsica em treinos do Flamengo"}]},{"@type":"WebSite","@id":"https:\/\/www.gaveanews.com\/#website","url":"https:\/\/www.gaveanews.com\/","name":"G\u00e1vea News","description":"Veja todas as not\u00edcias sobre o Flamengo: Contrata\u00e7\u00f5es, categorias de base, resultados das partidas, tabela de classifica\u00e7\u00e3o, pr\u00f3ximos jogos!","potentialAction":[{"@type":"SearchAction","target":{"@type":"EntryPoint","urlTemplate":"https:\/\/www.gaveanews.com\/?s={search_term_string}"},"query-input":{"@type":"PropertyValueSpecification","valueRequired":true,"valueName":"search_term_string"}}],"inLanguage":"pt-BR"},{"@type":"Person","@id":"https:\/\/www.gaveanews.com\/#\/schema\/person\/2ec14f73fb96be2caf28f91afb14749d","name":"Equipe G\u00e1vea News","image":{"@type":"ImageObject","inLanguage":"pt-BR","@id":"https:\/\/www.gaveanews.com\/#\/schema\/person\/image\/","url":"https:\/\/secure.gravatar.com\/avatar\/1e1956f1facbffd3f8fa53a326721950116b3b9dc9bd44939c01180fd4a745a9?s=96&d=mm&r=g","contentUrl":"https:\/\/secure.gravatar.com\/avatar\/1e1956f1facbffd3f8fa53a326721950116b3b9dc9bd44939c01180fd4a745a9?s=96&d=mm&r=g","caption":"Equipe G\u00e1vea News"}}]}},"_links":{"self":[{"href":"https:\/\/www.gaveanews.com\/index.php\/wp-json\/wp\/v2\/posts\/46443","targetHints":{"allow":["GET"]}}],"collection":[{"href":"https:\/\/www.gaveanews.com\/index.php\/wp-json\/wp\/v2\/posts"}],"about":[{"href":"https:\/\/www.gaveanews.com\/index.php\/wp-json\/wp\/v2\/types\/post"}],"author":[{"embeddable":true,"href":"https:\/\/www.gaveanews.com\/index.php\/wp-json\/wp\/v2\/users\/1"}],"replies":[{"embeddable":true,"href":"https:\/\/www.gaveanews.com\/index.php\/wp-json\/wp\/v2\/comments?post=46443"}],"version-history":[{"count":0,"href":"https:\/\/www.gaveanews.com\/index.php\/wp-json\/wp\/v2\/posts\/46443\/revisions"}],"wp:featuredmedia":[{"embeddable":true,"href":"https:\/\/www.gaveanews.com\/index.php\/wp-json\/wp\/v2\/media\/46113"}],"wp:attachment":[{"href":"https:\/\/www.gaveanews.com\/index.php\/wp-json\/wp\/v2\/media?parent=46443"}],"wp:term":[{"taxonomy":"category","embeddable":true,"href":"https:\/\/www.gaveanews.com\/index.php\/wp-json\/wp\/v2\/categories?post=46443"},{"taxonomy":"post_tag","embeddable":true,"href":"https:\/\/www.gaveanews.com\/index.php\/wp-json\/wp\/v2\/tags?post=46443"}],"curies":[{"name":"wp","href":"https:\/\/api.w.org\/{rel}","templated":true}]}}