{"id":46532,"date":"2020-08-31T11:17:46","date_gmt":"2020-08-31T14:17:46","guid":{"rendered":"https:\/\/www.gaveanews.com\/?p=46532"},"modified":"2020-08-31T11:21:04","modified_gmt":"2020-08-31T14:21:04","slug":"mudanca-da-fifa-da-nova-orientacao-aos-arbitros-em-relacao-a-utilizacao-do-var","status":"publish","type":"post","link":"https:\/\/www.gaveanews.com\/index.php\/2020\/08\/31\/mudanca-da-fifa-da-nova-orientacao-aos-arbitros-em-relacao-a-utilizacao-do-var\/","title":{"rendered":"Mudan\u00e7a da FIFA d\u00e1 nova orienta\u00e7\u00e3o aos \u00e1rbitros em  rela\u00e7\u00e3o a utiliza\u00e7\u00e3o do VAR"},"content":{"rendered":"\n<p>Uma nova recomenda\u00e7\u00e3o para o uso do VAR passou a valer em 1\u00ba de junho no livro de regras do futebol 2020\/2021 com a inten\u00e7\u00e3o de clarear que \u00e9 o \u00e1rbitro de campo quem decide se um lance ter\u00e1 ou n\u00e3o marca\u00e7\u00e3o alterada.<\/p>\n\n\n\n<p>Levantamento de consultoria que auxilia a Fifa com jogadores e f\u00e3s de alguns pa\u00edses mostrou que muitos entendiam que era o \u00e1rbitro de v\u00eddeo quem dava a palavra final para jogadas revisadas, o que de fato n\u00e3o deve acontecer.<\/p>\n\n\n\n<p>A orienta\u00e7\u00e3o, agora, \u00e9 que o \u00e1rbitro use com mais frequ\u00eancia a ARA, a \u00e1rea de revis\u00e3o onde fica o monitor dentro de campo. Desde a implementa\u00e7\u00e3o do \u00e1rbitro de v\u00eddeo, em 2016, se recomendava que o juiz principal s\u00f3 fosse ao monitor em casos subjetivos, como se houve ou n\u00e3o toque de m\u00e3o, faltas que originam p\u00eanaltis e participa\u00e7\u00e3o ativa de um atleta em lances de impedimento.<\/p>\n\n\n\n<p>Isso ainda vale, mas agora o texto mudou e incentiva o \u00e1rbitro a ir ver o lance mesmo em casos factuais, como impedimentos e se a bola entrou ou n\u00e3o no gol. Diz o par\u00e1grafo revisado: &#8220;pode-se fazer uma revis\u00e3o no campo de jogo para uma decis\u00e3o factual, caso isso ajude o \u00e1rbitro a gerenciar os jogadores\/a partida ou para &#8216;vender&#8217; a decis\u00e3o (ex: uma decis\u00e3o vital capaz de decidir o rumo do jogo perto do final da partida)&#8221;.<\/p>\n\n\n\n<p>O texto da regra que define o VAR, inclusive, teve sua ordem alterada: primeiro agora aparece que o \u00e1rbitro, ap\u00f3s fazer o gesto de TV que indica o uso da tecnologia, pode realizar a revis\u00e3o na ARA antes de tomar uma decis\u00e3o final. S\u00f3 na sequ\u00eancia vem que o \u00e1rbitro pode tomar uma decis\u00e3o baseado apenas na percep\u00e7\u00e3o e informa\u00e7\u00e3o dos profissionais que est\u00e3o na sala do VAR.<\/p>\n\n\n\n<p>O final de semana que passou foi mais um cheio de pol\u00eamicas no uso do \u00e1rbitro de v\u00eddeo no Brasileir\u00e3o. No s\u00e1bado (29), o Botafogo teve dois gols anulados na derrota de 2 a 0 para o Inter: um por impedimento, em lance objetivo que n\u00e3o teve a presen\u00e7a do \u00e1rbitro Thiago Duarte na beira do gramado e outro subjetivo, em que o juiz foi ao monitor e notou falta no meio do campo antes de o gol ocorrer. Ao fim do jogo o goleiro botafoguense Gatito chutou o monitor da beira do gramado e deve receber puni\u00e7\u00e3o do STJD (Superior Tribunal de Justi\u00e7a Desportiva) por isso.<\/p>\n\n\n\n<p>Foi parecido com o que aconteceu no domingo (30), na Vila Belmiro. Em poucos minutos, o Santos teve dois gols anulados na derrota de 1 a 0 para o Flamengo que levaram mais de dez minutos para serem revisados, tempo considerado excessivo pela Fifa. No primeiro, um impedimento objetivo, o \u00e1rbitro de campo Wilton Pereira Sampaio, considerado por CBF e Fifa um dos especialistas da tecnologia no Brasil (esteve na fun\u00e7\u00e3o na Copa-2018, na R\u00fassia) optou por esperar a percep\u00e7\u00e3o dos profissionais do VAR, que viram Raniel adiantado ao marcar.<\/p>\n\n\n\n<p>No segundo, Sampaio foi at\u00e9 o monitor observar se houve interfer\u00eancia de Jobson, impedido, que n\u00e3o tocou na bola que entrou direto em falta cobrada por Marinho. Ele entendeu que sim, mas demorou seis minutos para decidir.<\/p>\n\n\n\n<p>Sampaio seguiu a regra, mas se quisesse, por exemplo, poderia ter ido tamb\u00e9m no primeiro lance ao monitor. A Fifa e a International Board, o \u00f3rg\u00e3o que faz as regras do futebol, entendem que tem que ficar claro ao p\u00fablico que \u00e9 o \u00e1rbitro de campo quem toma a decis\u00e3o final, e n\u00e3o o de v\u00eddeo.<\/p>\n\n\n\n<p>A altera\u00e7\u00e3o que tenta clarear que \u00e9 no campo, e n\u00e3o na sala de v\u00eddeo, que se decide um lance tamb\u00e9m tenta agilizar as revis\u00f5es fazendo o \u00e1rbitro ir mais rapidamente \u00e0 beira de campo assistir ao lance. Foi o que n\u00e3o aconteceu no Santos x Flamengo, j\u00e1 que Sampaio optou, no primeiro lance, a esperar a percep\u00e7\u00e3o do VAR, que demorou para posicionar as linhas horizontais e verticais que tentam identificar o impedimento.<\/p>\n\n\n\n<p>Retirado de: Marcel Rizzo\/UOL<\/p>\n","protected":false},"excerpt":{"rendered":"<p>Uma nova recomenda\u00e7\u00e3o para o uso do VAR passou a valer em 1\u00ba de junho no livro de regras do futebol 2020\/2021 com a inten\u00e7\u00e3o de clarear que \u00e9 o \u00e1rbitro de campo quem decide se um lance ter\u00e1 ou n\u00e3o marca\u00e7\u00e3o alterada. Levantamento de consultoria que auxilia a Fifa com jogadores e f\u00e3s de [&hellip;]<\/p>\n","protected":false},"author":1,"featured_media":23225,"comment_status":"open","ping_status":"closed","sticky":false,"template":"","format":"standard","meta":{"footnotes":""},"categories":[47],"tags":[],"class_list":["post-46532","post","type-post","status-publish","format-standard","has-post-thumbnail","hentry","category-destaques"],"yoast_head":"<!-- This site is optimized with the Yoast SEO Premium plugin v24.2 (Yoast SEO v26.9) - https:\/\/yoast.com\/product\/yoast-seo-premium-wordpress\/ -->\n<title>Mudan\u00e7a da FIFA d\u00e1 nova orienta\u00e7\u00e3o aos \u00e1rbitros em rela\u00e7\u00e3o a utiliza\u00e7\u00e3o do VAR<\/title>\n<meta name=\"robots\" content=\"index, follow, max-snippet:-1, max-image-preview:large, max-video-preview:-1\" \/>\n<link rel=\"canonical\" href=\"https:\/\/www.gaveanews.com\/index.php\/2020\/08\/31\/mudanca-da-fifa-da-nova-orientacao-aos-arbitros-em-relacao-a-utilizacao-do-var\/\" \/>\n<meta property=\"og:locale\" content=\"pt_BR\" \/>\n<meta property=\"og:type\" content=\"article\" \/>\n<meta property=\"og:title\" content=\"Mudan\u00e7a da FIFA d\u00e1 nova orienta\u00e7\u00e3o aos \u00e1rbitros em rela\u00e7\u00e3o a utiliza\u00e7\u00e3o do VAR\" \/>\n<meta property=\"og:description\" content=\"Uma nova recomenda\u00e7\u00e3o para o uso do VAR passou a valer em 1\u00ba de junho no livro de regras do futebol 2020\/2021 com a inten\u00e7\u00e3o de clarear que \u00e9 o \u00e1rbitro de campo quem decide se um lance ter\u00e1 ou n\u00e3o marca\u00e7\u00e3o alterada. Levantamento de consultoria que auxilia a Fifa com jogadores e f\u00e3s de [&hellip;]\" \/>\n<meta property=\"og:url\" content=\"https:\/\/www.gaveanews.com\/index.php\/2020\/08\/31\/mudanca-da-fifa-da-nova-orientacao-aos-arbitros-em-relacao-a-utilizacao-do-var\/\" \/>\n<meta property=\"og:site_name\" content=\"G\u00e1vea News\" \/>\n<meta property=\"article:publisher\" content=\"https:\/\/facebook.com\/gaveaNews\/\" \/>\n<meta property=\"article:published_time\" content=\"2020-08-31T14:17:46+00:00\" \/>\n<meta property=\"article:modified_time\" content=\"2020-08-31T14:21:04+00:00\" \/>\n<meta property=\"og:image\" content=\"https:\/\/www.gaveanews.com\/wp-content\/uploads\/2019\/07\/Cabine-do-VAR-no-Maracana.webp\" \/>\n\t<meta property=\"og:image:width\" content=\"1\" \/>\n\t<meta property=\"og:image:height\" content=\"1\" \/>\n\t<meta property=\"og:image:type\" content=\"image\/jpeg\" \/>\n<meta name=\"author\" content=\"Equipe G\u00e1vea News\" \/>\n<meta name=\"twitter:card\" content=\"summary_large_image\" \/>\n<meta name=\"twitter:label1\" content=\"Escrito por\" \/>\n\t<meta name=\"twitter:data1\" content=\"Equipe G\u00e1vea News\" \/>\n\t<meta name=\"twitter:label2\" content=\"Est. tempo de leitura\" \/>\n\t<meta name=\"twitter:data2\" content=\"4 minutos\" \/>\n<script type=\"application\/ld+json\" class=\"yoast-schema-graph\">{\"@context\":\"https:\/\/schema.org\",\"@graph\":[{\"@type\":\"NewsArticle\",\"@id\":\"https:\/\/www.gaveanews.com\/index.php\/2020\/08\/31\/mudanca-da-fifa-da-nova-orientacao-aos-arbitros-em-relacao-a-utilizacao-do-var\/#article\",\"isPartOf\":{\"@id\":\"https:\/\/www.gaveanews.com\/index.php\/2020\/08\/31\/mudanca-da-fifa-da-nova-orientacao-aos-arbitros-em-relacao-a-utilizacao-do-var\/\"},\"author\":{\"name\":\"Equipe G\u00e1vea News\",\"@id\":\"https:\/\/www.gaveanews.com\/#\/schema\/person\/2ec14f73fb96be2caf28f91afb14749d\"},\"headline\":\"Mudan\u00e7a da FIFA d\u00e1 nova orienta\u00e7\u00e3o aos \u00e1rbitros em rela\u00e7\u00e3o a utiliza\u00e7\u00e3o do VAR\",\"datePublished\":\"2020-08-31T14:17:46+00:00\",\"dateModified\":\"2020-08-31T14:21:04+00:00\",\"mainEntityOfPage\":{\"@id\":\"https:\/\/www.gaveanews.com\/index.php\/2020\/08\/31\/mudanca-da-fifa-da-nova-orientacao-aos-arbitros-em-relacao-a-utilizacao-do-var\/\"},\"wordCount\":728,\"commentCount\":4,\"image\":{\"@id\":\"https:\/\/www.gaveanews.com\/index.php\/2020\/08\/31\/mudanca-da-fifa-da-nova-orientacao-aos-arbitros-em-relacao-a-utilizacao-do-var\/#primaryimage\"},\"thumbnailUrl\":\"https:\/\/www.gaveanews.com\/wp-content\/uploads\/2019\/07\/Cabine-do-VAR-no-Maracana.webp\",\"articleSection\":[\"Destaques\"],\"inLanguage\":\"pt-BR\",\"potentialAction\":[{\"@type\":\"CommentAction\",\"name\":\"Comment\",\"target\":[\"https:\/\/www.gaveanews.com\/index.php\/2020\/08\/31\/mudanca-da-fifa-da-nova-orientacao-aos-arbitros-em-relacao-a-utilizacao-do-var\/#respond\"]}],\"copyrightYear\":\"2020\",\"copyrightHolder\":{\"@id\":\"https:\/\/www.gaveanews.com\/#organization\"}},{\"@type\":\"WebPage\",\"@id\":\"https:\/\/www.gaveanews.com\/index.php\/2020\/08\/31\/mudanca-da-fifa-da-nova-orientacao-aos-arbitros-em-relacao-a-utilizacao-do-var\/\",\"url\":\"https:\/\/www.gaveanews.com\/index.php\/2020\/08\/31\/mudanca-da-fifa-da-nova-orientacao-aos-arbitros-em-relacao-a-utilizacao-do-var\/\",\"name\":\"Mudan\u00e7a da FIFA d\u00e1 nova orienta\u00e7\u00e3o aos \u00e1rbitros em rela\u00e7\u00e3o a utiliza\u00e7\u00e3o do VAR\",\"isPartOf\":{\"@id\":\"https:\/\/www.gaveanews.com\/#website\"},\"primaryImageOfPage\":{\"@id\":\"https:\/\/www.gaveanews.com\/index.php\/2020\/08\/31\/mudanca-da-fifa-da-nova-orientacao-aos-arbitros-em-relacao-a-utilizacao-do-var\/#primaryimage\"},\"image\":{\"@id\":\"https:\/\/www.gaveanews.com\/index.php\/2020\/08\/31\/mudanca-da-fifa-da-nova-orientacao-aos-arbitros-em-relacao-a-utilizacao-do-var\/#primaryimage\"},\"thumbnailUrl\":\"https:\/\/www.gaveanews.com\/wp-content\/uploads\/2019\/07\/Cabine-do-VAR-no-Maracana.webp\",\"datePublished\":\"2020-08-31T14:17:46+00:00\",\"dateModified\":\"2020-08-31T14:21:04+00:00\",\"author\":{\"@id\":\"https:\/\/www.gaveanews.com\/#\/schema\/person\/2ec14f73fb96be2caf28f91afb14749d\"},\"breadcrumb\":{\"@id\":\"https:\/\/www.gaveanews.com\/index.php\/2020\/08\/31\/mudanca-da-fifa-da-nova-orientacao-aos-arbitros-em-relacao-a-utilizacao-do-var\/#breadcrumb\"},\"inLanguage\":\"pt-BR\",\"potentialAction\":[{\"@type\":\"ReadAction\",\"target\":[\"https:\/\/www.gaveanews.com\/index.php\/2020\/08\/31\/mudanca-da-fifa-da-nova-orientacao-aos-arbitros-em-relacao-a-utilizacao-do-var\/\"]}]},{\"@type\":\"ImageObject\",\"inLanguage\":\"pt-BR\",\"@id\":\"https:\/\/www.gaveanews.com\/index.php\/2020\/08\/31\/mudanca-da-fifa-da-nova-orientacao-aos-arbitros-em-relacao-a-utilizacao-do-var\/#primaryimage\",\"url\":\"https:\/\/www.gaveanews.com\/wp-content\/uploads\/2019\/07\/Cabine-do-VAR-no-Maracana.webp\",\"contentUrl\":\"https:\/\/www.gaveanews.com\/wp-content\/uploads\/2019\/07\/Cabine-do-VAR-no-Maracana.webp\",\"width\":645,\"height\":388,\"caption\":\"Cabine do VAR no Maracan\u00e3 (Foto: Marcelo Theobald)\"},{\"@type\":\"BreadcrumbList\",\"@id\":\"https:\/\/www.gaveanews.com\/index.php\/2020\/08\/31\/mudanca-da-fifa-da-nova-orientacao-aos-arbitros-em-relacao-a-utilizacao-do-var\/#breadcrumb\",\"itemListElement\":[{\"@type\":\"ListItem\",\"position\":1,\"name\":\"Home\",\"item\":\"https:\/\/www.gaveanews.com\/\"},{\"@type\":\"ListItem\",\"position\":2,\"name\":\"Mudan\u00e7a da FIFA d\u00e1 nova orienta\u00e7\u00e3o aos \u00e1rbitros em rela\u00e7\u00e3o a utiliza\u00e7\u00e3o do VAR\"}]},{\"@type\":\"WebSite\",\"@id\":\"https:\/\/www.gaveanews.com\/#website\",\"url\":\"https:\/\/www.gaveanews.com\/\",\"name\":\"G\u00e1vea News\",\"description\":\"Veja todas as not\u00edcias sobre o Flamengo: Contrata\u00e7\u00f5es, categorias de base, resultados das partidas, tabela de classifica\u00e7\u00e3o, pr\u00f3ximos jogos!\",\"potentialAction\":[{\"@type\":\"SearchAction\",\"target\":{\"@type\":\"EntryPoint\",\"urlTemplate\":\"https:\/\/www.gaveanews.com\/?s={search_term_string}\"},\"query-input\":{\"@type\":\"PropertyValueSpecification\",\"valueRequired\":true,\"valueName\":\"search_term_string\"}}],\"inLanguage\":\"pt-BR\"},{\"@type\":\"Person\",\"@id\":\"https:\/\/www.gaveanews.com\/#\/schema\/person\/2ec14f73fb96be2caf28f91afb14749d\",\"name\":\"Equipe G\u00e1vea News\",\"image\":{\"@type\":\"ImageObject\",\"inLanguage\":\"pt-BR\",\"@id\":\"https:\/\/www.gaveanews.com\/#\/schema\/person\/image\/\",\"url\":\"https:\/\/secure.gravatar.com\/avatar\/1e1956f1facbffd3f8fa53a326721950116b3b9dc9bd44939c01180fd4a745a9?s=96&d=mm&r=g\",\"contentUrl\":\"https:\/\/secure.gravatar.com\/avatar\/1e1956f1facbffd3f8fa53a326721950116b3b9dc9bd44939c01180fd4a745a9?s=96&d=mm&r=g\",\"caption\":\"Equipe G\u00e1vea News\"}}]}<\/script>\n<!-- \/ Yoast SEO Premium plugin. -->","yoast_head_json":{"title":"Mudan\u00e7a da FIFA d\u00e1 nova orienta\u00e7\u00e3o aos \u00e1rbitros em rela\u00e7\u00e3o a utiliza\u00e7\u00e3o do VAR","robots":{"index":"index","follow":"follow","max-snippet":"max-snippet:-1","max-image-preview":"max-image-preview:large","max-video-preview":"max-video-preview:-1"},"canonical":"https:\/\/www.gaveanews.com\/index.php\/2020\/08\/31\/mudanca-da-fifa-da-nova-orientacao-aos-arbitros-em-relacao-a-utilizacao-do-var\/","og_locale":"pt_BR","og_type":"article","og_title":"Mudan\u00e7a da FIFA d\u00e1 nova orienta\u00e7\u00e3o aos \u00e1rbitros em rela\u00e7\u00e3o a utiliza\u00e7\u00e3o do VAR","og_description":"Uma nova recomenda\u00e7\u00e3o para o uso do VAR passou a valer em 1\u00ba de junho no livro de regras do futebol 2020\/2021 com a inten\u00e7\u00e3o de clarear que \u00e9 o \u00e1rbitro de campo quem decide se um lance ter\u00e1 ou n\u00e3o marca\u00e7\u00e3o alterada. Levantamento de consultoria que auxilia a Fifa com jogadores e f\u00e3s de [&hellip;]","og_url":"https:\/\/www.gaveanews.com\/index.php\/2020\/08\/31\/mudanca-da-fifa-da-nova-orientacao-aos-arbitros-em-relacao-a-utilizacao-do-var\/","og_site_name":"G\u00e1vea News","article_publisher":"https:\/\/facebook.com\/gaveaNews\/","article_published_time":"2020-08-31T14:17:46+00:00","article_modified_time":"2020-08-31T14:21:04+00:00","og_image":[{"url":"https:\/\/www.gaveanews.com\/wp-content\/uploads\/2019\/07\/Cabine-do-VAR-no-Maracana.webp","width":1,"height":1,"type":"image\/jpeg"}],"author":"Equipe G\u00e1vea News","twitter_card":"summary_large_image","twitter_misc":{"Escrito por":"Equipe G\u00e1vea News","Est. tempo de leitura":"4 minutos"},"schema":{"@context":"https:\/\/schema.org","@graph":[{"@type":"NewsArticle","@id":"https:\/\/www.gaveanews.com\/index.php\/2020\/08\/31\/mudanca-da-fifa-da-nova-orientacao-aos-arbitros-em-relacao-a-utilizacao-do-var\/#article","isPartOf":{"@id":"https:\/\/www.gaveanews.com\/index.php\/2020\/08\/31\/mudanca-da-fifa-da-nova-orientacao-aos-arbitros-em-relacao-a-utilizacao-do-var\/"},"author":{"name":"Equipe G\u00e1vea News","@id":"https:\/\/www.gaveanews.com\/#\/schema\/person\/2ec14f73fb96be2caf28f91afb14749d"},"headline":"Mudan\u00e7a da FIFA d\u00e1 nova orienta\u00e7\u00e3o aos \u00e1rbitros em rela\u00e7\u00e3o a utiliza\u00e7\u00e3o do VAR","datePublished":"2020-08-31T14:17:46+00:00","dateModified":"2020-08-31T14:21:04+00:00","mainEntityOfPage":{"@id":"https:\/\/www.gaveanews.com\/index.php\/2020\/08\/31\/mudanca-da-fifa-da-nova-orientacao-aos-arbitros-em-relacao-a-utilizacao-do-var\/"},"wordCount":728,"commentCount":4,"image":{"@id":"https:\/\/www.gaveanews.com\/index.php\/2020\/08\/31\/mudanca-da-fifa-da-nova-orientacao-aos-arbitros-em-relacao-a-utilizacao-do-var\/#primaryimage"},"thumbnailUrl":"https:\/\/www.gaveanews.com\/wp-content\/uploads\/2019\/07\/Cabine-do-VAR-no-Maracana.webp","articleSection":["Destaques"],"inLanguage":"pt-BR","potentialAction":[{"@type":"CommentAction","name":"Comment","target":["https:\/\/www.gaveanews.com\/index.php\/2020\/08\/31\/mudanca-da-fifa-da-nova-orientacao-aos-arbitros-em-relacao-a-utilizacao-do-var\/#respond"]}],"copyrightYear":"2020","copyrightHolder":{"@id":"https:\/\/www.gaveanews.com\/#organization"}},{"@type":"WebPage","@id":"https:\/\/www.gaveanews.com\/index.php\/2020\/08\/31\/mudanca-da-fifa-da-nova-orientacao-aos-arbitros-em-relacao-a-utilizacao-do-var\/","url":"https:\/\/www.gaveanews.com\/index.php\/2020\/08\/31\/mudanca-da-fifa-da-nova-orientacao-aos-arbitros-em-relacao-a-utilizacao-do-var\/","name":"Mudan\u00e7a da FIFA d\u00e1 nova orienta\u00e7\u00e3o aos \u00e1rbitros em rela\u00e7\u00e3o a utiliza\u00e7\u00e3o do VAR","isPartOf":{"@id":"https:\/\/www.gaveanews.com\/#website"},"primaryImageOfPage":{"@id":"https:\/\/www.gaveanews.com\/index.php\/2020\/08\/31\/mudanca-da-fifa-da-nova-orientacao-aos-arbitros-em-relacao-a-utilizacao-do-var\/#primaryimage"},"image":{"@id":"https:\/\/www.gaveanews.com\/index.php\/2020\/08\/31\/mudanca-da-fifa-da-nova-orientacao-aos-arbitros-em-relacao-a-utilizacao-do-var\/#primaryimage"},"thumbnailUrl":"https:\/\/www.gaveanews.com\/wp-content\/uploads\/2019\/07\/Cabine-do-VAR-no-Maracana.webp","datePublished":"2020-08-31T14:17:46+00:00","dateModified":"2020-08-31T14:21:04+00:00","author":{"@id":"https:\/\/www.gaveanews.com\/#\/schema\/person\/2ec14f73fb96be2caf28f91afb14749d"},"breadcrumb":{"@id":"https:\/\/www.gaveanews.com\/index.php\/2020\/08\/31\/mudanca-da-fifa-da-nova-orientacao-aos-arbitros-em-relacao-a-utilizacao-do-var\/#breadcrumb"},"inLanguage":"pt-BR","potentialAction":[{"@type":"ReadAction","target":["https:\/\/www.gaveanews.com\/index.php\/2020\/08\/31\/mudanca-da-fifa-da-nova-orientacao-aos-arbitros-em-relacao-a-utilizacao-do-var\/"]}]},{"@type":"ImageObject","inLanguage":"pt-BR","@id":"https:\/\/www.gaveanews.com\/index.php\/2020\/08\/31\/mudanca-da-fifa-da-nova-orientacao-aos-arbitros-em-relacao-a-utilizacao-do-var\/#primaryimage","url":"https:\/\/www.gaveanews.com\/wp-content\/uploads\/2019\/07\/Cabine-do-VAR-no-Maracana.webp","contentUrl":"https:\/\/www.gaveanews.com\/wp-content\/uploads\/2019\/07\/Cabine-do-VAR-no-Maracana.webp","width":645,"height":388,"caption":"Cabine do VAR no Maracan\u00e3 (Foto: Marcelo Theobald)"},{"@type":"BreadcrumbList","@id":"https:\/\/www.gaveanews.com\/index.php\/2020\/08\/31\/mudanca-da-fifa-da-nova-orientacao-aos-arbitros-em-relacao-a-utilizacao-do-var\/#breadcrumb","itemListElement":[{"@type":"ListItem","position":1,"name":"Home","item":"https:\/\/www.gaveanews.com\/"},{"@type":"ListItem","position":2,"name":"Mudan\u00e7a da FIFA d\u00e1 nova orienta\u00e7\u00e3o aos \u00e1rbitros em rela\u00e7\u00e3o a utiliza\u00e7\u00e3o do VAR"}]},{"@type":"WebSite","@id":"https:\/\/www.gaveanews.com\/#website","url":"https:\/\/www.gaveanews.com\/","name":"G\u00e1vea News","description":"Veja todas as not\u00edcias sobre o Flamengo: Contrata\u00e7\u00f5es, categorias de base, resultados das partidas, tabela de classifica\u00e7\u00e3o, pr\u00f3ximos jogos!","potentialAction":[{"@type":"SearchAction","target":{"@type":"EntryPoint","urlTemplate":"https:\/\/www.gaveanews.com\/?s={search_term_string}"},"query-input":{"@type":"PropertyValueSpecification","valueRequired":true,"valueName":"search_term_string"}}],"inLanguage":"pt-BR"},{"@type":"Person","@id":"https:\/\/www.gaveanews.com\/#\/schema\/person\/2ec14f73fb96be2caf28f91afb14749d","name":"Equipe G\u00e1vea News","image":{"@type":"ImageObject","inLanguage":"pt-BR","@id":"https:\/\/www.gaveanews.com\/#\/schema\/person\/image\/","url":"https:\/\/secure.gravatar.com\/avatar\/1e1956f1facbffd3f8fa53a326721950116b3b9dc9bd44939c01180fd4a745a9?s=96&d=mm&r=g","contentUrl":"https:\/\/secure.gravatar.com\/avatar\/1e1956f1facbffd3f8fa53a326721950116b3b9dc9bd44939c01180fd4a745a9?s=96&d=mm&r=g","caption":"Equipe G\u00e1vea News"}}]}},"_links":{"self":[{"href":"https:\/\/www.gaveanews.com\/index.php\/wp-json\/wp\/v2\/posts\/46532","targetHints":{"allow":["GET"]}}],"collection":[{"href":"https:\/\/www.gaveanews.com\/index.php\/wp-json\/wp\/v2\/posts"}],"about":[{"href":"https:\/\/www.gaveanews.com\/index.php\/wp-json\/wp\/v2\/types\/post"}],"author":[{"embeddable":true,"href":"https:\/\/www.gaveanews.com\/index.php\/wp-json\/wp\/v2\/users\/1"}],"replies":[{"embeddable":true,"href":"https:\/\/www.gaveanews.com\/index.php\/wp-json\/wp\/v2\/comments?post=46532"}],"version-history":[{"count":0,"href":"https:\/\/www.gaveanews.com\/index.php\/wp-json\/wp\/v2\/posts\/46532\/revisions"}],"wp:featuredmedia":[{"embeddable":true,"href":"https:\/\/www.gaveanews.com\/index.php\/wp-json\/wp\/v2\/media\/23225"}],"wp:attachment":[{"href":"https:\/\/www.gaveanews.com\/index.php\/wp-json\/wp\/v2\/media?parent=46532"}],"wp:term":[{"taxonomy":"category","embeddable":true,"href":"https:\/\/www.gaveanews.com\/index.php\/wp-json\/wp\/v2\/categories?post=46532"},{"taxonomy":"post_tag","embeddable":true,"href":"https:\/\/www.gaveanews.com\/index.php\/wp-json\/wp\/v2\/tags?post=46532"}],"curies":[{"name":"wp","href":"https:\/\/api.w.org\/{rel}","templated":true}]}}