{"id":46537,"date":"2020-08-31T12:09:52","date_gmt":"2020-08-31T15:09:52","guid":{"rendered":"https:\/\/www.gaveanews.com\/?p=46537"},"modified":"2020-08-31T12:09:54","modified_gmt":"2020-08-31T15:09:54","slug":"flamengo-emplaca-quatro-jogadores-na-selecao-da-rodada","status":"publish","type":"post","link":"https:\/\/www.gaveanews.com\/index.php\/2020\/08\/31\/flamengo-emplaca-quatro-jogadores-na-selecao-da-rodada\/","title":{"rendered":"Flamengo emplaca quatro jogadores na sele\u00e7\u00e3o da rodada"},"content":{"rendered":"\n<p>Por conta da vit\u00f3ria sobre o Santos, fora de casa, o Flamengo emplacou quatro jogadores na sele\u00e7\u00e3o da sexta rodada do Brasileir\u00e3o. Em vota\u00e7\u00e3o feita atrav\u00e9s das redes sociais, Diego Alves, Ren\u00ea, Thiago Maia e Gabigol desbancaram seus concorrentes e ganharam a prefer\u00eancia dos internautas. L\u00edder do campeonato, o Internacional teve tr\u00eas nomes no time ideal: Mois\u00e9s, Cuesta e Thiago Galhardo.<\/p>\n\n\n\n<p>Devido ao bom desempenho nos cl\u00e1ssicos da rodada, Hernanes, Diego Costa. Dodi e Fred tamb\u00e9m foram escolhidos. Agora, os atletas do seleto grupo visam manter as atua\u00e7\u00f5es em alto n\u00edvel para seguirem entre os melhores da rodada.<\/p>\n\n\n\n<h2 class=\"wp-block-heading\">Veja abaixo a sele\u00e7\u00e3o completa:<\/h2>\n\n\n\n<figure class=\"wp-block-embed-twitter wp-block-embed is-type-rich is-provider-twitter\"><div class=\"wp-block-embed__wrapper\">\n<blockquote class=\"twitter-tweet\" data-width=\"550\" data-dnt=\"true\"><p lang=\"pt\" dir=\"ltr\">\ud83d\udd30 Voc\u00ea votou, e a <a href=\"https:\/\/twitter.com\/hashtag\/Sele%C3%A7%C3%A3oDoTorcedorBR20?src=hash&amp;ref_src=twsrc%5Etfw\">#Sele\u00e7\u00e3oDoTorcedorBR20<\/a> da 6\u00aa rodada ficou assim&#8230;<br><br>Diego Alves, Ren\u00ea, Diego Costa, Cuesta e Mois\u00e9s; Thiago Maia, Dodi, Hernanes e Thiago Galhardo; Fred e Gabriel B. T\u00e9c: Rog\u00e9rio Ceni.<br><br>E a\u00ed, curtiu? \ud83c\udde7\ud83c\uddf7 <a href=\"https:\/\/twitter.com\/hashtag\/BRSDT?src=hash&amp;ref_src=twsrc%5Etfw\">#BRSDT<\/a> <a href=\"https:\/\/t.co\/7083R0AINs\">pic.twitter.com\/7083R0AINs<\/a><\/p>&mdash; Brasileir\u00e3o (@Brasileirao) <a href=\"https:\/\/twitter.com\/Brasileirao\/status\/1300433564656455682?ref_src=twsrc%5Etfw\">August 31, 2020<\/a><\/blockquote><script async src=\"https:\/\/platform.twitter.com\/widgets.js\" charset=\"utf-8\"><\/script>\n<\/div><\/figure>\n\n\n\n<p>A s\u00e9tima rodada do Brasileir\u00e3o ser\u00e1 realizada no meio de semana. Sendo assim, entre quarta (02) e quinta (03), a expectativa \u00e9 que grandes jogos como Palmeiras x Inter, Atl\u00e9tico-MG x S\u00e3o Paulo e Santos x Vasco continuem agitando a competi\u00e7\u00e3o.<\/p>\n\n\n\n<p>Retirado de: Torcedores<\/p>\n","protected":false},"excerpt":{"rendered":"<p>Por conta da vit\u00f3ria sobre o Santos, fora de casa, o Flamengo emplacou quatro jogadores na sele\u00e7\u00e3o da sexta rodada do Brasileir\u00e3o. Em vota\u00e7\u00e3o feita atrav\u00e9s das redes sociais, Diego Alves, Ren\u00ea, Thiago Maia e Gabigol desbancaram seus concorrentes e ganharam a prefer\u00eancia dos internautas. L\u00edder do campeonato, o Internacional teve tr\u00eas nomes no time [&hellip;]<\/p>\n","protected":false},"author":1,"featured_media":46540,"comment_status":"open","ping_status":"closed","sticky":false,"template":"","format":"standard","meta":{"footnotes":""},"categories":[1],"tags":[],"class_list":["post-46537","post","type-post","status-publish","format-standard","has-post-thumbnail","hentry","category-flamengo"],"yoast_head":"<!-- This site is optimized with the Yoast SEO Premium plugin v24.2 (Yoast SEO v26.9) - https:\/\/yoast.com\/product\/yoast-seo-premium-wordpress\/ -->\n<title>Flamengo emplaca quatro jogadores na sele\u00e7\u00e3o da rodada<\/title>\n<meta name=\"description\" content=\"Por conta da vit\u00f3ria sobre o Santos, fora de casa, o Flamengo emplacou quatro jogadores na sele\u00e7\u00e3o da sexta rodada do Brasileir\u00e3o.\" \/>\n<meta name=\"robots\" content=\"index, follow, max-snippet:-1, max-image-preview:large, max-video-preview:-1\" \/>\n<link rel=\"canonical\" href=\"https:\/\/www.gaveanews.com\/index.php\/2020\/08\/31\/flamengo-emplaca-quatro-jogadores-na-selecao-da-rodada\/\" \/>\n<meta property=\"og:locale\" content=\"pt_BR\" \/>\n<meta property=\"og:type\" content=\"article\" \/>\n<meta property=\"og:title\" content=\"Flamengo emplaca quatro jogadores na sele\u00e7\u00e3o da rodada\" \/>\n<meta property=\"og:description\" content=\"Por conta da vit\u00f3ria sobre o Santos, fora de casa, o Flamengo emplacou quatro jogadores na sele\u00e7\u00e3o da sexta rodada do Brasileir\u00e3o.\" \/>\n<meta property=\"og:url\" content=\"https:\/\/www.gaveanews.com\/index.php\/2020\/08\/31\/flamengo-emplaca-quatro-jogadores-na-selecao-da-rodada\/\" \/>\n<meta property=\"og:site_name\" content=\"G\u00e1vea News\" \/>\n<meta property=\"article:publisher\" content=\"https:\/\/facebook.com\/gaveaNews\/\" \/>\n<meta property=\"article:published_time\" content=\"2020-08-31T15:09:52+00:00\" \/>\n<meta property=\"article:modified_time\" content=\"2020-08-31T15:09:54+00:00\" \/>\n<meta property=\"og:image\" content=\"https:\/\/www.gaveanews.com\/wp-content\/uploads\/Apos-marcar-contra-o-Santos-Gabigol-abraca-o-tecnico-Domenec-Torrent.webp\" \/>\n\t<meta property=\"og:image:width\" content=\"800\" \/>\n\t<meta property=\"og:image:height\" content=\"533\" \/>\n\t<meta property=\"og:image:type\" content=\"image\/jpeg\" \/>\n<meta name=\"author\" content=\"Equipe G\u00e1vea News\" \/>\n<meta name=\"twitter:card\" content=\"summary_large_image\" \/>\n<meta name=\"twitter:label1\" content=\"Escrito por\" \/>\n\t<meta name=\"twitter:data1\" content=\"Equipe G\u00e1vea News\" \/>\n\t<meta name=\"twitter:label2\" content=\"Est. tempo de leitura\" \/>\n\t<meta name=\"twitter:data2\" content=\"1 minuto\" \/>\n<script type=\"application\/ld+json\" class=\"yoast-schema-graph\">{\"@context\":\"https:\/\/schema.org\",\"@graph\":[{\"@type\":\"NewsArticle\",\"@id\":\"https:\/\/www.gaveanews.com\/index.php\/2020\/08\/31\/flamengo-emplaca-quatro-jogadores-na-selecao-da-rodada\/#article\",\"isPartOf\":{\"@id\":\"https:\/\/www.gaveanews.com\/index.php\/2020\/08\/31\/flamengo-emplaca-quatro-jogadores-na-selecao-da-rodada\/\"},\"author\":{\"name\":\"Equipe G\u00e1vea News\",\"@id\":\"https:\/\/www.gaveanews.com\/#\/schema\/person\/2ec14f73fb96be2caf28f91afb14749d\"},\"headline\":\"Flamengo emplaca quatro jogadores na sele\u00e7\u00e3o da rodada\",\"datePublished\":\"2020-08-31T15:09:52+00:00\",\"dateModified\":\"2020-08-31T15:09:54+00:00\",\"mainEntityOfPage\":{\"@id\":\"https:\/\/www.gaveanews.com\/index.php\/2020\/08\/31\/flamengo-emplaca-quatro-jogadores-na-selecao-da-rodada\/\"},\"wordCount\":200,\"commentCount\":12,\"image\":{\"@id\":\"https:\/\/www.gaveanews.com\/index.php\/2020\/08\/31\/flamengo-emplaca-quatro-jogadores-na-selecao-da-rodada\/#primaryimage\"},\"thumbnailUrl\":\"https:\/\/www.gaveanews.com\/wp-content\/uploads\/Apos-marcar-contra-o-Santos-Gabigol-abraca-o-tecnico-Domenec-Torrent.webp\",\"articleSection\":[\"Flamengo\"],\"inLanguage\":\"pt-BR\",\"potentialAction\":[{\"@type\":\"CommentAction\",\"name\":\"Comment\",\"target\":[\"https:\/\/www.gaveanews.com\/index.php\/2020\/08\/31\/flamengo-emplaca-quatro-jogadores-na-selecao-da-rodada\/#respond\"]}],\"copyrightYear\":\"2020\",\"copyrightHolder\":{\"@id\":\"https:\/\/www.gaveanews.com\/#organization\"}},{\"@type\":\"WebPage\",\"@id\":\"https:\/\/www.gaveanews.com\/index.php\/2020\/08\/31\/flamengo-emplaca-quatro-jogadores-na-selecao-da-rodada\/\",\"url\":\"https:\/\/www.gaveanews.com\/index.php\/2020\/08\/31\/flamengo-emplaca-quatro-jogadores-na-selecao-da-rodada\/\",\"name\":\"Flamengo emplaca quatro jogadores na sele\u00e7\u00e3o da rodada\",\"isPartOf\":{\"@id\":\"https:\/\/www.gaveanews.com\/#website\"},\"primaryImageOfPage\":{\"@id\":\"https:\/\/www.gaveanews.com\/index.php\/2020\/08\/31\/flamengo-emplaca-quatro-jogadores-na-selecao-da-rodada\/#primaryimage\"},\"image\":{\"@id\":\"https:\/\/www.gaveanews.com\/index.php\/2020\/08\/31\/flamengo-emplaca-quatro-jogadores-na-selecao-da-rodada\/#primaryimage\"},\"thumbnailUrl\":\"https:\/\/www.gaveanews.com\/wp-content\/uploads\/Apos-marcar-contra-o-Santos-Gabigol-abraca-o-tecnico-Domenec-Torrent.webp\",\"datePublished\":\"2020-08-31T15:09:52+00:00\",\"dateModified\":\"2020-08-31T15:09:54+00:00\",\"author\":{\"@id\":\"https:\/\/www.gaveanews.com\/#\/schema\/person\/2ec14f73fb96be2caf28f91afb14749d\"},\"description\":\"Por conta da vit\u00f3ria sobre o Santos, fora de casa, o Flamengo emplacou quatro jogadores na sele\u00e7\u00e3o da sexta rodada do Brasileir\u00e3o.\",\"breadcrumb\":{\"@id\":\"https:\/\/www.gaveanews.com\/index.php\/2020\/08\/31\/flamengo-emplaca-quatro-jogadores-na-selecao-da-rodada\/#breadcrumb\"},\"inLanguage\":\"pt-BR\",\"potentialAction\":[{\"@type\":\"ReadAction\",\"target\":[\"https:\/\/www.gaveanews.com\/index.php\/2020\/08\/31\/flamengo-emplaca-quatro-jogadores-na-selecao-da-rodada\/\"]}]},{\"@type\":\"ImageObject\",\"inLanguage\":\"pt-BR\",\"@id\":\"https:\/\/www.gaveanews.com\/index.php\/2020\/08\/31\/flamengo-emplaca-quatro-jogadores-na-selecao-da-rodada\/#primaryimage\",\"url\":\"https:\/\/www.gaveanews.com\/wp-content\/uploads\/Apos-marcar-contra-o-Santos-Gabigol-abraca-o-tecnico-Domenec-Torrent.webp\",\"contentUrl\":\"https:\/\/www.gaveanews.com\/wp-content\/uploads\/Apos-marcar-contra-o-Santos-Gabigol-abraca-o-tecnico-Domenec-Torrent.webp\",\"width\":800,\"height\":533,\"caption\":\"Ap\u00f3s marcar contra o Santos, Gabigol abra\u00e7a o t\u00e9cnico Dom\u00e8nec Torrent (Foto: Alexandre Vidal\/Flamengo)\"},{\"@type\":\"BreadcrumbList\",\"@id\":\"https:\/\/www.gaveanews.com\/index.php\/2020\/08\/31\/flamengo-emplaca-quatro-jogadores-na-selecao-da-rodada\/#breadcrumb\",\"itemListElement\":[{\"@type\":\"ListItem\",\"position\":1,\"name\":\"Home\",\"item\":\"https:\/\/www.gaveanews.com\/\"},{\"@type\":\"ListItem\",\"position\":2,\"name\":\"Flamengo emplaca quatro jogadores na sele\u00e7\u00e3o da rodada\"}]},{\"@type\":\"WebSite\",\"@id\":\"https:\/\/www.gaveanews.com\/#website\",\"url\":\"https:\/\/www.gaveanews.com\/\",\"name\":\"G\u00e1vea News\",\"description\":\"Veja todas as not\u00edcias sobre o Flamengo: Contrata\u00e7\u00f5es, categorias de base, resultados das partidas, tabela de classifica\u00e7\u00e3o, pr\u00f3ximos jogos!\",\"potentialAction\":[{\"@type\":\"SearchAction\",\"target\":{\"@type\":\"EntryPoint\",\"urlTemplate\":\"https:\/\/www.gaveanews.com\/?s={search_term_string}\"},\"query-input\":{\"@type\":\"PropertyValueSpecification\",\"valueRequired\":true,\"valueName\":\"search_term_string\"}}],\"inLanguage\":\"pt-BR\"},{\"@type\":\"Person\",\"@id\":\"https:\/\/www.gaveanews.com\/#\/schema\/person\/2ec14f73fb96be2caf28f91afb14749d\",\"name\":\"Equipe G\u00e1vea News\",\"image\":{\"@type\":\"ImageObject\",\"inLanguage\":\"pt-BR\",\"@id\":\"https:\/\/www.gaveanews.com\/#\/schema\/person\/image\/\",\"url\":\"https:\/\/secure.gravatar.com\/avatar\/1e1956f1facbffd3f8fa53a326721950116b3b9dc9bd44939c01180fd4a745a9?s=96&d=mm&r=g\",\"contentUrl\":\"https:\/\/secure.gravatar.com\/avatar\/1e1956f1facbffd3f8fa53a326721950116b3b9dc9bd44939c01180fd4a745a9?s=96&d=mm&r=g\",\"caption\":\"Equipe G\u00e1vea News\"}}]}<\/script>\n<!-- \/ Yoast SEO Premium plugin. -->","yoast_head_json":{"title":"Flamengo emplaca quatro jogadores na sele\u00e7\u00e3o da rodada","description":"Por conta da vit\u00f3ria sobre o Santos, fora de casa, o Flamengo emplacou quatro jogadores na sele\u00e7\u00e3o da sexta rodada do Brasileir\u00e3o.","robots":{"index":"index","follow":"follow","max-snippet":"max-snippet:-1","max-image-preview":"max-image-preview:large","max-video-preview":"max-video-preview:-1"},"canonical":"https:\/\/www.gaveanews.com\/index.php\/2020\/08\/31\/flamengo-emplaca-quatro-jogadores-na-selecao-da-rodada\/","og_locale":"pt_BR","og_type":"article","og_title":"Flamengo emplaca quatro jogadores na sele\u00e7\u00e3o da rodada","og_description":"Por conta da vit\u00f3ria sobre o Santos, fora de casa, o Flamengo emplacou quatro jogadores na sele\u00e7\u00e3o da sexta rodada do Brasileir\u00e3o.","og_url":"https:\/\/www.gaveanews.com\/index.php\/2020\/08\/31\/flamengo-emplaca-quatro-jogadores-na-selecao-da-rodada\/","og_site_name":"G\u00e1vea News","article_publisher":"https:\/\/facebook.com\/gaveaNews\/","article_published_time":"2020-08-31T15:09:52+00:00","article_modified_time":"2020-08-31T15:09:54+00:00","og_image":[{"width":800,"height":533,"url":"https:\/\/www.gaveanews.com\/wp-content\/uploads\/Apos-marcar-contra-o-Santos-Gabigol-abraca-o-tecnico-Domenec-Torrent.webp","type":"image\/jpeg"}],"author":"Equipe G\u00e1vea News","twitter_card":"summary_large_image","twitter_misc":{"Escrito por":"Equipe G\u00e1vea News","Est. tempo de leitura":"1 minuto"},"schema":{"@context":"https:\/\/schema.org","@graph":[{"@type":"NewsArticle","@id":"https:\/\/www.gaveanews.com\/index.php\/2020\/08\/31\/flamengo-emplaca-quatro-jogadores-na-selecao-da-rodada\/#article","isPartOf":{"@id":"https:\/\/www.gaveanews.com\/index.php\/2020\/08\/31\/flamengo-emplaca-quatro-jogadores-na-selecao-da-rodada\/"},"author":{"name":"Equipe G\u00e1vea News","@id":"https:\/\/www.gaveanews.com\/#\/schema\/person\/2ec14f73fb96be2caf28f91afb14749d"},"headline":"Flamengo emplaca quatro jogadores na sele\u00e7\u00e3o da rodada","datePublished":"2020-08-31T15:09:52+00:00","dateModified":"2020-08-31T15:09:54+00:00","mainEntityOfPage":{"@id":"https:\/\/www.gaveanews.com\/index.php\/2020\/08\/31\/flamengo-emplaca-quatro-jogadores-na-selecao-da-rodada\/"},"wordCount":200,"commentCount":12,"image":{"@id":"https:\/\/www.gaveanews.com\/index.php\/2020\/08\/31\/flamengo-emplaca-quatro-jogadores-na-selecao-da-rodada\/#primaryimage"},"thumbnailUrl":"https:\/\/www.gaveanews.com\/wp-content\/uploads\/Apos-marcar-contra-o-Santos-Gabigol-abraca-o-tecnico-Domenec-Torrent.webp","articleSection":["Flamengo"],"inLanguage":"pt-BR","potentialAction":[{"@type":"CommentAction","name":"Comment","target":["https:\/\/www.gaveanews.com\/index.php\/2020\/08\/31\/flamengo-emplaca-quatro-jogadores-na-selecao-da-rodada\/#respond"]}],"copyrightYear":"2020","copyrightHolder":{"@id":"https:\/\/www.gaveanews.com\/#organization"}},{"@type":"WebPage","@id":"https:\/\/www.gaveanews.com\/index.php\/2020\/08\/31\/flamengo-emplaca-quatro-jogadores-na-selecao-da-rodada\/","url":"https:\/\/www.gaveanews.com\/index.php\/2020\/08\/31\/flamengo-emplaca-quatro-jogadores-na-selecao-da-rodada\/","name":"Flamengo emplaca quatro jogadores na sele\u00e7\u00e3o da rodada","isPartOf":{"@id":"https:\/\/www.gaveanews.com\/#website"},"primaryImageOfPage":{"@id":"https:\/\/www.gaveanews.com\/index.php\/2020\/08\/31\/flamengo-emplaca-quatro-jogadores-na-selecao-da-rodada\/#primaryimage"},"image":{"@id":"https:\/\/www.gaveanews.com\/index.php\/2020\/08\/31\/flamengo-emplaca-quatro-jogadores-na-selecao-da-rodada\/#primaryimage"},"thumbnailUrl":"https:\/\/www.gaveanews.com\/wp-content\/uploads\/Apos-marcar-contra-o-Santos-Gabigol-abraca-o-tecnico-Domenec-Torrent.webp","datePublished":"2020-08-31T15:09:52+00:00","dateModified":"2020-08-31T15:09:54+00:00","author":{"@id":"https:\/\/www.gaveanews.com\/#\/schema\/person\/2ec14f73fb96be2caf28f91afb14749d"},"description":"Por conta da vit\u00f3ria sobre o Santos, fora de casa, o Flamengo emplacou quatro jogadores na sele\u00e7\u00e3o da sexta rodada do Brasileir\u00e3o.","breadcrumb":{"@id":"https:\/\/www.gaveanews.com\/index.php\/2020\/08\/31\/flamengo-emplaca-quatro-jogadores-na-selecao-da-rodada\/#breadcrumb"},"inLanguage":"pt-BR","potentialAction":[{"@type":"ReadAction","target":["https:\/\/www.gaveanews.com\/index.php\/2020\/08\/31\/flamengo-emplaca-quatro-jogadores-na-selecao-da-rodada\/"]}]},{"@type":"ImageObject","inLanguage":"pt-BR","@id":"https:\/\/www.gaveanews.com\/index.php\/2020\/08\/31\/flamengo-emplaca-quatro-jogadores-na-selecao-da-rodada\/#primaryimage","url":"https:\/\/www.gaveanews.com\/wp-content\/uploads\/Apos-marcar-contra-o-Santos-Gabigol-abraca-o-tecnico-Domenec-Torrent.webp","contentUrl":"https:\/\/www.gaveanews.com\/wp-content\/uploads\/Apos-marcar-contra-o-Santos-Gabigol-abraca-o-tecnico-Domenec-Torrent.webp","width":800,"height":533,"caption":"Ap\u00f3s marcar contra o Santos, Gabigol abra\u00e7a o t\u00e9cnico Dom\u00e8nec Torrent (Foto: Alexandre Vidal\/Flamengo)"},{"@type":"BreadcrumbList","@id":"https:\/\/www.gaveanews.com\/index.php\/2020\/08\/31\/flamengo-emplaca-quatro-jogadores-na-selecao-da-rodada\/#breadcrumb","itemListElement":[{"@type":"ListItem","position":1,"name":"Home","item":"https:\/\/www.gaveanews.com\/"},{"@type":"ListItem","position":2,"name":"Flamengo emplaca quatro jogadores na sele\u00e7\u00e3o da rodada"}]},{"@type":"WebSite","@id":"https:\/\/www.gaveanews.com\/#website","url":"https:\/\/www.gaveanews.com\/","name":"G\u00e1vea News","description":"Veja todas as not\u00edcias sobre o Flamengo: Contrata\u00e7\u00f5es, categorias de base, resultados das partidas, tabela de classifica\u00e7\u00e3o, pr\u00f3ximos jogos!","potentialAction":[{"@type":"SearchAction","target":{"@type":"EntryPoint","urlTemplate":"https:\/\/www.gaveanews.com\/?s={search_term_string}"},"query-input":{"@type":"PropertyValueSpecification","valueRequired":true,"valueName":"search_term_string"}}],"inLanguage":"pt-BR"},{"@type":"Person","@id":"https:\/\/www.gaveanews.com\/#\/schema\/person\/2ec14f73fb96be2caf28f91afb14749d","name":"Equipe G\u00e1vea News","image":{"@type":"ImageObject","inLanguage":"pt-BR","@id":"https:\/\/www.gaveanews.com\/#\/schema\/person\/image\/","url":"https:\/\/secure.gravatar.com\/avatar\/1e1956f1facbffd3f8fa53a326721950116b3b9dc9bd44939c01180fd4a745a9?s=96&d=mm&r=g","contentUrl":"https:\/\/secure.gravatar.com\/avatar\/1e1956f1facbffd3f8fa53a326721950116b3b9dc9bd44939c01180fd4a745a9?s=96&d=mm&r=g","caption":"Equipe G\u00e1vea News"}}]}},"_links":{"self":[{"href":"https:\/\/www.gaveanews.com\/index.php\/wp-json\/wp\/v2\/posts\/46537","targetHints":{"allow":["GET"]}}],"collection":[{"href":"https:\/\/www.gaveanews.com\/index.php\/wp-json\/wp\/v2\/posts"}],"about":[{"href":"https:\/\/www.gaveanews.com\/index.php\/wp-json\/wp\/v2\/types\/post"}],"author":[{"embeddable":true,"href":"https:\/\/www.gaveanews.com\/index.php\/wp-json\/wp\/v2\/users\/1"}],"replies":[{"embeddable":true,"href":"https:\/\/www.gaveanews.com\/index.php\/wp-json\/wp\/v2\/comments?post=46537"}],"version-history":[{"count":0,"href":"https:\/\/www.gaveanews.com\/index.php\/wp-json\/wp\/v2\/posts\/46537\/revisions"}],"wp:featuredmedia":[{"embeddable":true,"href":"https:\/\/www.gaveanews.com\/index.php\/wp-json\/wp\/v2\/media\/46540"}],"wp:attachment":[{"href":"https:\/\/www.gaveanews.com\/index.php\/wp-json\/wp\/v2\/media?parent=46537"}],"wp:term":[{"taxonomy":"category","embeddable":true,"href":"https:\/\/www.gaveanews.com\/index.php\/wp-json\/wp\/v2\/categories?post=46537"},{"taxonomy":"post_tag","embeddable":true,"href":"https:\/\/www.gaveanews.com\/index.php\/wp-json\/wp\/v2\/tags?post=46537"}],"curies":[{"name":"wp","href":"https:\/\/api.w.org\/{rel}","templated":true}]}}