{"id":46559,"date":"2020-08-31T14:50:27","date_gmt":"2020-08-31T17:50:27","guid":{"rendered":"https:\/\/www.gaveanews.com\/?p=46559"},"modified":"2020-08-31T14:50:37","modified_gmt":"2020-08-31T17:50:37","slug":"devido-a-confusaojornalista-detona-dirigentes-do-santos-e-inacreditavel","status":"publish","type":"post","link":"https:\/\/www.gaveanews.com\/index.php\/2020\/08\/31\/devido-a-confusaojornalista-detona-dirigentes-do-santos-e-inacreditavel\/","title":{"rendered":"Devido a confus\u00e3o, jornalista detona dirigentes do Santos: &#8220;\u00c9 inacredit\u00e1vel&#8221;"},"content":{"rendered":"\n<p>A apresentadora Jana\u00edna Xavier, do Grupo Globo, criticou a atitude de dirigentes santistas, que invadiram o gramado durante o intervalo do jogo contra o Flamengo, ontem, para reclamar com a arbitragem ap\u00f3s dois gols anulados do Santos. A jornalista afirmou que o comportamento lembra o tempo do coronelismo no Brasil. O time da Vila Belmiro acabou derrotado por 1 a 0.<\/p>\n\n\n\n<p>&#8220;Como assim, dirigente em campo para pressionar arbitragem? Que tempos estamos vivendo? \u00c9 inacredit\u00e1vel. Coronelismo. Vai no meio do campo para qu\u00ea? Amea\u00e7ar o \u00e1rbitro?&#8221;, questionou Jana\u00edna Xavier durante o SporTV News.<\/p>\n\n\n\n<p>A comentarista Fab\u00edola Andrade corroborou a opini\u00e3o da colega. Para a jornalista, foi uma esp\u00e9cie de &#8216;volta no tempo&#8217;, quando era comum que dirigentes acompanhassem a arbitragem at\u00e9 os vesti\u00e1rios, como uma forma de intimida\u00e7\u00e3o.<\/p>\n\n\n\n<p>&#8220;Estamos de volta ao s\u00e9culo passado, quando v\u00edamos o Eurico Miranda segurando o \u00e1rbitro no meio de campo. \u00c9 inacredit\u00e1vel. A gente est\u00e1 em 2020, Santos Futebol Clube! Me ajuda&#8221;, disse Fab\u00edola.<\/p>\n\n\n\n<p>A derrota para o Flamengo foi a segunda seguida do Santos, que soma sete pontos no Campeonato Brasileiro e est\u00e1 em d\u00e9cimo. O Flamengo chegou \u00e0 segunda vit\u00f3ria na competi\u00e7\u00e3o e, com oito pontos, \u00e9 o nono.<\/p>\n\n\n\n<p>Retirado de: UOL<\/p>\n","protected":false},"excerpt":{"rendered":"<p>A apresentadora Jana\u00edna Xavier, do Grupo Globo, criticou a atitude de dirigentes santistas, que invadiram o gramado durante o intervalo do jogo contra o Flamengo, ontem, para reclamar com a arbitragem ap\u00f3s dois gols anulados do Santos. A jornalista afirmou que o comportamento lembra o tempo do coronelismo no Brasil. O time da Vila Belmiro [&hellip;]<\/p>\n","protected":false},"author":1,"featured_media":46560,"comment_status":"open","ping_status":"closed","sticky":false,"template":"","format":"standard","meta":{"footnotes":""},"categories":[47],"tags":[],"class_list":["post-46559","post","type-post","status-publish","format-standard","has-post-thumbnail","hentry","category-destaques"],"yoast_head":"<!-- This site is optimized with the Yoast SEO Premium plugin v24.2 (Yoast SEO v26.9) - https:\/\/yoast.com\/product\/yoast-seo-premium-wordpress\/ -->\n<title>Devido a confus\u00e3o, jornalista detona dirigentes do Santos: &quot;Inacredit\u00e1vel&quot;<\/title>\n<meta name=\"description\" content=\"&quot;Que tempos estamos vivendo? \u00c9 inacredit\u00e1vel. Coronelismo. Vai no meio do campo para qu\u00ea? Amea\u00e7ar o \u00e1rbitro?&quot;.\" \/>\n<meta name=\"robots\" content=\"index, follow, max-snippet:-1, max-image-preview:large, max-video-preview:-1\" \/>\n<link rel=\"canonical\" href=\"https:\/\/www.gaveanews.com\/index.php\/2020\/08\/31\/devido-a-confusaojornalista-detona-dirigentes-do-santos-e-inacreditavel\/\" \/>\n<meta property=\"og:locale\" content=\"pt_BR\" \/>\n<meta property=\"og:type\" content=\"article\" \/>\n<meta property=\"og:title\" content=\"Devido a confus\u00e3o, jornalista detona dirigentes do Santos: &quot;\u00c9 inacredit\u00e1vel&quot;\" \/>\n<meta property=\"og:description\" content=\"&quot;Que tempos estamos vivendo? \u00c9 inacredit\u00e1vel. Coronelismo. Vai no meio do campo para qu\u00ea? Amea\u00e7ar o \u00e1rbitro?&quot;.\" \/>\n<meta property=\"og:url\" content=\"https:\/\/www.gaveanews.com\/index.php\/2020\/08\/31\/devido-a-confusaojornalista-detona-dirigentes-do-santos-e-inacreditavel\/\" \/>\n<meta property=\"og:site_name\" content=\"G\u00e1vea News\" \/>\n<meta property=\"article:publisher\" content=\"https:\/\/facebook.com\/gaveaNews\/\" \/>\n<meta property=\"article:published_time\" content=\"2020-08-31T17:50:27+00:00\" \/>\n<meta property=\"article:modified_time\" content=\"2020-08-31T17:50:37+00:00\" \/>\n<meta property=\"og:image\" content=\"https:\/\/www.gaveanews.com\/wp-content\/uploads\/Janaina-Xavier-durante-o-programa-SporTV-News.webp\" \/>\n\t<meta property=\"og:image:width\" content=\"1200\" \/>\n\t<meta property=\"og:image:height\" content=\"631\" \/>\n\t<meta property=\"og:image:type\" content=\"image\/jpeg\" \/>\n<meta name=\"author\" content=\"Equipe G\u00e1vea News\" \/>\n<meta name=\"twitter:card\" content=\"summary_large_image\" \/>\n<meta name=\"twitter:label1\" content=\"Escrito por\" \/>\n\t<meta name=\"twitter:data1\" content=\"Equipe G\u00e1vea News\" \/>\n\t<meta name=\"twitter:label2\" content=\"Est. tempo de leitura\" \/>\n\t<meta name=\"twitter:data2\" content=\"1 minuto\" \/>\n<script type=\"application\/ld+json\" class=\"yoast-schema-graph\">{\"@context\":\"https:\/\/schema.org\",\"@graph\":[{\"@type\":\"NewsArticle\",\"@id\":\"https:\/\/www.gaveanews.com\/index.php\/2020\/08\/31\/devido-a-confusaojornalista-detona-dirigentes-do-santos-e-inacreditavel\/#article\",\"isPartOf\":{\"@id\":\"https:\/\/www.gaveanews.com\/index.php\/2020\/08\/31\/devido-a-confusaojornalista-detona-dirigentes-do-santos-e-inacreditavel\/\"},\"author\":{\"name\":\"Equipe G\u00e1vea News\",\"@id\":\"https:\/\/www.gaveanews.com\/#\/schema\/person\/2ec14f73fb96be2caf28f91afb14749d\"},\"headline\":\"Devido a confus\u00e3o, jornalista detona dirigentes do Santos: &#8220;\u00c9 inacredit\u00e1vel&#8221;\",\"datePublished\":\"2020-08-31T17:50:27+00:00\",\"dateModified\":\"2020-08-31T17:50:37+00:00\",\"mainEntityOfPage\":{\"@id\":\"https:\/\/www.gaveanews.com\/index.php\/2020\/08\/31\/devido-a-confusaojornalista-detona-dirigentes-do-santos-e-inacreditavel\/\"},\"wordCount\":221,\"commentCount\":16,\"image\":{\"@id\":\"https:\/\/www.gaveanews.com\/index.php\/2020\/08\/31\/devido-a-confusaojornalista-detona-dirigentes-do-santos-e-inacreditavel\/#primaryimage\"},\"thumbnailUrl\":\"https:\/\/www.gaveanews.com\/wp-content\/uploads\/Janaina-Xavier-durante-o-programa-SporTV-News.webp\",\"articleSection\":[\"Destaques\"],\"inLanguage\":\"pt-BR\",\"potentialAction\":[{\"@type\":\"CommentAction\",\"name\":\"Comment\",\"target\":[\"https:\/\/www.gaveanews.com\/index.php\/2020\/08\/31\/devido-a-confusaojornalista-detona-dirigentes-do-santos-e-inacreditavel\/#respond\"]}],\"copyrightYear\":\"2020\",\"copyrightHolder\":{\"@id\":\"https:\/\/www.gaveanews.com\/#organization\"}},{\"@type\":\"WebPage\",\"@id\":\"https:\/\/www.gaveanews.com\/index.php\/2020\/08\/31\/devido-a-confusaojornalista-detona-dirigentes-do-santos-e-inacreditavel\/\",\"url\":\"https:\/\/www.gaveanews.com\/index.php\/2020\/08\/31\/devido-a-confusaojornalista-detona-dirigentes-do-santos-e-inacreditavel\/\",\"name\":\"Devido a confus\u00e3o, jornalista detona dirigentes do Santos: \\\"Inacredit\u00e1vel\\\"\",\"isPartOf\":{\"@id\":\"https:\/\/www.gaveanews.com\/#website\"},\"primaryImageOfPage\":{\"@id\":\"https:\/\/www.gaveanews.com\/index.php\/2020\/08\/31\/devido-a-confusaojornalista-detona-dirigentes-do-santos-e-inacreditavel\/#primaryimage\"},\"image\":{\"@id\":\"https:\/\/www.gaveanews.com\/index.php\/2020\/08\/31\/devido-a-confusaojornalista-detona-dirigentes-do-santos-e-inacreditavel\/#primaryimage\"},\"thumbnailUrl\":\"https:\/\/www.gaveanews.com\/wp-content\/uploads\/Janaina-Xavier-durante-o-programa-SporTV-News.webp\",\"datePublished\":\"2020-08-31T17:50:27+00:00\",\"dateModified\":\"2020-08-31T17:50:37+00:00\",\"author\":{\"@id\":\"https:\/\/www.gaveanews.com\/#\/schema\/person\/2ec14f73fb96be2caf28f91afb14749d\"},\"description\":\"\\\"Que tempos estamos vivendo? \u00c9 inacredit\u00e1vel. Coronelismo. Vai no meio do campo para qu\u00ea? Amea\u00e7ar o \u00e1rbitro?\\\".\",\"breadcrumb\":{\"@id\":\"https:\/\/www.gaveanews.com\/index.php\/2020\/08\/31\/devido-a-confusaojornalista-detona-dirigentes-do-santos-e-inacreditavel\/#breadcrumb\"},\"inLanguage\":\"pt-BR\",\"potentialAction\":[{\"@type\":\"ReadAction\",\"target\":[\"https:\/\/www.gaveanews.com\/index.php\/2020\/08\/31\/devido-a-confusaojornalista-detona-dirigentes-do-santos-e-inacreditavel\/\"]}]},{\"@type\":\"ImageObject\",\"inLanguage\":\"pt-BR\",\"@id\":\"https:\/\/www.gaveanews.com\/index.php\/2020\/08\/31\/devido-a-confusaojornalista-detona-dirigentes-do-santos-e-inacreditavel\/#primaryimage\",\"url\":\"https:\/\/www.gaveanews.com\/wp-content\/uploads\/Janaina-Xavier-durante-o-programa-SporTV-News.webp\",\"contentUrl\":\"https:\/\/www.gaveanews.com\/wp-content\/uploads\/Janaina-Xavier-durante-o-programa-SporTV-News.webp\",\"width\":1200,\"height\":631,\"caption\":\"Jana\u00edna Xavier durante o programa SporTV News (Foto: Reprodu\u00e7\u00e3o\/Twitter\/@SporTV)\"},{\"@type\":\"BreadcrumbList\",\"@id\":\"https:\/\/www.gaveanews.com\/index.php\/2020\/08\/31\/devido-a-confusaojornalista-detona-dirigentes-do-santos-e-inacreditavel\/#breadcrumb\",\"itemListElement\":[{\"@type\":\"ListItem\",\"position\":1,\"name\":\"Home\",\"item\":\"https:\/\/www.gaveanews.com\/\"},{\"@type\":\"ListItem\",\"position\":2,\"name\":\"Devido a confus\u00e3o, jornalista detona dirigentes do Santos: &#8220;\u00c9 inacredit\u00e1vel&#8221;\"}]},{\"@type\":\"WebSite\",\"@id\":\"https:\/\/www.gaveanews.com\/#website\",\"url\":\"https:\/\/www.gaveanews.com\/\",\"name\":\"G\u00e1vea News\",\"description\":\"Veja todas as not\u00edcias sobre o Flamengo: Contrata\u00e7\u00f5es, categorias de base, resultados das partidas, tabela de classifica\u00e7\u00e3o, pr\u00f3ximos jogos!\",\"potentialAction\":[{\"@type\":\"SearchAction\",\"target\":{\"@type\":\"EntryPoint\",\"urlTemplate\":\"https:\/\/www.gaveanews.com\/?s={search_term_string}\"},\"query-input\":{\"@type\":\"PropertyValueSpecification\",\"valueRequired\":true,\"valueName\":\"search_term_string\"}}],\"inLanguage\":\"pt-BR\"},{\"@type\":\"Person\",\"@id\":\"https:\/\/www.gaveanews.com\/#\/schema\/person\/2ec14f73fb96be2caf28f91afb14749d\",\"name\":\"Equipe G\u00e1vea News\",\"image\":{\"@type\":\"ImageObject\",\"inLanguage\":\"pt-BR\",\"@id\":\"https:\/\/www.gaveanews.com\/#\/schema\/person\/image\/\",\"url\":\"https:\/\/secure.gravatar.com\/avatar\/1e1956f1facbffd3f8fa53a326721950116b3b9dc9bd44939c01180fd4a745a9?s=96&d=mm&r=g\",\"contentUrl\":\"https:\/\/secure.gravatar.com\/avatar\/1e1956f1facbffd3f8fa53a326721950116b3b9dc9bd44939c01180fd4a745a9?s=96&d=mm&r=g\",\"caption\":\"Equipe G\u00e1vea News\"}}]}<\/script>\n<!-- \/ Yoast SEO Premium plugin. -->","yoast_head_json":{"title":"Devido a confus\u00e3o, jornalista detona dirigentes do Santos: \"Inacredit\u00e1vel\"","description":"\"Que tempos estamos vivendo? \u00c9 inacredit\u00e1vel. Coronelismo. Vai no meio do campo para qu\u00ea? Amea\u00e7ar o \u00e1rbitro?\".","robots":{"index":"index","follow":"follow","max-snippet":"max-snippet:-1","max-image-preview":"max-image-preview:large","max-video-preview":"max-video-preview:-1"},"canonical":"https:\/\/www.gaveanews.com\/index.php\/2020\/08\/31\/devido-a-confusaojornalista-detona-dirigentes-do-santos-e-inacreditavel\/","og_locale":"pt_BR","og_type":"article","og_title":"Devido a confus\u00e3o, jornalista detona dirigentes do Santos: \"\u00c9 inacredit\u00e1vel\"","og_description":"\"Que tempos estamos vivendo? \u00c9 inacredit\u00e1vel. Coronelismo. Vai no meio do campo para qu\u00ea? Amea\u00e7ar o \u00e1rbitro?\".","og_url":"https:\/\/www.gaveanews.com\/index.php\/2020\/08\/31\/devido-a-confusaojornalista-detona-dirigentes-do-santos-e-inacreditavel\/","og_site_name":"G\u00e1vea News","article_publisher":"https:\/\/facebook.com\/gaveaNews\/","article_published_time":"2020-08-31T17:50:27+00:00","article_modified_time":"2020-08-31T17:50:37+00:00","og_image":[{"width":1200,"height":631,"url":"https:\/\/www.gaveanews.com\/wp-content\/uploads\/Janaina-Xavier-durante-o-programa-SporTV-News.webp","type":"image\/jpeg"}],"author":"Equipe G\u00e1vea News","twitter_card":"summary_large_image","twitter_misc":{"Escrito por":"Equipe G\u00e1vea News","Est. tempo de leitura":"1 minuto"},"schema":{"@context":"https:\/\/schema.org","@graph":[{"@type":"NewsArticle","@id":"https:\/\/www.gaveanews.com\/index.php\/2020\/08\/31\/devido-a-confusaojornalista-detona-dirigentes-do-santos-e-inacreditavel\/#article","isPartOf":{"@id":"https:\/\/www.gaveanews.com\/index.php\/2020\/08\/31\/devido-a-confusaojornalista-detona-dirigentes-do-santos-e-inacreditavel\/"},"author":{"name":"Equipe G\u00e1vea News","@id":"https:\/\/www.gaveanews.com\/#\/schema\/person\/2ec14f73fb96be2caf28f91afb14749d"},"headline":"Devido a confus\u00e3o, jornalista detona dirigentes do Santos: &#8220;\u00c9 inacredit\u00e1vel&#8221;","datePublished":"2020-08-31T17:50:27+00:00","dateModified":"2020-08-31T17:50:37+00:00","mainEntityOfPage":{"@id":"https:\/\/www.gaveanews.com\/index.php\/2020\/08\/31\/devido-a-confusaojornalista-detona-dirigentes-do-santos-e-inacreditavel\/"},"wordCount":221,"commentCount":16,"image":{"@id":"https:\/\/www.gaveanews.com\/index.php\/2020\/08\/31\/devido-a-confusaojornalista-detona-dirigentes-do-santos-e-inacreditavel\/#primaryimage"},"thumbnailUrl":"https:\/\/www.gaveanews.com\/wp-content\/uploads\/Janaina-Xavier-durante-o-programa-SporTV-News.webp","articleSection":["Destaques"],"inLanguage":"pt-BR","potentialAction":[{"@type":"CommentAction","name":"Comment","target":["https:\/\/www.gaveanews.com\/index.php\/2020\/08\/31\/devido-a-confusaojornalista-detona-dirigentes-do-santos-e-inacreditavel\/#respond"]}],"copyrightYear":"2020","copyrightHolder":{"@id":"https:\/\/www.gaveanews.com\/#organization"}},{"@type":"WebPage","@id":"https:\/\/www.gaveanews.com\/index.php\/2020\/08\/31\/devido-a-confusaojornalista-detona-dirigentes-do-santos-e-inacreditavel\/","url":"https:\/\/www.gaveanews.com\/index.php\/2020\/08\/31\/devido-a-confusaojornalista-detona-dirigentes-do-santos-e-inacreditavel\/","name":"Devido a confus\u00e3o, jornalista detona dirigentes do Santos: \"Inacredit\u00e1vel\"","isPartOf":{"@id":"https:\/\/www.gaveanews.com\/#website"},"primaryImageOfPage":{"@id":"https:\/\/www.gaveanews.com\/index.php\/2020\/08\/31\/devido-a-confusaojornalista-detona-dirigentes-do-santos-e-inacreditavel\/#primaryimage"},"image":{"@id":"https:\/\/www.gaveanews.com\/index.php\/2020\/08\/31\/devido-a-confusaojornalista-detona-dirigentes-do-santos-e-inacreditavel\/#primaryimage"},"thumbnailUrl":"https:\/\/www.gaveanews.com\/wp-content\/uploads\/Janaina-Xavier-durante-o-programa-SporTV-News.webp","datePublished":"2020-08-31T17:50:27+00:00","dateModified":"2020-08-31T17:50:37+00:00","author":{"@id":"https:\/\/www.gaveanews.com\/#\/schema\/person\/2ec14f73fb96be2caf28f91afb14749d"},"description":"\"Que tempos estamos vivendo? \u00c9 inacredit\u00e1vel. Coronelismo. Vai no meio do campo para qu\u00ea? Amea\u00e7ar o \u00e1rbitro?\".","breadcrumb":{"@id":"https:\/\/www.gaveanews.com\/index.php\/2020\/08\/31\/devido-a-confusaojornalista-detona-dirigentes-do-santos-e-inacreditavel\/#breadcrumb"},"inLanguage":"pt-BR","potentialAction":[{"@type":"ReadAction","target":["https:\/\/www.gaveanews.com\/index.php\/2020\/08\/31\/devido-a-confusaojornalista-detona-dirigentes-do-santos-e-inacreditavel\/"]}]},{"@type":"ImageObject","inLanguage":"pt-BR","@id":"https:\/\/www.gaveanews.com\/index.php\/2020\/08\/31\/devido-a-confusaojornalista-detona-dirigentes-do-santos-e-inacreditavel\/#primaryimage","url":"https:\/\/www.gaveanews.com\/wp-content\/uploads\/Janaina-Xavier-durante-o-programa-SporTV-News.webp","contentUrl":"https:\/\/www.gaveanews.com\/wp-content\/uploads\/Janaina-Xavier-durante-o-programa-SporTV-News.webp","width":1200,"height":631,"caption":"Jana\u00edna Xavier durante o programa SporTV News (Foto: Reprodu\u00e7\u00e3o\/Twitter\/@SporTV)"},{"@type":"BreadcrumbList","@id":"https:\/\/www.gaveanews.com\/index.php\/2020\/08\/31\/devido-a-confusaojornalista-detona-dirigentes-do-santos-e-inacreditavel\/#breadcrumb","itemListElement":[{"@type":"ListItem","position":1,"name":"Home","item":"https:\/\/www.gaveanews.com\/"},{"@type":"ListItem","position":2,"name":"Devido a confus\u00e3o, jornalista detona dirigentes do Santos: &#8220;\u00c9 inacredit\u00e1vel&#8221;"}]},{"@type":"WebSite","@id":"https:\/\/www.gaveanews.com\/#website","url":"https:\/\/www.gaveanews.com\/","name":"G\u00e1vea News","description":"Veja todas as not\u00edcias sobre o Flamengo: Contrata\u00e7\u00f5es, categorias de base, resultados das partidas, tabela de classifica\u00e7\u00e3o, pr\u00f3ximos jogos!","potentialAction":[{"@type":"SearchAction","target":{"@type":"EntryPoint","urlTemplate":"https:\/\/www.gaveanews.com\/?s={search_term_string}"},"query-input":{"@type":"PropertyValueSpecification","valueRequired":true,"valueName":"search_term_string"}}],"inLanguage":"pt-BR"},{"@type":"Person","@id":"https:\/\/www.gaveanews.com\/#\/schema\/person\/2ec14f73fb96be2caf28f91afb14749d","name":"Equipe G\u00e1vea News","image":{"@type":"ImageObject","inLanguage":"pt-BR","@id":"https:\/\/www.gaveanews.com\/#\/schema\/person\/image\/","url":"https:\/\/secure.gravatar.com\/avatar\/1e1956f1facbffd3f8fa53a326721950116b3b9dc9bd44939c01180fd4a745a9?s=96&d=mm&r=g","contentUrl":"https:\/\/secure.gravatar.com\/avatar\/1e1956f1facbffd3f8fa53a326721950116b3b9dc9bd44939c01180fd4a745a9?s=96&d=mm&r=g","caption":"Equipe G\u00e1vea News"}}]}},"_links":{"self":[{"href":"https:\/\/www.gaveanews.com\/index.php\/wp-json\/wp\/v2\/posts\/46559","targetHints":{"allow":["GET"]}}],"collection":[{"href":"https:\/\/www.gaveanews.com\/index.php\/wp-json\/wp\/v2\/posts"}],"about":[{"href":"https:\/\/www.gaveanews.com\/index.php\/wp-json\/wp\/v2\/types\/post"}],"author":[{"embeddable":true,"href":"https:\/\/www.gaveanews.com\/index.php\/wp-json\/wp\/v2\/users\/1"}],"replies":[{"embeddable":true,"href":"https:\/\/www.gaveanews.com\/index.php\/wp-json\/wp\/v2\/comments?post=46559"}],"version-history":[{"count":0,"href":"https:\/\/www.gaveanews.com\/index.php\/wp-json\/wp\/v2\/posts\/46559\/revisions"}],"wp:featuredmedia":[{"embeddable":true,"href":"https:\/\/www.gaveanews.com\/index.php\/wp-json\/wp\/v2\/media\/46560"}],"wp:attachment":[{"href":"https:\/\/www.gaveanews.com\/index.php\/wp-json\/wp\/v2\/media?parent=46559"}],"wp:term":[{"taxonomy":"category","embeddable":true,"href":"https:\/\/www.gaveanews.com\/index.php\/wp-json\/wp\/v2\/categories?post=46559"},{"taxonomy":"post_tag","embeddable":true,"href":"https:\/\/www.gaveanews.com\/index.php\/wp-json\/wp\/v2\/tags?post=46559"}],"curies":[{"name":"wp","href":"https:\/\/api.w.org\/{rel}","templated":true}]}}