{"id":46575,"date":"2020-08-31T18:48:58","date_gmt":"2020-08-31T21:48:58","guid":{"rendered":"https:\/\/www.gaveanews.com\/?p=46575"},"modified":"2020-08-31T18:48:59","modified_gmt":"2020-08-31T21:48:59","slug":"santos-faz-reclamacao-formal-contra-arbitragem-e-cogita-ir-ate-o-rj","status":"publish","type":"post","link":"https:\/\/www.gaveanews.com\/index.php\/2020\/08\/31\/santos-faz-reclamacao-formal-contra-arbitragem-e-cogita-ir-ate-o-rj\/","title":{"rendered":"Santos faz reclama\u00e7\u00e3o formal contra arbitragem e cogita ir at\u00e9 o RJ"},"content":{"rendered":"\n<p>O Santos enviou na manh\u00e3 desta segunda-feira um of\u00edcio \u00e0 CBF para reclamar da arbitragem de Wilton Pereira Sampaio na derrota por 1 a 0 para o Flamengo, no \u00faltimo domingo, na Vila Belmiro. A informa\u00e7\u00e3o foi inicialmente publicada pelo portal &#8216;Esporte News Mundo&#8217;.<\/p>\n\n\n\n<p>No documento, o Santos contesta as decis\u00f5es, pede melhor explica\u00e7\u00e3o sobre a regra e defende maior autoridade do juiz de campo em lances interpretativos. Na vis\u00e3o do Alvinegro, o VAR precisa corrigir erros claros e graves.<\/p>\n\n\n\n<p>O Alvinegro teve dois gols anulados ainda no primeiro tempo, um de Raniel e outro de Marinho. No primeiro, o atacante estava um pouco \u00e0 frente no cruzamento de Par\u00e1.<\/p>\n\n\n\n<p>No segundo, Marinho cobra a falta e Jobson, impedido, tenta desviar. A bola n\u00e3o bate nele e entra. A regra fala \u201cjogar ou tentar jogar\u201d. Como o camisa 8 buscou o cabeceio, o lance foi invalidado.<\/p>\n\n\n\n<p>Parte da diretoria do Santos saiu das cadeiras cativas e foi at\u00e9 a sa\u00edda para o vesti\u00e1rio criticar a arbitragem de Wilton no intervalo. Na s\u00famula, o juiz relatou invas\u00e3o no campo: \u201cO VAR est\u00e1 tomando conta dessa m\u2026\u201d, disse um dos dirigentes.<\/p>\n\n\n\n<p>Matheus Rodrigues e Pedro Doria, membros do Comit\u00ea de Gest\u00e3o, e Jorge Andrade, diretor de futebol, dizem que n\u00e3o ultrapassaram as linhas do gramado e n\u00e3o pensaram em momento algum numa agress\u00e3o ou algo al\u00e9m de contestar os lances. Dessa forma, n\u00e3o teria ocorrido a \u201cinvas\u00e3o\u201d como foi relatado.<\/p>\n\n\n\n<p>O presidente Jos\u00e9 Carlos Peres pensa em viajar ao Rio de Janeiro, na sede da CBF, para reclamar pessoalmente, mostrar as jogadas e cobrar explica\u00e7\u00f5es. Al\u00e9m do jogo contra o Flamengo, o Santos est\u00e1 na bronca pelo p\u00eanalti de Alison contra o Palmeiras.<\/p>\n\n\n\n<p>Retirado de: ESPN<\/p>\n","protected":false},"excerpt":{"rendered":"<p>O Santos enviou na manh\u00e3 desta segunda-feira um of\u00edcio \u00e0 CBF para reclamar da arbitragem de Wilton Pereira Sampaio na derrota por 1 a 0 para o Flamengo, no \u00faltimo domingo, na Vila Belmiro. A informa\u00e7\u00e3o foi inicialmente publicada pelo portal &#8216;Esporte News Mundo&#8217;. No documento, o Santos contesta as decis\u00f5es, pede melhor explica\u00e7\u00e3o sobre [&hellip;]<\/p>\n","protected":false},"author":1,"featured_media":16271,"comment_status":"open","ping_status":"closed","sticky":false,"template":"","format":"standard","meta":{"footnotes":""},"categories":[1],"tags":[],"class_list":["post-46575","post","type-post","status-publish","format-standard","has-post-thumbnail","hentry","category-flamengo"],"yoast_head":"<!-- This site is optimized with the Yoast SEO Premium plugin v24.2 (Yoast SEO v26.9) - https:\/\/yoast.com\/product\/yoast-seo-premium-wordpress\/ -->\n<title>Santos faz reclama\u00e7\u00e3o formal contra arbitragem e cogita ir at\u00e9 o RJ<\/title>\n<meta name=\"robots\" content=\"index, follow, max-snippet:-1, max-image-preview:large, max-video-preview:-1\" \/>\n<link rel=\"canonical\" href=\"https:\/\/www.gaveanews.com\/index.php\/2020\/08\/31\/santos-faz-reclamacao-formal-contra-arbitragem-e-cogita-ir-ate-o-rj\/\" \/>\n<meta property=\"og:locale\" content=\"pt_BR\" \/>\n<meta property=\"og:type\" content=\"article\" \/>\n<meta property=\"og:title\" content=\"Santos faz reclama\u00e7\u00e3o formal contra arbitragem e cogita ir at\u00e9 o RJ\" \/>\n<meta property=\"og:description\" content=\"O Santos enviou na manh\u00e3 desta segunda-feira um of\u00edcio \u00e0 CBF para reclamar da arbitragem de Wilton Pereira Sampaio na derrota por 1 a 0 para o Flamengo, no \u00faltimo domingo, na Vila Belmiro. A informa\u00e7\u00e3o foi inicialmente publicada pelo portal &#8216;Esporte News Mundo&#8217;. No documento, o Santos contesta as decis\u00f5es, pede melhor explica\u00e7\u00e3o sobre [&hellip;]\" \/>\n<meta property=\"og:url\" content=\"https:\/\/www.gaveanews.com\/index.php\/2020\/08\/31\/santos-faz-reclamacao-formal-contra-arbitragem-e-cogita-ir-ate-o-rj\/\" \/>\n<meta property=\"og:site_name\" content=\"G\u00e1vea News\" \/>\n<meta property=\"article:publisher\" content=\"https:\/\/facebook.com\/gaveaNews\/\" \/>\n<meta property=\"article:published_time\" content=\"2020-08-31T21:48:58+00:00\" \/>\n<meta property=\"article:modified_time\" content=\"2020-08-31T21:48:59+00:00\" \/>\n<meta property=\"og:image\" content=\"https:\/\/www.gaveanews.com\/wp-content\/uploads\/2019\/02\/Sede-da-CBF-no-Rio-de-Janeiro.webp\" \/>\n\t<meta property=\"og:image:width\" content=\"690\" \/>\n\t<meta property=\"og:image:height\" content=\"518\" \/>\n\t<meta property=\"og:image:type\" content=\"image\/jpeg\" \/>\n<meta name=\"author\" content=\"Equipe G\u00e1vea News\" \/>\n<meta name=\"twitter:card\" content=\"summary_large_image\" \/>\n<meta name=\"twitter:label1\" content=\"Escrito por\" \/>\n\t<meta name=\"twitter:data1\" content=\"Equipe G\u00e1vea News\" \/>\n\t<meta name=\"twitter:label2\" content=\"Est. tempo de leitura\" \/>\n\t<meta name=\"twitter:data2\" content=\"1 minuto\" \/>\n<script type=\"application\/ld+json\" class=\"yoast-schema-graph\">{\"@context\":\"https:\/\/schema.org\",\"@graph\":[{\"@type\":\"NewsArticle\",\"@id\":\"https:\/\/www.gaveanews.com\/index.php\/2020\/08\/31\/santos-faz-reclamacao-formal-contra-arbitragem-e-cogita-ir-ate-o-rj\/#article\",\"isPartOf\":{\"@id\":\"https:\/\/www.gaveanews.com\/index.php\/2020\/08\/31\/santos-faz-reclamacao-formal-contra-arbitragem-e-cogita-ir-ate-o-rj\/\"},\"author\":{\"name\":\"Equipe G\u00e1vea News\",\"@id\":\"https:\/\/www.gaveanews.com\/#\/schema\/person\/2ec14f73fb96be2caf28f91afb14749d\"},\"headline\":\"Santos faz reclama\u00e7\u00e3o formal contra arbitragem e cogita ir at\u00e9 o RJ\",\"datePublished\":\"2020-08-31T21:48:58+00:00\",\"dateModified\":\"2020-08-31T21:48:59+00:00\",\"mainEntityOfPage\":{\"@id\":\"https:\/\/www.gaveanews.com\/index.php\/2020\/08\/31\/santos-faz-reclamacao-formal-contra-arbitragem-e-cogita-ir-ate-o-rj\/\"},\"wordCount\":312,\"commentCount\":16,\"image\":{\"@id\":\"https:\/\/www.gaveanews.com\/index.php\/2020\/08\/31\/santos-faz-reclamacao-formal-contra-arbitragem-e-cogita-ir-ate-o-rj\/#primaryimage\"},\"thumbnailUrl\":\"https:\/\/www.gaveanews.com\/wp-content\/uploads\/2019\/02\/Sede-da-CBF-no-Rio-de-Janeiro.webp\",\"articleSection\":[\"Flamengo\"],\"inLanguage\":\"pt-BR\",\"potentialAction\":[{\"@type\":\"CommentAction\",\"name\":\"Comment\",\"target\":[\"https:\/\/www.gaveanews.com\/index.php\/2020\/08\/31\/santos-faz-reclamacao-formal-contra-arbitragem-e-cogita-ir-ate-o-rj\/#respond\"]}],\"copyrightYear\":\"2020\",\"copyrightHolder\":{\"@id\":\"https:\/\/www.gaveanews.com\/#organization\"}},{\"@type\":\"WebPage\",\"@id\":\"https:\/\/www.gaveanews.com\/index.php\/2020\/08\/31\/santos-faz-reclamacao-formal-contra-arbitragem-e-cogita-ir-ate-o-rj\/\",\"url\":\"https:\/\/www.gaveanews.com\/index.php\/2020\/08\/31\/santos-faz-reclamacao-formal-contra-arbitragem-e-cogita-ir-ate-o-rj\/\",\"name\":\"Santos faz reclama\u00e7\u00e3o formal contra arbitragem e cogita ir at\u00e9 o RJ\",\"isPartOf\":{\"@id\":\"https:\/\/www.gaveanews.com\/#website\"},\"primaryImageOfPage\":{\"@id\":\"https:\/\/www.gaveanews.com\/index.php\/2020\/08\/31\/santos-faz-reclamacao-formal-contra-arbitragem-e-cogita-ir-ate-o-rj\/#primaryimage\"},\"image\":{\"@id\":\"https:\/\/www.gaveanews.com\/index.php\/2020\/08\/31\/santos-faz-reclamacao-formal-contra-arbitragem-e-cogita-ir-ate-o-rj\/#primaryimage\"},\"thumbnailUrl\":\"https:\/\/www.gaveanews.com\/wp-content\/uploads\/2019\/02\/Sede-da-CBF-no-Rio-de-Janeiro.webp\",\"datePublished\":\"2020-08-31T21:48:58+00:00\",\"dateModified\":\"2020-08-31T21:48:59+00:00\",\"author\":{\"@id\":\"https:\/\/www.gaveanews.com\/#\/schema\/person\/2ec14f73fb96be2caf28f91afb14749d\"},\"breadcrumb\":{\"@id\":\"https:\/\/www.gaveanews.com\/index.php\/2020\/08\/31\/santos-faz-reclamacao-formal-contra-arbitragem-e-cogita-ir-ate-o-rj\/#breadcrumb\"},\"inLanguage\":\"pt-BR\",\"potentialAction\":[{\"@type\":\"ReadAction\",\"target\":[\"https:\/\/www.gaveanews.com\/index.php\/2020\/08\/31\/santos-faz-reclamacao-formal-contra-arbitragem-e-cogita-ir-ate-o-rj\/\"]}]},{\"@type\":\"ImageObject\",\"inLanguage\":\"pt-BR\",\"@id\":\"https:\/\/www.gaveanews.com\/index.php\/2020\/08\/31\/santos-faz-reclamacao-formal-contra-arbitragem-e-cogita-ir-ate-o-rj\/#primaryimage\",\"url\":\"https:\/\/www.gaveanews.com\/wp-content\/uploads\/2019\/02\/Sede-da-CBF-no-Rio-de-Janeiro.webp\",\"contentUrl\":\"https:\/\/www.gaveanews.com\/wp-content\/uploads\/2019\/02\/Sede-da-CBF-no-Rio-de-Janeiro.webp\",\"width\":690,\"height\":518,\"caption\":\"Sede da CBF no Rio de Janeiro (Foto: Cah\u00ea Mota\/Globo Esporte)\"},{\"@type\":\"BreadcrumbList\",\"@id\":\"https:\/\/www.gaveanews.com\/index.php\/2020\/08\/31\/santos-faz-reclamacao-formal-contra-arbitragem-e-cogita-ir-ate-o-rj\/#breadcrumb\",\"itemListElement\":[{\"@type\":\"ListItem\",\"position\":1,\"name\":\"Home\",\"item\":\"https:\/\/www.gaveanews.com\/\"},{\"@type\":\"ListItem\",\"position\":2,\"name\":\"Santos faz reclama\u00e7\u00e3o formal contra arbitragem e cogita ir at\u00e9 o RJ\"}]},{\"@type\":\"WebSite\",\"@id\":\"https:\/\/www.gaveanews.com\/#website\",\"url\":\"https:\/\/www.gaveanews.com\/\",\"name\":\"G\u00e1vea News\",\"description\":\"Veja todas as not\u00edcias sobre o Flamengo: Contrata\u00e7\u00f5es, categorias de base, resultados das partidas, tabela de classifica\u00e7\u00e3o, pr\u00f3ximos jogos!\",\"potentialAction\":[{\"@type\":\"SearchAction\",\"target\":{\"@type\":\"EntryPoint\",\"urlTemplate\":\"https:\/\/www.gaveanews.com\/?s={search_term_string}\"},\"query-input\":{\"@type\":\"PropertyValueSpecification\",\"valueRequired\":true,\"valueName\":\"search_term_string\"}}],\"inLanguage\":\"pt-BR\"},{\"@type\":\"Person\",\"@id\":\"https:\/\/www.gaveanews.com\/#\/schema\/person\/2ec14f73fb96be2caf28f91afb14749d\",\"name\":\"Equipe G\u00e1vea News\",\"image\":{\"@type\":\"ImageObject\",\"inLanguage\":\"pt-BR\",\"@id\":\"https:\/\/www.gaveanews.com\/#\/schema\/person\/image\/\",\"url\":\"https:\/\/secure.gravatar.com\/avatar\/1e1956f1facbffd3f8fa53a326721950116b3b9dc9bd44939c01180fd4a745a9?s=96&d=mm&r=g\",\"contentUrl\":\"https:\/\/secure.gravatar.com\/avatar\/1e1956f1facbffd3f8fa53a326721950116b3b9dc9bd44939c01180fd4a745a9?s=96&d=mm&r=g\",\"caption\":\"Equipe G\u00e1vea News\"}}]}<\/script>\n<!-- \/ Yoast SEO Premium plugin. -->","yoast_head_json":{"title":"Santos faz reclama\u00e7\u00e3o formal contra arbitragem e cogita ir at\u00e9 o RJ","robots":{"index":"index","follow":"follow","max-snippet":"max-snippet:-1","max-image-preview":"max-image-preview:large","max-video-preview":"max-video-preview:-1"},"canonical":"https:\/\/www.gaveanews.com\/index.php\/2020\/08\/31\/santos-faz-reclamacao-formal-contra-arbitragem-e-cogita-ir-ate-o-rj\/","og_locale":"pt_BR","og_type":"article","og_title":"Santos faz reclama\u00e7\u00e3o formal contra arbitragem e cogita ir at\u00e9 o RJ","og_description":"O Santos enviou na manh\u00e3 desta segunda-feira um of\u00edcio \u00e0 CBF para reclamar da arbitragem de Wilton Pereira Sampaio na derrota por 1 a 0 para o Flamengo, no \u00faltimo domingo, na Vila Belmiro. A informa\u00e7\u00e3o foi inicialmente publicada pelo portal &#8216;Esporte News Mundo&#8217;. No documento, o Santos contesta as decis\u00f5es, pede melhor explica\u00e7\u00e3o sobre [&hellip;]","og_url":"https:\/\/www.gaveanews.com\/index.php\/2020\/08\/31\/santos-faz-reclamacao-formal-contra-arbitragem-e-cogita-ir-ate-o-rj\/","og_site_name":"G\u00e1vea News","article_publisher":"https:\/\/facebook.com\/gaveaNews\/","article_published_time":"2020-08-31T21:48:58+00:00","article_modified_time":"2020-08-31T21:48:59+00:00","og_image":[{"width":690,"height":518,"url":"https:\/\/www.gaveanews.com\/wp-content\/uploads\/2019\/02\/Sede-da-CBF-no-Rio-de-Janeiro.webp","type":"image\/jpeg"}],"author":"Equipe G\u00e1vea News","twitter_card":"summary_large_image","twitter_misc":{"Escrito por":"Equipe G\u00e1vea News","Est. tempo de leitura":"1 minuto"},"schema":{"@context":"https:\/\/schema.org","@graph":[{"@type":"NewsArticle","@id":"https:\/\/www.gaveanews.com\/index.php\/2020\/08\/31\/santos-faz-reclamacao-formal-contra-arbitragem-e-cogita-ir-ate-o-rj\/#article","isPartOf":{"@id":"https:\/\/www.gaveanews.com\/index.php\/2020\/08\/31\/santos-faz-reclamacao-formal-contra-arbitragem-e-cogita-ir-ate-o-rj\/"},"author":{"name":"Equipe G\u00e1vea News","@id":"https:\/\/www.gaveanews.com\/#\/schema\/person\/2ec14f73fb96be2caf28f91afb14749d"},"headline":"Santos faz reclama\u00e7\u00e3o formal contra arbitragem e cogita ir at\u00e9 o RJ","datePublished":"2020-08-31T21:48:58+00:00","dateModified":"2020-08-31T21:48:59+00:00","mainEntityOfPage":{"@id":"https:\/\/www.gaveanews.com\/index.php\/2020\/08\/31\/santos-faz-reclamacao-formal-contra-arbitragem-e-cogita-ir-ate-o-rj\/"},"wordCount":312,"commentCount":16,"image":{"@id":"https:\/\/www.gaveanews.com\/index.php\/2020\/08\/31\/santos-faz-reclamacao-formal-contra-arbitragem-e-cogita-ir-ate-o-rj\/#primaryimage"},"thumbnailUrl":"https:\/\/www.gaveanews.com\/wp-content\/uploads\/2019\/02\/Sede-da-CBF-no-Rio-de-Janeiro.webp","articleSection":["Flamengo"],"inLanguage":"pt-BR","potentialAction":[{"@type":"CommentAction","name":"Comment","target":["https:\/\/www.gaveanews.com\/index.php\/2020\/08\/31\/santos-faz-reclamacao-formal-contra-arbitragem-e-cogita-ir-ate-o-rj\/#respond"]}],"copyrightYear":"2020","copyrightHolder":{"@id":"https:\/\/www.gaveanews.com\/#organization"}},{"@type":"WebPage","@id":"https:\/\/www.gaveanews.com\/index.php\/2020\/08\/31\/santos-faz-reclamacao-formal-contra-arbitragem-e-cogita-ir-ate-o-rj\/","url":"https:\/\/www.gaveanews.com\/index.php\/2020\/08\/31\/santos-faz-reclamacao-formal-contra-arbitragem-e-cogita-ir-ate-o-rj\/","name":"Santos faz reclama\u00e7\u00e3o formal contra arbitragem e cogita ir at\u00e9 o RJ","isPartOf":{"@id":"https:\/\/www.gaveanews.com\/#website"},"primaryImageOfPage":{"@id":"https:\/\/www.gaveanews.com\/index.php\/2020\/08\/31\/santos-faz-reclamacao-formal-contra-arbitragem-e-cogita-ir-ate-o-rj\/#primaryimage"},"image":{"@id":"https:\/\/www.gaveanews.com\/index.php\/2020\/08\/31\/santos-faz-reclamacao-formal-contra-arbitragem-e-cogita-ir-ate-o-rj\/#primaryimage"},"thumbnailUrl":"https:\/\/www.gaveanews.com\/wp-content\/uploads\/2019\/02\/Sede-da-CBF-no-Rio-de-Janeiro.webp","datePublished":"2020-08-31T21:48:58+00:00","dateModified":"2020-08-31T21:48:59+00:00","author":{"@id":"https:\/\/www.gaveanews.com\/#\/schema\/person\/2ec14f73fb96be2caf28f91afb14749d"},"breadcrumb":{"@id":"https:\/\/www.gaveanews.com\/index.php\/2020\/08\/31\/santos-faz-reclamacao-formal-contra-arbitragem-e-cogita-ir-ate-o-rj\/#breadcrumb"},"inLanguage":"pt-BR","potentialAction":[{"@type":"ReadAction","target":["https:\/\/www.gaveanews.com\/index.php\/2020\/08\/31\/santos-faz-reclamacao-formal-contra-arbitragem-e-cogita-ir-ate-o-rj\/"]}]},{"@type":"ImageObject","inLanguage":"pt-BR","@id":"https:\/\/www.gaveanews.com\/index.php\/2020\/08\/31\/santos-faz-reclamacao-formal-contra-arbitragem-e-cogita-ir-ate-o-rj\/#primaryimage","url":"https:\/\/www.gaveanews.com\/wp-content\/uploads\/2019\/02\/Sede-da-CBF-no-Rio-de-Janeiro.webp","contentUrl":"https:\/\/www.gaveanews.com\/wp-content\/uploads\/2019\/02\/Sede-da-CBF-no-Rio-de-Janeiro.webp","width":690,"height":518,"caption":"Sede da CBF no Rio de Janeiro (Foto: Cah\u00ea Mota\/Globo Esporte)"},{"@type":"BreadcrumbList","@id":"https:\/\/www.gaveanews.com\/index.php\/2020\/08\/31\/santos-faz-reclamacao-formal-contra-arbitragem-e-cogita-ir-ate-o-rj\/#breadcrumb","itemListElement":[{"@type":"ListItem","position":1,"name":"Home","item":"https:\/\/www.gaveanews.com\/"},{"@type":"ListItem","position":2,"name":"Santos faz reclama\u00e7\u00e3o formal contra arbitragem e cogita ir at\u00e9 o RJ"}]},{"@type":"WebSite","@id":"https:\/\/www.gaveanews.com\/#website","url":"https:\/\/www.gaveanews.com\/","name":"G\u00e1vea News","description":"Veja todas as not\u00edcias sobre o Flamengo: Contrata\u00e7\u00f5es, categorias de base, resultados das partidas, tabela de classifica\u00e7\u00e3o, pr\u00f3ximos jogos!","potentialAction":[{"@type":"SearchAction","target":{"@type":"EntryPoint","urlTemplate":"https:\/\/www.gaveanews.com\/?s={search_term_string}"},"query-input":{"@type":"PropertyValueSpecification","valueRequired":true,"valueName":"search_term_string"}}],"inLanguage":"pt-BR"},{"@type":"Person","@id":"https:\/\/www.gaveanews.com\/#\/schema\/person\/2ec14f73fb96be2caf28f91afb14749d","name":"Equipe G\u00e1vea News","image":{"@type":"ImageObject","inLanguage":"pt-BR","@id":"https:\/\/www.gaveanews.com\/#\/schema\/person\/image\/","url":"https:\/\/secure.gravatar.com\/avatar\/1e1956f1facbffd3f8fa53a326721950116b3b9dc9bd44939c01180fd4a745a9?s=96&d=mm&r=g","contentUrl":"https:\/\/secure.gravatar.com\/avatar\/1e1956f1facbffd3f8fa53a326721950116b3b9dc9bd44939c01180fd4a745a9?s=96&d=mm&r=g","caption":"Equipe G\u00e1vea News"}}]}},"_links":{"self":[{"href":"https:\/\/www.gaveanews.com\/index.php\/wp-json\/wp\/v2\/posts\/46575","targetHints":{"allow":["GET"]}}],"collection":[{"href":"https:\/\/www.gaveanews.com\/index.php\/wp-json\/wp\/v2\/posts"}],"about":[{"href":"https:\/\/www.gaveanews.com\/index.php\/wp-json\/wp\/v2\/types\/post"}],"author":[{"embeddable":true,"href":"https:\/\/www.gaveanews.com\/index.php\/wp-json\/wp\/v2\/users\/1"}],"replies":[{"embeddable":true,"href":"https:\/\/www.gaveanews.com\/index.php\/wp-json\/wp\/v2\/comments?post=46575"}],"version-history":[{"count":0,"href":"https:\/\/www.gaveanews.com\/index.php\/wp-json\/wp\/v2\/posts\/46575\/revisions"}],"wp:featuredmedia":[{"embeddable":true,"href":"https:\/\/www.gaveanews.com\/index.php\/wp-json\/wp\/v2\/media\/16271"}],"wp:attachment":[{"href":"https:\/\/www.gaveanews.com\/index.php\/wp-json\/wp\/v2\/media?parent=46575"}],"wp:term":[{"taxonomy":"category","embeddable":true,"href":"https:\/\/www.gaveanews.com\/index.php\/wp-json\/wp\/v2\/categories?post=46575"},{"taxonomy":"post_tag","embeddable":true,"href":"https:\/\/www.gaveanews.com\/index.php\/wp-json\/wp\/v2\/tags?post=46575"}],"curies":[{"name":"wp","href":"https:\/\/api.w.org\/{rel}","templated":true}]}}