{"id":46601,"date":"2020-09-01T00:06:40","date_gmt":"2020-09-01T03:06:40","guid":{"rendered":"https:\/\/www.gaveanews.com\/?p=46601"},"modified":"2020-09-01T00:06:41","modified_gmt":"2020-09-01T03:06:41","slug":"socios-do-flamengo-irao-escolher-frase-do-mosaico-para-jogo-contra-o-fortaleza","status":"publish","type":"post","link":"https:\/\/www.gaveanews.com\/index.php\/2020\/09\/01\/socios-do-flamengo-irao-escolher-frase-do-mosaico-para-jogo-contra-o-fortaleza\/","title":{"rendered":"S\u00f3cios do Flamengo ir\u00e3o escolher frase do mosaico para jogo contra o Fortaleza"},"content":{"rendered":"\n<p>Para os s\u00f3cios-torcedores ficarem ainda mais pr\u00f3ximos do Meng\u00e3o, o Na\u00e7\u00e3o Rubro-Negra preparou uma a\u00e7\u00e3o exclusiva para seus membros ativos: escolher a frase do pr\u00f3ximo mosaico que vai pintar o Maracan\u00e3 de vermelho e preto. <\/p>\n\n\n\n<p>Para participar, o s\u00f3cio deve enviar a sugest\u00e3o at\u00e9 quarta-feira (02 de setembro), \u00e0s 17h, com, no m\u00e1ximo, tr\u00eas palavras. Os pr\u00e9-requisitos s\u00e3o: ser uma express\u00e3o que fa\u00e7a parte do universo rubro-negro e ter vi\u00e9s de incentivo para a equipe buscar mais uma vit\u00f3ria.<\/p>\n\n\n\n<p>Os s\u00f3cios-torcedores receberam nesta segunda-feira (31) um e-mail com as regras e o formul\u00e1rio para participar. Se voc\u00ea faz parte do Na\u00e7\u00e3o e quer mandar sua frase para colorir o setor leste inferior do est\u00e1dio, cheque sua caixa de entrada.<\/p>\n\n\n\n<figure class=\"wp-block-image size-large\"><img decoding=\"async\" src=\"https:\/\/fla-bucket-s3-us.s3.amazonaws.com\/public\/images\/artigos\/bodies\/1598917561.webp\" alt=\"\"\/><figcaption>Mosaico da partida contra o Gr\u00eamio (Alexandre Vidal\/CRF)<\/figcaption><\/figure>\n\n\n\n<p>Retirado de: Site oficial do Flamengo<\/p>\n","protected":false},"excerpt":{"rendered":"<p>Para os s\u00f3cios-torcedores ficarem ainda mais pr\u00f3ximos do Meng\u00e3o, o Na\u00e7\u00e3o Rubro-Negra preparou uma a\u00e7\u00e3o exclusiva para seus membros ativos: escolher a frase do pr\u00f3ximo mosaico que vai pintar o Maracan\u00e3 de vermelho e preto. Para participar, o s\u00f3cio deve enviar a sugest\u00e3o at\u00e9 quarta-feira (02 de setembro), \u00e0s 17h, com, no m\u00e1ximo, tr\u00eas palavras. [&hellip;]<\/p>\n","protected":false},"author":1,"featured_media":15081,"comment_status":"open","ping_status":"closed","sticky":false,"template":"","format":"standard","meta":{"footnotes":""},"categories":[47],"tags":[],"class_list":["post-46601","post","type-post","status-publish","format-standard","has-post-thumbnail","hentry","category-destaques"],"yoast_head":"<!-- This site is optimized with the Yoast SEO Premium plugin v24.2 (Yoast SEO v26.9) - https:\/\/yoast.com\/product\/yoast-seo-premium-wordpress\/ -->\n<title>S\u00f3cios do Flamengo ir\u00e3o escolher mosaico para jogo contra o Fortaleza<\/title>\n<meta name=\"robots\" content=\"index, follow, max-snippet:-1, max-image-preview:large, max-video-preview:-1\" \/>\n<link rel=\"canonical\" href=\"https:\/\/www.gaveanews.com\/index.php\/2020\/09\/01\/socios-do-flamengo-irao-escolher-frase-do-mosaico-para-jogo-contra-o-fortaleza\/\" \/>\n<meta property=\"og:locale\" content=\"pt_BR\" \/>\n<meta property=\"og:type\" content=\"article\" \/>\n<meta property=\"og:title\" content=\"S\u00f3cios do Flamengo ir\u00e3o escolher frase do mosaico para jogo contra o Fortaleza\" \/>\n<meta property=\"og:description\" content=\"Para os s\u00f3cios-torcedores ficarem ainda mais pr\u00f3ximos do Meng\u00e3o, o Na\u00e7\u00e3o Rubro-Negra preparou uma a\u00e7\u00e3o exclusiva para seus membros ativos: escolher a frase do pr\u00f3ximo mosaico que vai pintar o Maracan\u00e3 de vermelho e preto. Para participar, o s\u00f3cio deve enviar a sugest\u00e3o at\u00e9 quarta-feira (02 de setembro), \u00e0s 17h, com, no m\u00e1ximo, tr\u00eas palavras. [&hellip;]\" \/>\n<meta property=\"og:url\" content=\"https:\/\/www.gaveanews.com\/index.php\/2020\/09\/01\/socios-do-flamengo-irao-escolher-frase-do-mosaico-para-jogo-contra-o-fortaleza\/\" \/>\n<meta property=\"og:site_name\" content=\"G\u00e1vea News\" \/>\n<meta property=\"article:publisher\" content=\"https:\/\/facebook.com\/gaveaNews\/\" \/>\n<meta property=\"article:published_time\" content=\"2020-09-01T03:06:40+00:00\" \/>\n<meta property=\"article:modified_time\" content=\"2020-09-01T03:06:41+00:00\" \/>\n<meta property=\"og:image\" content=\"https:\/\/www.gaveanews.com\/wp-content\/uploads\/2019\/03\/Escudo-do-Flamengo-e-exposto-proximo-a-um-dos-gols-no-gramado-do-Maracana.webp\" \/>\n\t<meta property=\"og:image:width\" content=\"1\" \/>\n\t<meta property=\"og:image:height\" content=\"1\" \/>\n\t<meta property=\"og:image:type\" content=\"image\/jpeg\" \/>\n<meta name=\"author\" content=\"Equipe G\u00e1vea News\" \/>\n<meta name=\"twitter:card\" content=\"summary_large_image\" \/>\n<meta name=\"twitter:label1\" content=\"Escrito por\" \/>\n\t<meta name=\"twitter:data1\" content=\"Equipe G\u00e1vea News\" \/>\n\t<meta name=\"twitter:label2\" content=\"Est. tempo de leitura\" \/>\n\t<meta name=\"twitter:data2\" content=\"1 minuto\" \/>\n<script type=\"application\/ld+json\" class=\"yoast-schema-graph\">{\"@context\":\"https:\/\/schema.org\",\"@graph\":[{\"@type\":\"NewsArticle\",\"@id\":\"https:\/\/www.gaveanews.com\/index.php\/2020\/09\/01\/socios-do-flamengo-irao-escolher-frase-do-mosaico-para-jogo-contra-o-fortaleza\/#article\",\"isPartOf\":{\"@id\":\"https:\/\/www.gaveanews.com\/index.php\/2020\/09\/01\/socios-do-flamengo-irao-escolher-frase-do-mosaico-para-jogo-contra-o-fortaleza\/\"},\"author\":{\"name\":\"Equipe G\u00e1vea News\",\"@id\":\"https:\/\/www.gaveanews.com\/#\/schema\/person\/2ec14f73fb96be2caf28f91afb14749d\"},\"headline\":\"S\u00f3cios do Flamengo ir\u00e3o escolher frase do mosaico para jogo contra o Fortaleza\",\"datePublished\":\"2020-09-01T03:06:40+00:00\",\"dateModified\":\"2020-09-01T03:06:41+00:00\",\"mainEntityOfPage\":{\"@id\":\"https:\/\/www.gaveanews.com\/index.php\/2020\/09\/01\/socios-do-flamengo-irao-escolher-frase-do-mosaico-para-jogo-contra-o-fortaleza\/\"},\"wordCount\":168,\"commentCount\":5,\"image\":{\"@id\":\"https:\/\/www.gaveanews.com\/index.php\/2020\/09\/01\/socios-do-flamengo-irao-escolher-frase-do-mosaico-para-jogo-contra-o-fortaleza\/#primaryimage\"},\"thumbnailUrl\":\"https:\/\/www.gaveanews.com\/wp-content\/uploads\/2019\/03\/Escudo-do-Flamengo-e-exposto-proximo-a-um-dos-gols-no-gramado-do-Maracana.webp\",\"articleSection\":[\"Destaques\"],\"inLanguage\":\"pt-BR\",\"potentialAction\":[{\"@type\":\"CommentAction\",\"name\":\"Comment\",\"target\":[\"https:\/\/www.gaveanews.com\/index.php\/2020\/09\/01\/socios-do-flamengo-irao-escolher-frase-do-mosaico-para-jogo-contra-o-fortaleza\/#respond\"]}],\"copyrightYear\":\"2020\",\"copyrightHolder\":{\"@id\":\"https:\/\/www.gaveanews.com\/#organization\"}},{\"@type\":\"WebPage\",\"@id\":\"https:\/\/www.gaveanews.com\/index.php\/2020\/09\/01\/socios-do-flamengo-irao-escolher-frase-do-mosaico-para-jogo-contra-o-fortaleza\/\",\"url\":\"https:\/\/www.gaveanews.com\/index.php\/2020\/09\/01\/socios-do-flamengo-irao-escolher-frase-do-mosaico-para-jogo-contra-o-fortaleza\/\",\"name\":\"S\u00f3cios do Flamengo ir\u00e3o escolher mosaico para jogo contra o Fortaleza\",\"isPartOf\":{\"@id\":\"https:\/\/www.gaveanews.com\/#website\"},\"primaryImageOfPage\":{\"@id\":\"https:\/\/www.gaveanews.com\/index.php\/2020\/09\/01\/socios-do-flamengo-irao-escolher-frase-do-mosaico-para-jogo-contra-o-fortaleza\/#primaryimage\"},\"image\":{\"@id\":\"https:\/\/www.gaveanews.com\/index.php\/2020\/09\/01\/socios-do-flamengo-irao-escolher-frase-do-mosaico-para-jogo-contra-o-fortaleza\/#primaryimage\"},\"thumbnailUrl\":\"https:\/\/www.gaveanews.com\/wp-content\/uploads\/2019\/03\/Escudo-do-Flamengo-e-exposto-proximo-a-um-dos-gols-no-gramado-do-Maracana.webp\",\"datePublished\":\"2020-09-01T03:06:40+00:00\",\"dateModified\":\"2020-09-01T03:06:41+00:00\",\"author\":{\"@id\":\"https:\/\/www.gaveanews.com\/#\/schema\/person\/2ec14f73fb96be2caf28f91afb14749d\"},\"breadcrumb\":{\"@id\":\"https:\/\/www.gaveanews.com\/index.php\/2020\/09\/01\/socios-do-flamengo-irao-escolher-frase-do-mosaico-para-jogo-contra-o-fortaleza\/#breadcrumb\"},\"inLanguage\":\"pt-BR\",\"potentialAction\":[{\"@type\":\"ReadAction\",\"target\":[\"https:\/\/www.gaveanews.com\/index.php\/2020\/09\/01\/socios-do-flamengo-irao-escolher-frase-do-mosaico-para-jogo-contra-o-fortaleza\/\"]}]},{\"@type\":\"ImageObject\",\"inLanguage\":\"pt-BR\",\"@id\":\"https:\/\/www.gaveanews.com\/index.php\/2020\/09\/01\/socios-do-flamengo-irao-escolher-frase-do-mosaico-para-jogo-contra-o-fortaleza\/#primaryimage\",\"url\":\"https:\/\/www.gaveanews.com\/wp-content\/uploads\/2019\/03\/Escudo-do-Flamengo-e-exposto-proximo-a-um-dos-gols-no-gramado-do-Maracana.webp\",\"contentUrl\":\"https:\/\/www.gaveanews.com\/wp-content\/uploads\/2019\/03\/Escudo-do-Flamengo-e-exposto-proximo-a-um-dos-gols-no-gramado-do-Maracana.webp\",\"caption\":\"Escudo do Flamengo \u00e9 exposto pr\u00f3ximo a um dos gols, no gramado do Maracan\u00e3 (Foto: Daniel Castelo Branco)\"},{\"@type\":\"BreadcrumbList\",\"@id\":\"https:\/\/www.gaveanews.com\/index.php\/2020\/09\/01\/socios-do-flamengo-irao-escolher-frase-do-mosaico-para-jogo-contra-o-fortaleza\/#breadcrumb\",\"itemListElement\":[{\"@type\":\"ListItem\",\"position\":1,\"name\":\"Home\",\"item\":\"https:\/\/www.gaveanews.com\/\"},{\"@type\":\"ListItem\",\"position\":2,\"name\":\"S\u00f3cios do Flamengo ir\u00e3o escolher frase do mosaico para jogo contra o Fortaleza\"}]},{\"@type\":\"WebSite\",\"@id\":\"https:\/\/www.gaveanews.com\/#website\",\"url\":\"https:\/\/www.gaveanews.com\/\",\"name\":\"G\u00e1vea News\",\"description\":\"Veja todas as not\u00edcias sobre o Flamengo: Contrata\u00e7\u00f5es, categorias de base, resultados das partidas, tabela de classifica\u00e7\u00e3o, pr\u00f3ximos jogos!\",\"potentialAction\":[{\"@type\":\"SearchAction\",\"target\":{\"@type\":\"EntryPoint\",\"urlTemplate\":\"https:\/\/www.gaveanews.com\/?s={search_term_string}\"},\"query-input\":{\"@type\":\"PropertyValueSpecification\",\"valueRequired\":true,\"valueName\":\"search_term_string\"}}],\"inLanguage\":\"pt-BR\"},{\"@type\":\"Person\",\"@id\":\"https:\/\/www.gaveanews.com\/#\/schema\/person\/2ec14f73fb96be2caf28f91afb14749d\",\"name\":\"Equipe G\u00e1vea News\",\"image\":{\"@type\":\"ImageObject\",\"inLanguage\":\"pt-BR\",\"@id\":\"https:\/\/www.gaveanews.com\/#\/schema\/person\/image\/\",\"url\":\"https:\/\/secure.gravatar.com\/avatar\/1e1956f1facbffd3f8fa53a326721950116b3b9dc9bd44939c01180fd4a745a9?s=96&d=mm&r=g\",\"contentUrl\":\"https:\/\/secure.gravatar.com\/avatar\/1e1956f1facbffd3f8fa53a326721950116b3b9dc9bd44939c01180fd4a745a9?s=96&d=mm&r=g\",\"caption\":\"Equipe G\u00e1vea News\"}}]}<\/script>\n<!-- \/ Yoast SEO Premium plugin. -->","yoast_head_json":{"title":"S\u00f3cios do Flamengo ir\u00e3o escolher mosaico para jogo contra o Fortaleza","robots":{"index":"index","follow":"follow","max-snippet":"max-snippet:-1","max-image-preview":"max-image-preview:large","max-video-preview":"max-video-preview:-1"},"canonical":"https:\/\/www.gaveanews.com\/index.php\/2020\/09\/01\/socios-do-flamengo-irao-escolher-frase-do-mosaico-para-jogo-contra-o-fortaleza\/","og_locale":"pt_BR","og_type":"article","og_title":"S\u00f3cios do Flamengo ir\u00e3o escolher frase do mosaico para jogo contra o Fortaleza","og_description":"Para os s\u00f3cios-torcedores ficarem ainda mais pr\u00f3ximos do Meng\u00e3o, o Na\u00e7\u00e3o Rubro-Negra preparou uma a\u00e7\u00e3o exclusiva para seus membros ativos: escolher a frase do pr\u00f3ximo mosaico que vai pintar o Maracan\u00e3 de vermelho e preto. Para participar, o s\u00f3cio deve enviar a sugest\u00e3o at\u00e9 quarta-feira (02 de setembro), \u00e0s 17h, com, no m\u00e1ximo, tr\u00eas palavras. [&hellip;]","og_url":"https:\/\/www.gaveanews.com\/index.php\/2020\/09\/01\/socios-do-flamengo-irao-escolher-frase-do-mosaico-para-jogo-contra-o-fortaleza\/","og_site_name":"G\u00e1vea News","article_publisher":"https:\/\/facebook.com\/gaveaNews\/","article_published_time":"2020-09-01T03:06:40+00:00","article_modified_time":"2020-09-01T03:06:41+00:00","og_image":[{"url":"https:\/\/www.gaveanews.com\/wp-content\/uploads\/2019\/03\/Escudo-do-Flamengo-e-exposto-proximo-a-um-dos-gols-no-gramado-do-Maracana.webp","width":1,"height":1,"type":"image\/jpeg"}],"author":"Equipe G\u00e1vea News","twitter_card":"summary_large_image","twitter_misc":{"Escrito por":"Equipe G\u00e1vea News","Est. tempo de leitura":"1 minuto"},"schema":{"@context":"https:\/\/schema.org","@graph":[{"@type":"NewsArticle","@id":"https:\/\/www.gaveanews.com\/index.php\/2020\/09\/01\/socios-do-flamengo-irao-escolher-frase-do-mosaico-para-jogo-contra-o-fortaleza\/#article","isPartOf":{"@id":"https:\/\/www.gaveanews.com\/index.php\/2020\/09\/01\/socios-do-flamengo-irao-escolher-frase-do-mosaico-para-jogo-contra-o-fortaleza\/"},"author":{"name":"Equipe G\u00e1vea News","@id":"https:\/\/www.gaveanews.com\/#\/schema\/person\/2ec14f73fb96be2caf28f91afb14749d"},"headline":"S\u00f3cios do Flamengo ir\u00e3o escolher frase do mosaico para jogo contra o Fortaleza","datePublished":"2020-09-01T03:06:40+00:00","dateModified":"2020-09-01T03:06:41+00:00","mainEntityOfPage":{"@id":"https:\/\/www.gaveanews.com\/index.php\/2020\/09\/01\/socios-do-flamengo-irao-escolher-frase-do-mosaico-para-jogo-contra-o-fortaleza\/"},"wordCount":168,"commentCount":5,"image":{"@id":"https:\/\/www.gaveanews.com\/index.php\/2020\/09\/01\/socios-do-flamengo-irao-escolher-frase-do-mosaico-para-jogo-contra-o-fortaleza\/#primaryimage"},"thumbnailUrl":"https:\/\/www.gaveanews.com\/wp-content\/uploads\/2019\/03\/Escudo-do-Flamengo-e-exposto-proximo-a-um-dos-gols-no-gramado-do-Maracana.webp","articleSection":["Destaques"],"inLanguage":"pt-BR","potentialAction":[{"@type":"CommentAction","name":"Comment","target":["https:\/\/www.gaveanews.com\/index.php\/2020\/09\/01\/socios-do-flamengo-irao-escolher-frase-do-mosaico-para-jogo-contra-o-fortaleza\/#respond"]}],"copyrightYear":"2020","copyrightHolder":{"@id":"https:\/\/www.gaveanews.com\/#organization"}},{"@type":"WebPage","@id":"https:\/\/www.gaveanews.com\/index.php\/2020\/09\/01\/socios-do-flamengo-irao-escolher-frase-do-mosaico-para-jogo-contra-o-fortaleza\/","url":"https:\/\/www.gaveanews.com\/index.php\/2020\/09\/01\/socios-do-flamengo-irao-escolher-frase-do-mosaico-para-jogo-contra-o-fortaleza\/","name":"S\u00f3cios do Flamengo ir\u00e3o escolher mosaico para jogo contra o Fortaleza","isPartOf":{"@id":"https:\/\/www.gaveanews.com\/#website"},"primaryImageOfPage":{"@id":"https:\/\/www.gaveanews.com\/index.php\/2020\/09\/01\/socios-do-flamengo-irao-escolher-frase-do-mosaico-para-jogo-contra-o-fortaleza\/#primaryimage"},"image":{"@id":"https:\/\/www.gaveanews.com\/index.php\/2020\/09\/01\/socios-do-flamengo-irao-escolher-frase-do-mosaico-para-jogo-contra-o-fortaleza\/#primaryimage"},"thumbnailUrl":"https:\/\/www.gaveanews.com\/wp-content\/uploads\/2019\/03\/Escudo-do-Flamengo-e-exposto-proximo-a-um-dos-gols-no-gramado-do-Maracana.webp","datePublished":"2020-09-01T03:06:40+00:00","dateModified":"2020-09-01T03:06:41+00:00","author":{"@id":"https:\/\/www.gaveanews.com\/#\/schema\/person\/2ec14f73fb96be2caf28f91afb14749d"},"breadcrumb":{"@id":"https:\/\/www.gaveanews.com\/index.php\/2020\/09\/01\/socios-do-flamengo-irao-escolher-frase-do-mosaico-para-jogo-contra-o-fortaleza\/#breadcrumb"},"inLanguage":"pt-BR","potentialAction":[{"@type":"ReadAction","target":["https:\/\/www.gaveanews.com\/index.php\/2020\/09\/01\/socios-do-flamengo-irao-escolher-frase-do-mosaico-para-jogo-contra-o-fortaleza\/"]}]},{"@type":"ImageObject","inLanguage":"pt-BR","@id":"https:\/\/www.gaveanews.com\/index.php\/2020\/09\/01\/socios-do-flamengo-irao-escolher-frase-do-mosaico-para-jogo-contra-o-fortaleza\/#primaryimage","url":"https:\/\/www.gaveanews.com\/wp-content\/uploads\/2019\/03\/Escudo-do-Flamengo-e-exposto-proximo-a-um-dos-gols-no-gramado-do-Maracana.webp","contentUrl":"https:\/\/www.gaveanews.com\/wp-content\/uploads\/2019\/03\/Escudo-do-Flamengo-e-exposto-proximo-a-um-dos-gols-no-gramado-do-Maracana.webp","caption":"Escudo do Flamengo \u00e9 exposto pr\u00f3ximo a um dos gols, no gramado do Maracan\u00e3 (Foto: Daniel Castelo Branco)"},{"@type":"BreadcrumbList","@id":"https:\/\/www.gaveanews.com\/index.php\/2020\/09\/01\/socios-do-flamengo-irao-escolher-frase-do-mosaico-para-jogo-contra-o-fortaleza\/#breadcrumb","itemListElement":[{"@type":"ListItem","position":1,"name":"Home","item":"https:\/\/www.gaveanews.com\/"},{"@type":"ListItem","position":2,"name":"S\u00f3cios do Flamengo ir\u00e3o escolher frase do mosaico para jogo contra o Fortaleza"}]},{"@type":"WebSite","@id":"https:\/\/www.gaveanews.com\/#website","url":"https:\/\/www.gaveanews.com\/","name":"G\u00e1vea News","description":"Veja todas as not\u00edcias sobre o Flamengo: Contrata\u00e7\u00f5es, categorias de base, resultados das partidas, tabela de classifica\u00e7\u00e3o, pr\u00f3ximos jogos!","potentialAction":[{"@type":"SearchAction","target":{"@type":"EntryPoint","urlTemplate":"https:\/\/www.gaveanews.com\/?s={search_term_string}"},"query-input":{"@type":"PropertyValueSpecification","valueRequired":true,"valueName":"search_term_string"}}],"inLanguage":"pt-BR"},{"@type":"Person","@id":"https:\/\/www.gaveanews.com\/#\/schema\/person\/2ec14f73fb96be2caf28f91afb14749d","name":"Equipe G\u00e1vea News","image":{"@type":"ImageObject","inLanguage":"pt-BR","@id":"https:\/\/www.gaveanews.com\/#\/schema\/person\/image\/","url":"https:\/\/secure.gravatar.com\/avatar\/1e1956f1facbffd3f8fa53a326721950116b3b9dc9bd44939c01180fd4a745a9?s=96&d=mm&r=g","contentUrl":"https:\/\/secure.gravatar.com\/avatar\/1e1956f1facbffd3f8fa53a326721950116b3b9dc9bd44939c01180fd4a745a9?s=96&d=mm&r=g","caption":"Equipe G\u00e1vea News"}}]}},"_links":{"self":[{"href":"https:\/\/www.gaveanews.com\/index.php\/wp-json\/wp\/v2\/posts\/46601","targetHints":{"allow":["GET"]}}],"collection":[{"href":"https:\/\/www.gaveanews.com\/index.php\/wp-json\/wp\/v2\/posts"}],"about":[{"href":"https:\/\/www.gaveanews.com\/index.php\/wp-json\/wp\/v2\/types\/post"}],"author":[{"embeddable":true,"href":"https:\/\/www.gaveanews.com\/index.php\/wp-json\/wp\/v2\/users\/1"}],"replies":[{"embeddable":true,"href":"https:\/\/www.gaveanews.com\/index.php\/wp-json\/wp\/v2\/comments?post=46601"}],"version-history":[{"count":0,"href":"https:\/\/www.gaveanews.com\/index.php\/wp-json\/wp\/v2\/posts\/46601\/revisions"}],"wp:featuredmedia":[{"embeddable":true,"href":"https:\/\/www.gaveanews.com\/index.php\/wp-json\/wp\/v2\/media\/15081"}],"wp:attachment":[{"href":"https:\/\/www.gaveanews.com\/index.php\/wp-json\/wp\/v2\/media?parent=46601"}],"wp:term":[{"taxonomy":"category","embeddable":true,"href":"https:\/\/www.gaveanews.com\/index.php\/wp-json\/wp\/v2\/categories?post=46601"},{"taxonomy":"post_tag","embeddable":true,"href":"https:\/\/www.gaveanews.com\/index.php\/wp-json\/wp\/v2\/tags?post=46601"}],"curies":[{"name":"wp","href":"https:\/\/api.w.org\/{rel}","templated":true}]}}