{"id":46611,"date":"2020-09-01T08:35:35","date_gmt":"2020-09-01T11:35:35","guid":{"rendered":"https:\/\/www.gaveanews.com\/?p=46611"},"modified":"2020-09-01T08:35:38","modified_gmt":"2020-09-01T11:35:38","slug":"a-pedido-da-globo-cbf-marca-jogos-do-brasileirao-para-brigar-com-libertadores","status":"publish","type":"post","link":"https:\/\/www.gaveanews.com\/index.php\/2020\/09\/01\/a-pedido-da-globo-cbf-marca-jogos-do-brasileirao-para-brigar-com-libertadores\/","title":{"rendered":"A pedido da Globo, CBF marca jogos do Brasileir\u00e3o para \u201cbrigar\u201d com Libertadores"},"content":{"rendered":"\n<p>A Confedera\u00e7\u00e3o Brasileira de Futebol (CBF) confirmou na noite desta segunda (31) a remarca\u00e7\u00e3o de dois jogos da primeira rodada do Brasileir\u00e3o para o dia 30 de setembro, mesma data em que times brasileiros estar\u00e3o em campo pela Libertadores.<\/p>\n\n\n\n<p>A pedido da Rede Globo, dona dos direitos de transmiss\u00e3o do Brasileir\u00e3o na TV aberta, os confrontos Corinthians x Atl\u00e9tico-GO e Botafogo x Bahia, jogos adiados da primeira rodada por causa das finais dos Estaduais, ser\u00e3o disputados no dia 30 de setembro, \u00e0s 21h30 (hor\u00e1rio de Bras\u00edlia).<\/p>\n\n\n\n<p>Os dois jogos v\u00e3o acontecer no mesmo dia e hor\u00e1rio de Flamengo x Independente Del Valle (EQU) e S\u00e3o Paulo x River Plate (ARG), pela fase de grupos da Libertadores.<\/p>\n\n\n\n<p>Recentemente, a Globo rescindiu seu contrato com a Confedera\u00e7\u00e3o Sul-Americana de Futebol (Conmebol) para a exibi\u00e7\u00e3o da competi\u00e7\u00e3o sul-americana devido \u00e0 alta do d\u00f3lar e aos estragos econ\u00f4micos da pandemia do coronav\u00edrus.<\/p>\n\n\n\n<p>De acordo com o \u201cUOL Esporte\u201c, a Globo ainda tenta um novo acordo para voltar a transmitir a Libertadores, mas, mesmo assim, pediu a remarca\u00e7\u00e3o desses dois jogos do Brasileir\u00e3o para essa data para ter uma op\u00e7\u00e3o forte caso n\u00e3o tenha uma resposta positiva da Conmebol na tentativa de recomprar os direitos da principal competi\u00e7\u00e3o sul-americana.<\/p>\n\n\n\n<p>No Brasileir\u00e3o, por contrato, a Globo tem direito a transmitir at\u00e9 tr\u00eas jogos por rodada na TV aberta. Na primeira rodada do Nacional, a emissora exibiu apenas o duelo Flamengo 0 x 1 Atl\u00e9tico-MG.<\/p>\n\n\n\n<p>Retirado de: Torcedores<\/p>\n","protected":false},"excerpt":{"rendered":"<p>A Confedera\u00e7\u00e3o Brasileira de Futebol (CBF) confirmou na noite desta segunda (31) a remarca\u00e7\u00e3o de dois jogos da primeira rodada do Brasileir\u00e3o para o dia 30 de setembro, mesma data em que times brasileiros estar\u00e3o em campo pela Libertadores. A pedido da Rede Globo, dona dos direitos de transmiss\u00e3o do Brasileir\u00e3o na TV aberta, os [&hellip;]<\/p>\n","protected":false},"author":1,"featured_media":17043,"comment_status":"open","ping_status":"closed","sticky":false,"template":"","format":"standard","meta":{"footnotes":""},"categories":[1],"tags":[],"class_list":["post-46611","post","type-post","status-publish","format-standard","has-post-thumbnail","hentry","category-flamengo"],"yoast_head":"<!-- This site is optimized with the Yoast SEO Premium plugin v24.2 (Yoast SEO v26.9) - https:\/\/yoast.com\/product\/yoast-seo-premium-wordpress\/ -->\n<title>A pedido da Globo, CBF marca jogos do Brasileir\u00e3o para \u201cbrigar\u201d com Libertadores<\/title>\n<meta name=\"robots\" content=\"index, follow, max-snippet:-1, max-image-preview:large, max-video-preview:-1\" \/>\n<link rel=\"canonical\" href=\"https:\/\/www.gaveanews.com\/index.php\/2020\/09\/01\/a-pedido-da-globo-cbf-marca-jogos-do-brasileirao-para-brigar-com-libertadores\/\" \/>\n<meta property=\"og:locale\" content=\"pt_BR\" \/>\n<meta property=\"og:type\" content=\"article\" \/>\n<meta property=\"og:title\" content=\"A pedido da Globo, CBF marca jogos do Brasileir\u00e3o para \u201cbrigar\u201d com Libertadores\" \/>\n<meta property=\"og:description\" content=\"A Confedera\u00e7\u00e3o Brasileira de Futebol (CBF) confirmou na noite desta segunda (31) a remarca\u00e7\u00e3o de dois jogos da primeira rodada do Brasileir\u00e3o para o dia 30 de setembro, mesma data em que times brasileiros estar\u00e3o em campo pela Libertadores. A pedido da Rede Globo, dona dos direitos de transmiss\u00e3o do Brasileir\u00e3o na TV aberta, os [&hellip;]\" \/>\n<meta property=\"og:url\" content=\"https:\/\/www.gaveanews.com\/index.php\/2020\/09\/01\/a-pedido-da-globo-cbf-marca-jogos-do-brasileirao-para-brigar-com-libertadores\/\" \/>\n<meta property=\"og:site_name\" content=\"G\u00e1vea News\" \/>\n<meta property=\"article:publisher\" content=\"https:\/\/facebook.com\/gaveaNews\/\" \/>\n<meta property=\"article:published_time\" content=\"2020-09-01T11:35:35+00:00\" \/>\n<meta property=\"article:modified_time\" content=\"2020-09-01T11:35:38+00:00\" \/>\n<meta property=\"og:image\" content=\"https:\/\/www.gaveanews.com\/wp-content\/uploads\/2019\/04\/Logomarca-da-Rede-Globo.webp\" \/>\n\t<meta property=\"og:image:width\" content=\"1920\" \/>\n\t<meta property=\"og:image:height\" content=\"1076\" \/>\n\t<meta property=\"og:image:type\" content=\"image\/png\" \/>\n<meta name=\"author\" content=\"Equipe G\u00e1vea News\" \/>\n<meta name=\"twitter:card\" content=\"summary_large_image\" \/>\n<meta name=\"twitter:label1\" content=\"Escrito por\" \/>\n\t<meta name=\"twitter:data1\" content=\"Equipe G\u00e1vea News\" \/>\n\t<meta name=\"twitter:label2\" content=\"Est. tempo de leitura\" \/>\n\t<meta name=\"twitter:data2\" content=\"1 minuto\" \/>\n<script type=\"application\/ld+json\" class=\"yoast-schema-graph\">{\"@context\":\"https:\/\/schema.org\",\"@graph\":[{\"@type\":\"NewsArticle\",\"@id\":\"https:\/\/www.gaveanews.com\/index.php\/2020\/09\/01\/a-pedido-da-globo-cbf-marca-jogos-do-brasileirao-para-brigar-com-libertadores\/#article\",\"isPartOf\":{\"@id\":\"https:\/\/www.gaveanews.com\/index.php\/2020\/09\/01\/a-pedido-da-globo-cbf-marca-jogos-do-brasileirao-para-brigar-com-libertadores\/\"},\"author\":{\"name\":\"Equipe G\u00e1vea News\",\"@id\":\"https:\/\/www.gaveanews.com\/#\/schema\/person\/2ec14f73fb96be2caf28f91afb14749d\"},\"headline\":\"A pedido da Globo, CBF marca jogos do Brasileir\u00e3o para \u201cbrigar\u201d com Libertadores\",\"datePublished\":\"2020-09-01T11:35:35+00:00\",\"dateModified\":\"2020-09-01T11:35:38+00:00\",\"mainEntityOfPage\":{\"@id\":\"https:\/\/www.gaveanews.com\/index.php\/2020\/09\/01\/a-pedido-da-globo-cbf-marca-jogos-do-brasileirao-para-brigar-com-libertadores\/\"},\"wordCount\":276,\"commentCount\":33,\"image\":{\"@id\":\"https:\/\/www.gaveanews.com\/index.php\/2020\/09\/01\/a-pedido-da-globo-cbf-marca-jogos-do-brasileirao-para-brigar-com-libertadores\/#primaryimage\"},\"thumbnailUrl\":\"https:\/\/www.gaveanews.com\/wp-content\/uploads\/2019\/04\/Logomarca-da-Rede-Globo.webp\",\"articleSection\":[\"Flamengo\"],\"inLanguage\":\"pt-BR\",\"potentialAction\":[{\"@type\":\"CommentAction\",\"name\":\"Comment\",\"target\":[\"https:\/\/www.gaveanews.com\/index.php\/2020\/09\/01\/a-pedido-da-globo-cbf-marca-jogos-do-brasileirao-para-brigar-com-libertadores\/#respond\"]}],\"copyrightYear\":\"2020\",\"copyrightHolder\":{\"@id\":\"https:\/\/www.gaveanews.com\/#organization\"}},{\"@type\":\"WebPage\",\"@id\":\"https:\/\/www.gaveanews.com\/index.php\/2020\/09\/01\/a-pedido-da-globo-cbf-marca-jogos-do-brasileirao-para-brigar-com-libertadores\/\",\"url\":\"https:\/\/www.gaveanews.com\/index.php\/2020\/09\/01\/a-pedido-da-globo-cbf-marca-jogos-do-brasileirao-para-brigar-com-libertadores\/\",\"name\":\"A pedido da Globo, CBF marca jogos do Brasileir\u00e3o para \u201cbrigar\u201d com Libertadores\",\"isPartOf\":{\"@id\":\"https:\/\/www.gaveanews.com\/#website\"},\"primaryImageOfPage\":{\"@id\":\"https:\/\/www.gaveanews.com\/index.php\/2020\/09\/01\/a-pedido-da-globo-cbf-marca-jogos-do-brasileirao-para-brigar-com-libertadores\/#primaryimage\"},\"image\":{\"@id\":\"https:\/\/www.gaveanews.com\/index.php\/2020\/09\/01\/a-pedido-da-globo-cbf-marca-jogos-do-brasileirao-para-brigar-com-libertadores\/#primaryimage\"},\"thumbnailUrl\":\"https:\/\/www.gaveanews.com\/wp-content\/uploads\/2019\/04\/Logomarca-da-Rede-Globo.webp\",\"datePublished\":\"2020-09-01T11:35:35+00:00\",\"dateModified\":\"2020-09-01T11:35:38+00:00\",\"author\":{\"@id\":\"https:\/\/www.gaveanews.com\/#\/schema\/person\/2ec14f73fb96be2caf28f91afb14749d\"},\"breadcrumb\":{\"@id\":\"https:\/\/www.gaveanews.com\/index.php\/2020\/09\/01\/a-pedido-da-globo-cbf-marca-jogos-do-brasileirao-para-brigar-com-libertadores\/#breadcrumb\"},\"inLanguage\":\"pt-BR\",\"potentialAction\":[{\"@type\":\"ReadAction\",\"target\":[\"https:\/\/www.gaveanews.com\/index.php\/2020\/09\/01\/a-pedido-da-globo-cbf-marca-jogos-do-brasileirao-para-brigar-com-libertadores\/\"]}]},{\"@type\":\"ImageObject\",\"inLanguage\":\"pt-BR\",\"@id\":\"https:\/\/www.gaveanews.com\/index.php\/2020\/09\/01\/a-pedido-da-globo-cbf-marca-jogos-do-brasileirao-para-brigar-com-libertadores\/#primaryimage\",\"url\":\"https:\/\/www.gaveanews.com\/wp-content\/uploads\/2019\/04\/Logomarca-da-Rede-Globo.webp\",\"contentUrl\":\"https:\/\/www.gaveanews.com\/wp-content\/uploads\/2019\/04\/Logomarca-da-Rede-Globo.webp\",\"width\":1920,\"height\":1076,\"caption\":\"Logomarca da Rede Globo (Foto: Reprodu\u00e7\u00e3o)\"},{\"@type\":\"BreadcrumbList\",\"@id\":\"https:\/\/www.gaveanews.com\/index.php\/2020\/09\/01\/a-pedido-da-globo-cbf-marca-jogos-do-brasileirao-para-brigar-com-libertadores\/#breadcrumb\",\"itemListElement\":[{\"@type\":\"ListItem\",\"position\":1,\"name\":\"Home\",\"item\":\"https:\/\/www.gaveanews.com\/\"},{\"@type\":\"ListItem\",\"position\":2,\"name\":\"A pedido da Globo, CBF marca jogos do Brasileir\u00e3o para \u201cbrigar\u201d com Libertadores\"}]},{\"@type\":\"WebSite\",\"@id\":\"https:\/\/www.gaveanews.com\/#website\",\"url\":\"https:\/\/www.gaveanews.com\/\",\"name\":\"G\u00e1vea News\",\"description\":\"Veja todas as not\u00edcias sobre o Flamengo: Contrata\u00e7\u00f5es, categorias de base, resultados das partidas, tabela de classifica\u00e7\u00e3o, pr\u00f3ximos jogos!\",\"potentialAction\":[{\"@type\":\"SearchAction\",\"target\":{\"@type\":\"EntryPoint\",\"urlTemplate\":\"https:\/\/www.gaveanews.com\/?s={search_term_string}\"},\"query-input\":{\"@type\":\"PropertyValueSpecification\",\"valueRequired\":true,\"valueName\":\"search_term_string\"}}],\"inLanguage\":\"pt-BR\"},{\"@type\":\"Person\",\"@id\":\"https:\/\/www.gaveanews.com\/#\/schema\/person\/2ec14f73fb96be2caf28f91afb14749d\",\"name\":\"Equipe G\u00e1vea News\",\"image\":{\"@type\":\"ImageObject\",\"inLanguage\":\"pt-BR\",\"@id\":\"https:\/\/www.gaveanews.com\/#\/schema\/person\/image\/\",\"url\":\"https:\/\/secure.gravatar.com\/avatar\/1e1956f1facbffd3f8fa53a326721950116b3b9dc9bd44939c01180fd4a745a9?s=96&d=mm&r=g\",\"contentUrl\":\"https:\/\/secure.gravatar.com\/avatar\/1e1956f1facbffd3f8fa53a326721950116b3b9dc9bd44939c01180fd4a745a9?s=96&d=mm&r=g\",\"caption\":\"Equipe G\u00e1vea News\"}}]}<\/script>\n<!-- \/ Yoast SEO Premium plugin. -->","yoast_head_json":{"title":"A pedido da Globo, CBF marca jogos do Brasileir\u00e3o para \u201cbrigar\u201d com Libertadores","robots":{"index":"index","follow":"follow","max-snippet":"max-snippet:-1","max-image-preview":"max-image-preview:large","max-video-preview":"max-video-preview:-1"},"canonical":"https:\/\/www.gaveanews.com\/index.php\/2020\/09\/01\/a-pedido-da-globo-cbf-marca-jogos-do-brasileirao-para-brigar-com-libertadores\/","og_locale":"pt_BR","og_type":"article","og_title":"A pedido da Globo, CBF marca jogos do Brasileir\u00e3o para \u201cbrigar\u201d com Libertadores","og_description":"A Confedera\u00e7\u00e3o Brasileira de Futebol (CBF) confirmou na noite desta segunda (31) a remarca\u00e7\u00e3o de dois jogos da primeira rodada do Brasileir\u00e3o para o dia 30 de setembro, mesma data em que times brasileiros estar\u00e3o em campo pela Libertadores. A pedido da Rede Globo, dona dos direitos de transmiss\u00e3o do Brasileir\u00e3o na TV aberta, os [&hellip;]","og_url":"https:\/\/www.gaveanews.com\/index.php\/2020\/09\/01\/a-pedido-da-globo-cbf-marca-jogos-do-brasileirao-para-brigar-com-libertadores\/","og_site_name":"G\u00e1vea News","article_publisher":"https:\/\/facebook.com\/gaveaNews\/","article_published_time":"2020-09-01T11:35:35+00:00","article_modified_time":"2020-09-01T11:35:38+00:00","og_image":[{"width":1920,"height":1076,"url":"https:\/\/www.gaveanews.com\/wp-content\/uploads\/2019\/04\/Logomarca-da-Rede-Globo.webp","type":"image\/png"}],"author":"Equipe G\u00e1vea News","twitter_card":"summary_large_image","twitter_misc":{"Escrito por":"Equipe G\u00e1vea News","Est. tempo de leitura":"1 minuto"},"schema":{"@context":"https:\/\/schema.org","@graph":[{"@type":"NewsArticle","@id":"https:\/\/www.gaveanews.com\/index.php\/2020\/09\/01\/a-pedido-da-globo-cbf-marca-jogos-do-brasileirao-para-brigar-com-libertadores\/#article","isPartOf":{"@id":"https:\/\/www.gaveanews.com\/index.php\/2020\/09\/01\/a-pedido-da-globo-cbf-marca-jogos-do-brasileirao-para-brigar-com-libertadores\/"},"author":{"name":"Equipe G\u00e1vea News","@id":"https:\/\/www.gaveanews.com\/#\/schema\/person\/2ec14f73fb96be2caf28f91afb14749d"},"headline":"A pedido da Globo, CBF marca jogos do Brasileir\u00e3o para \u201cbrigar\u201d com Libertadores","datePublished":"2020-09-01T11:35:35+00:00","dateModified":"2020-09-01T11:35:38+00:00","mainEntityOfPage":{"@id":"https:\/\/www.gaveanews.com\/index.php\/2020\/09\/01\/a-pedido-da-globo-cbf-marca-jogos-do-brasileirao-para-brigar-com-libertadores\/"},"wordCount":276,"commentCount":33,"image":{"@id":"https:\/\/www.gaveanews.com\/index.php\/2020\/09\/01\/a-pedido-da-globo-cbf-marca-jogos-do-brasileirao-para-brigar-com-libertadores\/#primaryimage"},"thumbnailUrl":"https:\/\/www.gaveanews.com\/wp-content\/uploads\/2019\/04\/Logomarca-da-Rede-Globo.webp","articleSection":["Flamengo"],"inLanguage":"pt-BR","potentialAction":[{"@type":"CommentAction","name":"Comment","target":["https:\/\/www.gaveanews.com\/index.php\/2020\/09\/01\/a-pedido-da-globo-cbf-marca-jogos-do-brasileirao-para-brigar-com-libertadores\/#respond"]}],"copyrightYear":"2020","copyrightHolder":{"@id":"https:\/\/www.gaveanews.com\/#organization"}},{"@type":"WebPage","@id":"https:\/\/www.gaveanews.com\/index.php\/2020\/09\/01\/a-pedido-da-globo-cbf-marca-jogos-do-brasileirao-para-brigar-com-libertadores\/","url":"https:\/\/www.gaveanews.com\/index.php\/2020\/09\/01\/a-pedido-da-globo-cbf-marca-jogos-do-brasileirao-para-brigar-com-libertadores\/","name":"A pedido da Globo, CBF marca jogos do Brasileir\u00e3o para \u201cbrigar\u201d com Libertadores","isPartOf":{"@id":"https:\/\/www.gaveanews.com\/#website"},"primaryImageOfPage":{"@id":"https:\/\/www.gaveanews.com\/index.php\/2020\/09\/01\/a-pedido-da-globo-cbf-marca-jogos-do-brasileirao-para-brigar-com-libertadores\/#primaryimage"},"image":{"@id":"https:\/\/www.gaveanews.com\/index.php\/2020\/09\/01\/a-pedido-da-globo-cbf-marca-jogos-do-brasileirao-para-brigar-com-libertadores\/#primaryimage"},"thumbnailUrl":"https:\/\/www.gaveanews.com\/wp-content\/uploads\/2019\/04\/Logomarca-da-Rede-Globo.webp","datePublished":"2020-09-01T11:35:35+00:00","dateModified":"2020-09-01T11:35:38+00:00","author":{"@id":"https:\/\/www.gaveanews.com\/#\/schema\/person\/2ec14f73fb96be2caf28f91afb14749d"},"breadcrumb":{"@id":"https:\/\/www.gaveanews.com\/index.php\/2020\/09\/01\/a-pedido-da-globo-cbf-marca-jogos-do-brasileirao-para-brigar-com-libertadores\/#breadcrumb"},"inLanguage":"pt-BR","potentialAction":[{"@type":"ReadAction","target":["https:\/\/www.gaveanews.com\/index.php\/2020\/09\/01\/a-pedido-da-globo-cbf-marca-jogos-do-brasileirao-para-brigar-com-libertadores\/"]}]},{"@type":"ImageObject","inLanguage":"pt-BR","@id":"https:\/\/www.gaveanews.com\/index.php\/2020\/09\/01\/a-pedido-da-globo-cbf-marca-jogos-do-brasileirao-para-brigar-com-libertadores\/#primaryimage","url":"https:\/\/www.gaveanews.com\/wp-content\/uploads\/2019\/04\/Logomarca-da-Rede-Globo.webp","contentUrl":"https:\/\/www.gaveanews.com\/wp-content\/uploads\/2019\/04\/Logomarca-da-Rede-Globo.webp","width":1920,"height":1076,"caption":"Logomarca da Rede Globo (Foto: Reprodu\u00e7\u00e3o)"},{"@type":"BreadcrumbList","@id":"https:\/\/www.gaveanews.com\/index.php\/2020\/09\/01\/a-pedido-da-globo-cbf-marca-jogos-do-brasileirao-para-brigar-com-libertadores\/#breadcrumb","itemListElement":[{"@type":"ListItem","position":1,"name":"Home","item":"https:\/\/www.gaveanews.com\/"},{"@type":"ListItem","position":2,"name":"A pedido da Globo, CBF marca jogos do Brasileir\u00e3o para \u201cbrigar\u201d com Libertadores"}]},{"@type":"WebSite","@id":"https:\/\/www.gaveanews.com\/#website","url":"https:\/\/www.gaveanews.com\/","name":"G\u00e1vea News","description":"Veja todas as not\u00edcias sobre o Flamengo: Contrata\u00e7\u00f5es, categorias de base, resultados das partidas, tabela de classifica\u00e7\u00e3o, pr\u00f3ximos jogos!","potentialAction":[{"@type":"SearchAction","target":{"@type":"EntryPoint","urlTemplate":"https:\/\/www.gaveanews.com\/?s={search_term_string}"},"query-input":{"@type":"PropertyValueSpecification","valueRequired":true,"valueName":"search_term_string"}}],"inLanguage":"pt-BR"},{"@type":"Person","@id":"https:\/\/www.gaveanews.com\/#\/schema\/person\/2ec14f73fb96be2caf28f91afb14749d","name":"Equipe G\u00e1vea News","image":{"@type":"ImageObject","inLanguage":"pt-BR","@id":"https:\/\/www.gaveanews.com\/#\/schema\/person\/image\/","url":"https:\/\/secure.gravatar.com\/avatar\/1e1956f1facbffd3f8fa53a326721950116b3b9dc9bd44939c01180fd4a745a9?s=96&d=mm&r=g","contentUrl":"https:\/\/secure.gravatar.com\/avatar\/1e1956f1facbffd3f8fa53a326721950116b3b9dc9bd44939c01180fd4a745a9?s=96&d=mm&r=g","caption":"Equipe G\u00e1vea News"}}]}},"_links":{"self":[{"href":"https:\/\/www.gaveanews.com\/index.php\/wp-json\/wp\/v2\/posts\/46611","targetHints":{"allow":["GET"]}}],"collection":[{"href":"https:\/\/www.gaveanews.com\/index.php\/wp-json\/wp\/v2\/posts"}],"about":[{"href":"https:\/\/www.gaveanews.com\/index.php\/wp-json\/wp\/v2\/types\/post"}],"author":[{"embeddable":true,"href":"https:\/\/www.gaveanews.com\/index.php\/wp-json\/wp\/v2\/users\/1"}],"replies":[{"embeddable":true,"href":"https:\/\/www.gaveanews.com\/index.php\/wp-json\/wp\/v2\/comments?post=46611"}],"version-history":[{"count":0,"href":"https:\/\/www.gaveanews.com\/index.php\/wp-json\/wp\/v2\/posts\/46611\/revisions"}],"wp:featuredmedia":[{"embeddable":true,"href":"https:\/\/www.gaveanews.com\/index.php\/wp-json\/wp\/v2\/media\/17043"}],"wp:attachment":[{"href":"https:\/\/www.gaveanews.com\/index.php\/wp-json\/wp\/v2\/media?parent=46611"}],"wp:term":[{"taxonomy":"category","embeddable":true,"href":"https:\/\/www.gaveanews.com\/index.php\/wp-json\/wp\/v2\/categories?post=46611"},{"taxonomy":"post_tag","embeddable":true,"href":"https:\/\/www.gaveanews.com\/index.php\/wp-json\/wp\/v2\/tags?post=46611"}],"curies":[{"name":"wp","href":"https:\/\/api.w.org\/{rel}","templated":true}]}}