{"id":46623,"date":"2020-09-01T13:52:44","date_gmt":"2020-09-01T16:52:44","guid":{"rendered":"https:\/\/www.gaveanews.com\/?p=46623"},"modified":"2020-09-01T13:52:46","modified_gmt":"2020-09-01T16:52:46","slug":"flamengo-abre-conversas-com-investidores-para-contratar-guga","status":"publish","type":"post","link":"https:\/\/www.gaveanews.com\/index.php\/2020\/09\/01\/flamengo-abre-conversas-com-investidores-para-contratar-guga\/","title":{"rendered":"Flamengo abre conversas com investidores para contratar Guga"},"content":{"rendered":"\n<p>O Flamengo conversa diretamente com o grupo de investidores respons\u00e1vel por ter levado Guga ao Atl\u00e9tico-MG, em busca de um poss\u00edvel acordo pelo lateral direito. <\/p>\n\n\n\n<p>Os cariocas j\u00e1 sabem a pedida pela libera\u00e7\u00e3o do jogador \u2014cinco milh\u00f5es de euros (R$ 32,7 milh\u00f5es na cota\u00e7\u00e3o atual) \u00e0 vista \u2014 e tentam uma composi\u00e7\u00e3o para busc\u00e1-lo no mercado da bola. Na conversa, participam tamb\u00e9m membros do estafe de Guga, liderado pelo empres\u00e1rio Giuliano Bertolucci.<\/p>\n\n\n\n<p>Os mineiros contaram com o aux\u00edlio de parceiros (Banco BMG e MRV) para adquirir 75% dos direitos econ\u00f4micos do lateral direito no ano passado por R$ 7,5 milh\u00f5es. O restante dos direitos pertence ao Ava\u00ed, ex-clube do atleta de 21 anos. Agora, os investidores t\u00eam que receber um percentual do montante e, por isso, conduzem as tratativas com o Flamengo.<\/p>\n\n\n\n<p>Retirado de: UOL<\/p>\n","protected":false},"excerpt":{"rendered":"<p>O Flamengo conversa diretamente com o grupo de investidores respons\u00e1vel por ter levado Guga ao Atl\u00e9tico-MG, em busca de um poss\u00edvel acordo pelo lateral direito. Os cariocas j\u00e1 sabem a pedida pela libera\u00e7\u00e3o do jogador \u2014cinco milh\u00f5es de euros (R$ 32,7 milh\u00f5es na cota\u00e7\u00e3o atual) \u00e0 vista \u2014 e tentam uma composi\u00e7\u00e3o para busc\u00e1-lo no [&hellip;]<\/p>\n","protected":false},"author":1,"featured_media":45598,"comment_status":"open","ping_status":"closed","sticky":false,"template":"","format":"standard","meta":{"footnotes":""},"categories":[48],"tags":[],"class_list":["post-46623","post","type-post","status-publish","format-standard","has-post-thumbnail","hentry","category-negociacoes"],"yoast_head":"<!-- This site is optimized with the Yoast SEO Premium plugin v24.2 (Yoast SEO v26.9) - https:\/\/yoast.com\/product\/yoast-seo-premium-wordpress\/ -->\n<title>Flamengo abre conversas com investidores para contratar Guga<\/title>\n<meta name=\"description\" content=\"O Flamengo conversa diretamente com o grupo de investidores respons\u00e1vel por ter levado Guga ao Atl\u00e9tico Mineiro.\" \/>\n<meta name=\"robots\" content=\"index, follow, max-snippet:-1, max-image-preview:large, max-video-preview:-1\" \/>\n<link rel=\"canonical\" href=\"https:\/\/www.gaveanews.com\/index.php\/2020\/09\/01\/flamengo-abre-conversas-com-investidores-para-contratar-guga\/\" \/>\n<meta property=\"og:locale\" content=\"pt_BR\" \/>\n<meta property=\"og:type\" content=\"article\" \/>\n<meta property=\"og:title\" content=\"Flamengo abre conversas com investidores para contratar Guga\" \/>\n<meta property=\"og:description\" content=\"O Flamengo conversa diretamente com o grupo de investidores respons\u00e1vel por ter levado Guga ao Atl\u00e9tico Mineiro.\" \/>\n<meta property=\"og:url\" content=\"https:\/\/www.gaveanews.com\/index.php\/2020\/09\/01\/flamengo-abre-conversas-com-investidores-para-contratar-guga\/\" \/>\n<meta property=\"og:site_name\" content=\"G\u00e1vea News\" \/>\n<meta property=\"article:publisher\" content=\"https:\/\/facebook.com\/gaveaNews\/\" \/>\n<meta property=\"article:published_time\" content=\"2020-09-01T16:52:44+00:00\" \/>\n<meta property=\"article:modified_time\" content=\"2020-09-01T16:52:46+00:00\" \/>\n<meta property=\"og:image\" content=\"https:\/\/www.gaveanews.com\/wp-content\/uploads\/Guga-com-a-camisa-do-Brasil.webp\" \/>\n\t<meta property=\"og:image:width\" content=\"984\" \/>\n\t<meta property=\"og:image:height\" content=\"1312\" \/>\n\t<meta property=\"og:image:type\" content=\"image\/jpeg\" \/>\n<meta name=\"author\" content=\"Equipe G\u00e1vea News\" \/>\n<meta name=\"twitter:card\" content=\"summary_large_image\" \/>\n<meta name=\"twitter:label1\" content=\"Escrito por\" \/>\n\t<meta name=\"twitter:data1\" content=\"Equipe G\u00e1vea News\" \/>\n\t<meta name=\"twitter:label2\" content=\"Est. tempo de leitura\" \/>\n\t<meta name=\"twitter:data2\" content=\"1 minuto\" \/>\n<script type=\"application\/ld+json\" class=\"yoast-schema-graph\">{\"@context\":\"https:\/\/schema.org\",\"@graph\":[{\"@type\":\"NewsArticle\",\"@id\":\"https:\/\/www.gaveanews.com\/index.php\/2020\/09\/01\/flamengo-abre-conversas-com-investidores-para-contratar-guga\/#article\",\"isPartOf\":{\"@id\":\"https:\/\/www.gaveanews.com\/index.php\/2020\/09\/01\/flamengo-abre-conversas-com-investidores-para-contratar-guga\/\"},\"author\":{\"name\":\"Equipe G\u00e1vea News\",\"@id\":\"https:\/\/www.gaveanews.com\/#\/schema\/person\/2ec14f73fb96be2caf28f91afb14749d\"},\"headline\":\"Flamengo abre conversas com investidores para contratar Guga\",\"datePublished\":\"2020-09-01T16:52:44+00:00\",\"dateModified\":\"2020-09-01T16:52:46+00:00\",\"mainEntityOfPage\":{\"@id\":\"https:\/\/www.gaveanews.com\/index.php\/2020\/09\/01\/flamengo-abre-conversas-com-investidores-para-contratar-guga\/\"},\"wordCount\":152,\"commentCount\":20,\"image\":{\"@id\":\"https:\/\/www.gaveanews.com\/index.php\/2020\/09\/01\/flamengo-abre-conversas-com-investidores-para-contratar-guga\/#primaryimage\"},\"thumbnailUrl\":\"https:\/\/www.gaveanews.com\/wp-content\/uploads\/Guga-com-a-camisa-do-Brasil.webp\",\"articleSection\":[\"Negocia\u00e7\u00f5es\"],\"inLanguage\":\"pt-BR\",\"potentialAction\":[{\"@type\":\"CommentAction\",\"name\":\"Comment\",\"target\":[\"https:\/\/www.gaveanews.com\/index.php\/2020\/09\/01\/flamengo-abre-conversas-com-investidores-para-contratar-guga\/#respond\"]}],\"copyrightYear\":\"2020\",\"copyrightHolder\":{\"@id\":\"https:\/\/www.gaveanews.com\/#organization\"}},{\"@type\":\"WebPage\",\"@id\":\"https:\/\/www.gaveanews.com\/index.php\/2020\/09\/01\/flamengo-abre-conversas-com-investidores-para-contratar-guga\/\",\"url\":\"https:\/\/www.gaveanews.com\/index.php\/2020\/09\/01\/flamengo-abre-conversas-com-investidores-para-contratar-guga\/\",\"name\":\"Flamengo abre conversas com investidores para contratar Guga\",\"isPartOf\":{\"@id\":\"https:\/\/www.gaveanews.com\/#website\"},\"primaryImageOfPage\":{\"@id\":\"https:\/\/www.gaveanews.com\/index.php\/2020\/09\/01\/flamengo-abre-conversas-com-investidores-para-contratar-guga\/#primaryimage\"},\"image\":{\"@id\":\"https:\/\/www.gaveanews.com\/index.php\/2020\/09\/01\/flamengo-abre-conversas-com-investidores-para-contratar-guga\/#primaryimage\"},\"thumbnailUrl\":\"https:\/\/www.gaveanews.com\/wp-content\/uploads\/Guga-com-a-camisa-do-Brasil.webp\",\"datePublished\":\"2020-09-01T16:52:44+00:00\",\"dateModified\":\"2020-09-01T16:52:46+00:00\",\"author\":{\"@id\":\"https:\/\/www.gaveanews.com\/#\/schema\/person\/2ec14f73fb96be2caf28f91afb14749d\"},\"description\":\"O Flamengo conversa diretamente com o grupo de investidores respons\u00e1vel por ter levado Guga ao Atl\u00e9tico Mineiro.\",\"breadcrumb\":{\"@id\":\"https:\/\/www.gaveanews.com\/index.php\/2020\/09\/01\/flamengo-abre-conversas-com-investidores-para-contratar-guga\/#breadcrumb\"},\"inLanguage\":\"pt-BR\",\"potentialAction\":[{\"@type\":\"ReadAction\",\"target\":[\"https:\/\/www.gaveanews.com\/index.php\/2020\/09\/01\/flamengo-abre-conversas-com-investidores-para-contratar-guga\/\"]}]},{\"@type\":\"ImageObject\",\"inLanguage\":\"pt-BR\",\"@id\":\"https:\/\/www.gaveanews.com\/index.php\/2020\/09\/01\/flamengo-abre-conversas-com-investidores-para-contratar-guga\/#primaryimage\",\"url\":\"https:\/\/www.gaveanews.com\/wp-content\/uploads\/Guga-com-a-camisa-do-Brasil.webp\",\"contentUrl\":\"https:\/\/www.gaveanews.com\/wp-content\/uploads\/Guga-com-a-camisa-do-Brasil.webp\",\"width\":984,\"height\":1312,\"caption\":\"Guga com a camisa do Brasil (Foto: Reprodu\u00e7\u00e3o)\"},{\"@type\":\"BreadcrumbList\",\"@id\":\"https:\/\/www.gaveanews.com\/index.php\/2020\/09\/01\/flamengo-abre-conversas-com-investidores-para-contratar-guga\/#breadcrumb\",\"itemListElement\":[{\"@type\":\"ListItem\",\"position\":1,\"name\":\"Home\",\"item\":\"https:\/\/www.gaveanews.com\/\"},{\"@type\":\"ListItem\",\"position\":2,\"name\":\"Flamengo abre conversas com investidores para contratar Guga\"}]},{\"@type\":\"WebSite\",\"@id\":\"https:\/\/www.gaveanews.com\/#website\",\"url\":\"https:\/\/www.gaveanews.com\/\",\"name\":\"G\u00e1vea News\",\"description\":\"Veja todas as not\u00edcias sobre o Flamengo: Contrata\u00e7\u00f5es, categorias de base, resultados das partidas, tabela de classifica\u00e7\u00e3o, pr\u00f3ximos jogos!\",\"potentialAction\":[{\"@type\":\"SearchAction\",\"target\":{\"@type\":\"EntryPoint\",\"urlTemplate\":\"https:\/\/www.gaveanews.com\/?s={search_term_string}\"},\"query-input\":{\"@type\":\"PropertyValueSpecification\",\"valueRequired\":true,\"valueName\":\"search_term_string\"}}],\"inLanguage\":\"pt-BR\"},{\"@type\":\"Person\",\"@id\":\"https:\/\/www.gaveanews.com\/#\/schema\/person\/2ec14f73fb96be2caf28f91afb14749d\",\"name\":\"Equipe G\u00e1vea News\",\"image\":{\"@type\":\"ImageObject\",\"inLanguage\":\"pt-BR\",\"@id\":\"https:\/\/www.gaveanews.com\/#\/schema\/person\/image\/\",\"url\":\"https:\/\/secure.gravatar.com\/avatar\/1e1956f1facbffd3f8fa53a326721950116b3b9dc9bd44939c01180fd4a745a9?s=96&d=mm&r=g\",\"contentUrl\":\"https:\/\/secure.gravatar.com\/avatar\/1e1956f1facbffd3f8fa53a326721950116b3b9dc9bd44939c01180fd4a745a9?s=96&d=mm&r=g\",\"caption\":\"Equipe G\u00e1vea News\"}}]}<\/script>\n<!-- \/ Yoast SEO Premium plugin. -->","yoast_head_json":{"title":"Flamengo abre conversas com investidores para contratar Guga","description":"O Flamengo conversa diretamente com o grupo de investidores respons\u00e1vel por ter levado Guga ao Atl\u00e9tico Mineiro.","robots":{"index":"index","follow":"follow","max-snippet":"max-snippet:-1","max-image-preview":"max-image-preview:large","max-video-preview":"max-video-preview:-1"},"canonical":"https:\/\/www.gaveanews.com\/index.php\/2020\/09\/01\/flamengo-abre-conversas-com-investidores-para-contratar-guga\/","og_locale":"pt_BR","og_type":"article","og_title":"Flamengo abre conversas com investidores para contratar Guga","og_description":"O Flamengo conversa diretamente com o grupo de investidores respons\u00e1vel por ter levado Guga ao Atl\u00e9tico Mineiro.","og_url":"https:\/\/www.gaveanews.com\/index.php\/2020\/09\/01\/flamengo-abre-conversas-com-investidores-para-contratar-guga\/","og_site_name":"G\u00e1vea News","article_publisher":"https:\/\/facebook.com\/gaveaNews\/","article_published_time":"2020-09-01T16:52:44+00:00","article_modified_time":"2020-09-01T16:52:46+00:00","og_image":[{"width":984,"height":1312,"url":"https:\/\/www.gaveanews.com\/wp-content\/uploads\/Guga-com-a-camisa-do-Brasil.webp","type":"image\/jpeg"}],"author":"Equipe G\u00e1vea News","twitter_card":"summary_large_image","twitter_misc":{"Escrito por":"Equipe G\u00e1vea News","Est. tempo de leitura":"1 minuto"},"schema":{"@context":"https:\/\/schema.org","@graph":[{"@type":"NewsArticle","@id":"https:\/\/www.gaveanews.com\/index.php\/2020\/09\/01\/flamengo-abre-conversas-com-investidores-para-contratar-guga\/#article","isPartOf":{"@id":"https:\/\/www.gaveanews.com\/index.php\/2020\/09\/01\/flamengo-abre-conversas-com-investidores-para-contratar-guga\/"},"author":{"name":"Equipe G\u00e1vea News","@id":"https:\/\/www.gaveanews.com\/#\/schema\/person\/2ec14f73fb96be2caf28f91afb14749d"},"headline":"Flamengo abre conversas com investidores para contratar Guga","datePublished":"2020-09-01T16:52:44+00:00","dateModified":"2020-09-01T16:52:46+00:00","mainEntityOfPage":{"@id":"https:\/\/www.gaveanews.com\/index.php\/2020\/09\/01\/flamengo-abre-conversas-com-investidores-para-contratar-guga\/"},"wordCount":152,"commentCount":20,"image":{"@id":"https:\/\/www.gaveanews.com\/index.php\/2020\/09\/01\/flamengo-abre-conversas-com-investidores-para-contratar-guga\/#primaryimage"},"thumbnailUrl":"https:\/\/www.gaveanews.com\/wp-content\/uploads\/Guga-com-a-camisa-do-Brasil.webp","articleSection":["Negocia\u00e7\u00f5es"],"inLanguage":"pt-BR","potentialAction":[{"@type":"CommentAction","name":"Comment","target":["https:\/\/www.gaveanews.com\/index.php\/2020\/09\/01\/flamengo-abre-conversas-com-investidores-para-contratar-guga\/#respond"]}],"copyrightYear":"2020","copyrightHolder":{"@id":"https:\/\/www.gaveanews.com\/#organization"}},{"@type":"WebPage","@id":"https:\/\/www.gaveanews.com\/index.php\/2020\/09\/01\/flamengo-abre-conversas-com-investidores-para-contratar-guga\/","url":"https:\/\/www.gaveanews.com\/index.php\/2020\/09\/01\/flamengo-abre-conversas-com-investidores-para-contratar-guga\/","name":"Flamengo abre conversas com investidores para contratar Guga","isPartOf":{"@id":"https:\/\/www.gaveanews.com\/#website"},"primaryImageOfPage":{"@id":"https:\/\/www.gaveanews.com\/index.php\/2020\/09\/01\/flamengo-abre-conversas-com-investidores-para-contratar-guga\/#primaryimage"},"image":{"@id":"https:\/\/www.gaveanews.com\/index.php\/2020\/09\/01\/flamengo-abre-conversas-com-investidores-para-contratar-guga\/#primaryimage"},"thumbnailUrl":"https:\/\/www.gaveanews.com\/wp-content\/uploads\/Guga-com-a-camisa-do-Brasil.webp","datePublished":"2020-09-01T16:52:44+00:00","dateModified":"2020-09-01T16:52:46+00:00","author":{"@id":"https:\/\/www.gaveanews.com\/#\/schema\/person\/2ec14f73fb96be2caf28f91afb14749d"},"description":"O Flamengo conversa diretamente com o grupo de investidores respons\u00e1vel por ter levado Guga ao Atl\u00e9tico Mineiro.","breadcrumb":{"@id":"https:\/\/www.gaveanews.com\/index.php\/2020\/09\/01\/flamengo-abre-conversas-com-investidores-para-contratar-guga\/#breadcrumb"},"inLanguage":"pt-BR","potentialAction":[{"@type":"ReadAction","target":["https:\/\/www.gaveanews.com\/index.php\/2020\/09\/01\/flamengo-abre-conversas-com-investidores-para-contratar-guga\/"]}]},{"@type":"ImageObject","inLanguage":"pt-BR","@id":"https:\/\/www.gaveanews.com\/index.php\/2020\/09\/01\/flamengo-abre-conversas-com-investidores-para-contratar-guga\/#primaryimage","url":"https:\/\/www.gaveanews.com\/wp-content\/uploads\/Guga-com-a-camisa-do-Brasil.webp","contentUrl":"https:\/\/www.gaveanews.com\/wp-content\/uploads\/Guga-com-a-camisa-do-Brasil.webp","width":984,"height":1312,"caption":"Guga com a camisa do Brasil (Foto: Reprodu\u00e7\u00e3o)"},{"@type":"BreadcrumbList","@id":"https:\/\/www.gaveanews.com\/index.php\/2020\/09\/01\/flamengo-abre-conversas-com-investidores-para-contratar-guga\/#breadcrumb","itemListElement":[{"@type":"ListItem","position":1,"name":"Home","item":"https:\/\/www.gaveanews.com\/"},{"@type":"ListItem","position":2,"name":"Flamengo abre conversas com investidores para contratar Guga"}]},{"@type":"WebSite","@id":"https:\/\/www.gaveanews.com\/#website","url":"https:\/\/www.gaveanews.com\/","name":"G\u00e1vea News","description":"Veja todas as not\u00edcias sobre o Flamengo: Contrata\u00e7\u00f5es, categorias de base, resultados das partidas, tabela de classifica\u00e7\u00e3o, pr\u00f3ximos jogos!","potentialAction":[{"@type":"SearchAction","target":{"@type":"EntryPoint","urlTemplate":"https:\/\/www.gaveanews.com\/?s={search_term_string}"},"query-input":{"@type":"PropertyValueSpecification","valueRequired":true,"valueName":"search_term_string"}}],"inLanguage":"pt-BR"},{"@type":"Person","@id":"https:\/\/www.gaveanews.com\/#\/schema\/person\/2ec14f73fb96be2caf28f91afb14749d","name":"Equipe G\u00e1vea News","image":{"@type":"ImageObject","inLanguage":"pt-BR","@id":"https:\/\/www.gaveanews.com\/#\/schema\/person\/image\/","url":"https:\/\/secure.gravatar.com\/avatar\/1e1956f1facbffd3f8fa53a326721950116b3b9dc9bd44939c01180fd4a745a9?s=96&d=mm&r=g","contentUrl":"https:\/\/secure.gravatar.com\/avatar\/1e1956f1facbffd3f8fa53a326721950116b3b9dc9bd44939c01180fd4a745a9?s=96&d=mm&r=g","caption":"Equipe G\u00e1vea News"}}]}},"_links":{"self":[{"href":"https:\/\/www.gaveanews.com\/index.php\/wp-json\/wp\/v2\/posts\/46623","targetHints":{"allow":["GET"]}}],"collection":[{"href":"https:\/\/www.gaveanews.com\/index.php\/wp-json\/wp\/v2\/posts"}],"about":[{"href":"https:\/\/www.gaveanews.com\/index.php\/wp-json\/wp\/v2\/types\/post"}],"author":[{"embeddable":true,"href":"https:\/\/www.gaveanews.com\/index.php\/wp-json\/wp\/v2\/users\/1"}],"replies":[{"embeddable":true,"href":"https:\/\/www.gaveanews.com\/index.php\/wp-json\/wp\/v2\/comments?post=46623"}],"version-history":[{"count":0,"href":"https:\/\/www.gaveanews.com\/index.php\/wp-json\/wp\/v2\/posts\/46623\/revisions"}],"wp:featuredmedia":[{"embeddable":true,"href":"https:\/\/www.gaveanews.com\/index.php\/wp-json\/wp\/v2\/media\/45598"}],"wp:attachment":[{"href":"https:\/\/www.gaveanews.com\/index.php\/wp-json\/wp\/v2\/media?parent=46623"}],"wp:term":[{"taxonomy":"category","embeddable":true,"href":"https:\/\/www.gaveanews.com\/index.php\/wp-json\/wp\/v2\/categories?post=46623"},{"taxonomy":"post_tag","embeddable":true,"href":"https:\/\/www.gaveanews.com\/index.php\/wp-json\/wp\/v2\/tags?post=46623"}],"curies":[{"name":"wp","href":"https:\/\/api.w.org\/{rel}","templated":true}]}}