{"id":46647,"date":"2020-09-01T19:20:31","date_gmt":"2020-09-01T22:20:31","guid":{"rendered":"https:\/\/www.gaveanews.com\/?p=46647"},"modified":"2020-09-01T19:09:50","modified_gmt":"2020-09-01T22:09:50","slug":"jogo-entre-flamengo-e-del-valle-pela-copa-libertadores-sofre-alteracao","status":"publish","type":"post","link":"https:\/\/www.gaveanews.com\/index.php\/2020\/09\/01\/jogo-entre-flamengo-e-del-valle-pela-copa-libertadores-sofre-alteracao\/","title":{"rendered":"Jogo entre Flamengo e Del Valle, pela Copa Libertadores, sofre altera\u00e7\u00e3o"},"content":{"rendered":"\n<p>A Conmebol informou nesta ter\u00e7a uma altera\u00e7\u00e3o no jogo entre Independiente Del Valle e Flamengo, pelo Grupo A da Libertadores. O duelo, que marca o retorno da Copa para os clubes, agora ser\u00e1 disputado no Est\u00e1dio Rodrigo Paz Delgado, em Quito, no Equador. A partida segue no dia 17 de setembro, \u00e0s 21h.<\/p>\n\n\n\n<p>Anteriormente, o confronto entre Indepediente Del Valle e Flamengo estava previsto para o Atahualpa, onde os clubes se enfrentaram na ida da Recopa Sul-Americana, t\u00edtulo conquistado pelo Rubro-Negro no primeiro trimestre de 2020.<\/p>\n\n\n\n<p>O Grupo A j\u00e1 teve duas rodadas disputadas e Flamengo e Del Valle dividem a lideran\u00e7a com seis pontos, com o time equatoriano levando vantagem no saldo de gols neste momento: 6 a 4. Junior Barranquilla e Barcelona de Guayaquil, que ainda somaram pontos, completam a chave e se enfrentam no mesmo dia.<\/p>\n\n\n\n<figure class=\"wp-block-embed-twitter wp-block-embed is-type-rich is-provider-twitter\"><div class=\"wp-block-embed__wrapper\">\n<blockquote class=\"twitter-tweet\" data-width=\"550\" data-dnt=\"true\"><p lang=\"pt\" dir=\"ltr\">\ud83d\udccd\ud83c\udfdf\ufe0f Mudan\u00e7a de est\u00e1dio!<br><br>\ud83c\uddea\ud83c\udde8\ud83c\udfc6\ud83c\udde7\ud83c\uddf7 <a href=\"https:\/\/twitter.com\/IDV_EC?ref_src=twsrc%5Etfw\">@IDV_EC<\/a> e <a href=\"https:\/\/twitter.com\/Flamengo?ref_src=twsrc%5Etfw\">@Flamengo<\/a> v\u00e3o retomar o Grupo A da <a href=\"https:\/\/twitter.com\/hashtag\/Libertadores?src=hash&amp;ref_src=twsrc%5Etfw\">#Libertadores<\/a> no Rodrigo Paz Delgado, em Quito, no dia 1\u20e37\u20e3 de setembro. Vale a lideran\u00e7a da chave! <a href=\"https:\/\/t.co\/83cGAxsnKU\">pic.twitter.com\/83cGAxsnKU<\/a><\/p>&mdash; CONMEBOL Libertadores (@LibertadoresBR) <a href=\"https:\/\/twitter.com\/LibertadoresBR\/status\/1300897626490048518?ref_src=twsrc%5Etfw\">September 1, 2020<\/a><\/blockquote><script async src=\"https:\/\/platform.twitter.com\/widgets.js\" charset=\"utf-8\"><\/script>\n<\/div><\/figure>\n\n\n\n<p>Retirado de: Lance<\/p>\n","protected":false},"excerpt":{"rendered":"<p>A Conmebol informou nesta ter\u00e7a uma altera\u00e7\u00e3o no jogo entre Independiente Del Valle e Flamengo, pelo Grupo A da Libertadores. O duelo, que marca o retorno da Copa para os clubes, agora ser\u00e1 disputado no Est\u00e1dio Rodrigo Paz Delgado, em Quito, no Equador. A partida segue no dia 17 de setembro, \u00e0s 21h. Anteriormente, o [&hellip;]<\/p>\n","protected":false},"author":1,"featured_media":35738,"comment_status":"open","ping_status":"closed","sticky":false,"template":"","format":"standard","meta":{"footnotes":""},"categories":[47],"tags":[],"class_list":["post-46647","post","type-post","status-publish","format-standard","has-post-thumbnail","hentry","category-destaques"],"yoast_head":"<!-- This site is optimized with the Yoast SEO Premium plugin v24.2 (Yoast SEO v26.9) - https:\/\/yoast.com\/product\/yoast-seo-premium-wordpress\/ -->\n<title>Jogo entre Flamengo e Del Valle, pela Copa Libertadores, sofre altera\u00e7\u00e3o<\/title>\n<meta name=\"description\" content=\"A Conmebol informou nesta ter\u00e7a (1\u00ba de setembro) uma altera\u00e7\u00e3o no jogo entre Independiente Del Valle e Flamengo.\" \/>\n<meta name=\"robots\" content=\"index, follow, max-snippet:-1, max-image-preview:large, max-video-preview:-1\" \/>\n<link rel=\"canonical\" href=\"https:\/\/www.gaveanews.com\/index.php\/2020\/09\/01\/jogo-entre-flamengo-e-del-valle-pela-copa-libertadores-sofre-alteracao\/\" \/>\n<meta property=\"og:locale\" content=\"pt_BR\" \/>\n<meta property=\"og:type\" content=\"article\" \/>\n<meta property=\"og:title\" content=\"Jogo entre Flamengo e Del Valle, pela Copa Libertadores, sofre altera\u00e7\u00e3o\" \/>\n<meta property=\"og:description\" content=\"A Conmebol informou nesta ter\u00e7a (1\u00ba de setembro) uma altera\u00e7\u00e3o no jogo entre Independiente Del Valle e Flamengo.\" \/>\n<meta property=\"og:url\" content=\"https:\/\/www.gaveanews.com\/index.php\/2020\/09\/01\/jogo-entre-flamengo-e-del-valle-pela-copa-libertadores-sofre-alteracao\/\" \/>\n<meta property=\"og:site_name\" content=\"G\u00e1vea News\" \/>\n<meta property=\"article:publisher\" content=\"https:\/\/facebook.com\/gaveaNews\/\" \/>\n<meta property=\"article:published_time\" content=\"2020-09-01T22:20:31+00:00\" \/>\n<meta property=\"og:image\" content=\"https:\/\/www.gaveanews.com\/wp-content\/uploads\/Logomarca-da-Conmebol.webp\" \/>\n\t<meta property=\"og:image:width\" content=\"1162\" \/>\n\t<meta property=\"og:image:height\" content=\"751\" \/>\n\t<meta property=\"og:image:type\" content=\"image\/jpeg\" \/>\n<meta name=\"author\" content=\"Equipe G\u00e1vea News\" \/>\n<meta name=\"twitter:card\" content=\"summary_large_image\" \/>\n<meta name=\"twitter:label1\" content=\"Escrito por\" \/>\n\t<meta name=\"twitter:data1\" content=\"Equipe G\u00e1vea News\" \/>\n\t<meta name=\"twitter:label2\" content=\"Est. tempo de leitura\" \/>\n\t<meta name=\"twitter:data2\" content=\"1 minuto\" \/>\n<script type=\"application\/ld+json\" class=\"yoast-schema-graph\">{\"@context\":\"https:\/\/schema.org\",\"@graph\":[{\"@type\":\"NewsArticle\",\"@id\":\"https:\/\/www.gaveanews.com\/index.php\/2020\/09\/01\/jogo-entre-flamengo-e-del-valle-pela-copa-libertadores-sofre-alteracao\/#article\",\"isPartOf\":{\"@id\":\"https:\/\/www.gaveanews.com\/index.php\/2020\/09\/01\/jogo-entre-flamengo-e-del-valle-pela-copa-libertadores-sofre-alteracao\/\"},\"author\":{\"name\":\"Equipe G\u00e1vea News\",\"@id\":\"https:\/\/www.gaveanews.com\/#\/schema\/person\/2ec14f73fb96be2caf28f91afb14749d\"},\"headline\":\"Jogo entre Flamengo e Del Valle, pela Copa Libertadores, sofre altera\u00e7\u00e3o\",\"datePublished\":\"2020-09-01T22:20:31+00:00\",\"mainEntityOfPage\":{\"@id\":\"https:\/\/www.gaveanews.com\/index.php\/2020\/09\/01\/jogo-entre-flamengo-e-del-valle-pela-copa-libertadores-sofre-alteracao\/\"},\"wordCount\":189,\"commentCount\":8,\"image\":{\"@id\":\"https:\/\/www.gaveanews.com\/index.php\/2020\/09\/01\/jogo-entre-flamengo-e-del-valle-pela-copa-libertadores-sofre-alteracao\/#primaryimage\"},\"thumbnailUrl\":\"https:\/\/www.gaveanews.com\/wp-content\/uploads\/Logomarca-da-Conmebol.webp\",\"articleSection\":[\"Destaques\"],\"inLanguage\":\"pt-BR\",\"potentialAction\":[{\"@type\":\"CommentAction\",\"name\":\"Comment\",\"target\":[\"https:\/\/www.gaveanews.com\/index.php\/2020\/09\/01\/jogo-entre-flamengo-e-del-valle-pela-copa-libertadores-sofre-alteracao\/#respond\"]}],\"copyrightYear\":\"2020\",\"copyrightHolder\":{\"@id\":\"https:\/\/www.gaveanews.com\/#organization\"}},{\"@type\":\"WebPage\",\"@id\":\"https:\/\/www.gaveanews.com\/index.php\/2020\/09\/01\/jogo-entre-flamengo-e-del-valle-pela-copa-libertadores-sofre-alteracao\/\",\"url\":\"https:\/\/www.gaveanews.com\/index.php\/2020\/09\/01\/jogo-entre-flamengo-e-del-valle-pela-copa-libertadores-sofre-alteracao\/\",\"name\":\"Jogo entre Flamengo e Del Valle, pela Copa Libertadores, sofre altera\u00e7\u00e3o\",\"isPartOf\":{\"@id\":\"https:\/\/www.gaveanews.com\/#website\"},\"primaryImageOfPage\":{\"@id\":\"https:\/\/www.gaveanews.com\/index.php\/2020\/09\/01\/jogo-entre-flamengo-e-del-valle-pela-copa-libertadores-sofre-alteracao\/#primaryimage\"},\"image\":{\"@id\":\"https:\/\/www.gaveanews.com\/index.php\/2020\/09\/01\/jogo-entre-flamengo-e-del-valle-pela-copa-libertadores-sofre-alteracao\/#primaryimage\"},\"thumbnailUrl\":\"https:\/\/www.gaveanews.com\/wp-content\/uploads\/Logomarca-da-Conmebol.webp\",\"datePublished\":\"2020-09-01T22:20:31+00:00\",\"author\":{\"@id\":\"https:\/\/www.gaveanews.com\/#\/schema\/person\/2ec14f73fb96be2caf28f91afb14749d\"},\"description\":\"A Conmebol informou nesta ter\u00e7a (1\u00ba de setembro) uma altera\u00e7\u00e3o no jogo entre Independiente Del Valle e Flamengo.\",\"breadcrumb\":{\"@id\":\"https:\/\/www.gaveanews.com\/index.php\/2020\/09\/01\/jogo-entre-flamengo-e-del-valle-pela-copa-libertadores-sofre-alteracao\/#breadcrumb\"},\"inLanguage\":\"pt-BR\",\"potentialAction\":[{\"@type\":\"ReadAction\",\"target\":[\"https:\/\/www.gaveanews.com\/index.php\/2020\/09\/01\/jogo-entre-flamengo-e-del-valle-pela-copa-libertadores-sofre-alteracao\/\"]}]},{\"@type\":\"ImageObject\",\"inLanguage\":\"pt-BR\",\"@id\":\"https:\/\/www.gaveanews.com\/index.php\/2020\/09\/01\/jogo-entre-flamengo-e-del-valle-pela-copa-libertadores-sofre-alteracao\/#primaryimage\",\"url\":\"https:\/\/www.gaveanews.com\/wp-content\/uploads\/Logomarca-da-Conmebol.webp\",\"contentUrl\":\"https:\/\/www.gaveanews.com\/wp-content\/uploads\/Logomarca-da-Conmebol.webp\",\"width\":1162,\"height\":751},{\"@type\":\"BreadcrumbList\",\"@id\":\"https:\/\/www.gaveanews.com\/index.php\/2020\/09\/01\/jogo-entre-flamengo-e-del-valle-pela-copa-libertadores-sofre-alteracao\/#breadcrumb\",\"itemListElement\":[{\"@type\":\"ListItem\",\"position\":1,\"name\":\"Home\",\"item\":\"https:\/\/www.gaveanews.com\/\"},{\"@type\":\"ListItem\",\"position\":2,\"name\":\"Jogo entre Flamengo e Del Valle, pela Copa Libertadores, sofre altera\u00e7\u00e3o\"}]},{\"@type\":\"WebSite\",\"@id\":\"https:\/\/www.gaveanews.com\/#website\",\"url\":\"https:\/\/www.gaveanews.com\/\",\"name\":\"G\u00e1vea News\",\"description\":\"Veja todas as not\u00edcias sobre o Flamengo: Contrata\u00e7\u00f5es, categorias de base, resultados das partidas, tabela de classifica\u00e7\u00e3o, pr\u00f3ximos jogos!\",\"potentialAction\":[{\"@type\":\"SearchAction\",\"target\":{\"@type\":\"EntryPoint\",\"urlTemplate\":\"https:\/\/www.gaveanews.com\/?s={search_term_string}\"},\"query-input\":{\"@type\":\"PropertyValueSpecification\",\"valueRequired\":true,\"valueName\":\"search_term_string\"}}],\"inLanguage\":\"pt-BR\"},{\"@type\":\"Person\",\"@id\":\"https:\/\/www.gaveanews.com\/#\/schema\/person\/2ec14f73fb96be2caf28f91afb14749d\",\"name\":\"Equipe G\u00e1vea News\",\"image\":{\"@type\":\"ImageObject\",\"inLanguage\":\"pt-BR\",\"@id\":\"https:\/\/www.gaveanews.com\/#\/schema\/person\/image\/\",\"url\":\"https:\/\/secure.gravatar.com\/avatar\/1e1956f1facbffd3f8fa53a326721950116b3b9dc9bd44939c01180fd4a745a9?s=96&d=mm&r=g\",\"contentUrl\":\"https:\/\/secure.gravatar.com\/avatar\/1e1956f1facbffd3f8fa53a326721950116b3b9dc9bd44939c01180fd4a745a9?s=96&d=mm&r=g\",\"caption\":\"Equipe G\u00e1vea News\"}}]}<\/script>\n<!-- \/ Yoast SEO Premium plugin. -->","yoast_head_json":{"title":"Jogo entre Flamengo e Del Valle, pela Copa Libertadores, sofre altera\u00e7\u00e3o","description":"A Conmebol informou nesta ter\u00e7a (1\u00ba de setembro) uma altera\u00e7\u00e3o no jogo entre Independiente Del Valle e Flamengo.","robots":{"index":"index","follow":"follow","max-snippet":"max-snippet:-1","max-image-preview":"max-image-preview:large","max-video-preview":"max-video-preview:-1"},"canonical":"https:\/\/www.gaveanews.com\/index.php\/2020\/09\/01\/jogo-entre-flamengo-e-del-valle-pela-copa-libertadores-sofre-alteracao\/","og_locale":"pt_BR","og_type":"article","og_title":"Jogo entre Flamengo e Del Valle, pela Copa Libertadores, sofre altera\u00e7\u00e3o","og_description":"A Conmebol informou nesta ter\u00e7a (1\u00ba de setembro) uma altera\u00e7\u00e3o no jogo entre Independiente Del Valle e Flamengo.","og_url":"https:\/\/www.gaveanews.com\/index.php\/2020\/09\/01\/jogo-entre-flamengo-e-del-valle-pela-copa-libertadores-sofre-alteracao\/","og_site_name":"G\u00e1vea News","article_publisher":"https:\/\/facebook.com\/gaveaNews\/","article_published_time":"2020-09-01T22:20:31+00:00","og_image":[{"width":1162,"height":751,"url":"https:\/\/www.gaveanews.com\/wp-content\/uploads\/Logomarca-da-Conmebol.webp","type":"image\/jpeg"}],"author":"Equipe G\u00e1vea News","twitter_card":"summary_large_image","twitter_misc":{"Escrito por":"Equipe G\u00e1vea News","Est. tempo de leitura":"1 minuto"},"schema":{"@context":"https:\/\/schema.org","@graph":[{"@type":"NewsArticle","@id":"https:\/\/www.gaveanews.com\/index.php\/2020\/09\/01\/jogo-entre-flamengo-e-del-valle-pela-copa-libertadores-sofre-alteracao\/#article","isPartOf":{"@id":"https:\/\/www.gaveanews.com\/index.php\/2020\/09\/01\/jogo-entre-flamengo-e-del-valle-pela-copa-libertadores-sofre-alteracao\/"},"author":{"name":"Equipe G\u00e1vea News","@id":"https:\/\/www.gaveanews.com\/#\/schema\/person\/2ec14f73fb96be2caf28f91afb14749d"},"headline":"Jogo entre Flamengo e Del Valle, pela Copa Libertadores, sofre altera\u00e7\u00e3o","datePublished":"2020-09-01T22:20:31+00:00","mainEntityOfPage":{"@id":"https:\/\/www.gaveanews.com\/index.php\/2020\/09\/01\/jogo-entre-flamengo-e-del-valle-pela-copa-libertadores-sofre-alteracao\/"},"wordCount":189,"commentCount":8,"image":{"@id":"https:\/\/www.gaveanews.com\/index.php\/2020\/09\/01\/jogo-entre-flamengo-e-del-valle-pela-copa-libertadores-sofre-alteracao\/#primaryimage"},"thumbnailUrl":"https:\/\/www.gaveanews.com\/wp-content\/uploads\/Logomarca-da-Conmebol.webp","articleSection":["Destaques"],"inLanguage":"pt-BR","potentialAction":[{"@type":"CommentAction","name":"Comment","target":["https:\/\/www.gaveanews.com\/index.php\/2020\/09\/01\/jogo-entre-flamengo-e-del-valle-pela-copa-libertadores-sofre-alteracao\/#respond"]}],"copyrightYear":"2020","copyrightHolder":{"@id":"https:\/\/www.gaveanews.com\/#organization"}},{"@type":"WebPage","@id":"https:\/\/www.gaveanews.com\/index.php\/2020\/09\/01\/jogo-entre-flamengo-e-del-valle-pela-copa-libertadores-sofre-alteracao\/","url":"https:\/\/www.gaveanews.com\/index.php\/2020\/09\/01\/jogo-entre-flamengo-e-del-valle-pela-copa-libertadores-sofre-alteracao\/","name":"Jogo entre Flamengo e Del Valle, pela Copa Libertadores, sofre altera\u00e7\u00e3o","isPartOf":{"@id":"https:\/\/www.gaveanews.com\/#website"},"primaryImageOfPage":{"@id":"https:\/\/www.gaveanews.com\/index.php\/2020\/09\/01\/jogo-entre-flamengo-e-del-valle-pela-copa-libertadores-sofre-alteracao\/#primaryimage"},"image":{"@id":"https:\/\/www.gaveanews.com\/index.php\/2020\/09\/01\/jogo-entre-flamengo-e-del-valle-pela-copa-libertadores-sofre-alteracao\/#primaryimage"},"thumbnailUrl":"https:\/\/www.gaveanews.com\/wp-content\/uploads\/Logomarca-da-Conmebol.webp","datePublished":"2020-09-01T22:20:31+00:00","author":{"@id":"https:\/\/www.gaveanews.com\/#\/schema\/person\/2ec14f73fb96be2caf28f91afb14749d"},"description":"A Conmebol informou nesta ter\u00e7a (1\u00ba de setembro) uma altera\u00e7\u00e3o no jogo entre Independiente Del Valle e Flamengo.","breadcrumb":{"@id":"https:\/\/www.gaveanews.com\/index.php\/2020\/09\/01\/jogo-entre-flamengo-e-del-valle-pela-copa-libertadores-sofre-alteracao\/#breadcrumb"},"inLanguage":"pt-BR","potentialAction":[{"@type":"ReadAction","target":["https:\/\/www.gaveanews.com\/index.php\/2020\/09\/01\/jogo-entre-flamengo-e-del-valle-pela-copa-libertadores-sofre-alteracao\/"]}]},{"@type":"ImageObject","inLanguage":"pt-BR","@id":"https:\/\/www.gaveanews.com\/index.php\/2020\/09\/01\/jogo-entre-flamengo-e-del-valle-pela-copa-libertadores-sofre-alteracao\/#primaryimage","url":"https:\/\/www.gaveanews.com\/wp-content\/uploads\/Logomarca-da-Conmebol.webp","contentUrl":"https:\/\/www.gaveanews.com\/wp-content\/uploads\/Logomarca-da-Conmebol.webp","width":1162,"height":751},{"@type":"BreadcrumbList","@id":"https:\/\/www.gaveanews.com\/index.php\/2020\/09\/01\/jogo-entre-flamengo-e-del-valle-pela-copa-libertadores-sofre-alteracao\/#breadcrumb","itemListElement":[{"@type":"ListItem","position":1,"name":"Home","item":"https:\/\/www.gaveanews.com\/"},{"@type":"ListItem","position":2,"name":"Jogo entre Flamengo e Del Valle, pela Copa Libertadores, sofre altera\u00e7\u00e3o"}]},{"@type":"WebSite","@id":"https:\/\/www.gaveanews.com\/#website","url":"https:\/\/www.gaveanews.com\/","name":"G\u00e1vea News","description":"Veja todas as not\u00edcias sobre o Flamengo: Contrata\u00e7\u00f5es, categorias de base, resultados das partidas, tabela de classifica\u00e7\u00e3o, pr\u00f3ximos jogos!","potentialAction":[{"@type":"SearchAction","target":{"@type":"EntryPoint","urlTemplate":"https:\/\/www.gaveanews.com\/?s={search_term_string}"},"query-input":{"@type":"PropertyValueSpecification","valueRequired":true,"valueName":"search_term_string"}}],"inLanguage":"pt-BR"},{"@type":"Person","@id":"https:\/\/www.gaveanews.com\/#\/schema\/person\/2ec14f73fb96be2caf28f91afb14749d","name":"Equipe G\u00e1vea News","image":{"@type":"ImageObject","inLanguage":"pt-BR","@id":"https:\/\/www.gaveanews.com\/#\/schema\/person\/image\/","url":"https:\/\/secure.gravatar.com\/avatar\/1e1956f1facbffd3f8fa53a326721950116b3b9dc9bd44939c01180fd4a745a9?s=96&d=mm&r=g","contentUrl":"https:\/\/secure.gravatar.com\/avatar\/1e1956f1facbffd3f8fa53a326721950116b3b9dc9bd44939c01180fd4a745a9?s=96&d=mm&r=g","caption":"Equipe G\u00e1vea News"}}]}},"_links":{"self":[{"href":"https:\/\/www.gaveanews.com\/index.php\/wp-json\/wp\/v2\/posts\/46647","targetHints":{"allow":["GET"]}}],"collection":[{"href":"https:\/\/www.gaveanews.com\/index.php\/wp-json\/wp\/v2\/posts"}],"about":[{"href":"https:\/\/www.gaveanews.com\/index.php\/wp-json\/wp\/v2\/types\/post"}],"author":[{"embeddable":true,"href":"https:\/\/www.gaveanews.com\/index.php\/wp-json\/wp\/v2\/users\/1"}],"replies":[{"embeddable":true,"href":"https:\/\/www.gaveanews.com\/index.php\/wp-json\/wp\/v2\/comments?post=46647"}],"version-history":[{"count":0,"href":"https:\/\/www.gaveanews.com\/index.php\/wp-json\/wp\/v2\/posts\/46647\/revisions"}],"wp:featuredmedia":[{"embeddable":true,"href":"https:\/\/www.gaveanews.com\/index.php\/wp-json\/wp\/v2\/media\/35738"}],"wp:attachment":[{"href":"https:\/\/www.gaveanews.com\/index.php\/wp-json\/wp\/v2\/media?parent=46647"}],"wp:term":[{"taxonomy":"category","embeddable":true,"href":"https:\/\/www.gaveanews.com\/index.php\/wp-json\/wp\/v2\/categories?post=46647"},{"taxonomy":"post_tag","embeddable":true,"href":"https:\/\/www.gaveanews.com\/index.php\/wp-json\/wp\/v2\/tags?post=46647"}],"curies":[{"name":"wp","href":"https:\/\/api.w.org\/{rel}","templated":true}]}}