{"id":46686,"date":"2020-09-02T08:16:54","date_gmt":"2020-09-02T11:16:54","guid":{"rendered":"https:\/\/www.gaveanews.com\/?p=46686"},"modified":"2020-09-02T08:17:00","modified_gmt":"2020-09-02T11:17:00","slug":"flamengo-tera-contra-o-bahia-a-setima-escalacao-em-sete-jogos-com-21-titulares-ate-agora","status":"publish","type":"post","link":"https:\/\/www.gaveanews.com\/index.php\/2020\/09\/02\/flamengo-tera-contra-o-bahia-a-setima-escalacao-em-sete-jogos-com-21-titulares-ate-agora\/","title":{"rendered":"Flamengo ter\u00e1 contra o Bahia a s\u00e9tima escala\u00e7\u00e3o em sete jogos, com 21 titulares at\u00e9 agora"},"content":{"rendered":"\n<p>J\u00e1 n\u00e3o \u00e9 mais poss\u00edvel escalar o Flamengo ideal de cabe\u00e7a. Ao menos, n\u00e3o o de Dom\u00e8nec Torrent. Contra o Bahia, hoje, \u00e0s 20h30, pela s\u00e9tima rodada do Brasileiro, em Salvador, o t\u00e9cnico precisar\u00e1 fazer quatro mudan\u00e7as na equipe considerada titular por les\u00e3o ou suspens\u00e3o, e mais uma pela aus\u00eancia de C\u00e9sar, com Covid-19.<\/p>\n\n\n\n<p>Com isso, deve aumentar o prometido rod\u00edzio na equipe, que at\u00e9 agora, em seis rodadas, j\u00e1 promoveu a participa\u00e7\u00e3o de 21 jogadores come\u00e7ando as partidas. <\/p>\n\n\n\n<p>Sem Diego Alves, Gerson e Gabigol, ausentes por quest\u00f5es relacionadas a les\u00e3o, o treinador ainda n\u00e3o contar\u00e1 com Bruno Henrique, que levou o terceiro cart\u00e3o amarelo e tamb\u00e9m se machucou. Fato \u00e9 que ser\u00e1 a s\u00e9tima escala\u00e7\u00e3o diferente em sete partidas seguidas.<\/p>\n\n\n\n<p>Dos atletas que j\u00e1 tiveram chances com Dome desde o in\u00edcio \u2014 Vitinho, Michael, Pedro Rocha, Thiago Maia, Diego, Ren\u00ea, Gustavo Henrique, Matheus Fran\u00e7a, Jo\u00e3o Lucas e C\u00e9sar \u2014 apenas os dois \u00faltimos, o goleiro e o lateral-direito, s\u00e3o baixas. Jo\u00e3o Lucas sofreu les\u00e3o muscular.<\/p>\n\n\n\n<p>Os demais brigam pelas vagas com atletas que j\u00e1 foram escalados no decorrer das seis partidas \u2014 Mauricio Isla, Thuler e Pedro. Este, tem tudo para enfim ganhar a primeira chance com Dome como titular. O mesmo pode acontecer com o chileno Isla, que entrou contra o Santos no segundo tempo.<\/p>\n\n\n\n<p>Gabigol fica no Rio tratando o tornozelo torcido na ultima partida, assim como Gerson, que sentiu dores no ombro. Diego Alves teve problema semelhante na articula\u00e7\u00e3o do ombro.<\/p>\n\n\n\n<p>Para conquistar as primeiras duas vit\u00f3rias seguidas no Brasileiro, o Flamengo vai ter que provar ainda mais seu elenco. Desta vez, com novidades entre os relacionados, como o goleiro Gabriel Batista, que deve ser o titular na vaga deixada por C\u00e9sar. Outras novidades ficam por conta do meia Pep\u00ea e do goleiro do sub-20, Jo\u00e3o Fernando.<\/p>\n\n\n\n<p>A escala\u00e7\u00e3o Dom\u00e8nec Torrent s\u00f3 deve revelar horas antes da partida. De volta \u00e0 rotina de jogos sem tempo para treinamento, os jogadores j\u00e1 se acostumaram de tudo pode mudar de um jogo para outro.<\/p>\n\n\n\n<p>Retirado de: Extra<\/p>\n","protected":false},"excerpt":{"rendered":"<p>J\u00e1 n\u00e3o \u00e9 mais poss\u00edvel escalar o Flamengo ideal de cabe\u00e7a. Ao menos, n\u00e3o o de Dom\u00e8nec Torrent. Contra o Bahia, hoje, \u00e0s 20h30, pela s\u00e9tima rodada do Brasileiro, em Salvador, o t\u00e9cnico precisar\u00e1 fazer quatro mudan\u00e7as na equipe considerada titular por les\u00e3o ou suspens\u00e3o, e mais uma pela aus\u00eancia de C\u00e9sar, com Covid-19. Com [&hellip;]<\/p>\n","protected":false},"author":1,"featured_media":42698,"comment_status":"open","ping_status":"closed","sticky":false,"template":"","format":"standard","meta":{"footnotes":""},"categories":[1],"tags":[],"class_list":["post-46686","post","type-post","status-publish","format-standard","has-post-thumbnail","hentry","category-flamengo"],"yoast_head":"<!-- This site is optimized with the Yoast SEO Premium plugin v24.2 (Yoast SEO v26.9) - https:\/\/yoast.com\/product\/yoast-seo-premium-wordpress\/ -->\n<title>Flamengo ter\u00e1 contra o Bahia a s\u00e9tima escala\u00e7\u00e3o em sete jogos<\/title>\n<meta name=\"description\" content=\"J\u00e1 n\u00e3o \u00e9 mais poss\u00edvel escalar o Flamengo ideal de cabe\u00e7a. Ao menos, n\u00e3o o de Dom\u00e8nec Torrent. Contra o Bahia, hoje, \u00e0s 20h30.\" \/>\n<meta name=\"robots\" content=\"index, follow, max-snippet:-1, max-image-preview:large, max-video-preview:-1\" \/>\n<link rel=\"canonical\" href=\"https:\/\/www.gaveanews.com\/index.php\/2020\/09\/02\/flamengo-tera-contra-o-bahia-a-setima-escalacao-em-sete-jogos-com-21-titulares-ate-agora\/\" \/>\n<meta property=\"og:locale\" content=\"pt_BR\" \/>\n<meta property=\"og:type\" content=\"article\" \/>\n<meta property=\"og:title\" content=\"Flamengo ter\u00e1 contra o Bahia a s\u00e9tima escala\u00e7\u00e3o em sete jogos, com 21 titulares at\u00e9 agora\" \/>\n<meta property=\"og:description\" content=\"J\u00e1 n\u00e3o \u00e9 mais poss\u00edvel escalar o Flamengo ideal de cabe\u00e7a. Ao menos, n\u00e3o o de Dom\u00e8nec Torrent. Contra o Bahia, hoje, \u00e0s 20h30.\" \/>\n<meta property=\"og:url\" content=\"https:\/\/www.gaveanews.com\/index.php\/2020\/09\/02\/flamengo-tera-contra-o-bahia-a-setima-escalacao-em-sete-jogos-com-21-titulares-ate-agora\/\" \/>\n<meta property=\"og:site_name\" content=\"G\u00e1vea News\" \/>\n<meta property=\"article:publisher\" content=\"https:\/\/facebook.com\/gaveaNews\/\" \/>\n<meta property=\"article:published_time\" content=\"2020-09-02T11:16:54+00:00\" \/>\n<meta property=\"article:modified_time\" content=\"2020-09-02T11:17:00+00:00\" \/>\n<meta property=\"og:image\" content=\"https:\/\/www.gaveanews.com\/wp-content\/uploads\/Pedro-em-acao-pelo-Flamengo.webp\" \/>\n\t<meta property=\"og:image:width\" content=\"1\" \/>\n\t<meta property=\"og:image:height\" content=\"1\" \/>\n\t<meta property=\"og:image:type\" content=\"image\/jpeg\" \/>\n<meta name=\"author\" content=\"Equipe G\u00e1vea News\" \/>\n<meta name=\"twitter:card\" content=\"summary_large_image\" \/>\n<meta name=\"twitter:label1\" content=\"Escrito por\" \/>\n\t<meta name=\"twitter:data1\" content=\"Equipe G\u00e1vea News\" \/>\n\t<meta name=\"twitter:label2\" content=\"Est. tempo de leitura\" \/>\n\t<meta name=\"twitter:data2\" content=\"2 minutos\" \/>\n<script type=\"application\/ld+json\" class=\"yoast-schema-graph\">{\"@context\":\"https:\/\/schema.org\",\"@graph\":[{\"@type\":\"NewsArticle\",\"@id\":\"https:\/\/www.gaveanews.com\/index.php\/2020\/09\/02\/flamengo-tera-contra-o-bahia-a-setima-escalacao-em-sete-jogos-com-21-titulares-ate-agora\/#article\",\"isPartOf\":{\"@id\":\"https:\/\/www.gaveanews.com\/index.php\/2020\/09\/02\/flamengo-tera-contra-o-bahia-a-setima-escalacao-em-sete-jogos-com-21-titulares-ate-agora\/\"},\"author\":{\"name\":\"Equipe G\u00e1vea News\",\"@id\":\"https:\/\/www.gaveanews.com\/#\/schema\/person\/2ec14f73fb96be2caf28f91afb14749d\"},\"headline\":\"Flamengo ter\u00e1 contra o Bahia a s\u00e9tima escala\u00e7\u00e3o em sete jogos, com 21 titulares at\u00e9 agora\",\"datePublished\":\"2020-09-02T11:16:54+00:00\",\"dateModified\":\"2020-09-02T11:17:00+00:00\",\"mainEntityOfPage\":{\"@id\":\"https:\/\/www.gaveanews.com\/index.php\/2020\/09\/02\/flamengo-tera-contra-o-bahia-a-setima-escalacao-em-sete-jogos-com-21-titulares-ate-agora\/\"},\"wordCount\":384,\"commentCount\":15,\"image\":{\"@id\":\"https:\/\/www.gaveanews.com\/index.php\/2020\/09\/02\/flamengo-tera-contra-o-bahia-a-setima-escalacao-em-sete-jogos-com-21-titulares-ate-agora\/#primaryimage\"},\"thumbnailUrl\":\"https:\/\/www.gaveanews.com\/wp-content\/uploads\/Pedro-em-acao-pelo-Flamengo.webp\",\"articleSection\":[\"Flamengo\"],\"inLanguage\":\"pt-BR\",\"potentialAction\":[{\"@type\":\"CommentAction\",\"name\":\"Comment\",\"target\":[\"https:\/\/www.gaveanews.com\/index.php\/2020\/09\/02\/flamengo-tera-contra-o-bahia-a-setima-escalacao-em-sete-jogos-com-21-titulares-ate-agora\/#respond\"]}],\"copyrightYear\":\"2020\",\"copyrightHolder\":{\"@id\":\"https:\/\/www.gaveanews.com\/#organization\"}},{\"@type\":\"WebPage\",\"@id\":\"https:\/\/www.gaveanews.com\/index.php\/2020\/09\/02\/flamengo-tera-contra-o-bahia-a-setima-escalacao-em-sete-jogos-com-21-titulares-ate-agora\/\",\"url\":\"https:\/\/www.gaveanews.com\/index.php\/2020\/09\/02\/flamengo-tera-contra-o-bahia-a-setima-escalacao-em-sete-jogos-com-21-titulares-ate-agora\/\",\"name\":\"Flamengo ter\u00e1 contra o Bahia a s\u00e9tima escala\u00e7\u00e3o em sete jogos\",\"isPartOf\":{\"@id\":\"https:\/\/www.gaveanews.com\/#website\"},\"primaryImageOfPage\":{\"@id\":\"https:\/\/www.gaveanews.com\/index.php\/2020\/09\/02\/flamengo-tera-contra-o-bahia-a-setima-escalacao-em-sete-jogos-com-21-titulares-ate-agora\/#primaryimage\"},\"image\":{\"@id\":\"https:\/\/www.gaveanews.com\/index.php\/2020\/09\/02\/flamengo-tera-contra-o-bahia-a-setima-escalacao-em-sete-jogos-com-21-titulares-ate-agora\/#primaryimage\"},\"thumbnailUrl\":\"https:\/\/www.gaveanews.com\/wp-content\/uploads\/Pedro-em-acao-pelo-Flamengo.webp\",\"datePublished\":\"2020-09-02T11:16:54+00:00\",\"dateModified\":\"2020-09-02T11:17:00+00:00\",\"author\":{\"@id\":\"https:\/\/www.gaveanews.com\/#\/schema\/person\/2ec14f73fb96be2caf28f91afb14749d\"},\"description\":\"J\u00e1 n\u00e3o \u00e9 mais poss\u00edvel escalar o Flamengo ideal de cabe\u00e7a. Ao menos, n\u00e3o o de Dom\u00e8nec Torrent. Contra o Bahia, hoje, \u00e0s 20h30.\",\"breadcrumb\":{\"@id\":\"https:\/\/www.gaveanews.com\/index.php\/2020\/09\/02\/flamengo-tera-contra-o-bahia-a-setima-escalacao-em-sete-jogos-com-21-titulares-ate-agora\/#breadcrumb\"},\"inLanguage\":\"pt-BR\",\"potentialAction\":[{\"@type\":\"ReadAction\",\"target\":[\"https:\/\/www.gaveanews.com\/index.php\/2020\/09\/02\/flamengo-tera-contra-o-bahia-a-setima-escalacao-em-sete-jogos-com-21-titulares-ate-agora\/\"]}]},{\"@type\":\"ImageObject\",\"inLanguage\":\"pt-BR\",\"@id\":\"https:\/\/www.gaveanews.com\/index.php\/2020\/09\/02\/flamengo-tera-contra-o-bahia-a-setima-escalacao-em-sete-jogos-com-21-titulares-ate-agora\/#primaryimage\",\"url\":\"https:\/\/www.gaveanews.com\/wp-content\/uploads\/Pedro-em-acao-pelo-Flamengo.webp\",\"contentUrl\":\"https:\/\/www.gaveanews.com\/wp-content\/uploads\/Pedro-em-acao-pelo-Flamengo.webp\",\"caption\":\"Pedro em a\u00e7\u00e3o pelo Flamengo (Foto: Alexandre Vidal\/Flamengo)\"},{\"@type\":\"BreadcrumbList\",\"@id\":\"https:\/\/www.gaveanews.com\/index.php\/2020\/09\/02\/flamengo-tera-contra-o-bahia-a-setima-escalacao-em-sete-jogos-com-21-titulares-ate-agora\/#breadcrumb\",\"itemListElement\":[{\"@type\":\"ListItem\",\"position\":1,\"name\":\"Home\",\"item\":\"https:\/\/www.gaveanews.com\/\"},{\"@type\":\"ListItem\",\"position\":2,\"name\":\"Flamengo ter\u00e1 contra o Bahia a s\u00e9tima escala\u00e7\u00e3o em sete jogos, com 21 titulares at\u00e9 agora\"}]},{\"@type\":\"WebSite\",\"@id\":\"https:\/\/www.gaveanews.com\/#website\",\"url\":\"https:\/\/www.gaveanews.com\/\",\"name\":\"G\u00e1vea News\",\"description\":\"Veja todas as not\u00edcias sobre o Flamengo: Contrata\u00e7\u00f5es, categorias de base, resultados das partidas, tabela de classifica\u00e7\u00e3o, pr\u00f3ximos jogos!\",\"potentialAction\":[{\"@type\":\"SearchAction\",\"target\":{\"@type\":\"EntryPoint\",\"urlTemplate\":\"https:\/\/www.gaveanews.com\/?s={search_term_string}\"},\"query-input\":{\"@type\":\"PropertyValueSpecification\",\"valueRequired\":true,\"valueName\":\"search_term_string\"}}],\"inLanguage\":\"pt-BR\"},{\"@type\":\"Person\",\"@id\":\"https:\/\/www.gaveanews.com\/#\/schema\/person\/2ec14f73fb96be2caf28f91afb14749d\",\"name\":\"Equipe G\u00e1vea News\",\"image\":{\"@type\":\"ImageObject\",\"inLanguage\":\"pt-BR\",\"@id\":\"https:\/\/www.gaveanews.com\/#\/schema\/person\/image\/\",\"url\":\"https:\/\/secure.gravatar.com\/avatar\/1e1956f1facbffd3f8fa53a326721950116b3b9dc9bd44939c01180fd4a745a9?s=96&d=mm&r=g\",\"contentUrl\":\"https:\/\/secure.gravatar.com\/avatar\/1e1956f1facbffd3f8fa53a326721950116b3b9dc9bd44939c01180fd4a745a9?s=96&d=mm&r=g\",\"caption\":\"Equipe G\u00e1vea News\"}}]}<\/script>\n<!-- \/ Yoast SEO Premium plugin. -->","yoast_head_json":{"title":"Flamengo ter\u00e1 contra o Bahia a s\u00e9tima escala\u00e7\u00e3o em sete jogos","description":"J\u00e1 n\u00e3o \u00e9 mais poss\u00edvel escalar o Flamengo ideal de cabe\u00e7a. Ao menos, n\u00e3o o de Dom\u00e8nec Torrent. Contra o Bahia, hoje, \u00e0s 20h30.","robots":{"index":"index","follow":"follow","max-snippet":"max-snippet:-1","max-image-preview":"max-image-preview:large","max-video-preview":"max-video-preview:-1"},"canonical":"https:\/\/www.gaveanews.com\/index.php\/2020\/09\/02\/flamengo-tera-contra-o-bahia-a-setima-escalacao-em-sete-jogos-com-21-titulares-ate-agora\/","og_locale":"pt_BR","og_type":"article","og_title":"Flamengo ter\u00e1 contra o Bahia a s\u00e9tima escala\u00e7\u00e3o em sete jogos, com 21 titulares at\u00e9 agora","og_description":"J\u00e1 n\u00e3o \u00e9 mais poss\u00edvel escalar o Flamengo ideal de cabe\u00e7a. Ao menos, n\u00e3o o de Dom\u00e8nec Torrent. Contra o Bahia, hoje, \u00e0s 20h30.","og_url":"https:\/\/www.gaveanews.com\/index.php\/2020\/09\/02\/flamengo-tera-contra-o-bahia-a-setima-escalacao-em-sete-jogos-com-21-titulares-ate-agora\/","og_site_name":"G\u00e1vea News","article_publisher":"https:\/\/facebook.com\/gaveaNews\/","article_published_time":"2020-09-02T11:16:54+00:00","article_modified_time":"2020-09-02T11:17:00+00:00","og_image":[{"url":"https:\/\/www.gaveanews.com\/wp-content\/uploads\/Pedro-em-acao-pelo-Flamengo.webp","width":1,"height":1,"type":"image\/jpeg"}],"author":"Equipe G\u00e1vea News","twitter_card":"summary_large_image","twitter_misc":{"Escrito por":"Equipe G\u00e1vea News","Est. tempo de leitura":"2 minutos"},"schema":{"@context":"https:\/\/schema.org","@graph":[{"@type":"NewsArticle","@id":"https:\/\/www.gaveanews.com\/index.php\/2020\/09\/02\/flamengo-tera-contra-o-bahia-a-setima-escalacao-em-sete-jogos-com-21-titulares-ate-agora\/#article","isPartOf":{"@id":"https:\/\/www.gaveanews.com\/index.php\/2020\/09\/02\/flamengo-tera-contra-o-bahia-a-setima-escalacao-em-sete-jogos-com-21-titulares-ate-agora\/"},"author":{"name":"Equipe G\u00e1vea News","@id":"https:\/\/www.gaveanews.com\/#\/schema\/person\/2ec14f73fb96be2caf28f91afb14749d"},"headline":"Flamengo ter\u00e1 contra o Bahia a s\u00e9tima escala\u00e7\u00e3o em sete jogos, com 21 titulares at\u00e9 agora","datePublished":"2020-09-02T11:16:54+00:00","dateModified":"2020-09-02T11:17:00+00:00","mainEntityOfPage":{"@id":"https:\/\/www.gaveanews.com\/index.php\/2020\/09\/02\/flamengo-tera-contra-o-bahia-a-setima-escalacao-em-sete-jogos-com-21-titulares-ate-agora\/"},"wordCount":384,"commentCount":15,"image":{"@id":"https:\/\/www.gaveanews.com\/index.php\/2020\/09\/02\/flamengo-tera-contra-o-bahia-a-setima-escalacao-em-sete-jogos-com-21-titulares-ate-agora\/#primaryimage"},"thumbnailUrl":"https:\/\/www.gaveanews.com\/wp-content\/uploads\/Pedro-em-acao-pelo-Flamengo.webp","articleSection":["Flamengo"],"inLanguage":"pt-BR","potentialAction":[{"@type":"CommentAction","name":"Comment","target":["https:\/\/www.gaveanews.com\/index.php\/2020\/09\/02\/flamengo-tera-contra-o-bahia-a-setima-escalacao-em-sete-jogos-com-21-titulares-ate-agora\/#respond"]}],"copyrightYear":"2020","copyrightHolder":{"@id":"https:\/\/www.gaveanews.com\/#organization"}},{"@type":"WebPage","@id":"https:\/\/www.gaveanews.com\/index.php\/2020\/09\/02\/flamengo-tera-contra-o-bahia-a-setima-escalacao-em-sete-jogos-com-21-titulares-ate-agora\/","url":"https:\/\/www.gaveanews.com\/index.php\/2020\/09\/02\/flamengo-tera-contra-o-bahia-a-setima-escalacao-em-sete-jogos-com-21-titulares-ate-agora\/","name":"Flamengo ter\u00e1 contra o Bahia a s\u00e9tima escala\u00e7\u00e3o em sete jogos","isPartOf":{"@id":"https:\/\/www.gaveanews.com\/#website"},"primaryImageOfPage":{"@id":"https:\/\/www.gaveanews.com\/index.php\/2020\/09\/02\/flamengo-tera-contra-o-bahia-a-setima-escalacao-em-sete-jogos-com-21-titulares-ate-agora\/#primaryimage"},"image":{"@id":"https:\/\/www.gaveanews.com\/index.php\/2020\/09\/02\/flamengo-tera-contra-o-bahia-a-setima-escalacao-em-sete-jogos-com-21-titulares-ate-agora\/#primaryimage"},"thumbnailUrl":"https:\/\/www.gaveanews.com\/wp-content\/uploads\/Pedro-em-acao-pelo-Flamengo.webp","datePublished":"2020-09-02T11:16:54+00:00","dateModified":"2020-09-02T11:17:00+00:00","author":{"@id":"https:\/\/www.gaveanews.com\/#\/schema\/person\/2ec14f73fb96be2caf28f91afb14749d"},"description":"J\u00e1 n\u00e3o \u00e9 mais poss\u00edvel escalar o Flamengo ideal de cabe\u00e7a. Ao menos, n\u00e3o o de Dom\u00e8nec Torrent. Contra o Bahia, hoje, \u00e0s 20h30.","breadcrumb":{"@id":"https:\/\/www.gaveanews.com\/index.php\/2020\/09\/02\/flamengo-tera-contra-o-bahia-a-setima-escalacao-em-sete-jogos-com-21-titulares-ate-agora\/#breadcrumb"},"inLanguage":"pt-BR","potentialAction":[{"@type":"ReadAction","target":["https:\/\/www.gaveanews.com\/index.php\/2020\/09\/02\/flamengo-tera-contra-o-bahia-a-setima-escalacao-em-sete-jogos-com-21-titulares-ate-agora\/"]}]},{"@type":"ImageObject","inLanguage":"pt-BR","@id":"https:\/\/www.gaveanews.com\/index.php\/2020\/09\/02\/flamengo-tera-contra-o-bahia-a-setima-escalacao-em-sete-jogos-com-21-titulares-ate-agora\/#primaryimage","url":"https:\/\/www.gaveanews.com\/wp-content\/uploads\/Pedro-em-acao-pelo-Flamengo.webp","contentUrl":"https:\/\/www.gaveanews.com\/wp-content\/uploads\/Pedro-em-acao-pelo-Flamengo.webp","caption":"Pedro em a\u00e7\u00e3o pelo Flamengo (Foto: Alexandre Vidal\/Flamengo)"},{"@type":"BreadcrumbList","@id":"https:\/\/www.gaveanews.com\/index.php\/2020\/09\/02\/flamengo-tera-contra-o-bahia-a-setima-escalacao-em-sete-jogos-com-21-titulares-ate-agora\/#breadcrumb","itemListElement":[{"@type":"ListItem","position":1,"name":"Home","item":"https:\/\/www.gaveanews.com\/"},{"@type":"ListItem","position":2,"name":"Flamengo ter\u00e1 contra o Bahia a s\u00e9tima escala\u00e7\u00e3o em sete jogos, com 21 titulares at\u00e9 agora"}]},{"@type":"WebSite","@id":"https:\/\/www.gaveanews.com\/#website","url":"https:\/\/www.gaveanews.com\/","name":"G\u00e1vea News","description":"Veja todas as not\u00edcias sobre o Flamengo: Contrata\u00e7\u00f5es, categorias de base, resultados das partidas, tabela de classifica\u00e7\u00e3o, pr\u00f3ximos jogos!","potentialAction":[{"@type":"SearchAction","target":{"@type":"EntryPoint","urlTemplate":"https:\/\/www.gaveanews.com\/?s={search_term_string}"},"query-input":{"@type":"PropertyValueSpecification","valueRequired":true,"valueName":"search_term_string"}}],"inLanguage":"pt-BR"},{"@type":"Person","@id":"https:\/\/www.gaveanews.com\/#\/schema\/person\/2ec14f73fb96be2caf28f91afb14749d","name":"Equipe G\u00e1vea News","image":{"@type":"ImageObject","inLanguage":"pt-BR","@id":"https:\/\/www.gaveanews.com\/#\/schema\/person\/image\/","url":"https:\/\/secure.gravatar.com\/avatar\/1e1956f1facbffd3f8fa53a326721950116b3b9dc9bd44939c01180fd4a745a9?s=96&d=mm&r=g","contentUrl":"https:\/\/secure.gravatar.com\/avatar\/1e1956f1facbffd3f8fa53a326721950116b3b9dc9bd44939c01180fd4a745a9?s=96&d=mm&r=g","caption":"Equipe G\u00e1vea News"}}]}},"_links":{"self":[{"href":"https:\/\/www.gaveanews.com\/index.php\/wp-json\/wp\/v2\/posts\/46686","targetHints":{"allow":["GET"]}}],"collection":[{"href":"https:\/\/www.gaveanews.com\/index.php\/wp-json\/wp\/v2\/posts"}],"about":[{"href":"https:\/\/www.gaveanews.com\/index.php\/wp-json\/wp\/v2\/types\/post"}],"author":[{"embeddable":true,"href":"https:\/\/www.gaveanews.com\/index.php\/wp-json\/wp\/v2\/users\/1"}],"replies":[{"embeddable":true,"href":"https:\/\/www.gaveanews.com\/index.php\/wp-json\/wp\/v2\/comments?post=46686"}],"version-history":[{"count":0,"href":"https:\/\/www.gaveanews.com\/index.php\/wp-json\/wp\/v2\/posts\/46686\/revisions"}],"wp:featuredmedia":[{"embeddable":true,"href":"https:\/\/www.gaveanews.com\/index.php\/wp-json\/wp\/v2\/media\/42698"}],"wp:attachment":[{"href":"https:\/\/www.gaveanews.com\/index.php\/wp-json\/wp\/v2\/media?parent=46686"}],"wp:term":[{"taxonomy":"category","embeddable":true,"href":"https:\/\/www.gaveanews.com\/index.php\/wp-json\/wp\/v2\/categories?post=46686"},{"taxonomy":"post_tag","embeddable":true,"href":"https:\/\/www.gaveanews.com\/index.php\/wp-json\/wp\/v2\/tags?post=46686"}],"curies":[{"name":"wp","href":"https:\/\/api.w.org\/{rel}","templated":true}]}}