{"id":46688,"date":"2020-09-02T12:56:36","date_gmt":"2020-09-02T15:56:36","guid":{"rendered":"https:\/\/www.gaveanews.com\/?p=46688"},"modified":"2020-09-02T12:56:39","modified_gmt":"2020-09-02T15:56:39","slug":"flamengo-esta-insatisfeito-com-a-adidas-uniforme-rubro-negro-sofrera-alteracao-devido-a-falha","status":"publish","type":"post","link":"https:\/\/www.gaveanews.com\/index.php\/2020\/09\/02\/flamengo-esta-insatisfeito-com-a-adidas-uniforme-rubro-negro-sofrera-alteracao-devido-a-falha\/","title":{"rendered":"Flamengo est\u00e1 insatisfeito com a Adidas; uniforme rubro-negro sofrer\u00e1 altera\u00e7\u00e3o devido a falha"},"content":{"rendered":"\n<p>O relacionamento entre Flamengo e Adidas j\u00e1 n\u00e3o \u00e9 mais o mesmo. O clube n\u00e3o esconde a insatisfa\u00e7\u00e3o com o desempenho ruim na distribui\u00e7\u00e3o de camisas, principalmente ap\u00f3s os t\u00edtulos do Campeonato Brasileiro e da Copa Libertadores da Am\u00e9rica de 2019, quando os artigos sumiram das lojas oficiais. Al\u00e9m disso, o atraso no pagamento de R$ 8,8 milh\u00f5es de reais no primeiro semestre deste ano causou desconforto entre as duas partes.<\/p>\n\n\n\n<p>O Flamengo ainda tem mais tr\u00eas anos de contrato com a Adidas, mas j\u00e1 faz uma profunda an\u00e1lise interna e estuda solu\u00e7\u00f5es para a distribui\u00e7\u00e3o, considerada uma falha grave. Em janeiro desde ano, por exemplo, as lojas oficiais n\u00e3o tinham camisas do time de futebol, que estavam esgotadas desde dezembro. O fato foi bastante lamentado n\u00e3o s\u00f3 pelo clube, como tamb\u00e9m pelos lojistas que ficaram sem as pe\u00e7as no melhor momento do ano.<\/p>\n\n\n\n<p>Para se ter uma ideia, mesmo faturando o Campeonato Brasileiro e a Copa Libertadores, t\u00edtulo que o clube n\u00e3o levantava desde 1981, a Adidas n\u00e3o conseguiu bater o recorde de 2009, da Olympikus, que vendeu mais de um milh\u00e3o de camisas.<\/p>\n\n\n\n<p>Quem lidera as discuss\u00f5es \u00e9 Luiz Eduardo Baptista. Recentemente, o vice-presidente de rela\u00e7\u00f5es externas esteve reunido com o gerente de futebol, Gabriel Skinner, que teve participa\u00e7\u00e3o importante na parceria com a Olympikus, para entender como a empresa brasileira conseguiu suprir a demanda. O \u201ccase\u201d da OLK, virou refer\u00eancia para o Flamengo na busca por melhorias na distribui\u00e7\u00e3o. O clube tamb\u00e9m quer estar pronto para debater, num futuro n\u00e3o t\u00e3o distante, a renova\u00e7\u00e3o de contrato e at\u00e9 ouvir novas possibilidades.<\/p>\n\n\n\n<h2 class=\"wp-block-heading\">Novo desconforto:<\/h2>\n\n\n\n<p>Esta semana, o Flamengo foi pego de surpresa com uma solicita\u00e7\u00e3o da TV Globo, detentora dos direitos do clube no Campeonato Brasileiro. A empresa avisou que os n\u00fameros na camisa de jogo n\u00famero tr\u00eas n\u00e3o davam leitura e pediu altera\u00e7\u00e3o.<\/p>\n\n\n\n<p>A Adidas fez um teste no Maracan\u00e3 na \u00faltima segunda-feira (31) e constatou o problema relatado pela emissora. Com isso, decidiu por modificar as cores e a fonte da camisa.<\/p>\n\n\n\n<p>A situa\u00e7\u00e3o atrapalha a campanha lan\u00e7ada para arrecadar fundos para a organiza\u00e7\u00e3o humanit\u00e1ria internacional M\u00e9didos Sem Fronteiras, que receber\u00e1 100% do lucro arrecadado na personaliza\u00e7\u00e3o. Nas lojas, os n\u00fameros e letras originais ser\u00e3o mantidos, logo, o torcedor que quiser personalizar, ter\u00e1 a camisa diferente da utilizada pelos atletas dentro de campo.<\/p>\n\n\n\n<p>Retirado de: Goal<\/p>\n","protected":false},"excerpt":{"rendered":"<p>O relacionamento entre Flamengo e Adidas j\u00e1 n\u00e3o \u00e9 mais o mesmo. O clube n\u00e3o esconde a insatisfa\u00e7\u00e3o com o desempenho ruim na distribui\u00e7\u00e3o de camisas, principalmente ap\u00f3s os t\u00edtulos do Campeonato Brasileiro e da Copa Libertadores da Am\u00e9rica de 2019, quando os artigos sumiram das lojas oficiais. Al\u00e9m disso, o atraso no pagamento de [&hellip;]<\/p>\n","protected":false},"author":1,"featured_media":16214,"comment_status":"open","ping_status":"closed","sticky":false,"template":"","format":"standard","meta":{"footnotes":""},"categories":[47],"tags":[],"class_list":["post-46688","post","type-post","status-publish","format-standard","has-post-thumbnail","hentry","category-destaques"],"yoast_head":"<!-- This site is optimized with the Yoast SEO Premium plugin v24.2 (Yoast SEO v26.9) - https:\/\/yoast.com\/product\/yoast-seo-premium-wordpress\/ -->\n<title>Flamengo est\u00e1 insatisfeito com a Adidas; uniforme sofrer\u00e1 altera\u00e7\u00e3o<\/title>\n<meta name=\"description\" content=\"O Flamengo ainda tem mais tr\u00eas anos de contrato com a Adidas, mas j\u00e1 faz uma profunda an\u00e1lise interna e estuda solu\u00e7\u00f5es.\" \/>\n<meta name=\"robots\" content=\"index, follow, max-snippet:-1, max-image-preview:large, max-video-preview:-1\" \/>\n<link rel=\"canonical\" href=\"https:\/\/www.gaveanews.com\/index.php\/2020\/09\/02\/flamengo-esta-insatisfeito-com-a-adidas-uniforme-rubro-negro-sofrera-alteracao-devido-a-falha\/\" \/>\n<meta property=\"og:locale\" content=\"pt_BR\" \/>\n<meta property=\"og:type\" content=\"article\" \/>\n<meta property=\"og:title\" content=\"Flamengo est\u00e1 insatisfeito com a Adidas; uniforme rubro-negro sofrer\u00e1 altera\u00e7\u00e3o devido a falha\" \/>\n<meta property=\"og:description\" content=\"O Flamengo ainda tem mais tr\u00eas anos de contrato com a Adidas, mas j\u00e1 faz uma profunda an\u00e1lise interna e estuda solu\u00e7\u00f5es.\" \/>\n<meta property=\"og:url\" content=\"https:\/\/www.gaveanews.com\/index.php\/2020\/09\/02\/flamengo-esta-insatisfeito-com-a-adidas-uniforme-rubro-negro-sofrera-alteracao-devido-a-falha\/\" \/>\n<meta property=\"og:site_name\" content=\"G\u00e1vea News\" \/>\n<meta property=\"article:publisher\" content=\"https:\/\/facebook.com\/gaveaNews\/\" \/>\n<meta property=\"article:published_time\" content=\"2020-09-02T15:56:36+00:00\" \/>\n<meta property=\"article:modified_time\" content=\"2020-09-02T15:56:39+00:00\" \/>\n<meta property=\"og:image\" content=\"https:\/\/www.gaveanews.com\/wp-content\/uploads\/2019\/03\/Logomarca-da-Adidas.webp\" \/>\n\t<meta property=\"og:image:width\" content=\"1200\" \/>\n\t<meta property=\"og:image:height\" content=\"600\" \/>\n\t<meta property=\"og:image:type\" content=\"image\/png\" \/>\n<meta name=\"author\" content=\"Equipe G\u00e1vea News\" \/>\n<meta name=\"twitter:card\" content=\"summary_large_image\" \/>\n<meta name=\"twitter:label1\" content=\"Escrito por\" \/>\n\t<meta name=\"twitter:data1\" content=\"Equipe G\u00e1vea News\" \/>\n\t<meta name=\"twitter:label2\" content=\"Est. tempo de leitura\" \/>\n\t<meta name=\"twitter:data2\" content=\"2 minutos\" \/>\n<script type=\"application\/ld+json\" class=\"yoast-schema-graph\">{\"@context\":\"https:\/\/schema.org\",\"@graph\":[{\"@type\":\"NewsArticle\",\"@id\":\"https:\/\/www.gaveanews.com\/index.php\/2020\/09\/02\/flamengo-esta-insatisfeito-com-a-adidas-uniforme-rubro-negro-sofrera-alteracao-devido-a-falha\/#article\",\"isPartOf\":{\"@id\":\"https:\/\/www.gaveanews.com\/index.php\/2020\/09\/02\/flamengo-esta-insatisfeito-com-a-adidas-uniforme-rubro-negro-sofrera-alteracao-devido-a-falha\/\"},\"author\":{\"name\":\"Equipe G\u00e1vea News\",\"@id\":\"https:\/\/www.gaveanews.com\/#\/schema\/person\/2ec14f73fb96be2caf28f91afb14749d\"},\"headline\":\"Flamengo est\u00e1 insatisfeito com a Adidas; uniforme rubro-negro sofrer\u00e1 altera\u00e7\u00e3o devido a falha\",\"datePublished\":\"2020-09-02T15:56:36+00:00\",\"dateModified\":\"2020-09-02T15:56:39+00:00\",\"mainEntityOfPage\":{\"@id\":\"https:\/\/www.gaveanews.com\/index.php\/2020\/09\/02\/flamengo-esta-insatisfeito-com-a-adidas-uniforme-rubro-negro-sofrera-alteracao-devido-a-falha\/\"},\"wordCount\":440,\"commentCount\":25,\"image\":{\"@id\":\"https:\/\/www.gaveanews.com\/index.php\/2020\/09\/02\/flamengo-esta-insatisfeito-com-a-adidas-uniforme-rubro-negro-sofrera-alteracao-devido-a-falha\/#primaryimage\"},\"thumbnailUrl\":\"https:\/\/www.gaveanews.com\/wp-content\/uploads\/2019\/03\/Logomarca-da-Adidas.webp\",\"articleSection\":[\"Destaques\"],\"inLanguage\":\"pt-BR\",\"potentialAction\":[{\"@type\":\"CommentAction\",\"name\":\"Comment\",\"target\":[\"https:\/\/www.gaveanews.com\/index.php\/2020\/09\/02\/flamengo-esta-insatisfeito-com-a-adidas-uniforme-rubro-negro-sofrera-alteracao-devido-a-falha\/#respond\"]}],\"copyrightYear\":\"2020\",\"copyrightHolder\":{\"@id\":\"https:\/\/www.gaveanews.com\/#organization\"}},{\"@type\":\"WebPage\",\"@id\":\"https:\/\/www.gaveanews.com\/index.php\/2020\/09\/02\/flamengo-esta-insatisfeito-com-a-adidas-uniforme-rubro-negro-sofrera-alteracao-devido-a-falha\/\",\"url\":\"https:\/\/www.gaveanews.com\/index.php\/2020\/09\/02\/flamengo-esta-insatisfeito-com-a-adidas-uniforme-rubro-negro-sofrera-alteracao-devido-a-falha\/\",\"name\":\"Flamengo est\u00e1 insatisfeito com a Adidas; uniforme sofrer\u00e1 altera\u00e7\u00e3o\",\"isPartOf\":{\"@id\":\"https:\/\/www.gaveanews.com\/#website\"},\"primaryImageOfPage\":{\"@id\":\"https:\/\/www.gaveanews.com\/index.php\/2020\/09\/02\/flamengo-esta-insatisfeito-com-a-adidas-uniforme-rubro-negro-sofrera-alteracao-devido-a-falha\/#primaryimage\"},\"image\":{\"@id\":\"https:\/\/www.gaveanews.com\/index.php\/2020\/09\/02\/flamengo-esta-insatisfeito-com-a-adidas-uniforme-rubro-negro-sofrera-alteracao-devido-a-falha\/#primaryimage\"},\"thumbnailUrl\":\"https:\/\/www.gaveanews.com\/wp-content\/uploads\/2019\/03\/Logomarca-da-Adidas.webp\",\"datePublished\":\"2020-09-02T15:56:36+00:00\",\"dateModified\":\"2020-09-02T15:56:39+00:00\",\"author\":{\"@id\":\"https:\/\/www.gaveanews.com\/#\/schema\/person\/2ec14f73fb96be2caf28f91afb14749d\"},\"description\":\"O Flamengo ainda tem mais tr\u00eas anos de contrato com a Adidas, mas j\u00e1 faz uma profunda an\u00e1lise interna e estuda solu\u00e7\u00f5es.\",\"breadcrumb\":{\"@id\":\"https:\/\/www.gaveanews.com\/index.php\/2020\/09\/02\/flamengo-esta-insatisfeito-com-a-adidas-uniforme-rubro-negro-sofrera-alteracao-devido-a-falha\/#breadcrumb\"},\"inLanguage\":\"pt-BR\",\"potentialAction\":[{\"@type\":\"ReadAction\",\"target\":[\"https:\/\/www.gaveanews.com\/index.php\/2020\/09\/02\/flamengo-esta-insatisfeito-com-a-adidas-uniforme-rubro-negro-sofrera-alteracao-devido-a-falha\/\"]}]},{\"@type\":\"ImageObject\",\"inLanguage\":\"pt-BR\",\"@id\":\"https:\/\/www.gaveanews.com\/index.php\/2020\/09\/02\/flamengo-esta-insatisfeito-com-a-adidas-uniforme-rubro-negro-sofrera-alteracao-devido-a-falha\/#primaryimage\",\"url\":\"https:\/\/www.gaveanews.com\/wp-content\/uploads\/2019\/03\/Logomarca-da-Adidas.webp\",\"contentUrl\":\"https:\/\/www.gaveanews.com\/wp-content\/uploads\/2019\/03\/Logomarca-da-Adidas.webp\",\"width\":1200,\"height\":600,\"caption\":\"Logomarca da Adidas (Foto: Reprodu\u00e7\u00e3o)\"},{\"@type\":\"BreadcrumbList\",\"@id\":\"https:\/\/www.gaveanews.com\/index.php\/2020\/09\/02\/flamengo-esta-insatisfeito-com-a-adidas-uniforme-rubro-negro-sofrera-alteracao-devido-a-falha\/#breadcrumb\",\"itemListElement\":[{\"@type\":\"ListItem\",\"position\":1,\"name\":\"Home\",\"item\":\"https:\/\/www.gaveanews.com\/\"},{\"@type\":\"ListItem\",\"position\":2,\"name\":\"Flamengo est\u00e1 insatisfeito com a Adidas; uniforme rubro-negro sofrer\u00e1 altera\u00e7\u00e3o devido a falha\"}]},{\"@type\":\"WebSite\",\"@id\":\"https:\/\/www.gaveanews.com\/#website\",\"url\":\"https:\/\/www.gaveanews.com\/\",\"name\":\"G\u00e1vea News\",\"description\":\"Veja todas as not\u00edcias sobre o Flamengo: Contrata\u00e7\u00f5es, categorias de base, resultados das partidas, tabela de classifica\u00e7\u00e3o, pr\u00f3ximos jogos!\",\"potentialAction\":[{\"@type\":\"SearchAction\",\"target\":{\"@type\":\"EntryPoint\",\"urlTemplate\":\"https:\/\/www.gaveanews.com\/?s={search_term_string}\"},\"query-input\":{\"@type\":\"PropertyValueSpecification\",\"valueRequired\":true,\"valueName\":\"search_term_string\"}}],\"inLanguage\":\"pt-BR\"},{\"@type\":\"Person\",\"@id\":\"https:\/\/www.gaveanews.com\/#\/schema\/person\/2ec14f73fb96be2caf28f91afb14749d\",\"name\":\"Equipe G\u00e1vea News\",\"image\":{\"@type\":\"ImageObject\",\"inLanguage\":\"pt-BR\",\"@id\":\"https:\/\/www.gaveanews.com\/#\/schema\/person\/image\/\",\"url\":\"https:\/\/secure.gravatar.com\/avatar\/1e1956f1facbffd3f8fa53a326721950116b3b9dc9bd44939c01180fd4a745a9?s=96&d=mm&r=g\",\"contentUrl\":\"https:\/\/secure.gravatar.com\/avatar\/1e1956f1facbffd3f8fa53a326721950116b3b9dc9bd44939c01180fd4a745a9?s=96&d=mm&r=g\",\"caption\":\"Equipe G\u00e1vea News\"}}]}<\/script>\n<!-- \/ Yoast SEO Premium plugin. -->","yoast_head_json":{"title":"Flamengo est\u00e1 insatisfeito com a Adidas; uniforme sofrer\u00e1 altera\u00e7\u00e3o","description":"O Flamengo ainda tem mais tr\u00eas anos de contrato com a Adidas, mas j\u00e1 faz uma profunda an\u00e1lise interna e estuda solu\u00e7\u00f5es.","robots":{"index":"index","follow":"follow","max-snippet":"max-snippet:-1","max-image-preview":"max-image-preview:large","max-video-preview":"max-video-preview:-1"},"canonical":"https:\/\/www.gaveanews.com\/index.php\/2020\/09\/02\/flamengo-esta-insatisfeito-com-a-adidas-uniforme-rubro-negro-sofrera-alteracao-devido-a-falha\/","og_locale":"pt_BR","og_type":"article","og_title":"Flamengo est\u00e1 insatisfeito com a Adidas; uniforme rubro-negro sofrer\u00e1 altera\u00e7\u00e3o devido a falha","og_description":"O Flamengo ainda tem mais tr\u00eas anos de contrato com a Adidas, mas j\u00e1 faz uma profunda an\u00e1lise interna e estuda solu\u00e7\u00f5es.","og_url":"https:\/\/www.gaveanews.com\/index.php\/2020\/09\/02\/flamengo-esta-insatisfeito-com-a-adidas-uniforme-rubro-negro-sofrera-alteracao-devido-a-falha\/","og_site_name":"G\u00e1vea News","article_publisher":"https:\/\/facebook.com\/gaveaNews\/","article_published_time":"2020-09-02T15:56:36+00:00","article_modified_time":"2020-09-02T15:56:39+00:00","og_image":[{"width":1200,"height":600,"url":"https:\/\/www.gaveanews.com\/wp-content\/uploads\/2019\/03\/Logomarca-da-Adidas.webp","type":"image\/png"}],"author":"Equipe G\u00e1vea News","twitter_card":"summary_large_image","twitter_misc":{"Escrito por":"Equipe G\u00e1vea News","Est. tempo de leitura":"2 minutos"},"schema":{"@context":"https:\/\/schema.org","@graph":[{"@type":"NewsArticle","@id":"https:\/\/www.gaveanews.com\/index.php\/2020\/09\/02\/flamengo-esta-insatisfeito-com-a-adidas-uniforme-rubro-negro-sofrera-alteracao-devido-a-falha\/#article","isPartOf":{"@id":"https:\/\/www.gaveanews.com\/index.php\/2020\/09\/02\/flamengo-esta-insatisfeito-com-a-adidas-uniforme-rubro-negro-sofrera-alteracao-devido-a-falha\/"},"author":{"name":"Equipe G\u00e1vea News","@id":"https:\/\/www.gaveanews.com\/#\/schema\/person\/2ec14f73fb96be2caf28f91afb14749d"},"headline":"Flamengo est\u00e1 insatisfeito com a Adidas; uniforme rubro-negro sofrer\u00e1 altera\u00e7\u00e3o devido a falha","datePublished":"2020-09-02T15:56:36+00:00","dateModified":"2020-09-02T15:56:39+00:00","mainEntityOfPage":{"@id":"https:\/\/www.gaveanews.com\/index.php\/2020\/09\/02\/flamengo-esta-insatisfeito-com-a-adidas-uniforme-rubro-negro-sofrera-alteracao-devido-a-falha\/"},"wordCount":440,"commentCount":25,"image":{"@id":"https:\/\/www.gaveanews.com\/index.php\/2020\/09\/02\/flamengo-esta-insatisfeito-com-a-adidas-uniforme-rubro-negro-sofrera-alteracao-devido-a-falha\/#primaryimage"},"thumbnailUrl":"https:\/\/www.gaveanews.com\/wp-content\/uploads\/2019\/03\/Logomarca-da-Adidas.webp","articleSection":["Destaques"],"inLanguage":"pt-BR","potentialAction":[{"@type":"CommentAction","name":"Comment","target":["https:\/\/www.gaveanews.com\/index.php\/2020\/09\/02\/flamengo-esta-insatisfeito-com-a-adidas-uniforme-rubro-negro-sofrera-alteracao-devido-a-falha\/#respond"]}],"copyrightYear":"2020","copyrightHolder":{"@id":"https:\/\/www.gaveanews.com\/#organization"}},{"@type":"WebPage","@id":"https:\/\/www.gaveanews.com\/index.php\/2020\/09\/02\/flamengo-esta-insatisfeito-com-a-adidas-uniforme-rubro-negro-sofrera-alteracao-devido-a-falha\/","url":"https:\/\/www.gaveanews.com\/index.php\/2020\/09\/02\/flamengo-esta-insatisfeito-com-a-adidas-uniforme-rubro-negro-sofrera-alteracao-devido-a-falha\/","name":"Flamengo est\u00e1 insatisfeito com a Adidas; uniforme sofrer\u00e1 altera\u00e7\u00e3o","isPartOf":{"@id":"https:\/\/www.gaveanews.com\/#website"},"primaryImageOfPage":{"@id":"https:\/\/www.gaveanews.com\/index.php\/2020\/09\/02\/flamengo-esta-insatisfeito-com-a-adidas-uniforme-rubro-negro-sofrera-alteracao-devido-a-falha\/#primaryimage"},"image":{"@id":"https:\/\/www.gaveanews.com\/index.php\/2020\/09\/02\/flamengo-esta-insatisfeito-com-a-adidas-uniforme-rubro-negro-sofrera-alteracao-devido-a-falha\/#primaryimage"},"thumbnailUrl":"https:\/\/www.gaveanews.com\/wp-content\/uploads\/2019\/03\/Logomarca-da-Adidas.webp","datePublished":"2020-09-02T15:56:36+00:00","dateModified":"2020-09-02T15:56:39+00:00","author":{"@id":"https:\/\/www.gaveanews.com\/#\/schema\/person\/2ec14f73fb96be2caf28f91afb14749d"},"description":"O Flamengo ainda tem mais tr\u00eas anos de contrato com a Adidas, mas j\u00e1 faz uma profunda an\u00e1lise interna e estuda solu\u00e7\u00f5es.","breadcrumb":{"@id":"https:\/\/www.gaveanews.com\/index.php\/2020\/09\/02\/flamengo-esta-insatisfeito-com-a-adidas-uniforme-rubro-negro-sofrera-alteracao-devido-a-falha\/#breadcrumb"},"inLanguage":"pt-BR","potentialAction":[{"@type":"ReadAction","target":["https:\/\/www.gaveanews.com\/index.php\/2020\/09\/02\/flamengo-esta-insatisfeito-com-a-adidas-uniforme-rubro-negro-sofrera-alteracao-devido-a-falha\/"]}]},{"@type":"ImageObject","inLanguage":"pt-BR","@id":"https:\/\/www.gaveanews.com\/index.php\/2020\/09\/02\/flamengo-esta-insatisfeito-com-a-adidas-uniforme-rubro-negro-sofrera-alteracao-devido-a-falha\/#primaryimage","url":"https:\/\/www.gaveanews.com\/wp-content\/uploads\/2019\/03\/Logomarca-da-Adidas.webp","contentUrl":"https:\/\/www.gaveanews.com\/wp-content\/uploads\/2019\/03\/Logomarca-da-Adidas.webp","width":1200,"height":600,"caption":"Logomarca da Adidas (Foto: Reprodu\u00e7\u00e3o)"},{"@type":"BreadcrumbList","@id":"https:\/\/www.gaveanews.com\/index.php\/2020\/09\/02\/flamengo-esta-insatisfeito-com-a-adidas-uniforme-rubro-negro-sofrera-alteracao-devido-a-falha\/#breadcrumb","itemListElement":[{"@type":"ListItem","position":1,"name":"Home","item":"https:\/\/www.gaveanews.com\/"},{"@type":"ListItem","position":2,"name":"Flamengo est\u00e1 insatisfeito com a Adidas; uniforme rubro-negro sofrer\u00e1 altera\u00e7\u00e3o devido a falha"}]},{"@type":"WebSite","@id":"https:\/\/www.gaveanews.com\/#website","url":"https:\/\/www.gaveanews.com\/","name":"G\u00e1vea News","description":"Veja todas as not\u00edcias sobre o Flamengo: Contrata\u00e7\u00f5es, categorias de base, resultados das partidas, tabela de classifica\u00e7\u00e3o, pr\u00f3ximos jogos!","potentialAction":[{"@type":"SearchAction","target":{"@type":"EntryPoint","urlTemplate":"https:\/\/www.gaveanews.com\/?s={search_term_string}"},"query-input":{"@type":"PropertyValueSpecification","valueRequired":true,"valueName":"search_term_string"}}],"inLanguage":"pt-BR"},{"@type":"Person","@id":"https:\/\/www.gaveanews.com\/#\/schema\/person\/2ec14f73fb96be2caf28f91afb14749d","name":"Equipe G\u00e1vea News","image":{"@type":"ImageObject","inLanguage":"pt-BR","@id":"https:\/\/www.gaveanews.com\/#\/schema\/person\/image\/","url":"https:\/\/secure.gravatar.com\/avatar\/1e1956f1facbffd3f8fa53a326721950116b3b9dc9bd44939c01180fd4a745a9?s=96&d=mm&r=g","contentUrl":"https:\/\/secure.gravatar.com\/avatar\/1e1956f1facbffd3f8fa53a326721950116b3b9dc9bd44939c01180fd4a745a9?s=96&d=mm&r=g","caption":"Equipe G\u00e1vea News"}}]}},"_links":{"self":[{"href":"https:\/\/www.gaveanews.com\/index.php\/wp-json\/wp\/v2\/posts\/46688","targetHints":{"allow":["GET"]}}],"collection":[{"href":"https:\/\/www.gaveanews.com\/index.php\/wp-json\/wp\/v2\/posts"}],"about":[{"href":"https:\/\/www.gaveanews.com\/index.php\/wp-json\/wp\/v2\/types\/post"}],"author":[{"embeddable":true,"href":"https:\/\/www.gaveanews.com\/index.php\/wp-json\/wp\/v2\/users\/1"}],"replies":[{"embeddable":true,"href":"https:\/\/www.gaveanews.com\/index.php\/wp-json\/wp\/v2\/comments?post=46688"}],"version-history":[{"count":0,"href":"https:\/\/www.gaveanews.com\/index.php\/wp-json\/wp\/v2\/posts\/46688\/revisions"}],"wp:featuredmedia":[{"embeddable":true,"href":"https:\/\/www.gaveanews.com\/index.php\/wp-json\/wp\/v2\/media\/16214"}],"wp:attachment":[{"href":"https:\/\/www.gaveanews.com\/index.php\/wp-json\/wp\/v2\/media?parent=46688"}],"wp:term":[{"taxonomy":"category","embeddable":true,"href":"https:\/\/www.gaveanews.com\/index.php\/wp-json\/wp\/v2\/categories?post=46688"},{"taxonomy":"post_tag","embeddable":true,"href":"https:\/\/www.gaveanews.com\/index.php\/wp-json\/wp\/v2\/tags?post=46688"}],"curies":[{"name":"wp","href":"https:\/\/api.w.org\/{rel}","templated":true}]}}