{"id":46716,"date":"2020-09-02T21:59:16","date_gmt":"2020-09-03T00:59:16","guid":{"rendered":"https:\/\/www.gaveanews.com\/?p=46716"},"modified":"2021-08-12T00:42:59","modified_gmt":"2021-08-12T03:42:59","slug":"goleada-do-flamengo-deixa-torcedores-empolgados-nas-redes-sociais","status":"publish","type":"post","link":"https:\/\/www.gaveanews.com\/index.php\/2020\/09\/02\/goleada-do-flamengo-deixa-torcedores-empolgados-nas-redes-sociais\/","title":{"rendered":"Goleada do Flamengo deixa torcedores empolgados nas redes sociais"},"content":{"rendered":"\n<p>Nesta quarta-feira (02 de setembro), o elenco do Flamengo foi testado. Afinal, Diego Alves, C\u00e9sar, Jo\u00e3o Lucas, Gerson, Bruno Henrique e Gabigol sequer foram relacionados. A boa not\u00edcia, \u00e9 de que os jogadores que foram escolhidos pelo treinador Dom\u00e8nec Torrent deram conta do recado. O placar final da partida foi: Bahia 3&#215;5 Flamengo.<\/p>\n\n\n\n<p>Com a goleada, a Na\u00e7\u00e3o Rubro-Negra ficou empolgada, e muitos torcedores fizeram quest\u00e3o de comemorar nas redes sociais. <\/p>\n\n\n\n<p><strong>Confira abaixo algumas publica\u00e7\u00f5es:<\/strong><\/p>\n\n\n\n<figure class=\"wp-block-embed-twitter wp-block-embed is-type-rich is-provider-twitter\"><div class=\"wp-block-embed__wrapper\">\n<blockquote class=\"twitter-tweet\" data-width=\"550\" data-dnt=\"true\"><p lang=\"pt\" dir=\"ltr\">eu vendo o Flamengo subir na tabela <a href=\"https:\/\/t.co\/BceiXn5QXG\">pic.twitter.com\/BceiXn5QXG<\/a><\/p>&mdash; thai\ud83e\udda5 (@diegribaz) <a href=\"https:\/\/twitter.com\/diegribaz\/status\/1301321561434136576?ref_src=twsrc%5Etfw\">September 3, 2020<\/a><\/blockquote><script async src=\"https:\/\/platform.twitter.com\/widgets.js\" charset=\"utf-8\"><\/script>\n<\/div><\/figure>\n\n\n\n<figure class=\"wp-block-embed-twitter wp-block-embed is-type-rich is-provider-twitter\"><div class=\"wp-block-embed__wrapper\">\n<blockquote class=\"twitter-tweet\" data-width=\"550\" data-dnt=\"true\"><p lang=\"pt\" dir=\"ltr\">Troca de passes envolvente \u2705<br>Entrosamento \u2705<br>Gola\u00e7os \u2705<br><br>Aquele Flamengo t\u00e1 de volta \ud83d\udd25 <a href=\"https:\/\/t.co\/Xl0Fz6KAUY\">pic.twitter.com\/Xl0Fz6KAUY<\/a><\/p>&mdash; Mundo do Futebol \ud83c\udf0d (@ofutmundo) <a href=\"https:\/\/twitter.com\/ofutmundo\/status\/1301321484254826497?ref_src=twsrc%5Etfw\">September 3, 2020<\/a><\/blockquote><script async src=\"https:\/\/platform.twitter.com\/widgets.js\" charset=\"utf-8\"><\/script>\n<\/div><\/figure>\n\n\n\n<figure class=\"wp-block-embed-twitter wp-block-embed is-type-rich is-provider-twitter\"><div class=\"wp-block-embed__wrapper\">\n<blockquote class=\"twitter-tweet\" data-width=\"550\" data-dnt=\"true\"><p lang=\"pt\" dir=\"ltr\">Eu indo comemorar um gol do flamengo\/\/\/ eu voltando pra comemorar outro <a href=\"https:\/\/twitter.com\/hashtag\/BAHxFLA?src=hash&amp;ref_src=twsrc%5Etfw\">#BAHxFLA<\/a> <a href=\"https:\/\/t.co\/DknILTn74u\">pic.twitter.com\/DknILTn74u<\/a><\/p>&mdash; Carolmelo (@caroll_mello1) <a href=\"https:\/\/twitter.com\/caroll_mello1\/status\/1301320950017859586?ref_src=twsrc%5Etfw\">September 3, 2020<\/a><\/blockquote><script async src=\"https:\/\/platform.twitter.com\/widgets.js\" charset=\"utf-8\"><\/script>\n<\/div><\/figure>\n\n\n\n<figure class=\"wp-block-embed-twitter wp-block-embed is-type-rich is-provider-twitter\"><div class=\"wp-block-embed__wrapper\">\nhttps:\/\/twitter.com\/Alemdedramatica\/status\/1301320395769946112\n<\/div><\/figure>\n\n\n\n<figure class=\"wp-block-embed-twitter wp-block-embed is-type-rich is-provider-twitter\"><div class=\"wp-block-embed__wrapper\">\nhttps:\/\/twitter.com\/didicodamimosa\/status\/1301320616134479878\n<\/div><\/figure>\n\n\n\n<figure class=\"wp-block-embed-twitter wp-block-embed is-type-rich is-provider-twitter\"><div class=\"wp-block-embed__wrapper\">\n<blockquote class=\"twitter-tweet\" data-width=\"550\" data-dnt=\"true\"><p lang=\"pt\" dir=\"ltr\">Que coisa mais linda cheia de gra\u00e7a hein Arrascaeta<a href=\"https:\/\/twitter.com\/hashtag\/Flamengo?src=hash&amp;ref_src=twsrc%5Etfw\">#Flamengo<\/a> <a href=\"https:\/\/t.co\/gTXPq77bx0\">pic.twitter.com\/gTXPq77bx0<\/a><\/p>&mdash; \u2728 (@mmalalalala) <a href=\"https:\/\/twitter.com\/mmalalalala\/status\/1301320187258572802?ref_src=twsrc%5Etfw\">September 3, 2020<\/a><\/blockquote><script async src=\"https:\/\/platform.twitter.com\/widgets.js\" charset=\"utf-8\"><\/script>\n<\/div><\/figure>\n\n\n\n<figure class=\"wp-block-embed-twitter wp-block-embed is-type-rich is-provider-twitter\"><div class=\"wp-block-embed__wrapper\">\nhttps:\/\/twitter.com\/_flamengaco\/status\/1301321472389132291\n<\/div><\/figure>\n\n\n\n<figure class=\"wp-block-embed-twitter wp-block-embed is-type-rich is-provider-twitter\"><div class=\"wp-block-embed__wrapper\">\n<blockquote class=\"twitter-tweet\" data-width=\"550\" data-dnt=\"true\"><p lang=\"pt\" dir=\"ltr\">Voc\u00ea pensa que o Flamengo \u00e9 time???<\/p>&mdash; Ge De Arrascaeta \u1d9c\u02b3\u1da0 (@Gedearrascaeta) <a href=\"https:\/\/twitter.com\/Gedearrascaeta\/status\/1301320277066997760?ref_src=twsrc%5Etfw\">September 3, 2020<\/a><\/blockquote><script async src=\"https:\/\/platform.twitter.com\/widgets.js\" charset=\"utf-8\"><\/script>\n<\/div><\/figure>\n\n\n\n<figure class=\"wp-block-embed-twitter wp-block-embed is-type-rich is-provider-twitter\"><div class=\"wp-block-embed__wrapper\">\n<blockquote class=\"twitter-tweet\" data-width=\"550\" data-dnt=\"true\"><p lang=\"pt\" dir=\"ltr\">n\u00e3o sei voc\u00eas, mas j\u00e1 to imaginando o flamengo decidindo o t\u00edtulo da libertadores no maracan\u00e3.<\/p>&mdash; maria eduarda (@zlatwn) <a href=\"https:\/\/twitter.com\/zlatwn\/status\/1301320328518475776?ref_src=twsrc%5Etfw\">September 3, 2020<\/a><\/blockquote><script async src=\"https:\/\/platform.twitter.com\/widgets.js\" charset=\"utf-8\"><\/script>\n<\/div><\/figure>\n\n\n\n<figure class=\"wp-block-embed-twitter wp-block-embed is-type-rich is-provider-twitter\"><div class=\"wp-block-embed__wrapper\">\n<blockquote class=\"twitter-tweet\" data-width=\"550\" data-dnt=\"true\"><p lang=\"pt\" dir=\"ltr\">&quot;&#8230;\u00caeeeta, \u00eata, \u00eata \u00eataaa<br>\u00c9 a lua, \u00e9 o sol<br>\u00c9 mais um gol do Arrascaeta&#8230;&quot;\ud83c\udfb6<a href=\"https:\/\/twitter.com\/hashtag\/BAHxFLA?src=hash&amp;ref_src=twsrc%5Etfw\">#BAHxFLA<\/a> <a href=\"https:\/\/twitter.com\/hashtag\/Flamengo?src=hash&amp;ref_src=twsrc%5Etfw\">#Flamengo<\/a> <a href=\"https:\/\/twitter.com\/hashtag\/colunadofla?src=hash&amp;ref_src=twsrc%5Etfw\">#colunadofla<\/a><\/p>&mdash; Bruno Mattos (@_BrunoMattos_) <a href=\"https:\/\/twitter.com\/_BrunoMattos_\/status\/1301320311271546880?ref_src=twsrc%5Etfw\">September 3, 2020<\/a><\/blockquote><script async src=\"https:\/\/platform.twitter.com\/widgets.js\" charset=\"utf-8\"><\/script>\n<\/div><\/figure>\n\n\n\n<figure class=\"wp-block-embed-twitter wp-block-embed is-type-rich is-provider-twitter\"><div class=\"wp-block-embed__wrapper\">\n<blockquote class=\"twitter-tweet\" data-width=\"550\" data-dnt=\"true\"><p lang=\"pt\" dir=\"ltr\">Flamengo t\u00e1 inspirado nos gols : <a href=\"https:\/\/t.co\/Gss5LQxHgz\">pic.twitter.com\/Gss5LQxHgz<\/a><\/p>&mdash; Nayara S. (@nayaranaay) <a href=\"https:\/\/twitter.com\/nayaranaay\/status\/1301320335485149184?ref_src=twsrc%5Etfw\">September 3, 2020<\/a><\/blockquote><script async src=\"https:\/\/platform.twitter.com\/widgets.js\" charset=\"utf-8\"><\/script>\n<\/div><\/figure>\n\n\n\n<figure class=\"wp-block-embed-twitter wp-block-embed is-type-rich is-provider-twitter\"><div class=\"wp-block-embed__wrapper\">\n<blockquote class=\"twitter-tweet\" data-width=\"550\" data-dnt=\"true\"><p lang=\"pt\" dir=\"ltr\">Flamengo goleando o Bahia e eu to como <a href=\"https:\/\/t.co\/lu8EpxFaBC\">pic.twitter.com\/lu8EpxFaBC<\/a><\/p>&mdash; Natali \u1d9c\u02b3\u1da0 (@natalicrf) <a href=\"https:\/\/twitter.com\/natalicrf\/status\/1301320193692532738?ref_src=twsrc%5Etfw\">September 3, 2020<\/a><\/blockquote><script async src=\"https:\/\/platform.twitter.com\/widgets.js\" charset=\"utf-8\"><\/script>\n<\/div><\/figure>\n\n\n\n<figure class=\"wp-block-embed-twitter wp-block-embed is-type-rich is-provider-twitter\"><div class=\"wp-block-embed__wrapper\">\n<blockquote class=\"twitter-tweet\" data-width=\"550\" data-dnt=\"true\"><p lang=\"pt\" dir=\"ltr\">Meu Flamengo voltou<br><br> <a href=\"https:\/\/twitter.com\/hashtag\/BAHxFLA?src=hash&amp;ref_src=twsrc%5Etfw\">#BAHxFLA<\/a> <a href=\"https:\/\/t.co\/cFt6E6SFoi\">pic.twitter.com\/cFt6E6SFoi<\/a><\/p>&mdash; FlaGatas_FG (@FlaGatas_FGs) <a href=\"https:\/\/twitter.com\/FlaGatas_FGs\/status\/1301320218845872130?ref_src=twsrc%5Etfw\">September 3, 2020<\/a><\/blockquote><script async src=\"https:\/\/platform.twitter.com\/widgets.js\" charset=\"utf-8\"><\/script>\n<\/div><\/figure>\n\n\n\n<figure class=\"wp-block-embed-twitter wp-block-embed is-type-rich is-provider-twitter\"><div class=\"wp-block-embed__wrapper\">\n<blockquote class=\"twitter-tweet\" data-width=\"550\" data-dnt=\"true\"><p lang=\"pt\" dir=\"ltr\">O ERRO DE VOC\u00caS \u00c9 PENSAR Q O FLAMENGO \u00c9 TIME <a href=\"https:\/\/twitter.com\/hashtag\/colunadofla?src=hash&amp;ref_src=twsrc%5Etfw\">#colunadofla<\/a><\/p>&mdash; \ud835\udc74\ud835\udc82\ud835\udc9a\ud835\udc8c\ud835\udc90\ud835\udc8f (@MaykonCastro_) <a href=\"https:\/\/twitter.com\/MaykonCastro_\/status\/1301320076466040834?ref_src=twsrc%5Etfw\">September 3, 2020<\/a><\/blockquote><script async src=\"https:\/\/platform.twitter.com\/widgets.js\" charset=\"utf-8\"><\/script>\n<\/div><\/figure>\n\n\n\n<figure class=\"wp-block-embed-twitter wp-block-embed is-type-rich is-provider-twitter\"><div class=\"wp-block-embed__wrapper\">\n<blockquote class=\"twitter-tweet\" data-width=\"550\" data-dnt=\"true\"><p lang=\"pt\" dir=\"ltr\">Eu esperando o meng\u00e3o fazer o 6\u00b0 <a href=\"https:\/\/twitter.com\/hashtag\/Flamengo?src=hash&amp;ref_src=twsrc%5Etfw\">#Flamengo<\/a> <a href=\"https:\/\/t.co\/lJVR56UNr9\">pic.twitter.com\/lJVR56UNr9<\/a><\/p>&mdash; Isabelli Vitoria \ud83e\udd82 (@IsaVitoria129) <a href=\"https:\/\/twitter.com\/IsaVitoria129\/status\/1301320822208987136?ref_src=twsrc%5Etfw\">September 3, 2020<\/a><\/blockquote><script async src=\"https:\/\/platform.twitter.com\/widgets.js\" charset=\"utf-8\"><\/script>\n<\/div><\/figure>\n\n\n\n<figure class=\"wp-block-embed-twitter wp-block-embed is-type-rich is-provider-twitter\"><div class=\"wp-block-embed__wrapper\">\nhttps:\/\/twitter.com\/_FlaNatico\/status\/1301320426220662784\n<\/div><\/figure>\n\n\n\n<figure class=\"wp-block-embed-twitter wp-block-embed is-type-rich is-provider-twitter\"><div class=\"wp-block-embed__wrapper\">\n<blockquote class=\"twitter-tweet\" data-width=\"550\" data-dnt=\"true\"><p lang=\"pt\" dir=\"ltr\">Flamengo fazendo 5 gols<br><br>Eu: <a href=\"https:\/\/t.co\/pEsxdCHOPQ\">pic.twitter.com\/pEsxdCHOPQ<\/a><\/p>&mdash; CLUBISTAS DO FLA OFICIAL (@clubistasdofla) <a href=\"https:\/\/twitter.com\/clubistasdofla\/status\/1301320726008532992?ref_src=twsrc%5Etfw\">September 3, 2020<\/a><\/blockquote><script async src=\"https:\/\/platform.twitter.com\/widgets.js\" charset=\"utf-8\"><\/script>\n<\/div><\/figure>\n\n\n\n<figure class=\"wp-block-embed-twitter wp-block-embed is-type-rich is-provider-twitter\"><div class=\"wp-block-embed__wrapper\">\n<blockquote class=\"twitter-tweet\" data-width=\"550\" data-dnt=\"true\"><p lang=\"pt\" dir=\"ltr\">eu indo dormir hoje depois desse jogo <a href=\"https:\/\/twitter.com\/hashtag\/Flamengo?src=hash&amp;ref_src=twsrc%5Etfw\">#Flamengo<\/a> <a href=\"https:\/\/t.co\/9YEVX0tQcB\">pic.twitter.com\/9YEVX0tQcB<\/a><\/p>&mdash; nath (@marzza_crf) <a href=\"https:\/\/twitter.com\/marzza_crf\/status\/1301320656076836864?ref_src=twsrc%5Etfw\">September 3, 2020<\/a><\/blockquote><script async src=\"https:\/\/platform.twitter.com\/widgets.js\" charset=\"utf-8\"><\/script>\n<\/div><\/figure>\n\n\n\n<figure class=\"wp-block-embed-twitter wp-block-embed is-type-rich is-provider-twitter\"><div class=\"wp-block-embed__wrapper\">\n<blockquote class=\"twitter-tweet\" data-width=\"550\" data-dnt=\"true\"><p lang=\"pt\" dir=\"ltr\">QUEM APROVEITOU PARA TIRAR ONDA, APROVEITOU! <br><br>AGORA O VERDADEIRO FLAMENGO VOLTOU!<\/p>&mdash; Vamos Flamengo! (@MAlORDORJ) <a href=\"https:\/\/twitter.com\/MAlORDORJ\/status\/1301319991548170240?ref_src=twsrc%5Etfw\">September 3, 2020<\/a><\/blockquote><script async src=\"https:\/\/platform.twitter.com\/widgets.js\" charset=\"utf-8\"><\/script>\n<\/div><\/figure>\n\n\n\n<figure class=\"wp-block-embed-twitter wp-block-embed is-type-rich is-provider-twitter\"><div class=\"wp-block-embed__wrapper\">\n<blockquote class=\"twitter-tweet\" data-width=\"550\" data-dnt=\"true\"><p lang=\"pt\" dir=\"ltr\">pisquei e o Flamengo meteu mais dois gols <a href=\"https:\/\/twitter.com\/hashtag\/BAHxFLA?src=hash&amp;ref_src=twsrc%5Etfw\">#BAHxFLA<\/a> <a href=\"https:\/\/t.co\/vmlgyf0CWd\">pic.twitter.com\/vmlgyf0CWd<\/a><\/p>&mdash; iludida\ud83d\ude17\u270c\ud83c\udffc (@duudakk) <a href=\"https:\/\/twitter.com\/duudakk\/status\/1301320682941427712?ref_src=twsrc%5Etfw\">September 3, 2020<\/a><\/blockquote><script async src=\"https:\/\/platform.twitter.com\/widgets.js\" charset=\"utf-8\"><\/script>\n<\/div><\/figure>\n\n\n\n<p><strong>Leia tamb\u00e9m: <a href=\"https:\/\/www.gaveanews.com\/index.php\/2020\/09\/02\/ele-fica-everton-ribeiro-recusa-proposta-dos-emirados-arabes\/\">Ele fica! Everton Ribeiro recusa proposta dos Emirados \u00c1rabes<\/a><\/strong><\/p>\n","protected":false},"excerpt":{"rendered":"<p>Nesta quarta-feira (02 de setembro), o elenco do Flamengo foi testado. Afinal, Diego Alves, C\u00e9sar, Jo\u00e3o Lucas, Gerson, Bruno Henrique e Gabigol sequer foram relacionados. A boa not\u00edcia, \u00e9 de que os jogadores que foram escolhidos pelo treinador Dom\u00e8nec Torrent deram conta do recado. O placar final da partida foi: Bahia 3&#215;5 Flamengo. Com a [&hellip;]<\/p>\n","protected":false},"author":2,"featured_media":46738,"comment_status":"open","ping_status":"closed","sticky":false,"template":"","format":"standard","meta":{"footnotes":""},"categories":[47],"tags":[],"class_list":["post-46716","post","type-post","status-publish","format-standard","has-post-thumbnail","hentry","category-destaques"],"yoast_head":"<!-- This site is optimized with the Yoast SEO Premium plugin v24.2 (Yoast SEO v26.9) - https:\/\/yoast.com\/product\/yoast-seo-premium-wordpress\/ -->\n<title>Goleada do Flamengo deixa torcedores empolgados nas redes sociais<\/title>\n<meta name=\"description\" content=\"Sem problema de d\u00favidas, o Flamengo apresentou o seu melhor futebol desde a chegada do treinador Dom\u00e8nec Torrent.\" \/>\n<meta name=\"robots\" content=\"index, follow, max-snippet:-1, max-image-preview:large, max-video-preview:-1\" \/>\n<link rel=\"canonical\" href=\"https:\/\/www.gaveanews.com\/index.php\/2020\/09\/02\/goleada-do-flamengo-deixa-torcedores-empolgados-nas-redes-sociais\/\" \/>\n<meta property=\"og:locale\" content=\"pt_BR\" \/>\n<meta property=\"og:type\" content=\"article\" \/>\n<meta property=\"og:title\" content=\"Goleada do Flamengo deixa torcedores empolgados nas redes sociais\" \/>\n<meta property=\"og:description\" content=\"Sem problema de d\u00favidas, o Flamengo apresentou o seu melhor futebol desde a chegada do treinador Dom\u00e8nec Torrent.\" \/>\n<meta property=\"og:url\" content=\"https:\/\/www.gaveanews.com\/index.php\/2020\/09\/02\/goleada-do-flamengo-deixa-torcedores-empolgados-nas-redes-sociais\/\" \/>\n<meta property=\"og:site_name\" content=\"G\u00e1vea News\" \/>\n<meta property=\"article:publisher\" content=\"https:\/\/facebook.com\/gaveaNews\/\" \/>\n<meta property=\"article:published_time\" content=\"2020-09-03T00:59:16+00:00\" \/>\n<meta property=\"article:modified_time\" content=\"2021-08-12T03:42:59+00:00\" \/>\n<meta property=\"og:image\" content=\"https:\/\/www.gaveanews.com\/wp-content\/uploads\/Pedro-comemora-apos-marcar-o-primeiro-gol-da-partida-entre-Flamengo-e-Bahia.webp\" \/>\n\t<meta property=\"og:image:width\" content=\"800\" \/>\n\t<meta property=\"og:image:height\" content=\"533\" \/>\n\t<meta property=\"og:image:type\" content=\"image\/jpeg\" \/>\n<meta name=\"author\" content=\"Hugo Nogueira\" \/>\n<meta name=\"twitter:card\" content=\"summary_large_image\" \/>\n<meta name=\"twitter:label1\" content=\"Escrito por\" \/>\n\t<meta name=\"twitter:data1\" content=\"Hugo Nogueira\" \/>\n\t<meta name=\"twitter:label2\" content=\"Est. tempo de leitura\" \/>\n\t<meta name=\"twitter:data2\" content=\"1 minuto\" \/>\n<script type=\"application\/ld+json\" class=\"yoast-schema-graph\">{\"@context\":\"https:\/\/schema.org\",\"@graph\":[{\"@type\":\"NewsArticle\",\"@id\":\"https:\/\/www.gaveanews.com\/index.php\/2020\/09\/02\/goleada-do-flamengo-deixa-torcedores-empolgados-nas-redes-sociais\/#article\",\"isPartOf\":{\"@id\":\"https:\/\/www.gaveanews.com\/index.php\/2020\/09\/02\/goleada-do-flamengo-deixa-torcedores-empolgados-nas-redes-sociais\/\"},\"author\":{\"name\":\"Hugo Nogueira\",\"@id\":\"https:\/\/www.gaveanews.com\/#\/schema\/person\/3a0372021fabaeec4e7e4242cfa27841\"},\"headline\":\"Goleada do Flamengo deixa torcedores empolgados nas redes sociais\",\"datePublished\":\"2020-09-03T00:59:16+00:00\",\"dateModified\":\"2021-08-12T03:42:59+00:00\",\"mainEntityOfPage\":{\"@id\":\"https:\/\/www.gaveanews.com\/index.php\/2020\/09\/02\/goleada-do-flamengo-deixa-torcedores-empolgados-nas-redes-sociais\/\"},\"wordCount\":204,\"commentCount\":16,\"image\":{\"@id\":\"https:\/\/www.gaveanews.com\/index.php\/2020\/09\/02\/goleada-do-flamengo-deixa-torcedores-empolgados-nas-redes-sociais\/#primaryimage\"},\"thumbnailUrl\":\"https:\/\/www.gaveanews.com\/wp-content\/uploads\/Pedro-comemora-apos-marcar-o-primeiro-gol-da-partida-entre-Flamengo-e-Bahia.webp\",\"articleSection\":[\"Destaques\"],\"inLanguage\":\"pt-BR\",\"potentialAction\":[{\"@type\":\"CommentAction\",\"name\":\"Comment\",\"target\":[\"https:\/\/www.gaveanews.com\/index.php\/2020\/09\/02\/goleada-do-flamengo-deixa-torcedores-empolgados-nas-redes-sociais\/#respond\"]}],\"copyrightYear\":\"2020\",\"copyrightHolder\":{\"@id\":\"https:\/\/www.gaveanews.com\/#organization\"}},{\"@type\":\"WebPage\",\"@id\":\"https:\/\/www.gaveanews.com\/index.php\/2020\/09\/02\/goleada-do-flamengo-deixa-torcedores-empolgados-nas-redes-sociais\/\",\"url\":\"https:\/\/www.gaveanews.com\/index.php\/2020\/09\/02\/goleada-do-flamengo-deixa-torcedores-empolgados-nas-redes-sociais\/\",\"name\":\"Goleada do Flamengo deixa torcedores empolgados nas redes sociais\",\"isPartOf\":{\"@id\":\"https:\/\/www.gaveanews.com\/#website\"},\"primaryImageOfPage\":{\"@id\":\"https:\/\/www.gaveanews.com\/index.php\/2020\/09\/02\/goleada-do-flamengo-deixa-torcedores-empolgados-nas-redes-sociais\/#primaryimage\"},\"image\":{\"@id\":\"https:\/\/www.gaveanews.com\/index.php\/2020\/09\/02\/goleada-do-flamengo-deixa-torcedores-empolgados-nas-redes-sociais\/#primaryimage\"},\"thumbnailUrl\":\"https:\/\/www.gaveanews.com\/wp-content\/uploads\/Pedro-comemora-apos-marcar-o-primeiro-gol-da-partida-entre-Flamengo-e-Bahia.webp\",\"datePublished\":\"2020-09-03T00:59:16+00:00\",\"dateModified\":\"2021-08-12T03:42:59+00:00\",\"author\":{\"@id\":\"https:\/\/www.gaveanews.com\/#\/schema\/person\/3a0372021fabaeec4e7e4242cfa27841\"},\"description\":\"Sem problema de d\u00favidas, o Flamengo apresentou o seu melhor futebol desde a chegada do treinador Dom\u00e8nec Torrent.\",\"breadcrumb\":{\"@id\":\"https:\/\/www.gaveanews.com\/index.php\/2020\/09\/02\/goleada-do-flamengo-deixa-torcedores-empolgados-nas-redes-sociais\/#breadcrumb\"},\"inLanguage\":\"pt-BR\",\"potentialAction\":[{\"@type\":\"ReadAction\",\"target\":[\"https:\/\/www.gaveanews.com\/index.php\/2020\/09\/02\/goleada-do-flamengo-deixa-torcedores-empolgados-nas-redes-sociais\/\"]}]},{\"@type\":\"ImageObject\",\"inLanguage\":\"pt-BR\",\"@id\":\"https:\/\/www.gaveanews.com\/index.php\/2020\/09\/02\/goleada-do-flamengo-deixa-torcedores-empolgados-nas-redes-sociais\/#primaryimage\",\"url\":\"https:\/\/www.gaveanews.com\/wp-content\/uploads\/Pedro-comemora-apos-marcar-o-primeiro-gol-da-partida-entre-Flamengo-e-Bahia.webp\",\"contentUrl\":\"https:\/\/www.gaveanews.com\/wp-content\/uploads\/Pedro-comemora-apos-marcar-o-primeiro-gol-da-partida-entre-Flamengo-e-Bahia.webp\",\"width\":800,\"height\":533,\"caption\":\"Pedro comemora ap\u00f3s marcar o primeiro gol da partida entre Flamengo e Bahia (Foto: Alexandre Vidal\/Flamengo)\"},{\"@type\":\"BreadcrumbList\",\"@id\":\"https:\/\/www.gaveanews.com\/index.php\/2020\/09\/02\/goleada-do-flamengo-deixa-torcedores-empolgados-nas-redes-sociais\/#breadcrumb\",\"itemListElement\":[{\"@type\":\"ListItem\",\"position\":1,\"name\":\"Home\",\"item\":\"https:\/\/www.gaveanews.com\/\"},{\"@type\":\"ListItem\",\"position\":2,\"name\":\"Goleada do Flamengo deixa torcedores empolgados nas redes sociais\"}]},{\"@type\":\"WebSite\",\"@id\":\"https:\/\/www.gaveanews.com\/#website\",\"url\":\"https:\/\/www.gaveanews.com\/\",\"name\":\"G\u00e1vea News\",\"description\":\"Veja todas as not\u00edcias sobre o Flamengo: Contrata\u00e7\u00f5es, categorias de base, resultados das partidas, tabela de classifica\u00e7\u00e3o, pr\u00f3ximos jogos!\",\"potentialAction\":[{\"@type\":\"SearchAction\",\"target\":{\"@type\":\"EntryPoint\",\"urlTemplate\":\"https:\/\/www.gaveanews.com\/?s={search_term_string}\"},\"query-input\":{\"@type\":\"PropertyValueSpecification\",\"valueRequired\":true,\"valueName\":\"search_term_string\"}}],\"inLanguage\":\"pt-BR\"},{\"@type\":\"Person\",\"@id\":\"https:\/\/www.gaveanews.com\/#\/schema\/person\/3a0372021fabaeec4e7e4242cfa27841\",\"name\":\"Hugo Nogueira\",\"image\":{\"@type\":\"ImageObject\",\"inLanguage\":\"pt-BR\",\"@id\":\"https:\/\/www.gaveanews.com\/#\/schema\/person\/image\/\",\"url\":\"https:\/\/secure.gravatar.com\/avatar\/0cdd89f3b47bb55926c08eee2db992845cfdd53f84c9fdd47a49d89b3cd40c0a?s=96&d=mm&r=g\",\"contentUrl\":\"https:\/\/secure.gravatar.com\/avatar\/0cdd89f3b47bb55926c08eee2db992845cfdd53f84c9fdd47a49d89b3cd40c0a?s=96&d=mm&r=g\",\"caption\":\"Hugo Nogueira\"}}]}<\/script>\n<!-- \/ Yoast SEO Premium plugin. -->","yoast_head_json":{"title":"Goleada do Flamengo deixa torcedores empolgados nas redes sociais","description":"Sem problema de d\u00favidas, o Flamengo apresentou o seu melhor futebol desde a chegada do treinador Dom\u00e8nec Torrent.","robots":{"index":"index","follow":"follow","max-snippet":"max-snippet:-1","max-image-preview":"max-image-preview:large","max-video-preview":"max-video-preview:-1"},"canonical":"https:\/\/www.gaveanews.com\/index.php\/2020\/09\/02\/goleada-do-flamengo-deixa-torcedores-empolgados-nas-redes-sociais\/","og_locale":"pt_BR","og_type":"article","og_title":"Goleada do Flamengo deixa torcedores empolgados nas redes sociais","og_description":"Sem problema de d\u00favidas, o Flamengo apresentou o seu melhor futebol desde a chegada do treinador Dom\u00e8nec Torrent.","og_url":"https:\/\/www.gaveanews.com\/index.php\/2020\/09\/02\/goleada-do-flamengo-deixa-torcedores-empolgados-nas-redes-sociais\/","og_site_name":"G\u00e1vea News","article_publisher":"https:\/\/facebook.com\/gaveaNews\/","article_published_time":"2020-09-03T00:59:16+00:00","article_modified_time":"2021-08-12T03:42:59+00:00","og_image":[{"width":800,"height":533,"url":"https:\/\/www.gaveanews.com\/wp-content\/uploads\/Pedro-comemora-apos-marcar-o-primeiro-gol-da-partida-entre-Flamengo-e-Bahia.webp","type":"image\/jpeg"}],"author":"Hugo Nogueira","twitter_card":"summary_large_image","twitter_misc":{"Escrito por":"Hugo Nogueira","Est. tempo de leitura":"1 minuto"},"schema":{"@context":"https:\/\/schema.org","@graph":[{"@type":"NewsArticle","@id":"https:\/\/www.gaveanews.com\/index.php\/2020\/09\/02\/goleada-do-flamengo-deixa-torcedores-empolgados-nas-redes-sociais\/#article","isPartOf":{"@id":"https:\/\/www.gaveanews.com\/index.php\/2020\/09\/02\/goleada-do-flamengo-deixa-torcedores-empolgados-nas-redes-sociais\/"},"author":{"name":"Hugo Nogueira","@id":"https:\/\/www.gaveanews.com\/#\/schema\/person\/3a0372021fabaeec4e7e4242cfa27841"},"headline":"Goleada do Flamengo deixa torcedores empolgados nas redes sociais","datePublished":"2020-09-03T00:59:16+00:00","dateModified":"2021-08-12T03:42:59+00:00","mainEntityOfPage":{"@id":"https:\/\/www.gaveanews.com\/index.php\/2020\/09\/02\/goleada-do-flamengo-deixa-torcedores-empolgados-nas-redes-sociais\/"},"wordCount":204,"commentCount":16,"image":{"@id":"https:\/\/www.gaveanews.com\/index.php\/2020\/09\/02\/goleada-do-flamengo-deixa-torcedores-empolgados-nas-redes-sociais\/#primaryimage"},"thumbnailUrl":"https:\/\/www.gaveanews.com\/wp-content\/uploads\/Pedro-comemora-apos-marcar-o-primeiro-gol-da-partida-entre-Flamengo-e-Bahia.webp","articleSection":["Destaques"],"inLanguage":"pt-BR","potentialAction":[{"@type":"CommentAction","name":"Comment","target":["https:\/\/www.gaveanews.com\/index.php\/2020\/09\/02\/goleada-do-flamengo-deixa-torcedores-empolgados-nas-redes-sociais\/#respond"]}],"copyrightYear":"2020","copyrightHolder":{"@id":"https:\/\/www.gaveanews.com\/#organization"}},{"@type":"WebPage","@id":"https:\/\/www.gaveanews.com\/index.php\/2020\/09\/02\/goleada-do-flamengo-deixa-torcedores-empolgados-nas-redes-sociais\/","url":"https:\/\/www.gaveanews.com\/index.php\/2020\/09\/02\/goleada-do-flamengo-deixa-torcedores-empolgados-nas-redes-sociais\/","name":"Goleada do Flamengo deixa torcedores empolgados nas redes sociais","isPartOf":{"@id":"https:\/\/www.gaveanews.com\/#website"},"primaryImageOfPage":{"@id":"https:\/\/www.gaveanews.com\/index.php\/2020\/09\/02\/goleada-do-flamengo-deixa-torcedores-empolgados-nas-redes-sociais\/#primaryimage"},"image":{"@id":"https:\/\/www.gaveanews.com\/index.php\/2020\/09\/02\/goleada-do-flamengo-deixa-torcedores-empolgados-nas-redes-sociais\/#primaryimage"},"thumbnailUrl":"https:\/\/www.gaveanews.com\/wp-content\/uploads\/Pedro-comemora-apos-marcar-o-primeiro-gol-da-partida-entre-Flamengo-e-Bahia.webp","datePublished":"2020-09-03T00:59:16+00:00","dateModified":"2021-08-12T03:42:59+00:00","author":{"@id":"https:\/\/www.gaveanews.com\/#\/schema\/person\/3a0372021fabaeec4e7e4242cfa27841"},"description":"Sem problema de d\u00favidas, o Flamengo apresentou o seu melhor futebol desde a chegada do treinador Dom\u00e8nec Torrent.","breadcrumb":{"@id":"https:\/\/www.gaveanews.com\/index.php\/2020\/09\/02\/goleada-do-flamengo-deixa-torcedores-empolgados-nas-redes-sociais\/#breadcrumb"},"inLanguage":"pt-BR","potentialAction":[{"@type":"ReadAction","target":["https:\/\/www.gaveanews.com\/index.php\/2020\/09\/02\/goleada-do-flamengo-deixa-torcedores-empolgados-nas-redes-sociais\/"]}]},{"@type":"ImageObject","inLanguage":"pt-BR","@id":"https:\/\/www.gaveanews.com\/index.php\/2020\/09\/02\/goleada-do-flamengo-deixa-torcedores-empolgados-nas-redes-sociais\/#primaryimage","url":"https:\/\/www.gaveanews.com\/wp-content\/uploads\/Pedro-comemora-apos-marcar-o-primeiro-gol-da-partida-entre-Flamengo-e-Bahia.webp","contentUrl":"https:\/\/www.gaveanews.com\/wp-content\/uploads\/Pedro-comemora-apos-marcar-o-primeiro-gol-da-partida-entre-Flamengo-e-Bahia.webp","width":800,"height":533,"caption":"Pedro comemora ap\u00f3s marcar o primeiro gol da partida entre Flamengo e Bahia (Foto: Alexandre Vidal\/Flamengo)"},{"@type":"BreadcrumbList","@id":"https:\/\/www.gaveanews.com\/index.php\/2020\/09\/02\/goleada-do-flamengo-deixa-torcedores-empolgados-nas-redes-sociais\/#breadcrumb","itemListElement":[{"@type":"ListItem","position":1,"name":"Home","item":"https:\/\/www.gaveanews.com\/"},{"@type":"ListItem","position":2,"name":"Goleada do Flamengo deixa torcedores empolgados nas redes sociais"}]},{"@type":"WebSite","@id":"https:\/\/www.gaveanews.com\/#website","url":"https:\/\/www.gaveanews.com\/","name":"G\u00e1vea News","description":"Veja todas as not\u00edcias sobre o Flamengo: Contrata\u00e7\u00f5es, categorias de base, resultados das partidas, tabela de classifica\u00e7\u00e3o, pr\u00f3ximos jogos!","potentialAction":[{"@type":"SearchAction","target":{"@type":"EntryPoint","urlTemplate":"https:\/\/www.gaveanews.com\/?s={search_term_string}"},"query-input":{"@type":"PropertyValueSpecification","valueRequired":true,"valueName":"search_term_string"}}],"inLanguage":"pt-BR"},{"@type":"Person","@id":"https:\/\/www.gaveanews.com\/#\/schema\/person\/3a0372021fabaeec4e7e4242cfa27841","name":"Hugo Nogueira","image":{"@type":"ImageObject","inLanguage":"pt-BR","@id":"https:\/\/www.gaveanews.com\/#\/schema\/person\/image\/","url":"https:\/\/secure.gravatar.com\/avatar\/0cdd89f3b47bb55926c08eee2db992845cfdd53f84c9fdd47a49d89b3cd40c0a?s=96&d=mm&r=g","contentUrl":"https:\/\/secure.gravatar.com\/avatar\/0cdd89f3b47bb55926c08eee2db992845cfdd53f84c9fdd47a49d89b3cd40c0a?s=96&d=mm&r=g","caption":"Hugo Nogueira"}}]}},"_links":{"self":[{"href":"https:\/\/www.gaveanews.com\/index.php\/wp-json\/wp\/v2\/posts\/46716","targetHints":{"allow":["GET"]}}],"collection":[{"href":"https:\/\/www.gaveanews.com\/index.php\/wp-json\/wp\/v2\/posts"}],"about":[{"href":"https:\/\/www.gaveanews.com\/index.php\/wp-json\/wp\/v2\/types\/post"}],"author":[{"embeddable":true,"href":"https:\/\/www.gaveanews.com\/index.php\/wp-json\/wp\/v2\/users\/2"}],"replies":[{"embeddable":true,"href":"https:\/\/www.gaveanews.com\/index.php\/wp-json\/wp\/v2\/comments?post=46716"}],"version-history":[{"count":0,"href":"https:\/\/www.gaveanews.com\/index.php\/wp-json\/wp\/v2\/posts\/46716\/revisions"}],"wp:featuredmedia":[{"embeddable":true,"href":"https:\/\/www.gaveanews.com\/index.php\/wp-json\/wp\/v2\/media\/46738"}],"wp:attachment":[{"href":"https:\/\/www.gaveanews.com\/index.php\/wp-json\/wp\/v2\/media?parent=46716"}],"wp:term":[{"taxonomy":"category","embeddable":true,"href":"https:\/\/www.gaveanews.com\/index.php\/wp-json\/wp\/v2\/categories?post=46716"},{"taxonomy":"post_tag","embeddable":true,"href":"https:\/\/www.gaveanews.com\/index.php\/wp-json\/wp\/v2\/tags?post=46716"}],"curies":[{"name":"wp","href":"https:\/\/api.w.org\/{rel}","templated":true}]}}