{"id":46827,"date":"2020-09-03T15:32:11","date_gmt":"2020-09-03T18:32:11","guid":{"rendered":"https:\/\/www.gaveanews.com\/?p=46827"},"modified":"2020-09-03T15:32:13","modified_gmt":"2020-09-03T18:32:13","slug":"flamengo-cobra-restituicao-milionaria-da-uniao-na-justica","status":"publish","type":"post","link":"https:\/\/www.gaveanews.com\/index.php\/2020\/09\/03\/flamengo-cobra-restituicao-milionaria-da-uniao-na-justica\/","title":{"rendered":"Flamengo cobra restitui\u00e7\u00e3o milion\u00e1ria da Uni\u00e3o na Justi\u00e7a"},"content":{"rendered":"\n<p>O Flamengo entrou com novo processo contra a Uni\u00e3o. O Esporte News Mundo teve acesso a detalhes do caso ajuizado nesta semana pelo clube presidido por Rodolfo Landim, cobrando uma restitui\u00e7\u00e3o no valor de R$ 3.596.255,42 por conta de pagamentos indevidos registrados desde 2015 na Timemania.<\/p>\n\n\n\n<p>A a\u00e7\u00e3o corre na 22\u00aa Vara Federal do Rio da Justi\u00e7a Federal do Rio de Janeiro (TJRJ), com o comando do juiz federal Carlos Guilherme Francovich Lugones. A Uni\u00e3o recebeu prazo para apresentar defesa nos autos neste processo do Flamengo, mas ainda n\u00e3o o fez.<\/p>\n\n\n\n<p>Na inicial, o Flamengo classifica que o processo \u201cversa sobre pagamentos indevidos efetuados pelo autor e em seu nome no \u00e2mbito do parcelamento especial conhecido como \u201cTIMEMANIA\u201d, institu\u00eddo pela Lei 11.345\/2006\u201d.<\/p>\n\n\n\n<p>Lembrou o Flamengo que a \u201cades\u00e3o ao parcelamento especial estava condicionada \u00e0 celebra\u00e7\u00e3o de instrumento com a Caixa Econ\u00f4mica Federal, por meio do qual a entidade desportiva expressa e textualmente autorizava que a remunera\u00e7\u00e3o originada do concurso de progn\u00f3stico \u201cTIMEMANIA\u201d fosse utilizado para quitar as presta\u00e7\u00f5es do parcelamento especial do mesmo nome\u201d.<\/p>\n\n\n\n<p>Seguiu o Flamengo que argumentou que \u201cmigrou todo o saldo residual parcelado no \u00e2mbito do TIMEMANIA para o Programa de Moderniza\u00e7\u00e3o da Gest\u00e3o e de Responsabilidade Fiscal do Futebol Brasileiro \u2013 PROFUT, parcelamento especial mais vantajoso, o qual autorizou a migra\u00e7\u00e3o de saldos residuais de parcelamentos anteriores, utilizando-se como refer\u00eancia a data base de 4 de agosto de 2015, portanto, a partir desta data deixou de ser devido o pagamento de qualquer presta\u00e7\u00e3o do parcelamento especial \u201cTIMEMANIA\u201d.<\/p>\n\n\n\n<p>Entretanto, de acordo com o Flamengo, a \u201cCaixa Econ\u00f4mica Federal, indevidamente, continuou destinando os valores advindos da explora\u00e7\u00e3o do concurso de progn\u00f3stico \u201cTIMEMANIA\u201d para o pagamento, em nome do autor, de presta\u00e7\u00f5es do parcelamento do mesmo nome, o qual, por um equ\u00edvoco, continuou a efetuar os recolhimentos complementares, apesar de j\u00e1 estar pagando regularmente as parcelas do PROFUT\u201d.<\/p>\n\n\n\n<p>\u201cAssim, a partir de agosto de 2015, tanto o autor como a Caixa Econ\u00f4mica Federal, efetuaram recolhimentos indevidos de parcelas do TIMEMANIA, sob os c\u00f3digos de receita 6009 \u2013 \u201cPagamento de D\u00edvida Ativa D\u00e9bito Refer\u00eancia (Preenchimento exclusivo pelo INSS)\u201d e 0176 \u2013 \u201cReceita D\u00edvida Ativa-Parcelamento TIMEMANIA-Clubes Futebol\u201d, salientou a defesa do Flamengo em ju\u00edzo.<\/p>\n\n\n\n<p>Por conta disto, pediu o Flamengo ao magistrado: \u201cseja julgada procedente a a\u00e7\u00e3o para condenar a r\u00e9 a restituir ao autor os pagamentos indevidos efetuados no \u00e2mbito do parcelamento TIMEMANIA, acrescidos de juros SELIC desde cada pagamento indevido, vedando-se a compensa\u00e7\u00e3o desse ind\u00e9bito com qualquer d\u00e9bito fiscal parcelado pelo autor\u201d.<\/p>\n\n\n\n<p>Retirado de: Esporte News Mundo<\/p>\n","protected":false},"excerpt":{"rendered":"<p>O Flamengo entrou com novo processo contra a Uni\u00e3o. O Esporte News Mundo teve acesso a detalhes do caso ajuizado nesta semana pelo clube presidido por Rodolfo Landim, cobrando uma restitui\u00e7\u00e3o no valor de R$ 3.596.255,42 por conta de pagamentos indevidos registrados desde 2015 na Timemania. A a\u00e7\u00e3o corre na 22\u00aa Vara Federal do Rio [&hellip;]<\/p>\n","protected":false},"author":1,"featured_media":15077,"comment_status":"open","ping_status":"closed","sticky":false,"template":"","format":"standard","meta":{"footnotes":""},"categories":[1],"tags":[],"class_list":["post-46827","post","type-post","status-publish","format-standard","has-post-thumbnail","hentry","category-flamengo"],"yoast_head":"<!-- This site is optimized with the Yoast SEO Premium plugin v24.2 (Yoast SEO v26.9) - https:\/\/yoast.com\/product\/yoast-seo-premium-wordpress\/ -->\n<title>Flamengo cobra restitui\u00e7\u00e3o milion\u00e1ria da Uni\u00e3o na Justi\u00e7a<\/title>\n<meta name=\"description\" content=\"A direotoria Flamengo entrou com novo processo contra a Uni\u00e3o. A a\u00e7\u00e3o corre na 22\u00aa Vara Federal do Rio da Justi\u00e7a Federal do Rio.\" \/>\n<meta name=\"robots\" content=\"index, follow, max-snippet:-1, max-image-preview:large, max-video-preview:-1\" \/>\n<link rel=\"canonical\" href=\"https:\/\/www.gaveanews.com\/index.php\/2020\/09\/03\/flamengo-cobra-restituicao-milionaria-da-uniao-na-justica\/\" \/>\n<meta property=\"og:locale\" content=\"pt_BR\" \/>\n<meta property=\"og:type\" content=\"article\" \/>\n<meta property=\"og:title\" content=\"Flamengo cobra restitui\u00e7\u00e3o milion\u00e1ria da Uni\u00e3o na Justi\u00e7a\" \/>\n<meta property=\"og:description\" content=\"A direotoria Flamengo entrou com novo processo contra a Uni\u00e3o. A a\u00e7\u00e3o corre na 22\u00aa Vara Federal do Rio da Justi\u00e7a Federal do Rio.\" \/>\n<meta property=\"og:url\" content=\"https:\/\/www.gaveanews.com\/index.php\/2020\/09\/03\/flamengo-cobra-restituicao-milionaria-da-uniao-na-justica\/\" \/>\n<meta property=\"og:site_name\" content=\"G\u00e1vea News\" \/>\n<meta property=\"article:publisher\" content=\"https:\/\/facebook.com\/gaveaNews\/\" \/>\n<meta property=\"article:published_time\" content=\"2020-09-03T18:32:11+00:00\" \/>\n<meta property=\"article:modified_time\" content=\"2020-09-03T18:32:13+00:00\" \/>\n<meta property=\"og:image\" content=\"https:\/\/www.gaveanews.com\/wp-content\/uploads\/2019\/03\/Rodolfo-Landim-durante-entrevista-coletiva-na-Gavea.webp\" \/>\n\t<meta property=\"og:image:width\" content=\"1\" \/>\n\t<meta property=\"og:image:height\" content=\"1\" \/>\n\t<meta property=\"og:image:type\" content=\"image\/jpeg\" \/>\n<meta name=\"author\" content=\"Equipe G\u00e1vea News\" \/>\n<meta name=\"twitter:card\" content=\"summary_large_image\" \/>\n<meta name=\"twitter:label1\" content=\"Escrito por\" \/>\n\t<meta name=\"twitter:data1\" content=\"Equipe G\u00e1vea News\" \/>\n\t<meta name=\"twitter:label2\" content=\"Est. tempo de leitura\" \/>\n\t<meta name=\"twitter:data2\" content=\"2 minutos\" \/>\n<script type=\"application\/ld+json\" class=\"yoast-schema-graph\">{\"@context\":\"https:\/\/schema.org\",\"@graph\":[{\"@type\":\"NewsArticle\",\"@id\":\"https:\/\/www.gaveanews.com\/index.php\/2020\/09\/03\/flamengo-cobra-restituicao-milionaria-da-uniao-na-justica\/#article\",\"isPartOf\":{\"@id\":\"https:\/\/www.gaveanews.com\/index.php\/2020\/09\/03\/flamengo-cobra-restituicao-milionaria-da-uniao-na-justica\/\"},\"author\":{\"name\":\"Equipe G\u00e1vea News\",\"@id\":\"https:\/\/www.gaveanews.com\/#\/schema\/person\/2ec14f73fb96be2caf28f91afb14749d\"},\"headline\":\"Flamengo cobra restitui\u00e7\u00e3o milion\u00e1ria da Uni\u00e3o na Justi\u00e7a\",\"datePublished\":\"2020-09-03T18:32:11+00:00\",\"dateModified\":\"2020-09-03T18:32:13+00:00\",\"mainEntityOfPage\":{\"@id\":\"https:\/\/www.gaveanews.com\/index.php\/2020\/09\/03\/flamengo-cobra-restituicao-milionaria-da-uniao-na-justica\/\"},\"wordCount\":451,\"commentCount\":3,\"image\":{\"@id\":\"https:\/\/www.gaveanews.com\/index.php\/2020\/09\/03\/flamengo-cobra-restituicao-milionaria-da-uniao-na-justica\/#primaryimage\"},\"thumbnailUrl\":\"https:\/\/www.gaveanews.com\/wp-content\/uploads\/2019\/03\/Rodolfo-Landim-durante-entrevista-coletiva-na-Gavea.webp\",\"articleSection\":[\"Flamengo\"],\"inLanguage\":\"pt-BR\",\"potentialAction\":[{\"@type\":\"CommentAction\",\"name\":\"Comment\",\"target\":[\"https:\/\/www.gaveanews.com\/index.php\/2020\/09\/03\/flamengo-cobra-restituicao-milionaria-da-uniao-na-justica\/#respond\"]}],\"copyrightYear\":\"2020\",\"copyrightHolder\":{\"@id\":\"https:\/\/www.gaveanews.com\/#organization\"}},{\"@type\":\"WebPage\",\"@id\":\"https:\/\/www.gaveanews.com\/index.php\/2020\/09\/03\/flamengo-cobra-restituicao-milionaria-da-uniao-na-justica\/\",\"url\":\"https:\/\/www.gaveanews.com\/index.php\/2020\/09\/03\/flamengo-cobra-restituicao-milionaria-da-uniao-na-justica\/\",\"name\":\"Flamengo cobra restitui\u00e7\u00e3o milion\u00e1ria da Uni\u00e3o na Justi\u00e7a\",\"isPartOf\":{\"@id\":\"https:\/\/www.gaveanews.com\/#website\"},\"primaryImageOfPage\":{\"@id\":\"https:\/\/www.gaveanews.com\/index.php\/2020\/09\/03\/flamengo-cobra-restituicao-milionaria-da-uniao-na-justica\/#primaryimage\"},\"image\":{\"@id\":\"https:\/\/www.gaveanews.com\/index.php\/2020\/09\/03\/flamengo-cobra-restituicao-milionaria-da-uniao-na-justica\/#primaryimage\"},\"thumbnailUrl\":\"https:\/\/www.gaveanews.com\/wp-content\/uploads\/2019\/03\/Rodolfo-Landim-durante-entrevista-coletiva-na-Gavea.webp\",\"datePublished\":\"2020-09-03T18:32:11+00:00\",\"dateModified\":\"2020-09-03T18:32:13+00:00\",\"author\":{\"@id\":\"https:\/\/www.gaveanews.com\/#\/schema\/person\/2ec14f73fb96be2caf28f91afb14749d\"},\"description\":\"A direotoria Flamengo entrou com novo processo contra a Uni\u00e3o. A a\u00e7\u00e3o corre na 22\u00aa Vara Federal do Rio da Justi\u00e7a Federal do Rio.\",\"breadcrumb\":{\"@id\":\"https:\/\/www.gaveanews.com\/index.php\/2020\/09\/03\/flamengo-cobra-restituicao-milionaria-da-uniao-na-justica\/#breadcrumb\"},\"inLanguage\":\"pt-BR\",\"potentialAction\":[{\"@type\":\"ReadAction\",\"target\":[\"https:\/\/www.gaveanews.com\/index.php\/2020\/09\/03\/flamengo-cobra-restituicao-milionaria-da-uniao-na-justica\/\"]}]},{\"@type\":\"ImageObject\",\"inLanguage\":\"pt-BR\",\"@id\":\"https:\/\/www.gaveanews.com\/index.php\/2020\/09\/03\/flamengo-cobra-restituicao-milionaria-da-uniao-na-justica\/#primaryimage\",\"url\":\"https:\/\/www.gaveanews.com\/wp-content\/uploads\/2019\/03\/Rodolfo-Landim-durante-entrevista-coletiva-na-Gavea.webp\",\"contentUrl\":\"https:\/\/www.gaveanews.com\/wp-content\/uploads\/2019\/03\/Rodolfo-Landim-durante-entrevista-coletiva-na-Gavea.webp\",\"width\":900,\"height\":599,\"caption\":\"Rodolfo Landim durante entrevista coletiva na G\u00e1vea (Foto: Ag\u00eancia Foto BR)\"},{\"@type\":\"BreadcrumbList\",\"@id\":\"https:\/\/www.gaveanews.com\/index.php\/2020\/09\/03\/flamengo-cobra-restituicao-milionaria-da-uniao-na-justica\/#breadcrumb\",\"itemListElement\":[{\"@type\":\"ListItem\",\"position\":1,\"name\":\"Home\",\"item\":\"https:\/\/www.gaveanews.com\/\"},{\"@type\":\"ListItem\",\"position\":2,\"name\":\"Flamengo cobra restitui\u00e7\u00e3o milion\u00e1ria da Uni\u00e3o na Justi\u00e7a\"}]},{\"@type\":\"WebSite\",\"@id\":\"https:\/\/www.gaveanews.com\/#website\",\"url\":\"https:\/\/www.gaveanews.com\/\",\"name\":\"G\u00e1vea News\",\"description\":\"Veja todas as not\u00edcias sobre o Flamengo: Contrata\u00e7\u00f5es, categorias de base, resultados das partidas, tabela de classifica\u00e7\u00e3o, pr\u00f3ximos jogos!\",\"potentialAction\":[{\"@type\":\"SearchAction\",\"target\":{\"@type\":\"EntryPoint\",\"urlTemplate\":\"https:\/\/www.gaveanews.com\/?s={search_term_string}\"},\"query-input\":{\"@type\":\"PropertyValueSpecification\",\"valueRequired\":true,\"valueName\":\"search_term_string\"}}],\"inLanguage\":\"pt-BR\"},{\"@type\":\"Person\",\"@id\":\"https:\/\/www.gaveanews.com\/#\/schema\/person\/2ec14f73fb96be2caf28f91afb14749d\",\"name\":\"Equipe G\u00e1vea News\",\"image\":{\"@type\":\"ImageObject\",\"inLanguage\":\"pt-BR\",\"@id\":\"https:\/\/www.gaveanews.com\/#\/schema\/person\/image\/\",\"url\":\"https:\/\/secure.gravatar.com\/avatar\/1e1956f1facbffd3f8fa53a326721950116b3b9dc9bd44939c01180fd4a745a9?s=96&d=mm&r=g\",\"contentUrl\":\"https:\/\/secure.gravatar.com\/avatar\/1e1956f1facbffd3f8fa53a326721950116b3b9dc9bd44939c01180fd4a745a9?s=96&d=mm&r=g\",\"caption\":\"Equipe G\u00e1vea News\"}}]}<\/script>\n<!-- \/ Yoast SEO Premium plugin. -->","yoast_head_json":{"title":"Flamengo cobra restitui\u00e7\u00e3o milion\u00e1ria da Uni\u00e3o na Justi\u00e7a","description":"A direotoria Flamengo entrou com novo processo contra a Uni\u00e3o. A a\u00e7\u00e3o corre na 22\u00aa Vara Federal do Rio da Justi\u00e7a Federal do Rio.","robots":{"index":"index","follow":"follow","max-snippet":"max-snippet:-1","max-image-preview":"max-image-preview:large","max-video-preview":"max-video-preview:-1"},"canonical":"https:\/\/www.gaveanews.com\/index.php\/2020\/09\/03\/flamengo-cobra-restituicao-milionaria-da-uniao-na-justica\/","og_locale":"pt_BR","og_type":"article","og_title":"Flamengo cobra restitui\u00e7\u00e3o milion\u00e1ria da Uni\u00e3o na Justi\u00e7a","og_description":"A direotoria Flamengo entrou com novo processo contra a Uni\u00e3o. A a\u00e7\u00e3o corre na 22\u00aa Vara Federal do Rio da Justi\u00e7a Federal do Rio.","og_url":"https:\/\/www.gaveanews.com\/index.php\/2020\/09\/03\/flamengo-cobra-restituicao-milionaria-da-uniao-na-justica\/","og_site_name":"G\u00e1vea News","article_publisher":"https:\/\/facebook.com\/gaveaNews\/","article_published_time":"2020-09-03T18:32:11+00:00","article_modified_time":"2020-09-03T18:32:13+00:00","og_image":[{"url":"https:\/\/www.gaveanews.com\/wp-content\/uploads\/2019\/03\/Rodolfo-Landim-durante-entrevista-coletiva-na-Gavea.webp","width":1,"height":1,"type":"image\/jpeg"}],"author":"Equipe G\u00e1vea News","twitter_card":"summary_large_image","twitter_misc":{"Escrito por":"Equipe G\u00e1vea News","Est. tempo de leitura":"2 minutos"},"schema":{"@context":"https:\/\/schema.org","@graph":[{"@type":"NewsArticle","@id":"https:\/\/www.gaveanews.com\/index.php\/2020\/09\/03\/flamengo-cobra-restituicao-milionaria-da-uniao-na-justica\/#article","isPartOf":{"@id":"https:\/\/www.gaveanews.com\/index.php\/2020\/09\/03\/flamengo-cobra-restituicao-milionaria-da-uniao-na-justica\/"},"author":{"name":"Equipe G\u00e1vea News","@id":"https:\/\/www.gaveanews.com\/#\/schema\/person\/2ec14f73fb96be2caf28f91afb14749d"},"headline":"Flamengo cobra restitui\u00e7\u00e3o milion\u00e1ria da Uni\u00e3o na Justi\u00e7a","datePublished":"2020-09-03T18:32:11+00:00","dateModified":"2020-09-03T18:32:13+00:00","mainEntityOfPage":{"@id":"https:\/\/www.gaveanews.com\/index.php\/2020\/09\/03\/flamengo-cobra-restituicao-milionaria-da-uniao-na-justica\/"},"wordCount":451,"commentCount":3,"image":{"@id":"https:\/\/www.gaveanews.com\/index.php\/2020\/09\/03\/flamengo-cobra-restituicao-milionaria-da-uniao-na-justica\/#primaryimage"},"thumbnailUrl":"https:\/\/www.gaveanews.com\/wp-content\/uploads\/2019\/03\/Rodolfo-Landim-durante-entrevista-coletiva-na-Gavea.webp","articleSection":["Flamengo"],"inLanguage":"pt-BR","potentialAction":[{"@type":"CommentAction","name":"Comment","target":["https:\/\/www.gaveanews.com\/index.php\/2020\/09\/03\/flamengo-cobra-restituicao-milionaria-da-uniao-na-justica\/#respond"]}],"copyrightYear":"2020","copyrightHolder":{"@id":"https:\/\/www.gaveanews.com\/#organization"}},{"@type":"WebPage","@id":"https:\/\/www.gaveanews.com\/index.php\/2020\/09\/03\/flamengo-cobra-restituicao-milionaria-da-uniao-na-justica\/","url":"https:\/\/www.gaveanews.com\/index.php\/2020\/09\/03\/flamengo-cobra-restituicao-milionaria-da-uniao-na-justica\/","name":"Flamengo cobra restitui\u00e7\u00e3o milion\u00e1ria da Uni\u00e3o na Justi\u00e7a","isPartOf":{"@id":"https:\/\/www.gaveanews.com\/#website"},"primaryImageOfPage":{"@id":"https:\/\/www.gaveanews.com\/index.php\/2020\/09\/03\/flamengo-cobra-restituicao-milionaria-da-uniao-na-justica\/#primaryimage"},"image":{"@id":"https:\/\/www.gaveanews.com\/index.php\/2020\/09\/03\/flamengo-cobra-restituicao-milionaria-da-uniao-na-justica\/#primaryimage"},"thumbnailUrl":"https:\/\/www.gaveanews.com\/wp-content\/uploads\/2019\/03\/Rodolfo-Landim-durante-entrevista-coletiva-na-Gavea.webp","datePublished":"2020-09-03T18:32:11+00:00","dateModified":"2020-09-03T18:32:13+00:00","author":{"@id":"https:\/\/www.gaveanews.com\/#\/schema\/person\/2ec14f73fb96be2caf28f91afb14749d"},"description":"A direotoria Flamengo entrou com novo processo contra a Uni\u00e3o. A a\u00e7\u00e3o corre na 22\u00aa Vara Federal do Rio da Justi\u00e7a Federal do Rio.","breadcrumb":{"@id":"https:\/\/www.gaveanews.com\/index.php\/2020\/09\/03\/flamengo-cobra-restituicao-milionaria-da-uniao-na-justica\/#breadcrumb"},"inLanguage":"pt-BR","potentialAction":[{"@type":"ReadAction","target":["https:\/\/www.gaveanews.com\/index.php\/2020\/09\/03\/flamengo-cobra-restituicao-milionaria-da-uniao-na-justica\/"]}]},{"@type":"ImageObject","inLanguage":"pt-BR","@id":"https:\/\/www.gaveanews.com\/index.php\/2020\/09\/03\/flamengo-cobra-restituicao-milionaria-da-uniao-na-justica\/#primaryimage","url":"https:\/\/www.gaveanews.com\/wp-content\/uploads\/2019\/03\/Rodolfo-Landim-durante-entrevista-coletiva-na-Gavea.webp","contentUrl":"https:\/\/www.gaveanews.com\/wp-content\/uploads\/2019\/03\/Rodolfo-Landim-durante-entrevista-coletiva-na-Gavea.webp","width":900,"height":599,"caption":"Rodolfo Landim durante entrevista coletiva na G\u00e1vea (Foto: Ag\u00eancia Foto BR)"},{"@type":"BreadcrumbList","@id":"https:\/\/www.gaveanews.com\/index.php\/2020\/09\/03\/flamengo-cobra-restituicao-milionaria-da-uniao-na-justica\/#breadcrumb","itemListElement":[{"@type":"ListItem","position":1,"name":"Home","item":"https:\/\/www.gaveanews.com\/"},{"@type":"ListItem","position":2,"name":"Flamengo cobra restitui\u00e7\u00e3o milion\u00e1ria da Uni\u00e3o na Justi\u00e7a"}]},{"@type":"WebSite","@id":"https:\/\/www.gaveanews.com\/#website","url":"https:\/\/www.gaveanews.com\/","name":"G\u00e1vea News","description":"Veja todas as not\u00edcias sobre o Flamengo: Contrata\u00e7\u00f5es, categorias de base, resultados das partidas, tabela de classifica\u00e7\u00e3o, pr\u00f3ximos jogos!","potentialAction":[{"@type":"SearchAction","target":{"@type":"EntryPoint","urlTemplate":"https:\/\/www.gaveanews.com\/?s={search_term_string}"},"query-input":{"@type":"PropertyValueSpecification","valueRequired":true,"valueName":"search_term_string"}}],"inLanguage":"pt-BR"},{"@type":"Person","@id":"https:\/\/www.gaveanews.com\/#\/schema\/person\/2ec14f73fb96be2caf28f91afb14749d","name":"Equipe G\u00e1vea News","image":{"@type":"ImageObject","inLanguage":"pt-BR","@id":"https:\/\/www.gaveanews.com\/#\/schema\/person\/image\/","url":"https:\/\/secure.gravatar.com\/avatar\/1e1956f1facbffd3f8fa53a326721950116b3b9dc9bd44939c01180fd4a745a9?s=96&d=mm&r=g","contentUrl":"https:\/\/secure.gravatar.com\/avatar\/1e1956f1facbffd3f8fa53a326721950116b3b9dc9bd44939c01180fd4a745a9?s=96&d=mm&r=g","caption":"Equipe G\u00e1vea News"}}]}},"_links":{"self":[{"href":"https:\/\/www.gaveanews.com\/index.php\/wp-json\/wp\/v2\/posts\/46827","targetHints":{"allow":["GET"]}}],"collection":[{"href":"https:\/\/www.gaveanews.com\/index.php\/wp-json\/wp\/v2\/posts"}],"about":[{"href":"https:\/\/www.gaveanews.com\/index.php\/wp-json\/wp\/v2\/types\/post"}],"author":[{"embeddable":true,"href":"https:\/\/www.gaveanews.com\/index.php\/wp-json\/wp\/v2\/users\/1"}],"replies":[{"embeddable":true,"href":"https:\/\/www.gaveanews.com\/index.php\/wp-json\/wp\/v2\/comments?post=46827"}],"version-history":[{"count":0,"href":"https:\/\/www.gaveanews.com\/index.php\/wp-json\/wp\/v2\/posts\/46827\/revisions"}],"wp:featuredmedia":[{"embeddable":true,"href":"https:\/\/www.gaveanews.com\/index.php\/wp-json\/wp\/v2\/media\/15077"}],"wp:attachment":[{"href":"https:\/\/www.gaveanews.com\/index.php\/wp-json\/wp\/v2\/media?parent=46827"}],"wp:term":[{"taxonomy":"category","embeddable":true,"href":"https:\/\/www.gaveanews.com\/index.php\/wp-json\/wp\/v2\/categories?post=46827"},{"taxonomy":"post_tag","embeddable":true,"href":"https:\/\/www.gaveanews.com\/index.php\/wp-json\/wp\/v2\/tags?post=46827"}],"curies":[{"name":"wp","href":"https:\/\/api.w.org\/{rel}","templated":true}]}}