{"id":47049,"date":"2020-09-08T15:08:08","date_gmt":"2020-09-08T18:08:08","guid":{"rendered":"https:\/\/www.gaveanews.com\/?p=47049"},"modified":"2020-09-08T15:08:10","modified_gmt":"2020-09-08T18:08:10","slug":"arbitragem-do-fla-flu-pelo-brasileirao-esta-definida","status":"publish","type":"post","link":"https:\/\/www.gaveanews.com\/index.php\/2020\/09\/08\/arbitragem-do-fla-flu-pelo-brasileirao-esta-definida\/","title":{"rendered":"Arbitragem do Fla-Flu, pelo Brasileir\u00e3o, est\u00e1 definida"},"content":{"rendered":"\n<p>A nova rodada do Brasileir\u00e3o vai contar com dois cl\u00e1ssicos regionais. Fluminense e Flamengo medem for\u00e7as no Maracan\u00e3, reeditando a decis\u00e3o do Carioca. J\u00e1 em S\u00e3o Paulo, Corinthians e Palmeiras medem for\u00e7as na Neo Qu\u00edmica Arena, em jogo que marca o reencontro dos clubes ap\u00f3s a final do Paulist\u00e3o. Sendo assim, os profissional escolhidos para apitarem as partidas j\u00e1 foram definidos pela CBF.<\/p>\n\n\n\n<p>Em S\u00e3o Paulo, Leandro Pedro Vuaden ser\u00e1 o respons\u00e1vel pelas principais decis\u00f5es em campo e Raphael Claus ter\u00e1 o mesmo papel em solo carioca. Diante disso, veja abaixo todas as equipes que foram escaladas para atuar na 9\u00aa rodada do Brasileir\u00e3o.<\/p>\n\n\n\n<div\nclass=\"swiper-slide active swiper-slide-active\" data-slide-index=8><div\nclass=\"m-b-100 p-t-10\"><table\nclass=\"table responsive m-b-30\"><thead\nclass=bg-lightgray><tr><th\nclass=\"p-b-15 p-t-15 p-l-20 p-r-20 text-4 block-xs\">Athletico Paranaense x Botafogo<\/th><th\nclass=\"p-b-15 p-t-15 text-4 hidden-xs text-right\"><div\nclass=p-b-10>09\/09\/2020 | Arena da Baixada \u2013 Curitiba \u2013 PR<\/div><\/th><\/tr><\/thead><tbody><tr><th\nclass=bold scope=row>\u00c1rbitro<\/th><td>Vinicius Gon\u00e7alves Dias Araujo \u2013 SP (CBF)<\/td><\/tr><tr><th\nclass=bold scope=row>\u00c1rbitro Assistente 1<\/th><td>Marcelo Carvalho Van Gasse \u2013 SP (FIFA)<\/td><\/tr><tr><th\nclass=bold scope=row>\u00c1rbitro Assistente 2<\/th><td>Miguel Cataneo Ribeiro da Costa \u2013 SP (CBF)<\/td><\/tr><tr><th\nscope=row>Quarto \u00c1rbitro<\/th><td>Luiz Alexandre Fernandes \u2013 PR (CBF)<\/td><\/tr><tr><th\nscope=row>Analista de Campo<\/th><td>Anderson Carlos Gon\u00e7alves \u2013 PR (CBF)<\/td><\/tr><tr><th\nscope=row>\u00c1rbitro de V\u00eddeo<\/th><td>Braulio da Silva Machado \u2013 SC (FIFA)<\/td><\/tr><tr><th\nscope=row>Assistente de \u00c1rbitro de V\u00eddeo 1<\/th><td>Ramon Abatti Abel \u2013 SC (CBF)<\/td><\/tr><tr><th\nscope=row>Assistente de \u00c1rbitro de V\u00eddeo 2<\/th><td>\u00c9der Alexandre \u2013 SC (CBF)<\/td><\/tr><tr><th\nscope=row>Observador de VAR<\/th><td>Jose Henrique de Carvalho \u2013 SP (CBF)<\/td><\/tr><\/tbody><\/table><p> <\/p><table\nclass=\"table responsive m-b-30\"><thead\nclass=bg-lightgray><tr><th\nclass=\"p-b-15 p-t-15 p-l-20 p-r-20 text-4 block-xs\">\n<span\nclass=\"hidden-xs hidden-sm\">Fortaleza \u2013 CE<\/span>  <b\nclass=\"color-blue p-b-10 p-l-20 p-r-20\">x <\/b> <span\nclass=\"hidden-xs hidden-sm\">Sport <\/span><\/th><th\nclass=\"p-b-15 p-t-15 text-4 hidden-xs text-right\"><div\nclass=p-b-10>09\/09\/2020 -17h30 | Arena Castel\u00e3o \u2013 Fortaleza \u2013 CE<\/div><\/th><\/tr><\/thead><tbody><tr><th\nclass=bold scope=row>\u00c1rbitro<\/th><td>Felipe Fernandes de Lima \u2013 MG (CBF)<\/td><\/tr><tr><th\nclass=bold scope=row>\u00c1rbitro Assistente 1<\/th><td>Felipe Alan Costa de Oliveira \u2013 MG (CBF)<\/td><\/tr><tr><th\nclass=bold scope=row>\u00c1rbitro Assistente 2<\/th><td>Celso Luiz da Silva \u2013 MG (CBF)<\/td><\/tr><tr><th\nscope=row>Quarto \u00c1rbitro<\/th><td>Antonio Magno Lima Cordeiro \u2013 CE (CBF)<\/td><\/tr><tr><th\nscope=row>Analista de Campo<\/th><td>Marcos Antonio da Silva Sampaio \u2013 CE (CBF)<\/td><\/tr><tr><th\nscope=row>\u00c1rbitro de V\u00eddeo<\/th><td>Igor Junio Benevenuto de Oliveira \u2013 MG (CBF)<\/td><\/tr><tr><th\nscope=row>Assistente de \u00c1rbitro de V\u00eddeo 1<\/th><td>Marco Aurelio Augusto Fazekas Ferreira \u2013 MG (CBF)<\/td><\/tr><tr><th\nscope=row>Assistente de \u00c1rbitro de V\u00eddeo 2<\/th><td>Esdras Mariano de Lima Albuquerque \u2013 AL (CBF)<\/td><\/tr><tr><th\nscope=row>Observador de VAR<\/th><td>Vidal Cordeiro Lopes \u2013 BA (CBF)<\/td><\/tr><\/tbody><\/table><p> <\/p><table\nclass=\"table responsive m-b-30\"><thead\nclass=bg-lightgray><tr><th\nclass=\"p-b-15 p-t-15 p-l-20 p-r-20 text-4 block-xs\">\n<span\nclass=\"hidden-xs hidden-sm\">Goi\u00e1s x<\/span><b\nclass=\"color-blue p-b-10 p-l-20 p-r-20\"> <\/b> <span\nclass=\"hidden-xs hidden-sm\">Coritiba<\/span><\/th><th\nclass=\"p-b-15 p-t-15 text-4 hidden-xs text-right\"><div\nclass=p-b-10>09\/09\/2020- 18h  | Hail\u00e9 Pinheiro \u2013 Goi\u00e2nia \u2013 GO<\/div><\/th><\/tr><\/thead><tbody><tr><th\nclass=bold scope=row>\u00c1rbitro<\/th><td>Caio Max Augusto Vieira \u2013 RN (CBF)<\/td><\/tr><tr><th\nclass=bold scope=row>\u00c1rbitro Assistente 1<\/th><td>Eduardo Goncalves da Cruz \u2013 MS (CBF)<\/td><\/tr><tr><th\nclass=bold scope=row>\u00c1rbitro Assistente 2<\/th><td>Jean Marcio dos Santos \u2013 RN (CBF)<\/td><\/tr><tr><th\nscope=row>Quarto \u00c1rbitro<\/th><td>Osimar Moreira da Silva Junior \u2013 GO (CBF)<\/td><\/tr><tr><th\nscope=row>Analista de Campo<\/th><td>J\u00falio C\u00e9sar Mota Fernandes \u2013 GO (CBF)<\/td><\/tr><tr><th\nscope=row>\u00c1rbitro de V\u00eddeo<\/th><td>Pablo Ramon Goncalves Pinheiro \u2013 RN (CBF)<\/td><\/tr><tr><th\nscope=row>Assistente de \u00c1rbitro de V\u00eddeo 1<\/th><td>Rodrigo Batista Raposo \u2013 DF (CBF)<\/td><\/tr><tr><th\nscope=row>Assistente de \u00c1rbitro de V\u00eddeo 2<\/th><td>Flavio Gomes Barroca \u2013 RN (CBF)<\/td><\/tr><tr><th\nscope=row>Observador de VAR<\/th><td>Marrubson Melo Freitas \u2013 DF (CBF)<\/td><\/tr><\/tbody><\/table><p> <\/p><table\nclass=\"table responsive m-b-30\"><thead\nclass=bg-lightgray><tr><th\nclass=\"p-b-15 p-t-15 p-l-20 p-r-20 text-4 block-xs\">\n<span\nclass=\"hidden-xs hidden-sm\">S\u00e3o Paulo <\/span><b\nclass=\"color-blue p-b-10 p-l-20 p-r-20\">x <\/b> <span\nclass=\"hidden-xs hidden-sm\">Red Bull Bragantino <\/span><\/th><th\nclass=\"p-b-15 p-t-15 text-4 hidden-xs text-right\"><div\nclass=p-b-10>09\/09\/2020 \u2013 <b\nclass=\"color-blue p-b-10 p-l-20 p-r-20\">19:15<\/b> | Morumbi \u2013 Sao Paulo \u2013 SP<\/div><\/th><\/tr><\/thead><tbody><tr><th\nclass=bold scope=row>\u00c1rbitro<\/th><td>Savio Pereira Sampaio \u2013 DF (CBF)<\/td><\/tr><tr><th\nclass=bold scope=row>\u00c1rbitro Assistente 1<\/th><td>Daniel Henrique da Silva Andrade \u2013 DF (CBF)<\/td><\/tr><tr><th\nclass=bold scope=row>\u00c1rbitro Assistente 2<\/th><td>Jose Reinaldo Nascimento Junior \u2013 DF (CBF)<\/td><\/tr><tr><th\nscope=row>Quarto \u00c1rbitro<\/th><td>Thiago Luis Scarascati \u2013 SP (CBF)<\/td><\/tr><tr><th\nscope=row>Analista de Campo<\/th><td>Antonio Rogerio Batista do Prado \u2013 SP (CBF)<\/td><\/tr><tr><th\nscope=row>\u00c1rbitro de V\u00eddeo<\/th><td>Jose Claudio Rocha Filho \u2013 SP (CBF)<\/td><\/tr><tr><th\nscope=row>Assistente de \u00c1rbitro de V\u00eddeo 1<\/th><td>Salim Fende Chavez \u2013 SP (CBF)<\/td><\/tr><tr><th\nscope=row>Assistente de \u00c1rbitro de V\u00eddeo 2<\/th><td>Cleriston Clay Barreto Rios \u2013 SE (CBF)<\/td><\/tr><tr><th\nscope=row>Observador de VAR<\/th><td>Silvia Regina de Oliveira \u2013 SP (CBF)<\/td><\/tr><\/tbody><\/table><p> <\/p><table\nclass=\"table responsive m-b-30\"><thead\nclass=bg-lightgray><tr><th\nclass=\"p-b-15 p-t-15 p-l-20 p-r-20 text-4 block-xs\">\n<span\nclass=\"hidden-xs hidden-sm\">Fluminense <\/span><b\nclass=\"color-blue p-b-10 p-l-20 p-r-20\">x <\/b><span\nclass=\"hidden-xs hidden-sm\">Flamengo <\/span><\/th><th\nclass=\"p-b-15 p-t-15 text-4 hidden-xs text-right\"><div\nclass=p-b-10>09\/09\/2020 \u2013 <b\nclass=\"color-blue p-b-10 p-l-20 p-r-20\">21:30<\/b> | Maracan\u00e3 \u2013 Rio de Janeiro \u2013 RJ<\/div><\/th><\/tr><\/thead><tbody><tr><th\nclass=bold scope=row>\u00c1rbitro<\/th><td>Raphael Claus \u2013 SP (FIFA)<\/td><\/tr><tr><th\nclass=bold scope=row>\u00c1rbitro Assistente 1<\/th><td>Danilo Ricardo Simon Manis \u2013 SP (FIFA)<\/td><\/tr><tr><th\nclass=bold scope=row>\u00c1rbitro Assistente 2<\/th><td>Neuza Ines Back \u2013 SP (FIFA)<\/td><\/tr><tr><th\nscope=row>Quarto \u00c1rbitro<\/th><td>Felipe da Silva Gon\u00e7alves Paludo \u2013 RJ (CBF)<\/td><\/tr><tr><th\nscope=row>\u00c1rbitro de V\u00eddeo<\/th><td>Luiz Flavio de Oliveira \u2013 SP (FIFA)<\/td><\/tr><tr><th\nscope=row>Assistente de \u00c1rbitro de V\u00eddeo 1<\/th><td>Adriano de Assis Miranda \u2013 SP (CBF)<\/td><\/tr><tr><th\nscope=row>Assistente de \u00c1rbitro de V\u00eddeo 2<\/th><td>Gustavo Rodrigues de Oliveira \u2013 SP (CBF)<\/td><\/tr><tr><th\nscope=row>Observador de VAR<\/th><td>Alicio Pena Junior \u2013 MG (CBF)<\/td><\/tr><\/tbody><\/table><p> <\/p><table\nclass=\"table responsive m-b-30\"><thead\nclass=bg-lightgray><tr><th\nclass=\"p-b-15 p-t-15 p-l-20 p-r-20 text-4 block-xs\">\n<span\nclass=\"hidden-xs hidden-sm\">Santos  <\/span><b\nclass=\"color-blue p-b-10 p-l-20 p-r-20\">x <\/b> <span\nclass=\"hidden-xs hidden-sm\">Atl\u00e9tico \u2013 MG<\/span><\/th><th\nclass=\"p-b-15 p-t-15 text-4 hidden-xs text-right\"><div\nclass=p-b-10>09\/09\/2020 \u2013 <b\nclass=\"color-blue p-b-10 p-l-20 p-r-20\">21:30<\/b> | Vila Belmiro \u2013 Santos \u2013 SP<\/div><\/th><\/tr><\/thead><tbody><tr><th\nclass=bold scope=row>\u00c1rbitro<\/th><td>Wagner do Nascimento Magalhaes \u2013 RJ (FIFA)<\/td><\/tr><tr><th\nclass=bold scope=row>\u00c1rbitro Assistente 1<\/th><td>Rodrigo Figueiredo Henrique Correa \u2013 RJ (FIFA)<\/td><\/tr><tr><th\nclass=bold scope=row>\u00c1rbitro Assistente 2<\/th><td>Thiago Henrique Neto Correa Farinha \u2013 RJ (CBF)<\/td><\/tr><tr><th\nscope=row>Quarto \u00c1rbitro<\/th><td>Vinicius Furlan \u2013 SP (CBF)<\/td><\/tr><tr><th\nscope=row>Analista de Campo<\/th><td>Newton dos Reis Barreira \u2013 SP (CBF)<\/td><\/tr><tr><th\nscope=row>\u00c1rbitro de V\u00eddeo<\/th><td>Carlos Eduardo Nunes Braga \u2013 RJ (CBF)<\/td><\/tr><tr><th\nscope=row>Assistente de \u00c1rbitro de V\u00eddeo 1<\/th><td>Alexandre Vargas Tavares de Jesus \u2013 RJ (CBF)<\/td><\/tr><tr><th\nscope=row>Assistente de \u00c1rbitro de V\u00eddeo 2<\/th><td>Luiz Claudio Regazone \u2013 RJ (CBF)<\/td><\/tr><tr><th\nscope=row>Observador de VAR<\/th><td>Jose Ant\u00f4nio Chaves Franco Filho \u2013 RS (CBF)<\/td><\/tr><\/tbody><\/table><p> <\/p><table\nclass=\"table responsive m-b-30\"><thead\nclass=bg-lightgray><tr><th\nclass=\"p-b-15 p-t-15 p-l-20 p-r-20 text-4 block-xs\">\n<span\nclass=\"hidden-xs hidden-sm\">Corinthians <\/span>x<b\nclass=\"color-blue p-b-10 p-l-20 p-r-20\"> <\/b> <span\nclass=\"hidden-xs hidden-sm\">Palmeiras <\/span><\/th><th\nclass=\"p-b-15 p-t-15 text-4 hidden-xs text-right\"><div\nclass=p-b-10>10\/09\/2020 \u2013 <b\nclass=\"color-blue p-b-10 p-l-20 p-r-20\">19:15<\/b> | Neo Qu\u00edmica Arena \u2013 Sao Paulo \u2013 SP<\/div><\/th><\/tr><\/thead><tbody><tr><th\nclass=bold scope=row>\u00c1rbitro<\/th><td>Leandro Pedro Vuaden \u2013 RS (CBF)<\/td><\/tr><tr><th\nclass=bold scope=row>\u00c1rbitro Assistente 1<\/th><td>Alessandro Alvaro Rocha de Matos \u2013 BA (FIFA)<\/td><\/tr><tr><th\nclass=bold scope=row>\u00c1rbitro Assistente 2<\/th><td>Lucio Beiersdorf Flor \u2013 RS (CBF)<\/td><\/tr><tr><th\nscope=row>Quarto \u00c1rbitro<\/th><td>Ilbert Estevam da Silva \u2013 SP (CBF)<\/td><\/tr><tr><th\nscope=row>Analista de Campo<\/th><td>Marcelo Rog\u00e9rio \u2013 SP (CBF)<\/td><\/tr><tr><th\nscope=row>\u00c1rbitro de V\u00eddeo<\/th><td>Jean Pierre Goncalves Lima \u2013 RS (CBF)<\/td><\/tr><tr><th\nscope=row>Assistente de \u00c1rbitro de V\u00eddeo 1<\/th><td>Daniel Nobre Bins \u2013 RS (CBF)<\/td><\/tr><tr><th\nscope=row>Assistente de \u00c1rbitro de V\u00eddeo 2<\/th><td>Andre da Silva Bitencourt \u2013 RS (CBF)<\/td><\/tr><tr><th\nscope=row>Observador de VAR<\/th><td>Roberto Perassi \u2013 SP (CBF)<\/td><\/tr><\/tbody><\/table><p> <\/p><table\nclass=\"table responsive m-b-30\"><thead\nclass=bg-lightgray><tr><th\nclass=\"p-b-15 p-t-15 p-l-20 p-r-20 text-4 block-xs\">\n<span\nclass=\"hidden-xs hidden-sm\">Internacional <\/span>x<b\nclass=\"color-blue p-b-10 p-l-20 p-r-20\"> <\/b> <span\nclass=\"hidden-xs hidden-sm\">Cear\u00e1 <\/span><\/th><th\nclass=\"p-b-15 p-t-15 text-4 hidden-xs text-right\"><div\nclass=p-b-10>10\/09\/2020 \u2013 <b\nclass=\"color-blue p-b-10 p-l-20 p-r-20\">19:15<\/b> | Beira-Rio \u2013 Porto Alegre \u2013 RS<\/div><\/th><\/tr><\/thead><tbody><tr><th\nclass=bold scope=row>\u00c1rbitro<\/th><td>Rodrigo Dalonso Ferreira \u2013 SC (CBF)<\/td><\/tr><tr><th\nclass=bold scope=row>\u00c1rbitro Assistente 1<\/th><td>Helton Nunes \u2013 SC (CBF)<\/td><\/tr><tr><th\nclass=bold scope=row>\u00c1rbitro Assistente 2<\/th><td>Johnny Barros de Oliveira \u2013 SC (CBF)<\/td><\/tr><tr><th\nscope=row>Quarto \u00c1rbitro<\/th><td>Douglas Schwengber da Silva \u2013 RS (CBF)<\/td><\/tr><tr><th\nscope=row>\u00c1rbitro de V\u00eddeo<\/th><td>Rodrigo Guarizo Ferreira do Amaral \u2013 SP (CBF)<\/td><\/tr><tr><th\nscope=row>Assistente de \u00c1rbitro de V\u00eddeo 1<\/th><td>Douglas Marques das Flores \u2013 SP (CBF)<\/td><\/tr><tr><th\nscope=row>Assistente de \u00c1rbitro de V\u00eddeo 2<\/th><td>Enderson Emanoel Turbiani da Silva \u2013 SP (CBF)<\/td><\/tr><tr><th\nscope=row>Observador de VAR<\/th><td>Renato Cardoso da Concei\u00e7\u00e3o \u2013 MG (CBF)<\/td><\/tr><\/tbody><\/table><p> <\/p><table\nclass=\"table responsive m-b-30\"><thead\nclass=bg-lightgray><tr><th\nclass=\"p-b-15 p-t-15 p-l-20 p-r-20 text-4 block-xs\">\n<span\nclass=\"hidden-xs hidden-sm\">Bahia <\/span>x<b\nclass=\"color-blue p-b-10 p-l-20 p-r-20\"> <\/b> <span\nclass=\"hidden-xs hidden-sm\">Gr\u00eamio <\/span><\/th><th\nclass=\"p-b-15 p-t-15 text-4 hidden-xs text-right\"><div\nclass=p-b-10>10\/09\/2020 \u2013 <b\nclass=\"color-blue p-b-10 p-l-20 p-r-20\">19:15<\/b> | Pitua\u00e7u \u2013 Salvador \u2013 BA<\/div><\/th><\/tr><\/thead><tbody><tr><th\nclass=bold scope=row>\u00c1rbitro<\/th><td>Jos\u00e9 Mendon\u00e7a da Silva Junior \u2013 PR (CBF)<\/td><\/tr><tr><th\nclass=bold scope=row>\u00c1rbitro Assistente 1<\/th><td>Ivan Carlos Bohn \u2013 PR (CBF)<\/td><\/tr><tr><th\nclass=bold scope=row>\u00c1rbitro Assistente 2<\/th><td>Jefferson Cleiton Piva da Silva \u2013 PR (CBF)<\/td><\/tr><tr><th\nscope=row>Quarto \u00c1rbitro<\/th><td>Irinaldo Jorge dos Santos Silva \u2013 BA (CBF)<\/td><\/tr><tr><th\nscope=row>\u00c1rbitro de V\u00eddeo<\/th><td>Paulo Roberto Alves Junior \u2013 PR (CBF)<\/td><\/tr><tr><th\nscope=row>Assistente de \u00c1rbitro de V\u00eddeo 1<\/th><td>Tiago Nascimento dos Santos \u2013 PE (CBF)<\/td><\/tr><tr><th\nscope=row>Assistente de \u00c1rbitro de V\u00eddeo 2<\/th><td>Victor Hugo Imazu dos Santos \u2013 PR (CBF)<\/td><\/tr><tr><th\nscope=row>Observador de VAR<\/th><td>Hilton Moutinho Rodrigues \u2013 BR (CBF)<\/td><\/tr><\/tbody><\/table><p> <\/p><table\nclass=\"table responsive m-b-30\"><thead\nclass=bg-lightgray><tr><th\nclass=\"p-b-15 p-t-15 p-l-20 p-r-20 text-4 block-xs\">\n<span\nclass=\"hidden-xs hidden-sm\">Vasco da Gama \u2013 RJ<\/span>  x<b\nclass=\"color-blue p-b-10 p-l-20 p-r-20\"> <\/b> <span\nclass=\"hidden-xs hidden-sm\">Atl\u00e9tico \u2013 GO<\/span><\/th><th\nclass=\"p-b-15 p-t-15 text-4 hidden-xs text-right\"><div\nclass=p-b-10>10\/09\/2020 <b\nclass=\"color-blue p-b-10 p-l-20 p-r-20\">21:00<\/b> | S\u00e3o Janu\u00e1rio \u2013 Rio de Janeiro \u2013 RJ<\/div><\/th><\/tr><\/thead><tbody><tr><th\nclass=bold scope=row>\u00c1rbitro<\/th><td>Heber Roberto Lopes \u2013 SC (CBF)<\/td><\/tr><tr><th\nclass=bold scope=row>\u00c1rbitro Assistente 1<\/th><td>Alex dos Santos \u2013 SC (CBF)<\/td><\/tr><tr><th\nclass=bold scope=row>\u00c1rbitro Assistente 2<\/th><td>Thiaggo Americano Labes \u2013 SC (CBF)<\/td><\/tr><tr><th\nscope=row>Quarto \u00c1rbitro<\/th><td>Jo\u00e3o Ennio Sobral \u2013 RJ (CBF)<\/td><\/tr><tr><th\nscope=row>Analista de Campo<\/th><td>Jose Carlos Santiago Andrade \u2013 RJ (CBF)<\/td><\/tr><tr><th\nscope=row>\u00c1rbitro de V\u00eddeo<\/th><td>Rafael Traci \u2013 SC (FIFA)<\/td><\/tr><tr><th\nscope=row>Assistente de \u00c1rbitro de V\u00eddeo 1<\/th><td>Lucas Canetto Bellote \u2013 SP (CBF)<\/td><\/tr><tr><th\nscope=row>Assistente de \u00c1rbitro de V\u00eddeo 2<\/th><td>Vitor Carmona Metestaine \u2013 SP (CBF)<\/td><\/tr><tr><th\nscope=row>Observador de VAR<\/th><td>Nilson de Souza Mon\u00e7\u00e3o \u2013 RJ (CBF)<\/td><\/tr><\/tbody><\/table><\/div><\/div><div\nclass=\"swiper-slide swiper-slide-next\" data-slide-index=9><div\nclass=\"m-t-50 m-b-40\">\n\n\n\n<p>Retirado de: Torcedores<\/p>\n","protected":false},"excerpt":{"rendered":"<p>A nova rodada do Brasileir\u00e3o vai contar com dois cl\u00e1ssicos regionais. Fluminense e Flamengo medem for\u00e7as no Maracan\u00e3, reeditando a decis\u00e3o do Carioca. J\u00e1 em S\u00e3o Paulo, Corinthians e Palmeiras medem for\u00e7as na Neo Qu\u00edmica Arena, em jogo que marca o reencontro dos clubes ap\u00f3s a final do Paulist\u00e3o. Sendo assim, os profissional escolhidos para [&hellip;]<\/p>\n","protected":false},"author":1,"featured_media":15035,"comment_status":"open","ping_status":"closed","sticky":false,"template":"","format":"standard","meta":{"footnotes":""},"categories":[1],"tags":[],"class_list":["post-47049","post","type-post","status-publish","format-standard","has-post-thumbnail","hentry","category-flamengo"],"yoast_head":"<!-- This site is optimized with the Yoast SEO Premium plugin v24.2 (Yoast SEO v26.9) - https:\/\/yoast.com\/product\/yoast-seo-premium-wordpress\/ -->\n<title>Arbitragem do Fla-Flu, pelo Brasileir\u00e3o, est\u00e1 definida<\/title>\n<meta name=\"description\" content=\"A nova rodada do Brasileir\u00e3o vai contar com dois cl\u00e1ssicos regionais: Fluminense vs Flamengo e Corinthians vs Palmeiras.\" \/>\n<meta name=\"robots\" content=\"index, follow, max-snippet:-1, max-image-preview:large, max-video-preview:-1\" \/>\n<link rel=\"canonical\" href=\"https:\/\/www.gaveanews.com\/index.php\/2020\/09\/08\/arbitragem-do-fla-flu-pelo-brasileirao-esta-definida\/\" \/>\n<meta property=\"og:locale\" content=\"pt_BR\" \/>\n<meta property=\"og:type\" content=\"article\" \/>\n<meta property=\"og:title\" content=\"Arbitragem do Fla-Flu, pelo Brasileir\u00e3o, est\u00e1 definida\" \/>\n<meta property=\"og:description\" content=\"A nova rodada do Brasileir\u00e3o vai contar com dois cl\u00e1ssicos regionais: Fluminense vs Flamengo e Corinthians vs Palmeiras.\" \/>\n<meta property=\"og:url\" content=\"https:\/\/www.gaveanews.com\/index.php\/2020\/09\/08\/arbitragem-do-fla-flu-pelo-brasileirao-esta-definida\/\" \/>\n<meta property=\"og:site_name\" content=\"G\u00e1vea News\" \/>\n<meta property=\"article:publisher\" content=\"https:\/\/facebook.com\/gaveaNews\/\" \/>\n<meta property=\"article:published_time\" content=\"2020-09-08T18:08:08+00:00\" \/>\n<meta property=\"article:modified_time\" content=\"2020-09-08T18:08:10+00:00\" \/>\n<meta property=\"og:image\" content=\"https:\/\/www.gaveanews.com\/wp-content\/uploads\/2019\/03\/Taca-do-Campeonato-Brasileiro.webp\" \/>\n\t<meta property=\"og:image:width\" content=\"1\" \/>\n\t<meta property=\"og:image:height\" content=\"1\" \/>\n\t<meta property=\"og:image:type\" content=\"image\/jpeg\" \/>\n<meta name=\"author\" content=\"Equipe G\u00e1vea News\" \/>\n<meta name=\"twitter:card\" content=\"summary_large_image\" \/>\n<meta name=\"twitter:label1\" content=\"Escrito por\" \/>\n\t<meta name=\"twitter:data1\" content=\"Equipe G\u00e1vea News\" \/>\n\t<meta name=\"twitter:label2\" content=\"Est. tempo de leitura\" \/>\n\t<meta name=\"twitter:data2\" content=\"5 minutos\" \/>\n<script type=\"application\/ld+json\" class=\"yoast-schema-graph\">{\"@context\":\"https:\/\/schema.org\",\"@graph\":[{\"@type\":\"NewsArticle\",\"@id\":\"https:\/\/www.gaveanews.com\/index.php\/2020\/09\/08\/arbitragem-do-fla-flu-pelo-brasileirao-esta-definida\/#article\",\"isPartOf\":{\"@id\":\"https:\/\/www.gaveanews.com\/index.php\/2020\/09\/08\/arbitragem-do-fla-flu-pelo-brasileirao-esta-definida\/\"},\"author\":{\"name\":\"Equipe G\u00e1vea News\",\"@id\":\"https:\/\/www.gaveanews.com\/#\/schema\/person\/2ec14f73fb96be2caf28f91afb14749d\"},\"headline\":\"Arbitragem do Fla-Flu, pelo Brasileir\u00e3o, est\u00e1 definida\",\"datePublished\":\"2020-09-08T18:08:08+00:00\",\"dateModified\":\"2020-09-08T18:08:10+00:00\",\"mainEntityOfPage\":{\"@id\":\"https:\/\/www.gaveanews.com\/index.php\/2020\/09\/08\/arbitragem-do-fla-flu-pelo-brasileirao-esta-definida\/\"},\"wordCount\":1022,\"commentCount\":1,\"image\":{\"@id\":\"https:\/\/www.gaveanews.com\/index.php\/2020\/09\/08\/arbitragem-do-fla-flu-pelo-brasileirao-esta-definida\/#primaryimage\"},\"thumbnailUrl\":\"https:\/\/www.gaveanews.com\/wp-content\/uploads\/2019\/03\/Taca-do-Campeonato-Brasileiro.webp\",\"articleSection\":[\"Flamengo\"],\"inLanguage\":\"pt-BR\",\"potentialAction\":[{\"@type\":\"CommentAction\",\"name\":\"Comment\",\"target\":[\"https:\/\/www.gaveanews.com\/index.php\/2020\/09\/08\/arbitragem-do-fla-flu-pelo-brasileirao-esta-definida\/#respond\"]}],\"copyrightYear\":\"2020\",\"copyrightHolder\":{\"@id\":\"https:\/\/www.gaveanews.com\/#organization\"}},{\"@type\":\"WebPage\",\"@id\":\"https:\/\/www.gaveanews.com\/index.php\/2020\/09\/08\/arbitragem-do-fla-flu-pelo-brasileirao-esta-definida\/\",\"url\":\"https:\/\/www.gaveanews.com\/index.php\/2020\/09\/08\/arbitragem-do-fla-flu-pelo-brasileirao-esta-definida\/\",\"name\":\"Arbitragem do Fla-Flu, pelo Brasileir\u00e3o, est\u00e1 definida\",\"isPartOf\":{\"@id\":\"https:\/\/www.gaveanews.com\/#website\"},\"primaryImageOfPage\":{\"@id\":\"https:\/\/www.gaveanews.com\/index.php\/2020\/09\/08\/arbitragem-do-fla-flu-pelo-brasileirao-esta-definida\/#primaryimage\"},\"image\":{\"@id\":\"https:\/\/www.gaveanews.com\/index.php\/2020\/09\/08\/arbitragem-do-fla-flu-pelo-brasileirao-esta-definida\/#primaryimage\"},\"thumbnailUrl\":\"https:\/\/www.gaveanews.com\/wp-content\/uploads\/2019\/03\/Taca-do-Campeonato-Brasileiro.webp\",\"datePublished\":\"2020-09-08T18:08:08+00:00\",\"dateModified\":\"2020-09-08T18:08:10+00:00\",\"author\":{\"@id\":\"https:\/\/www.gaveanews.com\/#\/schema\/person\/2ec14f73fb96be2caf28f91afb14749d\"},\"description\":\"A nova rodada do Brasileir\u00e3o vai contar com dois cl\u00e1ssicos regionais: Fluminense vs Flamengo e Corinthians vs Palmeiras.\",\"breadcrumb\":{\"@id\":\"https:\/\/www.gaveanews.com\/index.php\/2020\/09\/08\/arbitragem-do-fla-flu-pelo-brasileirao-esta-definida\/#breadcrumb\"},\"inLanguage\":\"pt-BR\",\"potentialAction\":[{\"@type\":\"ReadAction\",\"target\":[\"https:\/\/www.gaveanews.com\/index.php\/2020\/09\/08\/arbitragem-do-fla-flu-pelo-brasileirao-esta-definida\/\"]}]},{\"@type\":\"ImageObject\",\"inLanguage\":\"pt-BR\",\"@id\":\"https:\/\/www.gaveanews.com\/index.php\/2020\/09\/08\/arbitragem-do-fla-flu-pelo-brasileirao-esta-definida\/#primaryimage\",\"url\":\"https:\/\/www.gaveanews.com\/wp-content\/uploads\/2019\/03\/Taca-do-Campeonato-Brasileiro.webp\",\"contentUrl\":\"https:\/\/www.gaveanews.com\/wp-content\/uploads\/2019\/03\/Taca-do-Campeonato-Brasileiro.webp\",\"caption\":\"Ta\u00e7a do Campeonato Brasileiro (Foto: Rafael Ribeiro\/CBF)\"},{\"@type\":\"BreadcrumbList\",\"@id\":\"https:\/\/www.gaveanews.com\/index.php\/2020\/09\/08\/arbitragem-do-fla-flu-pelo-brasileirao-esta-definida\/#breadcrumb\",\"itemListElement\":[{\"@type\":\"ListItem\",\"position\":1,\"name\":\"Home\",\"item\":\"https:\/\/www.gaveanews.com\/\"},{\"@type\":\"ListItem\",\"position\":2,\"name\":\"Arbitragem do Fla-Flu, pelo Brasileir\u00e3o, est\u00e1 definida\"}]},{\"@type\":\"WebSite\",\"@id\":\"https:\/\/www.gaveanews.com\/#website\",\"url\":\"https:\/\/www.gaveanews.com\/\",\"name\":\"G\u00e1vea News\",\"description\":\"Veja todas as not\u00edcias sobre o Flamengo: Contrata\u00e7\u00f5es, categorias de base, resultados das partidas, tabela de classifica\u00e7\u00e3o, pr\u00f3ximos jogos!\",\"potentialAction\":[{\"@type\":\"SearchAction\",\"target\":{\"@type\":\"EntryPoint\",\"urlTemplate\":\"https:\/\/www.gaveanews.com\/?s={search_term_string}\"},\"query-input\":{\"@type\":\"PropertyValueSpecification\",\"valueRequired\":true,\"valueName\":\"search_term_string\"}}],\"inLanguage\":\"pt-BR\"},{\"@type\":\"Person\",\"@id\":\"https:\/\/www.gaveanews.com\/#\/schema\/person\/2ec14f73fb96be2caf28f91afb14749d\",\"name\":\"Equipe G\u00e1vea News\",\"image\":{\"@type\":\"ImageObject\",\"inLanguage\":\"pt-BR\",\"@id\":\"https:\/\/www.gaveanews.com\/#\/schema\/person\/image\/\",\"url\":\"https:\/\/secure.gravatar.com\/avatar\/1e1956f1facbffd3f8fa53a326721950116b3b9dc9bd44939c01180fd4a745a9?s=96&d=mm&r=g\",\"contentUrl\":\"https:\/\/secure.gravatar.com\/avatar\/1e1956f1facbffd3f8fa53a326721950116b3b9dc9bd44939c01180fd4a745a9?s=96&d=mm&r=g\",\"caption\":\"Equipe G\u00e1vea News\"}}]}<\/script>\n<!-- \/ Yoast SEO Premium plugin. -->","yoast_head_json":{"title":"Arbitragem do Fla-Flu, pelo Brasileir\u00e3o, est\u00e1 definida","description":"A nova rodada do Brasileir\u00e3o vai contar com dois cl\u00e1ssicos regionais: Fluminense vs Flamengo e Corinthians vs Palmeiras.","robots":{"index":"index","follow":"follow","max-snippet":"max-snippet:-1","max-image-preview":"max-image-preview:large","max-video-preview":"max-video-preview:-1"},"canonical":"https:\/\/www.gaveanews.com\/index.php\/2020\/09\/08\/arbitragem-do-fla-flu-pelo-brasileirao-esta-definida\/","og_locale":"pt_BR","og_type":"article","og_title":"Arbitragem do Fla-Flu, pelo Brasileir\u00e3o, est\u00e1 definida","og_description":"A nova rodada do Brasileir\u00e3o vai contar com dois cl\u00e1ssicos regionais: Fluminense vs Flamengo e Corinthians vs Palmeiras.","og_url":"https:\/\/www.gaveanews.com\/index.php\/2020\/09\/08\/arbitragem-do-fla-flu-pelo-brasileirao-esta-definida\/","og_site_name":"G\u00e1vea News","article_publisher":"https:\/\/facebook.com\/gaveaNews\/","article_published_time":"2020-09-08T18:08:08+00:00","article_modified_time":"2020-09-08T18:08:10+00:00","og_image":[{"url":"https:\/\/www.gaveanews.com\/wp-content\/uploads\/2019\/03\/Taca-do-Campeonato-Brasileiro.webp","width":1,"height":1,"type":"image\/jpeg"}],"author":"Equipe G\u00e1vea News","twitter_card":"summary_large_image","twitter_misc":{"Escrito por":"Equipe G\u00e1vea News","Est. tempo de leitura":"5 minutos"},"schema":{"@context":"https:\/\/schema.org","@graph":[{"@type":"NewsArticle","@id":"https:\/\/www.gaveanews.com\/index.php\/2020\/09\/08\/arbitragem-do-fla-flu-pelo-brasileirao-esta-definida\/#article","isPartOf":{"@id":"https:\/\/www.gaveanews.com\/index.php\/2020\/09\/08\/arbitragem-do-fla-flu-pelo-brasileirao-esta-definida\/"},"author":{"name":"Equipe G\u00e1vea News","@id":"https:\/\/www.gaveanews.com\/#\/schema\/person\/2ec14f73fb96be2caf28f91afb14749d"},"headline":"Arbitragem do Fla-Flu, pelo Brasileir\u00e3o, est\u00e1 definida","datePublished":"2020-09-08T18:08:08+00:00","dateModified":"2020-09-08T18:08:10+00:00","mainEntityOfPage":{"@id":"https:\/\/www.gaveanews.com\/index.php\/2020\/09\/08\/arbitragem-do-fla-flu-pelo-brasileirao-esta-definida\/"},"wordCount":1022,"commentCount":1,"image":{"@id":"https:\/\/www.gaveanews.com\/index.php\/2020\/09\/08\/arbitragem-do-fla-flu-pelo-brasileirao-esta-definida\/#primaryimage"},"thumbnailUrl":"https:\/\/www.gaveanews.com\/wp-content\/uploads\/2019\/03\/Taca-do-Campeonato-Brasileiro.webp","articleSection":["Flamengo"],"inLanguage":"pt-BR","potentialAction":[{"@type":"CommentAction","name":"Comment","target":["https:\/\/www.gaveanews.com\/index.php\/2020\/09\/08\/arbitragem-do-fla-flu-pelo-brasileirao-esta-definida\/#respond"]}],"copyrightYear":"2020","copyrightHolder":{"@id":"https:\/\/www.gaveanews.com\/#organization"}},{"@type":"WebPage","@id":"https:\/\/www.gaveanews.com\/index.php\/2020\/09\/08\/arbitragem-do-fla-flu-pelo-brasileirao-esta-definida\/","url":"https:\/\/www.gaveanews.com\/index.php\/2020\/09\/08\/arbitragem-do-fla-flu-pelo-brasileirao-esta-definida\/","name":"Arbitragem do Fla-Flu, pelo Brasileir\u00e3o, est\u00e1 definida","isPartOf":{"@id":"https:\/\/www.gaveanews.com\/#website"},"primaryImageOfPage":{"@id":"https:\/\/www.gaveanews.com\/index.php\/2020\/09\/08\/arbitragem-do-fla-flu-pelo-brasileirao-esta-definida\/#primaryimage"},"image":{"@id":"https:\/\/www.gaveanews.com\/index.php\/2020\/09\/08\/arbitragem-do-fla-flu-pelo-brasileirao-esta-definida\/#primaryimage"},"thumbnailUrl":"https:\/\/www.gaveanews.com\/wp-content\/uploads\/2019\/03\/Taca-do-Campeonato-Brasileiro.webp","datePublished":"2020-09-08T18:08:08+00:00","dateModified":"2020-09-08T18:08:10+00:00","author":{"@id":"https:\/\/www.gaveanews.com\/#\/schema\/person\/2ec14f73fb96be2caf28f91afb14749d"},"description":"A nova rodada do Brasileir\u00e3o vai contar com dois cl\u00e1ssicos regionais: Fluminense vs Flamengo e Corinthians vs Palmeiras.","breadcrumb":{"@id":"https:\/\/www.gaveanews.com\/index.php\/2020\/09\/08\/arbitragem-do-fla-flu-pelo-brasileirao-esta-definida\/#breadcrumb"},"inLanguage":"pt-BR","potentialAction":[{"@type":"ReadAction","target":["https:\/\/www.gaveanews.com\/index.php\/2020\/09\/08\/arbitragem-do-fla-flu-pelo-brasileirao-esta-definida\/"]}]},{"@type":"ImageObject","inLanguage":"pt-BR","@id":"https:\/\/www.gaveanews.com\/index.php\/2020\/09\/08\/arbitragem-do-fla-flu-pelo-brasileirao-esta-definida\/#primaryimage","url":"https:\/\/www.gaveanews.com\/wp-content\/uploads\/2019\/03\/Taca-do-Campeonato-Brasileiro.webp","contentUrl":"https:\/\/www.gaveanews.com\/wp-content\/uploads\/2019\/03\/Taca-do-Campeonato-Brasileiro.webp","caption":"Ta\u00e7a do Campeonato Brasileiro (Foto: Rafael Ribeiro\/CBF)"},{"@type":"BreadcrumbList","@id":"https:\/\/www.gaveanews.com\/index.php\/2020\/09\/08\/arbitragem-do-fla-flu-pelo-brasileirao-esta-definida\/#breadcrumb","itemListElement":[{"@type":"ListItem","position":1,"name":"Home","item":"https:\/\/www.gaveanews.com\/"},{"@type":"ListItem","position":2,"name":"Arbitragem do Fla-Flu, pelo Brasileir\u00e3o, est\u00e1 definida"}]},{"@type":"WebSite","@id":"https:\/\/www.gaveanews.com\/#website","url":"https:\/\/www.gaveanews.com\/","name":"G\u00e1vea News","description":"Veja todas as not\u00edcias sobre o Flamengo: Contrata\u00e7\u00f5es, categorias de base, resultados das partidas, tabela de classifica\u00e7\u00e3o, pr\u00f3ximos jogos!","potentialAction":[{"@type":"SearchAction","target":{"@type":"EntryPoint","urlTemplate":"https:\/\/www.gaveanews.com\/?s={search_term_string}"},"query-input":{"@type":"PropertyValueSpecification","valueRequired":true,"valueName":"search_term_string"}}],"inLanguage":"pt-BR"},{"@type":"Person","@id":"https:\/\/www.gaveanews.com\/#\/schema\/person\/2ec14f73fb96be2caf28f91afb14749d","name":"Equipe G\u00e1vea News","image":{"@type":"ImageObject","inLanguage":"pt-BR","@id":"https:\/\/www.gaveanews.com\/#\/schema\/person\/image\/","url":"https:\/\/secure.gravatar.com\/avatar\/1e1956f1facbffd3f8fa53a326721950116b3b9dc9bd44939c01180fd4a745a9?s=96&d=mm&r=g","contentUrl":"https:\/\/secure.gravatar.com\/avatar\/1e1956f1facbffd3f8fa53a326721950116b3b9dc9bd44939c01180fd4a745a9?s=96&d=mm&r=g","caption":"Equipe G\u00e1vea News"}}]}},"_links":{"self":[{"href":"https:\/\/www.gaveanews.com\/index.php\/wp-json\/wp\/v2\/posts\/47049","targetHints":{"allow":["GET"]}}],"collection":[{"href":"https:\/\/www.gaveanews.com\/index.php\/wp-json\/wp\/v2\/posts"}],"about":[{"href":"https:\/\/www.gaveanews.com\/index.php\/wp-json\/wp\/v2\/types\/post"}],"author":[{"embeddable":true,"href":"https:\/\/www.gaveanews.com\/index.php\/wp-json\/wp\/v2\/users\/1"}],"replies":[{"embeddable":true,"href":"https:\/\/www.gaveanews.com\/index.php\/wp-json\/wp\/v2\/comments?post=47049"}],"version-history":[{"count":0,"href":"https:\/\/www.gaveanews.com\/index.php\/wp-json\/wp\/v2\/posts\/47049\/revisions"}],"wp:featuredmedia":[{"embeddable":true,"href":"https:\/\/www.gaveanews.com\/index.php\/wp-json\/wp\/v2\/media\/15035"}],"wp:attachment":[{"href":"https:\/\/www.gaveanews.com\/index.php\/wp-json\/wp\/v2\/media?parent=47049"}],"wp:term":[{"taxonomy":"category","embeddable":true,"href":"https:\/\/www.gaveanews.com\/index.php\/wp-json\/wp\/v2\/categories?post=47049"},{"taxonomy":"post_tag","embeddable":true,"href":"https:\/\/www.gaveanews.com\/index.php\/wp-json\/wp\/v2\/tags?post=47049"}],"curies":[{"name":"wp","href":"https:\/\/api.w.org\/{rel}","templated":true}]}}