{"id":47051,"date":"2020-09-08T14:54:41","date_gmt":"2020-09-08T17:54:41","guid":{"rendered":"https:\/\/www.gaveanews.com\/?p=47051"},"modified":"2020-09-08T14:54:43","modified_gmt":"2020-09-08T17:54:43","slug":"marcos-braz-do-flamengo-declina-convite-de-eduardo-paes","status":"publish","type":"post","link":"https:\/\/www.gaveanews.com\/index.php\/2020\/09\/08\/marcos-braz-do-flamengo-declina-convite-de-eduardo-paes\/","title":{"rendered":"Marcos Braz, do Flamengo, declina convite de Eduardo Paes"},"content":{"rendered":"\n<p>Marcos Braz n\u00e3o ser\u00e1 mais o nome oferecido pelo PL para compor a chapa de Eduardo Paes, numa poss\u00edvel alian\u00e7a entre o partido e o DEM, sigla do ex-prefeito nas pr\u00f3ximas elei\u00e7\u00f5es. O vice de futebol do Flamengo, no entanto, est\u00e1 sendo sondado para ser candidato a vereador pelo PL. A decis\u00e3o de Braz foi comunicada ao partido na semana passada, em almo\u00e7o entre o dirigente e o presidente regional do partido, Altineu C\u00f4rtes, num restaurante no bairro do Flamengo.<\/p>\n\n\n\n<p>O blog apurou que a demora do DEM em definir o partido que vai compor sua chapa foi o que pesou na decis\u00e3o do dirigente. De acordo com o presidente do partido, Altineu C\u00f4rtes, a decis\u00e3o de Braz n\u00e3o est\u00e1 relacionada ao cumprimento de mandado de busca e apreens\u00e3o, realizadas nesta ter\u00e7a-feira, na casa de Eduardo Paes.<\/p>\n\n\n\n<p>&#8220;O epis\u00f3dio de hoje (ter\u00e7a-feira) n\u00e3o muda. Com todo respeito que temos ao trabalho do Minist\u00e9rio P\u00fablico e da Justi\u00e7a e que devem ser apurados, isso n\u00e3o muda nossa inten\u00e7\u00e3o de fazer a alian\u00e7a&#8221;, disse Altineu ao blog.<\/p>\n\n\n\n<p>O deputado acredita que o dirigente rubro-negro aceitar\u00e1 o convite para ser candidato a vereador. O blog procurou Marcos Braz, mas ele preferiu n\u00e3o se manifestar.<\/p>\n\n\n\n<h3 class=\"wp-block-heading\">Candidatura pr\u00f3pria<\/h3>\n\n\n\n<p>O deputado disse que o partido ainda n\u00e3o tem um novo nome para vice na chapa de Paes. Segundo ele, o posicionamento da sigla ser\u00e1 definido nos pr\u00f3ximos dias:<\/p>\n\n\n\n<p>&#8220;Essa decis\u00e3o ainda n\u00e3o foi tomada. Parte do partido acha que devemos participar da candidatura do Paes e outra parte quer uma candidatura pr\u00f3pria. Vamos decidir em breve&#8221;, afirmou.<\/p>\n\n\n\n<p>Fonte: Blog da Gabriela Moreira<\/p>\n","protected":false},"excerpt":{"rendered":"<p>Marcos Braz n\u00e3o ser\u00e1 mais o nome oferecido pelo PL para compor a chapa de Eduardo Paes, numa poss\u00edvel alian\u00e7a entre o partido e o DEM, sigla do ex-prefeito nas pr\u00f3ximas elei\u00e7\u00f5es. O vice de futebol do Flamengo, no entanto, est\u00e1 sendo sondado para ser candidato a vereador pelo PL. A decis\u00e3o de Braz foi [&hellip;]<\/p>\n","protected":false},"author":1,"featured_media":46957,"comment_status":"open","ping_status":"closed","sticky":false,"template":"","format":"standard","meta":{"footnotes":""},"categories":[47],"tags":[],"class_list":["post-47051","post","type-post","status-publish","format-standard","has-post-thumbnail","hentry","category-destaques"],"yoast_head":"<!-- This site is optimized with the Yoast SEO Premium plugin v24.2 (Yoast SEO v26.9) - https:\/\/yoast.com\/product\/yoast-seo-premium-wordpress\/ -->\n<title>Marcos Braz, do Flamengo, declina convite de Eduardo Paes<\/title>\n<meta name=\"description\" content=\"Marcos Braz n\u00e3o ser\u00e1 mais o nome oferecido pelo PL para compor a chapa de Eduardo Paes, numa poss\u00edvel alian\u00e7a entre o partido e o DEM.\" \/>\n<meta name=\"robots\" content=\"index, follow, max-snippet:-1, max-image-preview:large, max-video-preview:-1\" \/>\n<link rel=\"canonical\" href=\"https:\/\/www.gaveanews.com\/index.php\/2020\/09\/08\/marcos-braz-do-flamengo-declina-convite-de-eduardo-paes\/\" \/>\n<meta property=\"og:locale\" content=\"pt_BR\" \/>\n<meta property=\"og:type\" content=\"article\" \/>\n<meta property=\"og:title\" content=\"Marcos Braz, do Flamengo, declina convite de Eduardo Paes\" \/>\n<meta property=\"og:description\" content=\"Marcos Braz n\u00e3o ser\u00e1 mais o nome oferecido pelo PL para compor a chapa de Eduardo Paes, numa poss\u00edvel alian\u00e7a entre o partido e o DEM.\" \/>\n<meta property=\"og:url\" content=\"https:\/\/www.gaveanews.com\/index.php\/2020\/09\/08\/marcos-braz-do-flamengo-declina-convite-de-eduardo-paes\/\" \/>\n<meta property=\"og:site_name\" content=\"G\u00e1vea News\" \/>\n<meta property=\"article:publisher\" content=\"https:\/\/facebook.com\/gaveaNews\/\" \/>\n<meta property=\"article:published_time\" content=\"2020-09-08T17:54:41+00:00\" \/>\n<meta property=\"article:modified_time\" content=\"2020-09-08T17:54:43+00:00\" \/>\n<meta property=\"og:image\" content=\"https:\/\/www.gaveanews.com\/wp-content\/uploads\/Marcos-Braz-no-gramado-do-Maracana.webp\" \/>\n\t<meta property=\"og:image:width\" content=\"799\" \/>\n\t<meta property=\"og:image:height\" content=\"532\" \/>\n\t<meta property=\"og:image:type\" content=\"image\/jpeg\" \/>\n<meta name=\"author\" content=\"Equipe G\u00e1vea News\" \/>\n<meta name=\"twitter:card\" content=\"summary_large_image\" \/>\n<meta name=\"twitter:label1\" content=\"Escrito por\" \/>\n\t<meta name=\"twitter:data1\" content=\"Equipe G\u00e1vea News\" \/>\n\t<meta name=\"twitter:label2\" content=\"Est. tempo de leitura\" \/>\n\t<meta name=\"twitter:data2\" content=\"1 minuto\" \/>\n<script type=\"application\/ld+json\" class=\"yoast-schema-graph\">{\"@context\":\"https:\/\/schema.org\",\"@graph\":[{\"@type\":\"NewsArticle\",\"@id\":\"https:\/\/www.gaveanews.com\/index.php\/2020\/09\/08\/marcos-braz-do-flamengo-declina-convite-de-eduardo-paes\/#article\",\"isPartOf\":{\"@id\":\"https:\/\/www.gaveanews.com\/index.php\/2020\/09\/08\/marcos-braz-do-flamengo-declina-convite-de-eduardo-paes\/\"},\"author\":{\"name\":\"Equipe G\u00e1vea News\",\"@id\":\"https:\/\/www.gaveanews.com\/#\/schema\/person\/2ec14f73fb96be2caf28f91afb14749d\"},\"headline\":\"Marcos Braz, do Flamengo, declina convite de Eduardo Paes\",\"datePublished\":\"2020-09-08T17:54:41+00:00\",\"dateModified\":\"2020-09-08T17:54:43+00:00\",\"mainEntityOfPage\":{\"@id\":\"https:\/\/www.gaveanews.com\/index.php\/2020\/09\/08\/marcos-braz-do-flamengo-declina-convite-de-eduardo-paes\/\"},\"wordCount\":305,\"commentCount\":22,\"image\":{\"@id\":\"https:\/\/www.gaveanews.com\/index.php\/2020\/09\/08\/marcos-braz-do-flamengo-declina-convite-de-eduardo-paes\/#primaryimage\"},\"thumbnailUrl\":\"https:\/\/www.gaveanews.com\/wp-content\/uploads\/Marcos-Braz-no-gramado-do-Maracana.webp\",\"articleSection\":[\"Destaques\"],\"inLanguage\":\"pt-BR\",\"potentialAction\":[{\"@type\":\"CommentAction\",\"name\":\"Comment\",\"target\":[\"https:\/\/www.gaveanews.com\/index.php\/2020\/09\/08\/marcos-braz-do-flamengo-declina-convite-de-eduardo-paes\/#respond\"]}],\"copyrightYear\":\"2020\",\"copyrightHolder\":{\"@id\":\"https:\/\/www.gaveanews.com\/#organization\"}},{\"@type\":\"WebPage\",\"@id\":\"https:\/\/www.gaveanews.com\/index.php\/2020\/09\/08\/marcos-braz-do-flamengo-declina-convite-de-eduardo-paes\/\",\"url\":\"https:\/\/www.gaveanews.com\/index.php\/2020\/09\/08\/marcos-braz-do-flamengo-declina-convite-de-eduardo-paes\/\",\"name\":\"Marcos Braz, do Flamengo, declina convite de Eduardo Paes\",\"isPartOf\":{\"@id\":\"https:\/\/www.gaveanews.com\/#website\"},\"primaryImageOfPage\":{\"@id\":\"https:\/\/www.gaveanews.com\/index.php\/2020\/09\/08\/marcos-braz-do-flamengo-declina-convite-de-eduardo-paes\/#primaryimage\"},\"image\":{\"@id\":\"https:\/\/www.gaveanews.com\/index.php\/2020\/09\/08\/marcos-braz-do-flamengo-declina-convite-de-eduardo-paes\/#primaryimage\"},\"thumbnailUrl\":\"https:\/\/www.gaveanews.com\/wp-content\/uploads\/Marcos-Braz-no-gramado-do-Maracana.webp\",\"datePublished\":\"2020-09-08T17:54:41+00:00\",\"dateModified\":\"2020-09-08T17:54:43+00:00\",\"author\":{\"@id\":\"https:\/\/www.gaveanews.com\/#\/schema\/person\/2ec14f73fb96be2caf28f91afb14749d\"},\"description\":\"Marcos Braz n\u00e3o ser\u00e1 mais o nome oferecido pelo PL para compor a chapa de Eduardo Paes, numa poss\u00edvel alian\u00e7a entre o partido e o DEM.\",\"breadcrumb\":{\"@id\":\"https:\/\/www.gaveanews.com\/index.php\/2020\/09\/08\/marcos-braz-do-flamengo-declina-convite-de-eduardo-paes\/#breadcrumb\"},\"inLanguage\":\"pt-BR\",\"potentialAction\":[{\"@type\":\"ReadAction\",\"target\":[\"https:\/\/www.gaveanews.com\/index.php\/2020\/09\/08\/marcos-braz-do-flamengo-declina-convite-de-eduardo-paes\/\"]}]},{\"@type\":\"ImageObject\",\"inLanguage\":\"pt-BR\",\"@id\":\"https:\/\/www.gaveanews.com\/index.php\/2020\/09\/08\/marcos-braz-do-flamengo-declina-convite-de-eduardo-paes\/#primaryimage\",\"url\":\"https:\/\/www.gaveanews.com\/wp-content\/uploads\/Marcos-Braz-no-gramado-do-Maracana.webp\",\"contentUrl\":\"https:\/\/www.gaveanews.com\/wp-content\/uploads\/Marcos-Braz-no-gramado-do-Maracana.webp\",\"width\":799,\"height\":532,\"caption\":\"Marcos Braz no gramado do Maracan\u00e3 (Foto: Alexandre Vidal\/Flamengo)\"},{\"@type\":\"BreadcrumbList\",\"@id\":\"https:\/\/www.gaveanews.com\/index.php\/2020\/09\/08\/marcos-braz-do-flamengo-declina-convite-de-eduardo-paes\/#breadcrumb\",\"itemListElement\":[{\"@type\":\"ListItem\",\"position\":1,\"name\":\"Home\",\"item\":\"https:\/\/www.gaveanews.com\/\"},{\"@type\":\"ListItem\",\"position\":2,\"name\":\"Marcos Braz, do Flamengo, declina convite de Eduardo Paes\"}]},{\"@type\":\"WebSite\",\"@id\":\"https:\/\/www.gaveanews.com\/#website\",\"url\":\"https:\/\/www.gaveanews.com\/\",\"name\":\"G\u00e1vea News\",\"description\":\"Veja todas as not\u00edcias sobre o Flamengo: Contrata\u00e7\u00f5es, categorias de base, resultados das partidas, tabela de classifica\u00e7\u00e3o, pr\u00f3ximos jogos!\",\"potentialAction\":[{\"@type\":\"SearchAction\",\"target\":{\"@type\":\"EntryPoint\",\"urlTemplate\":\"https:\/\/www.gaveanews.com\/?s={search_term_string}\"},\"query-input\":{\"@type\":\"PropertyValueSpecification\",\"valueRequired\":true,\"valueName\":\"search_term_string\"}}],\"inLanguage\":\"pt-BR\"},{\"@type\":\"Person\",\"@id\":\"https:\/\/www.gaveanews.com\/#\/schema\/person\/2ec14f73fb96be2caf28f91afb14749d\",\"name\":\"Equipe G\u00e1vea News\",\"image\":{\"@type\":\"ImageObject\",\"inLanguage\":\"pt-BR\",\"@id\":\"https:\/\/www.gaveanews.com\/#\/schema\/person\/image\/\",\"url\":\"https:\/\/secure.gravatar.com\/avatar\/1e1956f1facbffd3f8fa53a326721950116b3b9dc9bd44939c01180fd4a745a9?s=96&d=mm&r=g\",\"contentUrl\":\"https:\/\/secure.gravatar.com\/avatar\/1e1956f1facbffd3f8fa53a326721950116b3b9dc9bd44939c01180fd4a745a9?s=96&d=mm&r=g\",\"caption\":\"Equipe G\u00e1vea News\"}}]}<\/script>\n<!-- \/ Yoast SEO Premium plugin. -->","yoast_head_json":{"title":"Marcos Braz, do Flamengo, declina convite de Eduardo Paes","description":"Marcos Braz n\u00e3o ser\u00e1 mais o nome oferecido pelo PL para compor a chapa de Eduardo Paes, numa poss\u00edvel alian\u00e7a entre o partido e o DEM.","robots":{"index":"index","follow":"follow","max-snippet":"max-snippet:-1","max-image-preview":"max-image-preview:large","max-video-preview":"max-video-preview:-1"},"canonical":"https:\/\/www.gaveanews.com\/index.php\/2020\/09\/08\/marcos-braz-do-flamengo-declina-convite-de-eduardo-paes\/","og_locale":"pt_BR","og_type":"article","og_title":"Marcos Braz, do Flamengo, declina convite de Eduardo Paes","og_description":"Marcos Braz n\u00e3o ser\u00e1 mais o nome oferecido pelo PL para compor a chapa de Eduardo Paes, numa poss\u00edvel alian\u00e7a entre o partido e o DEM.","og_url":"https:\/\/www.gaveanews.com\/index.php\/2020\/09\/08\/marcos-braz-do-flamengo-declina-convite-de-eduardo-paes\/","og_site_name":"G\u00e1vea News","article_publisher":"https:\/\/facebook.com\/gaveaNews\/","article_published_time":"2020-09-08T17:54:41+00:00","article_modified_time":"2020-09-08T17:54:43+00:00","og_image":[{"width":799,"height":532,"url":"https:\/\/www.gaveanews.com\/wp-content\/uploads\/Marcos-Braz-no-gramado-do-Maracana.webp","type":"image\/jpeg"}],"author":"Equipe G\u00e1vea News","twitter_card":"summary_large_image","twitter_misc":{"Escrito por":"Equipe G\u00e1vea News","Est. tempo de leitura":"1 minuto"},"schema":{"@context":"https:\/\/schema.org","@graph":[{"@type":"NewsArticle","@id":"https:\/\/www.gaveanews.com\/index.php\/2020\/09\/08\/marcos-braz-do-flamengo-declina-convite-de-eduardo-paes\/#article","isPartOf":{"@id":"https:\/\/www.gaveanews.com\/index.php\/2020\/09\/08\/marcos-braz-do-flamengo-declina-convite-de-eduardo-paes\/"},"author":{"name":"Equipe G\u00e1vea News","@id":"https:\/\/www.gaveanews.com\/#\/schema\/person\/2ec14f73fb96be2caf28f91afb14749d"},"headline":"Marcos Braz, do Flamengo, declina convite de Eduardo Paes","datePublished":"2020-09-08T17:54:41+00:00","dateModified":"2020-09-08T17:54:43+00:00","mainEntityOfPage":{"@id":"https:\/\/www.gaveanews.com\/index.php\/2020\/09\/08\/marcos-braz-do-flamengo-declina-convite-de-eduardo-paes\/"},"wordCount":305,"commentCount":22,"image":{"@id":"https:\/\/www.gaveanews.com\/index.php\/2020\/09\/08\/marcos-braz-do-flamengo-declina-convite-de-eduardo-paes\/#primaryimage"},"thumbnailUrl":"https:\/\/www.gaveanews.com\/wp-content\/uploads\/Marcos-Braz-no-gramado-do-Maracana.webp","articleSection":["Destaques"],"inLanguage":"pt-BR","potentialAction":[{"@type":"CommentAction","name":"Comment","target":["https:\/\/www.gaveanews.com\/index.php\/2020\/09\/08\/marcos-braz-do-flamengo-declina-convite-de-eduardo-paes\/#respond"]}],"copyrightYear":"2020","copyrightHolder":{"@id":"https:\/\/www.gaveanews.com\/#organization"}},{"@type":"WebPage","@id":"https:\/\/www.gaveanews.com\/index.php\/2020\/09\/08\/marcos-braz-do-flamengo-declina-convite-de-eduardo-paes\/","url":"https:\/\/www.gaveanews.com\/index.php\/2020\/09\/08\/marcos-braz-do-flamengo-declina-convite-de-eduardo-paes\/","name":"Marcos Braz, do Flamengo, declina convite de Eduardo Paes","isPartOf":{"@id":"https:\/\/www.gaveanews.com\/#website"},"primaryImageOfPage":{"@id":"https:\/\/www.gaveanews.com\/index.php\/2020\/09\/08\/marcos-braz-do-flamengo-declina-convite-de-eduardo-paes\/#primaryimage"},"image":{"@id":"https:\/\/www.gaveanews.com\/index.php\/2020\/09\/08\/marcos-braz-do-flamengo-declina-convite-de-eduardo-paes\/#primaryimage"},"thumbnailUrl":"https:\/\/www.gaveanews.com\/wp-content\/uploads\/Marcos-Braz-no-gramado-do-Maracana.webp","datePublished":"2020-09-08T17:54:41+00:00","dateModified":"2020-09-08T17:54:43+00:00","author":{"@id":"https:\/\/www.gaveanews.com\/#\/schema\/person\/2ec14f73fb96be2caf28f91afb14749d"},"description":"Marcos Braz n\u00e3o ser\u00e1 mais o nome oferecido pelo PL para compor a chapa de Eduardo Paes, numa poss\u00edvel alian\u00e7a entre o partido e o DEM.","breadcrumb":{"@id":"https:\/\/www.gaveanews.com\/index.php\/2020\/09\/08\/marcos-braz-do-flamengo-declina-convite-de-eduardo-paes\/#breadcrumb"},"inLanguage":"pt-BR","potentialAction":[{"@type":"ReadAction","target":["https:\/\/www.gaveanews.com\/index.php\/2020\/09\/08\/marcos-braz-do-flamengo-declina-convite-de-eduardo-paes\/"]}]},{"@type":"ImageObject","inLanguage":"pt-BR","@id":"https:\/\/www.gaveanews.com\/index.php\/2020\/09\/08\/marcos-braz-do-flamengo-declina-convite-de-eduardo-paes\/#primaryimage","url":"https:\/\/www.gaveanews.com\/wp-content\/uploads\/Marcos-Braz-no-gramado-do-Maracana.webp","contentUrl":"https:\/\/www.gaveanews.com\/wp-content\/uploads\/Marcos-Braz-no-gramado-do-Maracana.webp","width":799,"height":532,"caption":"Marcos Braz no gramado do Maracan\u00e3 (Foto: Alexandre Vidal\/Flamengo)"},{"@type":"BreadcrumbList","@id":"https:\/\/www.gaveanews.com\/index.php\/2020\/09\/08\/marcos-braz-do-flamengo-declina-convite-de-eduardo-paes\/#breadcrumb","itemListElement":[{"@type":"ListItem","position":1,"name":"Home","item":"https:\/\/www.gaveanews.com\/"},{"@type":"ListItem","position":2,"name":"Marcos Braz, do Flamengo, declina convite de Eduardo Paes"}]},{"@type":"WebSite","@id":"https:\/\/www.gaveanews.com\/#website","url":"https:\/\/www.gaveanews.com\/","name":"G\u00e1vea News","description":"Veja todas as not\u00edcias sobre o Flamengo: Contrata\u00e7\u00f5es, categorias de base, resultados das partidas, tabela de classifica\u00e7\u00e3o, pr\u00f3ximos jogos!","potentialAction":[{"@type":"SearchAction","target":{"@type":"EntryPoint","urlTemplate":"https:\/\/www.gaveanews.com\/?s={search_term_string}"},"query-input":{"@type":"PropertyValueSpecification","valueRequired":true,"valueName":"search_term_string"}}],"inLanguage":"pt-BR"},{"@type":"Person","@id":"https:\/\/www.gaveanews.com\/#\/schema\/person\/2ec14f73fb96be2caf28f91afb14749d","name":"Equipe G\u00e1vea News","image":{"@type":"ImageObject","inLanguage":"pt-BR","@id":"https:\/\/www.gaveanews.com\/#\/schema\/person\/image\/","url":"https:\/\/secure.gravatar.com\/avatar\/1e1956f1facbffd3f8fa53a326721950116b3b9dc9bd44939c01180fd4a745a9?s=96&d=mm&r=g","contentUrl":"https:\/\/secure.gravatar.com\/avatar\/1e1956f1facbffd3f8fa53a326721950116b3b9dc9bd44939c01180fd4a745a9?s=96&d=mm&r=g","caption":"Equipe G\u00e1vea News"}}]}},"_links":{"self":[{"href":"https:\/\/www.gaveanews.com\/index.php\/wp-json\/wp\/v2\/posts\/47051","targetHints":{"allow":["GET"]}}],"collection":[{"href":"https:\/\/www.gaveanews.com\/index.php\/wp-json\/wp\/v2\/posts"}],"about":[{"href":"https:\/\/www.gaveanews.com\/index.php\/wp-json\/wp\/v2\/types\/post"}],"author":[{"embeddable":true,"href":"https:\/\/www.gaveanews.com\/index.php\/wp-json\/wp\/v2\/users\/1"}],"replies":[{"embeddable":true,"href":"https:\/\/www.gaveanews.com\/index.php\/wp-json\/wp\/v2\/comments?post=47051"}],"version-history":[{"count":0,"href":"https:\/\/www.gaveanews.com\/index.php\/wp-json\/wp\/v2\/posts\/47051\/revisions"}],"wp:featuredmedia":[{"embeddable":true,"href":"https:\/\/www.gaveanews.com\/index.php\/wp-json\/wp\/v2\/media\/46957"}],"wp:attachment":[{"href":"https:\/\/www.gaveanews.com\/index.php\/wp-json\/wp\/v2\/media?parent=47051"}],"wp:term":[{"taxonomy":"category","embeddable":true,"href":"https:\/\/www.gaveanews.com\/index.php\/wp-json\/wp\/v2\/categories?post=47051"},{"taxonomy":"post_tag","embeddable":true,"href":"https:\/\/www.gaveanews.com\/index.php\/wp-json\/wp\/v2\/tags?post=47051"}],"curies":[{"name":"wp","href":"https:\/\/api.w.org\/{rel}","templated":true}]}}