{"id":47059,"date":"2020-09-08T16:53:20","date_gmt":"2020-09-08T19:53:20","guid":{"rendered":"https:\/\/www.gaveanews.com\/?p=47059"},"modified":"2020-09-08T16:53:23","modified_gmt":"2020-09-08T19:53:23","slug":"flamengo-abre-campanha-em-parceria-com-hemorio","status":"publish","type":"post","link":"https:\/\/www.gaveanews.com\/index.php\/2020\/09\/08\/flamengo-abre-campanha-em-parceria-com-hemorio\/","title":{"rendered":"Flamengo abre campanha em parceria com Hemorio"},"content":{"rendered":"\n<p>A fim de incentivar as doa\u00e7\u00f5es de sangue, o Flamengo, em parceria com o Hemorio, abriu a campanha #SangueRubroNegro. Por conta do isolamento social devido \u00e0 pandemia do coronav\u00edrus, os estoques dos bancos de sangue do Brasil est\u00e3o baixos. Assim, durante o m\u00eas de setembro, ser\u00e3o distribu\u00eddas m\u00e1scaras do Fla a quem comparecer ao Hemorio, no Centro do Rio de Janeiro.<\/p>\n\n\n\n<p>\u2014 Com o isolamento social em raz\u00e3o da pandemia do coronav\u00edrus, os bancos de sangue do Brasil est\u00e3o com os estoques baixos. Pensando nisso, Flamengo e Hemorio se uniram na campanha Sangue Rubro-Negro, que busca incentivar a Maior Torcida do Mundo a doar sangue &#8211; publicou o clube &#8211; veja o post abaixo.<\/p>\n\n\n\n<p>A a\u00e7\u00e3o tem apoio do Banco BRB, patrocinador master do futebol, e todas as m\u00e1scaras distribu\u00eddas &#8211; sujeitas a disponibilidade &#8211; s\u00e3o confeccionadas por pequenos empreendedores do Complexo do Chapad\u00e3o, no Rio de Janeiro. O Hemorio fica na Rua Frei Caneca, n\u00ba 8. Mais informa\u00e7\u00f5es dispon\u00edveis nos sites oficiais do Flamengo e do Hemorio.<\/p>\n\n\n\n<figure class=\"wp-block-embed-twitter wp-block-embed is-type-rich is-provider-twitter\"><div class=\"wp-block-embed__wrapper\">\n<blockquote class=\"twitter-tweet\" data-width=\"550\" data-dnt=\"true\"><p lang=\"pt\" dir=\"ltr\">Com o isolamento social em raz\u00e3o da pandemia do coronav\u00edrus, os bancos de sangue do Brasil est\u00e3o com os estoques baixos. Pensando nisso, Flamengo e Hemorio se uniram na campanha Sangue Rubro-Negro, que busca incentivar a Maior Torcida do Mundo a doar sangue.<br> <a href=\"https:\/\/twitter.com\/hashtag\/SangueRubroNegro?src=hash&amp;ref_src=twsrc%5Etfw\">#SangueRubroNegro<\/a> <a href=\"https:\/\/t.co\/NMreGKI4Qv\">pic.twitter.com\/NMreGKI4Qv<\/a><\/p>&mdash; Flamengo (@Flamengo) <a href=\"https:\/\/twitter.com\/Flamengo\/status\/1303413577014030338?ref_src=twsrc%5Etfw\">September 8, 2020<\/a><\/blockquote><script async src=\"https:\/\/platform.twitter.com\/widgets.js\" charset=\"utf-8\"><\/script>\n<\/div><\/figure>\n\n\n\n<p>Retirado de: Lance<\/p>\n","protected":false},"excerpt":{"rendered":"<p>A fim de incentivar as doa\u00e7\u00f5es de sangue, o Flamengo, em parceria com o Hemorio, abriu a campanha #SangueRubroNegro. Por conta do isolamento social devido \u00e0 pandemia do coronav\u00edrus, os estoques dos bancos de sangue do Brasil est\u00e3o baixos. Assim, durante o m\u00eas de setembro, ser\u00e3o distribu\u00eddas m\u00e1scaras do Fla a quem comparecer ao Hemorio, [&hellip;]<\/p>\n","protected":false},"author":1,"featured_media":15081,"comment_status":"open","ping_status":"closed","sticky":false,"template":"","format":"standard","meta":{"footnotes":""},"categories":[47],"tags":[],"class_list":["post-47059","post","type-post","status-publish","format-standard","has-post-thumbnail","hentry","category-destaques"],"yoast_head":"<!-- This site is optimized with the Yoast SEO Premium plugin v24.2 (Yoast SEO v26.9) - https:\/\/yoast.com\/product\/yoast-seo-premium-wordpress\/ -->\n<title>Flamengo abre campanha em parceria com Hemorio<\/title>\n<meta name=\"robots\" content=\"index, follow, max-snippet:-1, max-image-preview:large, max-video-preview:-1\" \/>\n<link rel=\"canonical\" href=\"https:\/\/www.gaveanews.com\/index.php\/2020\/09\/08\/flamengo-abre-campanha-em-parceria-com-hemorio\/\" \/>\n<meta property=\"og:locale\" content=\"pt_BR\" \/>\n<meta property=\"og:type\" content=\"article\" \/>\n<meta property=\"og:title\" content=\"Flamengo abre campanha em parceria com Hemorio\" \/>\n<meta property=\"og:description\" content=\"A fim de incentivar as doa\u00e7\u00f5es de sangue, o Flamengo, em parceria com o Hemorio, abriu a campanha #SangueRubroNegro. Por conta do isolamento social devido \u00e0 pandemia do coronav\u00edrus, os estoques dos bancos de sangue do Brasil est\u00e3o baixos. Assim, durante o m\u00eas de setembro, ser\u00e3o distribu\u00eddas m\u00e1scaras do Fla a quem comparecer ao Hemorio, [&hellip;]\" \/>\n<meta property=\"og:url\" content=\"https:\/\/www.gaveanews.com\/index.php\/2020\/09\/08\/flamengo-abre-campanha-em-parceria-com-hemorio\/\" \/>\n<meta property=\"og:site_name\" content=\"G\u00e1vea News\" \/>\n<meta property=\"article:publisher\" content=\"https:\/\/facebook.com\/gaveaNews\/\" \/>\n<meta property=\"article:published_time\" content=\"2020-09-08T19:53:20+00:00\" \/>\n<meta property=\"article:modified_time\" content=\"2020-09-08T19:53:23+00:00\" \/>\n<meta property=\"og:image\" content=\"https:\/\/www.gaveanews.com\/wp-content\/uploads\/2019\/03\/Escudo-do-Flamengo-e-exposto-proximo-a-um-dos-gols-no-gramado-do-Maracana.webp\" \/>\n\t<meta property=\"og:image:width\" content=\"1\" \/>\n\t<meta property=\"og:image:height\" content=\"1\" \/>\n\t<meta property=\"og:image:type\" content=\"image\/jpeg\" \/>\n<meta name=\"author\" content=\"Equipe G\u00e1vea News\" \/>\n<meta name=\"twitter:card\" content=\"summary_large_image\" \/>\n<meta name=\"twitter:label1\" content=\"Escrito por\" \/>\n\t<meta name=\"twitter:data1\" content=\"Equipe G\u00e1vea News\" \/>\n\t<meta name=\"twitter:label2\" content=\"Est. tempo de leitura\" \/>\n\t<meta name=\"twitter:data2\" content=\"1 minuto\" \/>\n<script type=\"application\/ld+json\" class=\"yoast-schema-graph\">{\"@context\":\"https:\/\/schema.org\",\"@graph\":[{\"@type\":\"NewsArticle\",\"@id\":\"https:\/\/www.gaveanews.com\/index.php\/2020\/09\/08\/flamengo-abre-campanha-em-parceria-com-hemorio\/#article\",\"isPartOf\":{\"@id\":\"https:\/\/www.gaveanews.com\/index.php\/2020\/09\/08\/flamengo-abre-campanha-em-parceria-com-hemorio\/\"},\"author\":{\"name\":\"Equipe G\u00e1vea News\",\"@id\":\"https:\/\/www.gaveanews.com\/#\/schema\/person\/2ec14f73fb96be2caf28f91afb14749d\"},\"headline\":\"Flamengo abre campanha em parceria com Hemorio\",\"datePublished\":\"2020-09-08T19:53:20+00:00\",\"dateModified\":\"2020-09-08T19:53:23+00:00\",\"mainEntityOfPage\":{\"@id\":\"https:\/\/www.gaveanews.com\/index.php\/2020\/09\/08\/flamengo-abre-campanha-em-parceria-com-hemorio\/\"},\"wordCount\":226,\"commentCount\":5,\"image\":{\"@id\":\"https:\/\/www.gaveanews.com\/index.php\/2020\/09\/08\/flamengo-abre-campanha-em-parceria-com-hemorio\/#primaryimage\"},\"thumbnailUrl\":\"https:\/\/www.gaveanews.com\/wp-content\/uploads\/2019\/03\/Escudo-do-Flamengo-e-exposto-proximo-a-um-dos-gols-no-gramado-do-Maracana.webp\",\"articleSection\":[\"Destaques\"],\"inLanguage\":\"pt-BR\",\"potentialAction\":[{\"@type\":\"CommentAction\",\"name\":\"Comment\",\"target\":[\"https:\/\/www.gaveanews.com\/index.php\/2020\/09\/08\/flamengo-abre-campanha-em-parceria-com-hemorio\/#respond\"]}],\"copyrightYear\":\"2020\",\"copyrightHolder\":{\"@id\":\"https:\/\/www.gaveanews.com\/#organization\"}},{\"@type\":\"WebPage\",\"@id\":\"https:\/\/www.gaveanews.com\/index.php\/2020\/09\/08\/flamengo-abre-campanha-em-parceria-com-hemorio\/\",\"url\":\"https:\/\/www.gaveanews.com\/index.php\/2020\/09\/08\/flamengo-abre-campanha-em-parceria-com-hemorio\/\",\"name\":\"Flamengo abre campanha em parceria com Hemorio\",\"isPartOf\":{\"@id\":\"https:\/\/www.gaveanews.com\/#website\"},\"primaryImageOfPage\":{\"@id\":\"https:\/\/www.gaveanews.com\/index.php\/2020\/09\/08\/flamengo-abre-campanha-em-parceria-com-hemorio\/#primaryimage\"},\"image\":{\"@id\":\"https:\/\/www.gaveanews.com\/index.php\/2020\/09\/08\/flamengo-abre-campanha-em-parceria-com-hemorio\/#primaryimage\"},\"thumbnailUrl\":\"https:\/\/www.gaveanews.com\/wp-content\/uploads\/2019\/03\/Escudo-do-Flamengo-e-exposto-proximo-a-um-dos-gols-no-gramado-do-Maracana.webp\",\"datePublished\":\"2020-09-08T19:53:20+00:00\",\"dateModified\":\"2020-09-08T19:53:23+00:00\",\"author\":{\"@id\":\"https:\/\/www.gaveanews.com\/#\/schema\/person\/2ec14f73fb96be2caf28f91afb14749d\"},\"breadcrumb\":{\"@id\":\"https:\/\/www.gaveanews.com\/index.php\/2020\/09\/08\/flamengo-abre-campanha-em-parceria-com-hemorio\/#breadcrumb\"},\"inLanguage\":\"pt-BR\",\"potentialAction\":[{\"@type\":\"ReadAction\",\"target\":[\"https:\/\/www.gaveanews.com\/index.php\/2020\/09\/08\/flamengo-abre-campanha-em-parceria-com-hemorio\/\"]}]},{\"@type\":\"ImageObject\",\"inLanguage\":\"pt-BR\",\"@id\":\"https:\/\/www.gaveanews.com\/index.php\/2020\/09\/08\/flamengo-abre-campanha-em-parceria-com-hemorio\/#primaryimage\",\"url\":\"https:\/\/www.gaveanews.com\/wp-content\/uploads\/2019\/03\/Escudo-do-Flamengo-e-exposto-proximo-a-um-dos-gols-no-gramado-do-Maracana.webp\",\"contentUrl\":\"https:\/\/www.gaveanews.com\/wp-content\/uploads\/2019\/03\/Escudo-do-Flamengo-e-exposto-proximo-a-um-dos-gols-no-gramado-do-Maracana.webp\",\"caption\":\"Escudo do Flamengo \u00e9 exposto pr\u00f3ximo a um dos gols, no gramado do Maracan\u00e3 (Foto: Daniel Castelo Branco)\"},{\"@type\":\"BreadcrumbList\",\"@id\":\"https:\/\/www.gaveanews.com\/index.php\/2020\/09\/08\/flamengo-abre-campanha-em-parceria-com-hemorio\/#breadcrumb\",\"itemListElement\":[{\"@type\":\"ListItem\",\"position\":1,\"name\":\"Home\",\"item\":\"https:\/\/www.gaveanews.com\/\"},{\"@type\":\"ListItem\",\"position\":2,\"name\":\"Flamengo abre campanha em parceria com Hemorio\"}]},{\"@type\":\"WebSite\",\"@id\":\"https:\/\/www.gaveanews.com\/#website\",\"url\":\"https:\/\/www.gaveanews.com\/\",\"name\":\"G\u00e1vea News\",\"description\":\"Veja todas as not\u00edcias sobre o Flamengo: Contrata\u00e7\u00f5es, categorias de base, resultados das partidas, tabela de classifica\u00e7\u00e3o, pr\u00f3ximos jogos!\",\"potentialAction\":[{\"@type\":\"SearchAction\",\"target\":{\"@type\":\"EntryPoint\",\"urlTemplate\":\"https:\/\/www.gaveanews.com\/?s={search_term_string}\"},\"query-input\":{\"@type\":\"PropertyValueSpecification\",\"valueRequired\":true,\"valueName\":\"search_term_string\"}}],\"inLanguage\":\"pt-BR\"},{\"@type\":\"Person\",\"@id\":\"https:\/\/www.gaveanews.com\/#\/schema\/person\/2ec14f73fb96be2caf28f91afb14749d\",\"name\":\"Equipe G\u00e1vea News\",\"image\":{\"@type\":\"ImageObject\",\"inLanguage\":\"pt-BR\",\"@id\":\"https:\/\/www.gaveanews.com\/#\/schema\/person\/image\/\",\"url\":\"https:\/\/secure.gravatar.com\/avatar\/1e1956f1facbffd3f8fa53a326721950116b3b9dc9bd44939c01180fd4a745a9?s=96&d=mm&r=g\",\"contentUrl\":\"https:\/\/secure.gravatar.com\/avatar\/1e1956f1facbffd3f8fa53a326721950116b3b9dc9bd44939c01180fd4a745a9?s=96&d=mm&r=g\",\"caption\":\"Equipe G\u00e1vea News\"}}]}<\/script>\n<!-- \/ Yoast SEO Premium plugin. -->","yoast_head_json":{"title":"Flamengo abre campanha em parceria com Hemorio","robots":{"index":"index","follow":"follow","max-snippet":"max-snippet:-1","max-image-preview":"max-image-preview:large","max-video-preview":"max-video-preview:-1"},"canonical":"https:\/\/www.gaveanews.com\/index.php\/2020\/09\/08\/flamengo-abre-campanha-em-parceria-com-hemorio\/","og_locale":"pt_BR","og_type":"article","og_title":"Flamengo abre campanha em parceria com Hemorio","og_description":"A fim de incentivar as doa\u00e7\u00f5es de sangue, o Flamengo, em parceria com o Hemorio, abriu a campanha #SangueRubroNegro. Por conta do isolamento social devido \u00e0 pandemia do coronav\u00edrus, os estoques dos bancos de sangue do Brasil est\u00e3o baixos. Assim, durante o m\u00eas de setembro, ser\u00e3o distribu\u00eddas m\u00e1scaras do Fla a quem comparecer ao Hemorio, [&hellip;]","og_url":"https:\/\/www.gaveanews.com\/index.php\/2020\/09\/08\/flamengo-abre-campanha-em-parceria-com-hemorio\/","og_site_name":"G\u00e1vea News","article_publisher":"https:\/\/facebook.com\/gaveaNews\/","article_published_time":"2020-09-08T19:53:20+00:00","article_modified_time":"2020-09-08T19:53:23+00:00","og_image":[{"url":"https:\/\/www.gaveanews.com\/wp-content\/uploads\/2019\/03\/Escudo-do-Flamengo-e-exposto-proximo-a-um-dos-gols-no-gramado-do-Maracana.webp","width":1,"height":1,"type":"image\/jpeg"}],"author":"Equipe G\u00e1vea News","twitter_card":"summary_large_image","twitter_misc":{"Escrito por":"Equipe G\u00e1vea News","Est. tempo de leitura":"1 minuto"},"schema":{"@context":"https:\/\/schema.org","@graph":[{"@type":"NewsArticle","@id":"https:\/\/www.gaveanews.com\/index.php\/2020\/09\/08\/flamengo-abre-campanha-em-parceria-com-hemorio\/#article","isPartOf":{"@id":"https:\/\/www.gaveanews.com\/index.php\/2020\/09\/08\/flamengo-abre-campanha-em-parceria-com-hemorio\/"},"author":{"name":"Equipe G\u00e1vea News","@id":"https:\/\/www.gaveanews.com\/#\/schema\/person\/2ec14f73fb96be2caf28f91afb14749d"},"headline":"Flamengo abre campanha em parceria com Hemorio","datePublished":"2020-09-08T19:53:20+00:00","dateModified":"2020-09-08T19:53:23+00:00","mainEntityOfPage":{"@id":"https:\/\/www.gaveanews.com\/index.php\/2020\/09\/08\/flamengo-abre-campanha-em-parceria-com-hemorio\/"},"wordCount":226,"commentCount":5,"image":{"@id":"https:\/\/www.gaveanews.com\/index.php\/2020\/09\/08\/flamengo-abre-campanha-em-parceria-com-hemorio\/#primaryimage"},"thumbnailUrl":"https:\/\/www.gaveanews.com\/wp-content\/uploads\/2019\/03\/Escudo-do-Flamengo-e-exposto-proximo-a-um-dos-gols-no-gramado-do-Maracana.webp","articleSection":["Destaques"],"inLanguage":"pt-BR","potentialAction":[{"@type":"CommentAction","name":"Comment","target":["https:\/\/www.gaveanews.com\/index.php\/2020\/09\/08\/flamengo-abre-campanha-em-parceria-com-hemorio\/#respond"]}],"copyrightYear":"2020","copyrightHolder":{"@id":"https:\/\/www.gaveanews.com\/#organization"}},{"@type":"WebPage","@id":"https:\/\/www.gaveanews.com\/index.php\/2020\/09\/08\/flamengo-abre-campanha-em-parceria-com-hemorio\/","url":"https:\/\/www.gaveanews.com\/index.php\/2020\/09\/08\/flamengo-abre-campanha-em-parceria-com-hemorio\/","name":"Flamengo abre campanha em parceria com Hemorio","isPartOf":{"@id":"https:\/\/www.gaveanews.com\/#website"},"primaryImageOfPage":{"@id":"https:\/\/www.gaveanews.com\/index.php\/2020\/09\/08\/flamengo-abre-campanha-em-parceria-com-hemorio\/#primaryimage"},"image":{"@id":"https:\/\/www.gaveanews.com\/index.php\/2020\/09\/08\/flamengo-abre-campanha-em-parceria-com-hemorio\/#primaryimage"},"thumbnailUrl":"https:\/\/www.gaveanews.com\/wp-content\/uploads\/2019\/03\/Escudo-do-Flamengo-e-exposto-proximo-a-um-dos-gols-no-gramado-do-Maracana.webp","datePublished":"2020-09-08T19:53:20+00:00","dateModified":"2020-09-08T19:53:23+00:00","author":{"@id":"https:\/\/www.gaveanews.com\/#\/schema\/person\/2ec14f73fb96be2caf28f91afb14749d"},"breadcrumb":{"@id":"https:\/\/www.gaveanews.com\/index.php\/2020\/09\/08\/flamengo-abre-campanha-em-parceria-com-hemorio\/#breadcrumb"},"inLanguage":"pt-BR","potentialAction":[{"@type":"ReadAction","target":["https:\/\/www.gaveanews.com\/index.php\/2020\/09\/08\/flamengo-abre-campanha-em-parceria-com-hemorio\/"]}]},{"@type":"ImageObject","inLanguage":"pt-BR","@id":"https:\/\/www.gaveanews.com\/index.php\/2020\/09\/08\/flamengo-abre-campanha-em-parceria-com-hemorio\/#primaryimage","url":"https:\/\/www.gaveanews.com\/wp-content\/uploads\/2019\/03\/Escudo-do-Flamengo-e-exposto-proximo-a-um-dos-gols-no-gramado-do-Maracana.webp","contentUrl":"https:\/\/www.gaveanews.com\/wp-content\/uploads\/2019\/03\/Escudo-do-Flamengo-e-exposto-proximo-a-um-dos-gols-no-gramado-do-Maracana.webp","caption":"Escudo do Flamengo \u00e9 exposto pr\u00f3ximo a um dos gols, no gramado do Maracan\u00e3 (Foto: Daniel Castelo Branco)"},{"@type":"BreadcrumbList","@id":"https:\/\/www.gaveanews.com\/index.php\/2020\/09\/08\/flamengo-abre-campanha-em-parceria-com-hemorio\/#breadcrumb","itemListElement":[{"@type":"ListItem","position":1,"name":"Home","item":"https:\/\/www.gaveanews.com\/"},{"@type":"ListItem","position":2,"name":"Flamengo abre campanha em parceria com Hemorio"}]},{"@type":"WebSite","@id":"https:\/\/www.gaveanews.com\/#website","url":"https:\/\/www.gaveanews.com\/","name":"G\u00e1vea News","description":"Veja todas as not\u00edcias sobre o Flamengo: Contrata\u00e7\u00f5es, categorias de base, resultados das partidas, tabela de classifica\u00e7\u00e3o, pr\u00f3ximos jogos!","potentialAction":[{"@type":"SearchAction","target":{"@type":"EntryPoint","urlTemplate":"https:\/\/www.gaveanews.com\/?s={search_term_string}"},"query-input":{"@type":"PropertyValueSpecification","valueRequired":true,"valueName":"search_term_string"}}],"inLanguage":"pt-BR"},{"@type":"Person","@id":"https:\/\/www.gaveanews.com\/#\/schema\/person\/2ec14f73fb96be2caf28f91afb14749d","name":"Equipe G\u00e1vea News","image":{"@type":"ImageObject","inLanguage":"pt-BR","@id":"https:\/\/www.gaveanews.com\/#\/schema\/person\/image\/","url":"https:\/\/secure.gravatar.com\/avatar\/1e1956f1facbffd3f8fa53a326721950116b3b9dc9bd44939c01180fd4a745a9?s=96&d=mm&r=g","contentUrl":"https:\/\/secure.gravatar.com\/avatar\/1e1956f1facbffd3f8fa53a326721950116b3b9dc9bd44939c01180fd4a745a9?s=96&d=mm&r=g","caption":"Equipe G\u00e1vea News"}}]}},"_links":{"self":[{"href":"https:\/\/www.gaveanews.com\/index.php\/wp-json\/wp\/v2\/posts\/47059","targetHints":{"allow":["GET"]}}],"collection":[{"href":"https:\/\/www.gaveanews.com\/index.php\/wp-json\/wp\/v2\/posts"}],"about":[{"href":"https:\/\/www.gaveanews.com\/index.php\/wp-json\/wp\/v2\/types\/post"}],"author":[{"embeddable":true,"href":"https:\/\/www.gaveanews.com\/index.php\/wp-json\/wp\/v2\/users\/1"}],"replies":[{"embeddable":true,"href":"https:\/\/www.gaveanews.com\/index.php\/wp-json\/wp\/v2\/comments?post=47059"}],"version-history":[{"count":0,"href":"https:\/\/www.gaveanews.com\/index.php\/wp-json\/wp\/v2\/posts\/47059\/revisions"}],"wp:featuredmedia":[{"embeddable":true,"href":"https:\/\/www.gaveanews.com\/index.php\/wp-json\/wp\/v2\/media\/15081"}],"wp:attachment":[{"href":"https:\/\/www.gaveanews.com\/index.php\/wp-json\/wp\/v2\/media?parent=47059"}],"wp:term":[{"taxonomy":"category","embeddable":true,"href":"https:\/\/www.gaveanews.com\/index.php\/wp-json\/wp\/v2\/categories?post=47059"},{"taxonomy":"post_tag","embeddable":true,"href":"https:\/\/www.gaveanews.com\/index.php\/wp-json\/wp\/v2\/tags?post=47059"}],"curies":[{"name":"wp","href":"https:\/\/api.w.org\/{rel}","templated":true}]}}