{"id":47064,"date":"2020-09-08T19:06:45","date_gmt":"2020-09-08T22:06:45","guid":{"rendered":"https:\/\/www.gaveanews.com\/?p=47064"},"modified":"2020-09-08T19:08:32","modified_gmt":"2020-09-08T22:08:32","slug":"atacante-emprestado-pelo-flamengo-nao-respeita-o-isolamento-social-participa-de-festas-e-e-afastado","status":"publish","type":"post","link":"https:\/\/www.gaveanews.com\/index.php\/2020\/09\/08\/atacante-emprestado-pelo-flamengo-nao-respeita-o-isolamento-social-participa-de-festas-e-e-afastado\/","title":{"rendered":"Atacante emprestado pelo Flamengo, n\u00e3o respeita o isolamento social, participa de festas e \u00e9 afastado"},"content":{"rendered":"\n<p>O atacante Thiago, cedido por empr\u00e9stimo do Flamengo, e os zagueiros Camutanga e Diego Silva, do N\u00e1utico, foram flagrados, no \u00faltimo final de semana, em festas que desrespeitam o isolamento social recomendado para impedir novos casos da Covid-19. Informa\u00e7\u00f5es do site &#8216;Globo Esporte&#8217;.<\/p>\n\n\n\n<p>Em meio \u00e0 pandemia que j\u00e1 matou mais de 126 mil brasileiros e infectou 4 milh\u00f5es, os jogadores estiveram em uma casa de shows da capital pernambucana, onde havia aglomera\u00e7\u00e3o e as pessoas n\u00e3o utilizavam m\u00e1scaras. Em outro caso, o atacante Kieza tamb\u00e9m teve imagens vazadas durante a folga, mas em uma festa particular, o que torna a situa\u00e7\u00e3o ligeiramente diferente dos anteriores.<\/p>\n\n\n\n<p>Em nota oficial divulgada nesta ter\u00e7a-feira, o N\u00e1utico comunicou, sem citar os nomes dos jogadores, que realizou uma reuni\u00e3o com os envolvidos. Ficou definido que os atletas treinar\u00e3o \u00e0 parte at\u00e9 que \u201csejam realizados testes e se cumpra um per\u00edodo necess\u00e1rio \u00e0 garantia de n\u00e3o ter havido infec\u00e7\u00e3o pelo novo coronav\u00edrus\u201d.<\/p>\n\n\n\n<p>Al\u00e9m disso, as medidas administrativas tomadas pela dire\u00e7\u00e3o e comiss\u00e3o t\u00e9cnica ficar\u00e3o no \u201c\u00e2mbito interno\u201d e ser\u00e3o tratadas diretamente com os jogadores.<\/p>\n\n\n\n<p>A pol\u00eamica se instalou depois que imagens dos jogadores nas festas tomaram as redes sociais e irritaram a torcida do N\u00e1utico. O fato tamb\u00e9m n\u00e3o caiu bem entre a diretoria. Nesse cen\u00e1rio, a reportagem apurou que a san\u00e7\u00e3o deve ser financeira, mas o assunto ser\u00e1 tratado internamente.<\/p>\n\n\n\n<p>O que motivaria a atitude n\u00e3o \u00e9 o fato de os jogadores sa\u00edrem para uma festa. As fontes consultadas pelo &#8216;ge&#8217; afirmam que os atletas estavam de folga e, desta forma, poderiam se divertir. O problema \u00e9 estar em aglomera\u00e7\u00f5es, sem prote\u00e7\u00e3o, em claro desrespeito ao protocolo interno do clube e ao protocolo do futebol de modo geral.<\/p>\n\n\n\n<p>Dentro deste cen\u00e1rio, a situa\u00e7\u00e3o de Kieza ainda est\u00e1 sendo estudada. Ao contr\u00e1rio dos outros atletas, as imagens do atacante s\u00e3o de uma festa particular, aparentemente com poucas pessoas. Isso n\u00e3o o isenta de uma puni\u00e7\u00e3o, mas demanda uma apura\u00e7\u00e3o melhor por parte do clube para entender a gravidade do caso.<\/p>\n\n\n\n<h3 class=\"wp-block-heading\">Veja a nota oficial do N\u00e1utico<\/h3>\n\n\n\n<p>\u201cO Clube N\u00e1utico Capibaribe, em respeito \u00e0 torcida e ao p\u00fablico em geral, esclarece que j\u00e1 realizou uma reuni\u00e3o com os atletas, tratando do epis\u00f3dio que envolveu alguns deles, cujas imagens circularam nas redes sociais.<\/p>\n\n\n\n<p>Existem aspectos disciplinares que regem o trabalho de uma institui\u00e7\u00e3o esportiva e, particularmente neste momento que o pa\u00eds atravessa, tamb\u00e9m quest\u00f5es de sa\u00fade p\u00fablica. Prezamos sempre pelo profissionalismo, com total respeito aos funcion\u00e1rios do clube, mas tamb\u00e9m com a exig\u00eancia de contrapartidas previamente pactuadas, que consideramos fundamentais. Acima de tudo est\u00e1 o interesse coletivo, de um clube centen\u00e1rio e sua imensa e fiel torcida. O per\u00edodo de pandemia tem exigido muito de todos, nas vidas pessoal e profissional. E a atitude de cada um pode ter repercuss\u00e3o direta sobre si e o pr\u00f3ximo. \u00c9 necess\u00e1rio mais do que bom senso, \u00e9 imprescind\u00edvel a prud\u00eancia, a precau\u00e7\u00e3o, a preven\u00e7\u00e3o.<\/p>\n\n\n\n<p>Assim, diante do que foi demonstrado nas imagens, e de acordo com as orienta\u00e7\u00f5es do Departamento M\u00e9dico do N\u00e1utico, estamos temporariamente promovendo o distanciamento destes atletas, com rela\u00e7\u00e3o ao restante do elenco. At\u00e9 que sejam realizados testes e se cumpra um per\u00edodo necess\u00e1rio \u00e0 garantia de n\u00e3o ter havido infec\u00e7\u00e3o pelo novo coronav\u00edrus, o grupo cumprir\u00e1 dias de atividades em hor\u00e1rios diferenciados. Medidas administrativas, definidas pela dire\u00e7\u00e3o e comiss\u00e3o t\u00e9cnica, permanecem no \u00e2mbito interno, sendo dialogadas diretamente com os profissionais.<\/p>\n\n\n\n<p>A atual gest\u00e3o do Clube N\u00e1utico Capibaribe sempre priorizar\u00e1 o bom ambiente, de respeito \u00e0s individualidades, sem jamais admitir que atitudes pontuais conturbem ou prejudiquem os prop\u00f3sitos do coletivo, que n\u00e3o s\u00e3o de poucos, mas de uma institui\u00e7\u00e3o composta por milhares de pessoas. Considerando, ainda, que posturas indevidas, hoje, podem expor ao risco muito mais do que a pr\u00f3pria integridade f\u00edsica.<\/p>\n\n\n\n<p>Seguiremos obedecendo rigorosamente o protocolo da CBF, as orienta\u00e7\u00f5es das autoridades e dos nossos profissionais de sa\u00fade. Mais do que um time de futebol, o N\u00e1utico \u00e9 um patrim\u00f4nio de Pernambuco, respeitado, reconhecido e que, no que depender de n\u00f3s, ser\u00e1 sempre honrado e se manter\u00e1 uma refer\u00eancia de boas pr\u00e1ticas.\u201d<\/p>\n\n\n\n<p>Retirado de: Meio Norte<\/p>\n","protected":false},"excerpt":{"rendered":"<p>O atacante Thiago, cedido por empr\u00e9stimo do Flamengo, e os zagueiros Camutanga e Diego Silva, do N\u00e1utico, foram flagrados, no \u00faltimo final de semana, em festas que desrespeitam o isolamento social recomendado para impedir novos casos da Covid-19. Informa\u00e7\u00f5es do site &#8216;Globo Esporte&#8217;. Em meio \u00e0 pandemia que j\u00e1 matou mais de 126 mil brasileiros [&hellip;]<\/p>\n","protected":false},"author":1,"featured_media":31858,"comment_status":"open","ping_status":"closed","sticky":false,"template":"","format":"standard","meta":{"footnotes":""},"categories":[47],"tags":[],"class_list":["post-47064","post","type-post","status-publish","format-standard","has-post-thumbnail","hentry","category-destaques"],"yoast_head":"<!-- This site is optimized with the Yoast SEO Premium plugin v24.2 (Yoast SEO v26.9) - https:\/\/yoast.com\/product\/yoast-seo-premium-wordpress\/ -->\n<title>Atacante emprestado pelo Flamengo, participa de festas e \u00e9 afastado<\/title>\n<meta name=\"description\" content=\"Em meio \u00e0 pandemia que j\u00e1 matou mais de 126 mil brasileiros e infectou 4 milh\u00f5es, os jogadores estiveram em uma casa de shows.\" \/>\n<meta name=\"robots\" content=\"index, follow, max-snippet:-1, max-image-preview:large, max-video-preview:-1\" \/>\n<link rel=\"canonical\" href=\"https:\/\/www.gaveanews.com\/index.php\/2020\/09\/08\/atacante-emprestado-pelo-flamengo-nao-respeita-o-isolamento-social-participa-de-festas-e-e-afastado\/\" \/>\n<meta property=\"og:locale\" content=\"pt_BR\" \/>\n<meta property=\"og:type\" content=\"article\" \/>\n<meta property=\"og:title\" content=\"Atacante emprestado pelo Flamengo, n\u00e3o respeita o isolamento social, participa de festas e \u00e9 afastado\" \/>\n<meta property=\"og:description\" content=\"Em meio \u00e0 pandemia que j\u00e1 matou mais de 126 mil brasileiros e infectou 4 milh\u00f5es, os jogadores estiveram em uma casa de shows.\" \/>\n<meta property=\"og:url\" content=\"https:\/\/www.gaveanews.com\/index.php\/2020\/09\/08\/atacante-emprestado-pelo-flamengo-nao-respeita-o-isolamento-social-participa-de-festas-e-e-afastado\/\" \/>\n<meta property=\"og:site_name\" content=\"G\u00e1vea News\" \/>\n<meta property=\"article:publisher\" content=\"https:\/\/facebook.com\/gaveaNews\/\" \/>\n<meta property=\"article:published_time\" content=\"2020-09-08T22:06:45+00:00\" \/>\n<meta property=\"article:modified_time\" content=\"2020-09-08T22:08:32+00:00\" \/>\n<meta property=\"og:image\" content=\"https:\/\/www.gaveanews.com\/wp-content\/uploads\/mco_7009.webp\" \/>\n\t<meta property=\"og:image:width\" content=\"1000\" \/>\n\t<meta property=\"og:image:height\" content=\"666\" \/>\n\t<meta property=\"og:image:type\" content=\"image\/jpeg\" \/>\n<meta name=\"author\" content=\"Equipe G\u00e1vea News\" \/>\n<meta name=\"twitter:card\" content=\"summary_large_image\" \/>\n<meta name=\"twitter:label1\" content=\"Escrito por\" \/>\n\t<meta name=\"twitter:data1\" content=\"Equipe G\u00e1vea News\" \/>\n\t<meta name=\"twitter:label2\" content=\"Est. tempo de leitura\" \/>\n\t<meta name=\"twitter:data2\" content=\"4 minutos\" \/>\n<script type=\"application\/ld+json\" class=\"yoast-schema-graph\">{\"@context\":\"https:\/\/schema.org\",\"@graph\":[{\"@type\":\"NewsArticle\",\"@id\":\"https:\/\/www.gaveanews.com\/index.php\/2020\/09\/08\/atacante-emprestado-pelo-flamengo-nao-respeita-o-isolamento-social-participa-de-festas-e-e-afastado\/#article\",\"isPartOf\":{\"@id\":\"https:\/\/www.gaveanews.com\/index.php\/2020\/09\/08\/atacante-emprestado-pelo-flamengo-nao-respeita-o-isolamento-social-participa-de-festas-e-e-afastado\/\"},\"author\":{\"name\":\"Equipe G\u00e1vea News\",\"@id\":\"https:\/\/www.gaveanews.com\/#\/schema\/person\/2ec14f73fb96be2caf28f91afb14749d\"},\"headline\":\"Atacante emprestado pelo Flamengo, n\u00e3o respeita o isolamento social, participa de festas e \u00e9 afastado\",\"datePublished\":\"2020-09-08T22:06:45+00:00\",\"dateModified\":\"2020-09-08T22:08:32+00:00\",\"mainEntityOfPage\":{\"@id\":\"https:\/\/www.gaveanews.com\/index.php\/2020\/09\/08\/atacante-emprestado-pelo-flamengo-nao-respeita-o-isolamento-social-participa-de-festas-e-e-afastado\/\"},\"wordCount\":775,\"commentCount\":3,\"image\":{\"@id\":\"https:\/\/www.gaveanews.com\/index.php\/2020\/09\/08\/atacante-emprestado-pelo-flamengo-nao-respeita-o-isolamento-social-participa-de-festas-e-e-afastado\/#primaryimage\"},\"thumbnailUrl\":\"https:\/\/www.gaveanews.com\/wp-content\/uploads\/mco_7009.webp\",\"articleSection\":[\"Destaques\"],\"inLanguage\":\"pt-BR\",\"potentialAction\":[{\"@type\":\"CommentAction\",\"name\":\"Comment\",\"target\":[\"https:\/\/www.gaveanews.com\/index.php\/2020\/09\/08\/atacante-emprestado-pelo-flamengo-nao-respeita-o-isolamento-social-participa-de-festas-e-e-afastado\/#respond\"]}],\"copyrightYear\":\"2020\",\"copyrightHolder\":{\"@id\":\"https:\/\/www.gaveanews.com\/#organization\"}},{\"@type\":\"WebPage\",\"@id\":\"https:\/\/www.gaveanews.com\/index.php\/2020\/09\/08\/atacante-emprestado-pelo-flamengo-nao-respeita-o-isolamento-social-participa-de-festas-e-e-afastado\/\",\"url\":\"https:\/\/www.gaveanews.com\/index.php\/2020\/09\/08\/atacante-emprestado-pelo-flamengo-nao-respeita-o-isolamento-social-participa-de-festas-e-e-afastado\/\",\"name\":\"Atacante emprestado pelo Flamengo, participa de festas e \u00e9 afastado\",\"isPartOf\":{\"@id\":\"https:\/\/www.gaveanews.com\/#website\"},\"primaryImageOfPage\":{\"@id\":\"https:\/\/www.gaveanews.com\/index.php\/2020\/09\/08\/atacante-emprestado-pelo-flamengo-nao-respeita-o-isolamento-social-participa-de-festas-e-e-afastado\/#primaryimage\"},\"image\":{\"@id\":\"https:\/\/www.gaveanews.com\/index.php\/2020\/09\/08\/atacante-emprestado-pelo-flamengo-nao-respeita-o-isolamento-social-participa-de-festas-e-e-afastado\/#primaryimage\"},\"thumbnailUrl\":\"https:\/\/www.gaveanews.com\/wp-content\/uploads\/mco_7009.webp\",\"datePublished\":\"2020-09-08T22:06:45+00:00\",\"dateModified\":\"2020-09-08T22:08:32+00:00\",\"author\":{\"@id\":\"https:\/\/www.gaveanews.com\/#\/schema\/person\/2ec14f73fb96be2caf28f91afb14749d\"},\"description\":\"Em meio \u00e0 pandemia que j\u00e1 matou mais de 126 mil brasileiros e infectou 4 milh\u00f5es, os jogadores estiveram em uma casa de shows.\",\"breadcrumb\":{\"@id\":\"https:\/\/www.gaveanews.com\/index.php\/2020\/09\/08\/atacante-emprestado-pelo-flamengo-nao-respeita-o-isolamento-social-participa-de-festas-e-e-afastado\/#breadcrumb\"},\"inLanguage\":\"pt-BR\",\"potentialAction\":[{\"@type\":\"ReadAction\",\"target\":[\"https:\/\/www.gaveanews.com\/index.php\/2020\/09\/08\/atacante-emprestado-pelo-flamengo-nao-respeita-o-isolamento-social-participa-de-festas-e-e-afastado\/\"]}]},{\"@type\":\"ImageObject\",\"inLanguage\":\"pt-BR\",\"@id\":\"https:\/\/www.gaveanews.com\/index.php\/2020\/09\/08\/atacante-emprestado-pelo-flamengo-nao-respeita-o-isolamento-social-participa-de-festas-e-e-afastado\/#primaryimage\",\"url\":\"https:\/\/www.gaveanews.com\/wp-content\/uploads\/mco_7009.webp\",\"contentUrl\":\"https:\/\/www.gaveanews.com\/wp-content\/uploads\/mco_7009.webp\",\"width\":1000,\"height\":666,\"caption\":\"Thiago em a\u00e7\u00e3o pelo N\u00e1utico (Foto: Marlon Costa\/Pernambuco Press)\"},{\"@type\":\"BreadcrumbList\",\"@id\":\"https:\/\/www.gaveanews.com\/index.php\/2020\/09\/08\/atacante-emprestado-pelo-flamengo-nao-respeita-o-isolamento-social-participa-de-festas-e-e-afastado\/#breadcrumb\",\"itemListElement\":[{\"@type\":\"ListItem\",\"position\":1,\"name\":\"Home\",\"item\":\"https:\/\/www.gaveanews.com\/\"},{\"@type\":\"ListItem\",\"position\":2,\"name\":\"Atacante emprestado pelo Flamengo, n\u00e3o respeita o isolamento social, participa de festas e \u00e9 afastado\"}]},{\"@type\":\"WebSite\",\"@id\":\"https:\/\/www.gaveanews.com\/#website\",\"url\":\"https:\/\/www.gaveanews.com\/\",\"name\":\"G\u00e1vea News\",\"description\":\"Veja todas as not\u00edcias sobre o Flamengo: Contrata\u00e7\u00f5es, categorias de base, resultados das partidas, tabela de classifica\u00e7\u00e3o, pr\u00f3ximos jogos!\",\"potentialAction\":[{\"@type\":\"SearchAction\",\"target\":{\"@type\":\"EntryPoint\",\"urlTemplate\":\"https:\/\/www.gaveanews.com\/?s={search_term_string}\"},\"query-input\":{\"@type\":\"PropertyValueSpecification\",\"valueRequired\":true,\"valueName\":\"search_term_string\"}}],\"inLanguage\":\"pt-BR\"},{\"@type\":\"Person\",\"@id\":\"https:\/\/www.gaveanews.com\/#\/schema\/person\/2ec14f73fb96be2caf28f91afb14749d\",\"name\":\"Equipe G\u00e1vea News\",\"image\":{\"@type\":\"ImageObject\",\"inLanguage\":\"pt-BR\",\"@id\":\"https:\/\/www.gaveanews.com\/#\/schema\/person\/image\/\",\"url\":\"https:\/\/secure.gravatar.com\/avatar\/1e1956f1facbffd3f8fa53a326721950116b3b9dc9bd44939c01180fd4a745a9?s=96&d=mm&r=g\",\"contentUrl\":\"https:\/\/secure.gravatar.com\/avatar\/1e1956f1facbffd3f8fa53a326721950116b3b9dc9bd44939c01180fd4a745a9?s=96&d=mm&r=g\",\"caption\":\"Equipe G\u00e1vea News\"}}]}<\/script>\n<!-- \/ Yoast SEO Premium plugin. -->","yoast_head_json":{"title":"Atacante emprestado pelo Flamengo, participa de festas e \u00e9 afastado","description":"Em meio \u00e0 pandemia que j\u00e1 matou mais de 126 mil brasileiros e infectou 4 milh\u00f5es, os jogadores estiveram em uma casa de shows.","robots":{"index":"index","follow":"follow","max-snippet":"max-snippet:-1","max-image-preview":"max-image-preview:large","max-video-preview":"max-video-preview:-1"},"canonical":"https:\/\/www.gaveanews.com\/index.php\/2020\/09\/08\/atacante-emprestado-pelo-flamengo-nao-respeita-o-isolamento-social-participa-de-festas-e-e-afastado\/","og_locale":"pt_BR","og_type":"article","og_title":"Atacante emprestado pelo Flamengo, n\u00e3o respeita o isolamento social, participa de festas e \u00e9 afastado","og_description":"Em meio \u00e0 pandemia que j\u00e1 matou mais de 126 mil brasileiros e infectou 4 milh\u00f5es, os jogadores estiveram em uma casa de shows.","og_url":"https:\/\/www.gaveanews.com\/index.php\/2020\/09\/08\/atacante-emprestado-pelo-flamengo-nao-respeita-o-isolamento-social-participa-de-festas-e-e-afastado\/","og_site_name":"G\u00e1vea News","article_publisher":"https:\/\/facebook.com\/gaveaNews\/","article_published_time":"2020-09-08T22:06:45+00:00","article_modified_time":"2020-09-08T22:08:32+00:00","og_image":[{"width":1000,"height":666,"url":"https:\/\/www.gaveanews.com\/wp-content\/uploads\/mco_7009.webp","type":"image\/jpeg"}],"author":"Equipe G\u00e1vea News","twitter_card":"summary_large_image","twitter_misc":{"Escrito por":"Equipe G\u00e1vea News","Est. tempo de leitura":"4 minutos"},"schema":{"@context":"https:\/\/schema.org","@graph":[{"@type":"NewsArticle","@id":"https:\/\/www.gaveanews.com\/index.php\/2020\/09\/08\/atacante-emprestado-pelo-flamengo-nao-respeita-o-isolamento-social-participa-de-festas-e-e-afastado\/#article","isPartOf":{"@id":"https:\/\/www.gaveanews.com\/index.php\/2020\/09\/08\/atacante-emprestado-pelo-flamengo-nao-respeita-o-isolamento-social-participa-de-festas-e-e-afastado\/"},"author":{"name":"Equipe G\u00e1vea News","@id":"https:\/\/www.gaveanews.com\/#\/schema\/person\/2ec14f73fb96be2caf28f91afb14749d"},"headline":"Atacante emprestado pelo Flamengo, n\u00e3o respeita o isolamento social, participa de festas e \u00e9 afastado","datePublished":"2020-09-08T22:06:45+00:00","dateModified":"2020-09-08T22:08:32+00:00","mainEntityOfPage":{"@id":"https:\/\/www.gaveanews.com\/index.php\/2020\/09\/08\/atacante-emprestado-pelo-flamengo-nao-respeita-o-isolamento-social-participa-de-festas-e-e-afastado\/"},"wordCount":775,"commentCount":3,"image":{"@id":"https:\/\/www.gaveanews.com\/index.php\/2020\/09\/08\/atacante-emprestado-pelo-flamengo-nao-respeita-o-isolamento-social-participa-de-festas-e-e-afastado\/#primaryimage"},"thumbnailUrl":"https:\/\/www.gaveanews.com\/wp-content\/uploads\/mco_7009.webp","articleSection":["Destaques"],"inLanguage":"pt-BR","potentialAction":[{"@type":"CommentAction","name":"Comment","target":["https:\/\/www.gaveanews.com\/index.php\/2020\/09\/08\/atacante-emprestado-pelo-flamengo-nao-respeita-o-isolamento-social-participa-de-festas-e-e-afastado\/#respond"]}],"copyrightYear":"2020","copyrightHolder":{"@id":"https:\/\/www.gaveanews.com\/#organization"}},{"@type":"WebPage","@id":"https:\/\/www.gaveanews.com\/index.php\/2020\/09\/08\/atacante-emprestado-pelo-flamengo-nao-respeita-o-isolamento-social-participa-de-festas-e-e-afastado\/","url":"https:\/\/www.gaveanews.com\/index.php\/2020\/09\/08\/atacante-emprestado-pelo-flamengo-nao-respeita-o-isolamento-social-participa-de-festas-e-e-afastado\/","name":"Atacante emprestado pelo Flamengo, participa de festas e \u00e9 afastado","isPartOf":{"@id":"https:\/\/www.gaveanews.com\/#website"},"primaryImageOfPage":{"@id":"https:\/\/www.gaveanews.com\/index.php\/2020\/09\/08\/atacante-emprestado-pelo-flamengo-nao-respeita-o-isolamento-social-participa-de-festas-e-e-afastado\/#primaryimage"},"image":{"@id":"https:\/\/www.gaveanews.com\/index.php\/2020\/09\/08\/atacante-emprestado-pelo-flamengo-nao-respeita-o-isolamento-social-participa-de-festas-e-e-afastado\/#primaryimage"},"thumbnailUrl":"https:\/\/www.gaveanews.com\/wp-content\/uploads\/mco_7009.webp","datePublished":"2020-09-08T22:06:45+00:00","dateModified":"2020-09-08T22:08:32+00:00","author":{"@id":"https:\/\/www.gaveanews.com\/#\/schema\/person\/2ec14f73fb96be2caf28f91afb14749d"},"description":"Em meio \u00e0 pandemia que j\u00e1 matou mais de 126 mil brasileiros e infectou 4 milh\u00f5es, os jogadores estiveram em uma casa de shows.","breadcrumb":{"@id":"https:\/\/www.gaveanews.com\/index.php\/2020\/09\/08\/atacante-emprestado-pelo-flamengo-nao-respeita-o-isolamento-social-participa-de-festas-e-e-afastado\/#breadcrumb"},"inLanguage":"pt-BR","potentialAction":[{"@type":"ReadAction","target":["https:\/\/www.gaveanews.com\/index.php\/2020\/09\/08\/atacante-emprestado-pelo-flamengo-nao-respeita-o-isolamento-social-participa-de-festas-e-e-afastado\/"]}]},{"@type":"ImageObject","inLanguage":"pt-BR","@id":"https:\/\/www.gaveanews.com\/index.php\/2020\/09\/08\/atacante-emprestado-pelo-flamengo-nao-respeita-o-isolamento-social-participa-de-festas-e-e-afastado\/#primaryimage","url":"https:\/\/www.gaveanews.com\/wp-content\/uploads\/mco_7009.webp","contentUrl":"https:\/\/www.gaveanews.com\/wp-content\/uploads\/mco_7009.webp","width":1000,"height":666,"caption":"Thiago em a\u00e7\u00e3o pelo N\u00e1utico (Foto: Marlon Costa\/Pernambuco Press)"},{"@type":"BreadcrumbList","@id":"https:\/\/www.gaveanews.com\/index.php\/2020\/09\/08\/atacante-emprestado-pelo-flamengo-nao-respeita-o-isolamento-social-participa-de-festas-e-e-afastado\/#breadcrumb","itemListElement":[{"@type":"ListItem","position":1,"name":"Home","item":"https:\/\/www.gaveanews.com\/"},{"@type":"ListItem","position":2,"name":"Atacante emprestado pelo Flamengo, n\u00e3o respeita o isolamento social, participa de festas e \u00e9 afastado"}]},{"@type":"WebSite","@id":"https:\/\/www.gaveanews.com\/#website","url":"https:\/\/www.gaveanews.com\/","name":"G\u00e1vea News","description":"Veja todas as not\u00edcias sobre o Flamengo: Contrata\u00e7\u00f5es, categorias de base, resultados das partidas, tabela de classifica\u00e7\u00e3o, pr\u00f3ximos jogos!","potentialAction":[{"@type":"SearchAction","target":{"@type":"EntryPoint","urlTemplate":"https:\/\/www.gaveanews.com\/?s={search_term_string}"},"query-input":{"@type":"PropertyValueSpecification","valueRequired":true,"valueName":"search_term_string"}}],"inLanguage":"pt-BR"},{"@type":"Person","@id":"https:\/\/www.gaveanews.com\/#\/schema\/person\/2ec14f73fb96be2caf28f91afb14749d","name":"Equipe G\u00e1vea News","image":{"@type":"ImageObject","inLanguage":"pt-BR","@id":"https:\/\/www.gaveanews.com\/#\/schema\/person\/image\/","url":"https:\/\/secure.gravatar.com\/avatar\/1e1956f1facbffd3f8fa53a326721950116b3b9dc9bd44939c01180fd4a745a9?s=96&d=mm&r=g","contentUrl":"https:\/\/secure.gravatar.com\/avatar\/1e1956f1facbffd3f8fa53a326721950116b3b9dc9bd44939c01180fd4a745a9?s=96&d=mm&r=g","caption":"Equipe G\u00e1vea News"}}]}},"_links":{"self":[{"href":"https:\/\/www.gaveanews.com\/index.php\/wp-json\/wp\/v2\/posts\/47064","targetHints":{"allow":["GET"]}}],"collection":[{"href":"https:\/\/www.gaveanews.com\/index.php\/wp-json\/wp\/v2\/posts"}],"about":[{"href":"https:\/\/www.gaveanews.com\/index.php\/wp-json\/wp\/v2\/types\/post"}],"author":[{"embeddable":true,"href":"https:\/\/www.gaveanews.com\/index.php\/wp-json\/wp\/v2\/users\/1"}],"replies":[{"embeddable":true,"href":"https:\/\/www.gaveanews.com\/index.php\/wp-json\/wp\/v2\/comments?post=47064"}],"version-history":[{"count":0,"href":"https:\/\/www.gaveanews.com\/index.php\/wp-json\/wp\/v2\/posts\/47064\/revisions"}],"wp:featuredmedia":[{"embeddable":true,"href":"https:\/\/www.gaveanews.com\/index.php\/wp-json\/wp\/v2\/media\/31858"}],"wp:attachment":[{"href":"https:\/\/www.gaveanews.com\/index.php\/wp-json\/wp\/v2\/media?parent=47064"}],"wp:term":[{"taxonomy":"category","embeddable":true,"href":"https:\/\/www.gaveanews.com\/index.php\/wp-json\/wp\/v2\/categories?post=47064"},{"taxonomy":"post_tag","embeddable":true,"href":"https:\/\/www.gaveanews.com\/index.php\/wp-json\/wp\/v2\/tags?post=47064"}],"curies":[{"name":"wp","href":"https:\/\/api.w.org\/{rel}","templated":true}]}}