{"id":47068,"date":"2020-09-08T20:12:11","date_gmt":"2020-09-08T23:12:11","guid":{"rendered":"https:\/\/www.gaveanews.com\/?p=47068"},"modified":"2020-09-08T20:12:16","modified_gmt":"2020-09-08T23:12:16","slug":"cbf-recorre-de-liminar-do-flamengo-na-justica","status":"publish","type":"post","link":"https:\/\/www.gaveanews.com\/index.php\/2020\/09\/08\/cbf-recorre-de-liminar-do-flamengo-na-justica\/","title":{"rendered":"CBF recorre de liminar do Flamengo na Justi\u00e7a"},"content":{"rendered":"\n<p>No \u00faltimo dia 13, o Flamengo conseguiu na Justi\u00e7a uma liminar que impediu a Confedera\u00e7\u00e3o Brasileira de Futebol (CBF) a entregar a Ta\u00e7a das Bolinhas ao S\u00e3o Paulo. Agora, a CBF recorreu. O Esporte News Mundo teve acesso ao recurso da confedera\u00e7\u00e3o contra a decis\u00e3o vigente proferida pela ju\u00edza Bianca Ferreira do Amaral Machado Nigri, da 1\u00aa Vara C\u00edvel do Barra da Tijuca do Tribunal de Justi\u00e7a do Estado do Rio de Janeiro (TJRJ).<\/p>\n\n\n\n<p>A CBF cravou que o \u201ctrof\u00e9u deve ser entregue ao S\u00e3o Paulo\u201d. Ao longo das 41 p\u00e1ginas, s\u00e3o pedidos a reconsidera\u00e7\u00e3o da liminar, a extin\u00e7\u00e3o da a\u00e7\u00e3o por prescri\u00e7\u00e3o, e \u201cno m\u00e9rito, a improced\u00eancia integral dos pedidos autorais, com a condena\u00e7\u00e3o do Autor em litig\u00e2ncia de m\u00e1-f\u00e9, nos termos do artigo 81, do CPC, bem como sua condena\u00e7\u00e3o ao pagamento dos \u00f4nus sucumbenciais, a serem arbitrados por este D. Ju\u00edzo\u201d.<\/p>\n\n\n\n<p>As v\u00e1rias a\u00e7\u00f5es na Justi\u00e7a ao longo dos anos por parte do Flamengo para as novas discuss\u00f5es acerca da pol\u00eamica ta\u00e7a foram alvos da CBF logo no in\u00edcio desta contesta\u00e7\u00e3o: \u201cA presente a\u00e7\u00e3o cuida da SEXTA TENTATIVA JUDICIAL do Autor de rediscutir o t\u00edtulo do campeonato brasileiro de 1987, atribu\u00eddo ao Sport Club do Recife pelo Poder Judici\u00e1rio, em decis\u00e3o transitada em julgado pelo STF\u201d.<\/p>\n\n\n\n<p>\u201c\u00c9 ineg\u00e1vel que o Flamengo tem sido criativo em suas empreitadas. Agora, ap\u00f3s in\u00fameras derrotas perante o Poder Judici\u00e1rio e realizando um verdadeiro malabarismo jur\u00eddico, o Flamengo \u2013 partindo de equivocadas premissas de que teria sido o campe\u00e3o brasileiro de 1987, de que faria jus \u00e0 posse definitiva da Ta\u00e7a das Bolinhas e de que os Trof\u00e9us Copa Brasil (Ta\u00e7a das Bolinhas) e Campe\u00e3o Brasileiro seriam incompat\u00edveis entre si \u2013 questiona os atos praticados pela CBF com fulcro nos Regulamentos dos campeonatos brasileiros de 2006, 2007 e 2008, buscando impedir a CBF de entregar a Ta\u00e7a das Bolinhas ao S\u00e3o Paulo, clube que faz jus \u00e0 sua posse permanente, tendo em vista a coisa julgada sobre o assunto\u201d, argumentou a CBF para completar:<\/p>\n\n\n\n<p>\u201cH\u00e1 literalmente uma confiss\u00e3o do Flamengo de que notadamente est\u00e1 buscando \u2013 a qualquer custo \u2013 o reconhecimento de que n\u00e3o \u00e9 o S\u00e3o Paulo que teria direito \u00e0 posse da Ta\u00e7a das Bolinhas e o ajuizamento da presente a\u00e7\u00e3o \u00e9 uma constru\u00e7\u00e3o jur\u00eddica para tentar, pela sexta vez, agora de forma indireta, tal reconhecimento, j\u00e1 que n\u00e3o obteve sucesso em nenhuma outra tentativa\u201d.<\/p>\n\n\n\n<p>Seguiu a CBF: \u201cTendo em vista o reconhecimento judicial de que o Flamengo, apesar de ter vencido o M\u00f3dulo Verde da Copa Uni\u00e3o de 1987, n\u00e3o \u00e9 o Campe\u00e3o daquele ano, por ter se recusado a entrar em campo e jogar a quadrangular final entre os dois primeiros colocados de cada m\u00f3dulo, o Trof\u00e9u deve ser entregue ao S\u00e3o Paulo Futebol Clube, campe\u00e3o nos anos de 1977, 1986, 1991, 2006 e 2007 (cinco anos intercalados) ou, ainda, campe\u00e3o nos anos de 2006, 2007 e 2008 (tr\u00eas anos seguidos)\u201d, completando:<\/p>\n\n\n\n<p>\u201cA prevalecer a interpreta\u00e7\u00e3o que o Flamengo pretende nesses autos, a Ta\u00e7a n\u00e3o ser\u00e1 entregue a nenhum clube, o que n\u00e3o \u00e9 justo, n\u00e3o \u00e9 adequado, tampouco encontra fundamento nos Regulamentos editados pela CBF. Ademais, demonstra novamente que seu comportamento \u00e9 ofensivo, abusivo, fruto do seu mero capricho e, ainda, contradit\u00f3rio, tendo em vista que defendeu o seu direito ao pr\u00eamio, o que foi negado administrativa e judicialmente, para, posteriormente, na presente a\u00e7\u00e3o, sugerir que o pr\u00eamio n\u00e3o seja entregue a nenhum clube\u201d.<\/p>\n\n\n\n<p>E completou na argumenta\u00e7\u00e3o a CBF: \u201cBasta compulsar os Regulamentos de 2006, 2007 e 2008 para se verificar que s\u00e3o h\u00edgidos e \u00edntegros, n\u00e3o havendo que se falar em viola\u00e7\u00e3o aos citados artigos 6\u00ba, 7\u00ba e 5\u00ba. Definitivamente, o Regulamento de 1975, que estabeleceu como pr\u00eamio o Trof\u00e9u Copa Brasil (Ta\u00e7a das Bolinhas) n\u00e3o fixou qualquer tipo de prazo para que as associa\u00e7\u00f5es preenchessem os requisitos formais para a aquisi\u00e7\u00e3o plena do pr\u00eamio. Tamb\u00e9m n\u00e3o h\u00e1 qualquer conflito entre normas no decorrer do tempo, como tenta fazer parecer o Flamengo\u201d.<\/p>\n\n\n\n<p>Retirado de: Esporte News Mundo<\/p>\n","protected":false},"excerpt":{"rendered":"<p>No \u00faltimo dia 13, o Flamengo conseguiu na Justi\u00e7a uma liminar que impediu a Confedera\u00e7\u00e3o Brasileira de Futebol (CBF) a entregar a Ta\u00e7a das Bolinhas ao S\u00e3o Paulo. Agora, a CBF recorreu. O Esporte News Mundo teve acesso ao recurso da confedera\u00e7\u00e3o contra a decis\u00e3o vigente proferida pela ju\u00edza Bianca Ferreira do Amaral Machado Nigri, [&hellip;]<\/p>\n","protected":false},"author":1,"featured_media":16271,"comment_status":"open","ping_status":"closed","sticky":false,"template":"","format":"standard","meta":{"footnotes":""},"categories":[47],"tags":[],"class_list":["post-47068","post","type-post","status-publish","format-standard","has-post-thumbnail","hentry","category-destaques"],"yoast_head":"<!-- This site is optimized with the Yoast SEO Premium plugin v24.2 (Yoast SEO v26.9) - https:\/\/yoast.com\/product\/yoast-seo-premium-wordpress\/ -->\n<title>CBF recorre de liminar do Flamengo na Justi\u00e7a<\/title>\n<meta name=\"description\" content=\"As v\u00e1rias a\u00e7\u00f5es na Justi\u00e7a ao longo dos anos por parte do Flamengo para as novas discuss\u00f5es acerca da pol\u00eamica ta\u00e7a foram alvos da CBF.\" \/>\n<meta name=\"robots\" content=\"index, follow, max-snippet:-1, max-image-preview:large, max-video-preview:-1\" \/>\n<link rel=\"canonical\" href=\"https:\/\/www.gaveanews.com\/index.php\/2020\/09\/08\/cbf-recorre-de-liminar-do-flamengo-na-justica\/\" \/>\n<meta property=\"og:locale\" content=\"pt_BR\" \/>\n<meta property=\"og:type\" content=\"article\" \/>\n<meta property=\"og:title\" content=\"CBF recorre de liminar do Flamengo na Justi\u00e7a\" \/>\n<meta property=\"og:description\" content=\"As v\u00e1rias a\u00e7\u00f5es na Justi\u00e7a ao longo dos anos por parte do Flamengo para as novas discuss\u00f5es acerca da pol\u00eamica ta\u00e7a foram alvos da CBF.\" \/>\n<meta property=\"og:url\" content=\"https:\/\/www.gaveanews.com\/index.php\/2020\/09\/08\/cbf-recorre-de-liminar-do-flamengo-na-justica\/\" \/>\n<meta property=\"og:site_name\" content=\"G\u00e1vea News\" \/>\n<meta property=\"article:publisher\" content=\"https:\/\/facebook.com\/gaveaNews\/\" \/>\n<meta property=\"article:published_time\" content=\"2020-09-08T23:12:11+00:00\" \/>\n<meta property=\"article:modified_time\" content=\"2020-09-08T23:12:16+00:00\" \/>\n<meta property=\"og:image\" content=\"https:\/\/www.gaveanews.com\/wp-content\/uploads\/2019\/02\/Sede-da-CBF-no-Rio-de-Janeiro.webp\" \/>\n\t<meta property=\"og:image:width\" content=\"690\" \/>\n\t<meta property=\"og:image:height\" content=\"518\" \/>\n\t<meta property=\"og:image:type\" content=\"image\/jpeg\" \/>\n<meta name=\"author\" content=\"Equipe G\u00e1vea News\" \/>\n<meta name=\"twitter:card\" content=\"summary_large_image\" \/>\n<meta name=\"twitter:label1\" content=\"Escrito por\" \/>\n\t<meta name=\"twitter:data1\" content=\"Equipe G\u00e1vea News\" \/>\n\t<meta name=\"twitter:label2\" content=\"Est. tempo de leitura\" \/>\n\t<meta name=\"twitter:data2\" content=\"4 minutos\" \/>\n<script type=\"application\/ld+json\" class=\"yoast-schema-graph\">{\"@context\":\"https:\/\/schema.org\",\"@graph\":[{\"@type\":\"NewsArticle\",\"@id\":\"https:\/\/www.gaveanews.com\/index.php\/2020\/09\/08\/cbf-recorre-de-liminar-do-flamengo-na-justica\/#article\",\"isPartOf\":{\"@id\":\"https:\/\/www.gaveanews.com\/index.php\/2020\/09\/08\/cbf-recorre-de-liminar-do-flamengo-na-justica\/\"},\"author\":{\"name\":\"Equipe G\u00e1vea News\",\"@id\":\"https:\/\/www.gaveanews.com\/#\/schema\/person\/2ec14f73fb96be2caf28f91afb14749d\"},\"headline\":\"CBF recorre de liminar do Flamengo na Justi\u00e7a\",\"datePublished\":\"2020-09-08T23:12:11+00:00\",\"dateModified\":\"2020-09-08T23:12:16+00:00\",\"mainEntityOfPage\":{\"@id\":\"https:\/\/www.gaveanews.com\/index.php\/2020\/09\/08\/cbf-recorre-de-liminar-do-flamengo-na-justica\/\"},\"wordCount\":725,\"commentCount\":29,\"image\":{\"@id\":\"https:\/\/www.gaveanews.com\/index.php\/2020\/09\/08\/cbf-recorre-de-liminar-do-flamengo-na-justica\/#primaryimage\"},\"thumbnailUrl\":\"https:\/\/www.gaveanews.com\/wp-content\/uploads\/2019\/02\/Sede-da-CBF-no-Rio-de-Janeiro.webp\",\"articleSection\":[\"Destaques\"],\"inLanguage\":\"pt-BR\",\"potentialAction\":[{\"@type\":\"CommentAction\",\"name\":\"Comment\",\"target\":[\"https:\/\/www.gaveanews.com\/index.php\/2020\/09\/08\/cbf-recorre-de-liminar-do-flamengo-na-justica\/#respond\"]}],\"copyrightYear\":\"2020\",\"copyrightHolder\":{\"@id\":\"https:\/\/www.gaveanews.com\/#organization\"}},{\"@type\":\"WebPage\",\"@id\":\"https:\/\/www.gaveanews.com\/index.php\/2020\/09\/08\/cbf-recorre-de-liminar-do-flamengo-na-justica\/\",\"url\":\"https:\/\/www.gaveanews.com\/index.php\/2020\/09\/08\/cbf-recorre-de-liminar-do-flamengo-na-justica\/\",\"name\":\"CBF recorre de liminar do Flamengo na Justi\u00e7a\",\"isPartOf\":{\"@id\":\"https:\/\/www.gaveanews.com\/#website\"},\"primaryImageOfPage\":{\"@id\":\"https:\/\/www.gaveanews.com\/index.php\/2020\/09\/08\/cbf-recorre-de-liminar-do-flamengo-na-justica\/#primaryimage\"},\"image\":{\"@id\":\"https:\/\/www.gaveanews.com\/index.php\/2020\/09\/08\/cbf-recorre-de-liminar-do-flamengo-na-justica\/#primaryimage\"},\"thumbnailUrl\":\"https:\/\/www.gaveanews.com\/wp-content\/uploads\/2019\/02\/Sede-da-CBF-no-Rio-de-Janeiro.webp\",\"datePublished\":\"2020-09-08T23:12:11+00:00\",\"dateModified\":\"2020-09-08T23:12:16+00:00\",\"author\":{\"@id\":\"https:\/\/www.gaveanews.com\/#\/schema\/person\/2ec14f73fb96be2caf28f91afb14749d\"},\"description\":\"As v\u00e1rias a\u00e7\u00f5es na Justi\u00e7a ao longo dos anos por parte do Flamengo para as novas discuss\u00f5es acerca da pol\u00eamica ta\u00e7a foram alvos da CBF.\",\"breadcrumb\":{\"@id\":\"https:\/\/www.gaveanews.com\/index.php\/2020\/09\/08\/cbf-recorre-de-liminar-do-flamengo-na-justica\/#breadcrumb\"},\"inLanguage\":\"pt-BR\",\"potentialAction\":[{\"@type\":\"ReadAction\",\"target\":[\"https:\/\/www.gaveanews.com\/index.php\/2020\/09\/08\/cbf-recorre-de-liminar-do-flamengo-na-justica\/\"]}]},{\"@type\":\"ImageObject\",\"inLanguage\":\"pt-BR\",\"@id\":\"https:\/\/www.gaveanews.com\/index.php\/2020\/09\/08\/cbf-recorre-de-liminar-do-flamengo-na-justica\/#primaryimage\",\"url\":\"https:\/\/www.gaveanews.com\/wp-content\/uploads\/2019\/02\/Sede-da-CBF-no-Rio-de-Janeiro.webp\",\"contentUrl\":\"https:\/\/www.gaveanews.com\/wp-content\/uploads\/2019\/02\/Sede-da-CBF-no-Rio-de-Janeiro.webp\",\"width\":690,\"height\":518,\"caption\":\"Sede da CBF no Rio de Janeiro (Foto: Cah\u00ea Mota\/Globo Esporte)\"},{\"@type\":\"BreadcrumbList\",\"@id\":\"https:\/\/www.gaveanews.com\/index.php\/2020\/09\/08\/cbf-recorre-de-liminar-do-flamengo-na-justica\/#breadcrumb\",\"itemListElement\":[{\"@type\":\"ListItem\",\"position\":1,\"name\":\"Home\",\"item\":\"https:\/\/www.gaveanews.com\/\"},{\"@type\":\"ListItem\",\"position\":2,\"name\":\"CBF recorre de liminar do Flamengo na Justi\u00e7a\"}]},{\"@type\":\"WebSite\",\"@id\":\"https:\/\/www.gaveanews.com\/#website\",\"url\":\"https:\/\/www.gaveanews.com\/\",\"name\":\"G\u00e1vea News\",\"description\":\"Veja todas as not\u00edcias sobre o Flamengo: Contrata\u00e7\u00f5es, categorias de base, resultados das partidas, tabela de classifica\u00e7\u00e3o, pr\u00f3ximos jogos!\",\"potentialAction\":[{\"@type\":\"SearchAction\",\"target\":{\"@type\":\"EntryPoint\",\"urlTemplate\":\"https:\/\/www.gaveanews.com\/?s={search_term_string}\"},\"query-input\":{\"@type\":\"PropertyValueSpecification\",\"valueRequired\":true,\"valueName\":\"search_term_string\"}}],\"inLanguage\":\"pt-BR\"},{\"@type\":\"Person\",\"@id\":\"https:\/\/www.gaveanews.com\/#\/schema\/person\/2ec14f73fb96be2caf28f91afb14749d\",\"name\":\"Equipe G\u00e1vea News\",\"image\":{\"@type\":\"ImageObject\",\"inLanguage\":\"pt-BR\",\"@id\":\"https:\/\/www.gaveanews.com\/#\/schema\/person\/image\/\",\"url\":\"https:\/\/secure.gravatar.com\/avatar\/1e1956f1facbffd3f8fa53a326721950116b3b9dc9bd44939c01180fd4a745a9?s=96&d=mm&r=g\",\"contentUrl\":\"https:\/\/secure.gravatar.com\/avatar\/1e1956f1facbffd3f8fa53a326721950116b3b9dc9bd44939c01180fd4a745a9?s=96&d=mm&r=g\",\"caption\":\"Equipe G\u00e1vea News\"}}]}<\/script>\n<!-- \/ Yoast SEO Premium plugin. -->","yoast_head_json":{"title":"CBF recorre de liminar do Flamengo na Justi\u00e7a","description":"As v\u00e1rias a\u00e7\u00f5es na Justi\u00e7a ao longo dos anos por parte do Flamengo para as novas discuss\u00f5es acerca da pol\u00eamica ta\u00e7a foram alvos da CBF.","robots":{"index":"index","follow":"follow","max-snippet":"max-snippet:-1","max-image-preview":"max-image-preview:large","max-video-preview":"max-video-preview:-1"},"canonical":"https:\/\/www.gaveanews.com\/index.php\/2020\/09\/08\/cbf-recorre-de-liminar-do-flamengo-na-justica\/","og_locale":"pt_BR","og_type":"article","og_title":"CBF recorre de liminar do Flamengo na Justi\u00e7a","og_description":"As v\u00e1rias a\u00e7\u00f5es na Justi\u00e7a ao longo dos anos por parte do Flamengo para as novas discuss\u00f5es acerca da pol\u00eamica ta\u00e7a foram alvos da CBF.","og_url":"https:\/\/www.gaveanews.com\/index.php\/2020\/09\/08\/cbf-recorre-de-liminar-do-flamengo-na-justica\/","og_site_name":"G\u00e1vea News","article_publisher":"https:\/\/facebook.com\/gaveaNews\/","article_published_time":"2020-09-08T23:12:11+00:00","article_modified_time":"2020-09-08T23:12:16+00:00","og_image":[{"width":690,"height":518,"url":"https:\/\/www.gaveanews.com\/wp-content\/uploads\/2019\/02\/Sede-da-CBF-no-Rio-de-Janeiro.webp","type":"image\/jpeg"}],"author":"Equipe G\u00e1vea News","twitter_card":"summary_large_image","twitter_misc":{"Escrito por":"Equipe G\u00e1vea News","Est. tempo de leitura":"4 minutos"},"schema":{"@context":"https:\/\/schema.org","@graph":[{"@type":"NewsArticle","@id":"https:\/\/www.gaveanews.com\/index.php\/2020\/09\/08\/cbf-recorre-de-liminar-do-flamengo-na-justica\/#article","isPartOf":{"@id":"https:\/\/www.gaveanews.com\/index.php\/2020\/09\/08\/cbf-recorre-de-liminar-do-flamengo-na-justica\/"},"author":{"name":"Equipe G\u00e1vea News","@id":"https:\/\/www.gaveanews.com\/#\/schema\/person\/2ec14f73fb96be2caf28f91afb14749d"},"headline":"CBF recorre de liminar do Flamengo na Justi\u00e7a","datePublished":"2020-09-08T23:12:11+00:00","dateModified":"2020-09-08T23:12:16+00:00","mainEntityOfPage":{"@id":"https:\/\/www.gaveanews.com\/index.php\/2020\/09\/08\/cbf-recorre-de-liminar-do-flamengo-na-justica\/"},"wordCount":725,"commentCount":29,"image":{"@id":"https:\/\/www.gaveanews.com\/index.php\/2020\/09\/08\/cbf-recorre-de-liminar-do-flamengo-na-justica\/#primaryimage"},"thumbnailUrl":"https:\/\/www.gaveanews.com\/wp-content\/uploads\/2019\/02\/Sede-da-CBF-no-Rio-de-Janeiro.webp","articleSection":["Destaques"],"inLanguage":"pt-BR","potentialAction":[{"@type":"CommentAction","name":"Comment","target":["https:\/\/www.gaveanews.com\/index.php\/2020\/09\/08\/cbf-recorre-de-liminar-do-flamengo-na-justica\/#respond"]}],"copyrightYear":"2020","copyrightHolder":{"@id":"https:\/\/www.gaveanews.com\/#organization"}},{"@type":"WebPage","@id":"https:\/\/www.gaveanews.com\/index.php\/2020\/09\/08\/cbf-recorre-de-liminar-do-flamengo-na-justica\/","url":"https:\/\/www.gaveanews.com\/index.php\/2020\/09\/08\/cbf-recorre-de-liminar-do-flamengo-na-justica\/","name":"CBF recorre de liminar do Flamengo na Justi\u00e7a","isPartOf":{"@id":"https:\/\/www.gaveanews.com\/#website"},"primaryImageOfPage":{"@id":"https:\/\/www.gaveanews.com\/index.php\/2020\/09\/08\/cbf-recorre-de-liminar-do-flamengo-na-justica\/#primaryimage"},"image":{"@id":"https:\/\/www.gaveanews.com\/index.php\/2020\/09\/08\/cbf-recorre-de-liminar-do-flamengo-na-justica\/#primaryimage"},"thumbnailUrl":"https:\/\/www.gaveanews.com\/wp-content\/uploads\/2019\/02\/Sede-da-CBF-no-Rio-de-Janeiro.webp","datePublished":"2020-09-08T23:12:11+00:00","dateModified":"2020-09-08T23:12:16+00:00","author":{"@id":"https:\/\/www.gaveanews.com\/#\/schema\/person\/2ec14f73fb96be2caf28f91afb14749d"},"description":"As v\u00e1rias a\u00e7\u00f5es na Justi\u00e7a ao longo dos anos por parte do Flamengo para as novas discuss\u00f5es acerca da pol\u00eamica ta\u00e7a foram alvos da CBF.","breadcrumb":{"@id":"https:\/\/www.gaveanews.com\/index.php\/2020\/09\/08\/cbf-recorre-de-liminar-do-flamengo-na-justica\/#breadcrumb"},"inLanguage":"pt-BR","potentialAction":[{"@type":"ReadAction","target":["https:\/\/www.gaveanews.com\/index.php\/2020\/09\/08\/cbf-recorre-de-liminar-do-flamengo-na-justica\/"]}]},{"@type":"ImageObject","inLanguage":"pt-BR","@id":"https:\/\/www.gaveanews.com\/index.php\/2020\/09\/08\/cbf-recorre-de-liminar-do-flamengo-na-justica\/#primaryimage","url":"https:\/\/www.gaveanews.com\/wp-content\/uploads\/2019\/02\/Sede-da-CBF-no-Rio-de-Janeiro.webp","contentUrl":"https:\/\/www.gaveanews.com\/wp-content\/uploads\/2019\/02\/Sede-da-CBF-no-Rio-de-Janeiro.webp","width":690,"height":518,"caption":"Sede da CBF no Rio de Janeiro (Foto: Cah\u00ea Mota\/Globo Esporte)"},{"@type":"BreadcrumbList","@id":"https:\/\/www.gaveanews.com\/index.php\/2020\/09\/08\/cbf-recorre-de-liminar-do-flamengo-na-justica\/#breadcrumb","itemListElement":[{"@type":"ListItem","position":1,"name":"Home","item":"https:\/\/www.gaveanews.com\/"},{"@type":"ListItem","position":2,"name":"CBF recorre de liminar do Flamengo na Justi\u00e7a"}]},{"@type":"WebSite","@id":"https:\/\/www.gaveanews.com\/#website","url":"https:\/\/www.gaveanews.com\/","name":"G\u00e1vea News","description":"Veja todas as not\u00edcias sobre o Flamengo: Contrata\u00e7\u00f5es, categorias de base, resultados das partidas, tabela de classifica\u00e7\u00e3o, pr\u00f3ximos jogos!","potentialAction":[{"@type":"SearchAction","target":{"@type":"EntryPoint","urlTemplate":"https:\/\/www.gaveanews.com\/?s={search_term_string}"},"query-input":{"@type":"PropertyValueSpecification","valueRequired":true,"valueName":"search_term_string"}}],"inLanguage":"pt-BR"},{"@type":"Person","@id":"https:\/\/www.gaveanews.com\/#\/schema\/person\/2ec14f73fb96be2caf28f91afb14749d","name":"Equipe G\u00e1vea News","image":{"@type":"ImageObject","inLanguage":"pt-BR","@id":"https:\/\/www.gaveanews.com\/#\/schema\/person\/image\/","url":"https:\/\/secure.gravatar.com\/avatar\/1e1956f1facbffd3f8fa53a326721950116b3b9dc9bd44939c01180fd4a745a9?s=96&d=mm&r=g","contentUrl":"https:\/\/secure.gravatar.com\/avatar\/1e1956f1facbffd3f8fa53a326721950116b3b9dc9bd44939c01180fd4a745a9?s=96&d=mm&r=g","caption":"Equipe G\u00e1vea News"}}]}},"_links":{"self":[{"href":"https:\/\/www.gaveanews.com\/index.php\/wp-json\/wp\/v2\/posts\/47068","targetHints":{"allow":["GET"]}}],"collection":[{"href":"https:\/\/www.gaveanews.com\/index.php\/wp-json\/wp\/v2\/posts"}],"about":[{"href":"https:\/\/www.gaveanews.com\/index.php\/wp-json\/wp\/v2\/types\/post"}],"author":[{"embeddable":true,"href":"https:\/\/www.gaveanews.com\/index.php\/wp-json\/wp\/v2\/users\/1"}],"replies":[{"embeddable":true,"href":"https:\/\/www.gaveanews.com\/index.php\/wp-json\/wp\/v2\/comments?post=47068"}],"version-history":[{"count":0,"href":"https:\/\/www.gaveanews.com\/index.php\/wp-json\/wp\/v2\/posts\/47068\/revisions"}],"wp:featuredmedia":[{"embeddable":true,"href":"https:\/\/www.gaveanews.com\/index.php\/wp-json\/wp\/v2\/media\/16271"}],"wp:attachment":[{"href":"https:\/\/www.gaveanews.com\/index.php\/wp-json\/wp\/v2\/media?parent=47068"}],"wp:term":[{"taxonomy":"category","embeddable":true,"href":"https:\/\/www.gaveanews.com\/index.php\/wp-json\/wp\/v2\/categories?post=47068"},{"taxonomy":"post_tag","embeddable":true,"href":"https:\/\/www.gaveanews.com\/index.php\/wp-json\/wp\/v2\/tags?post=47068"}],"curies":[{"name":"wp","href":"https:\/\/api.w.org\/{rel}","templated":true}]}}