{"id":47171,"date":"2020-09-10T06:40:02","date_gmt":"2020-09-10T09:40:02","guid":{"rendered":"https:\/\/www.gaveanews.com\/?p=47171"},"modified":"2020-09-10T00:59:45","modified_gmt":"2020-09-10T03:59:45","slug":"domenec-celebra-evolucao-do-time-do-flamengo","status":"publish","type":"post","link":"https:\/\/www.gaveanews.com\/index.php\/2020\/09\/10\/domenec-celebra-evolucao-do-time-do-flamengo\/","title":{"rendered":"Dom\u00e8nec celebra evolu\u00e7\u00e3o do time do Flamengo"},"content":{"rendered":"\n<p>O rod\u00edzio promovido por Dom\u00e8nec Torrent foi t\u00e3o comentado quanto a pr\u00f3pria vit\u00f3ria do Flamengo na noite de ontem (10). Com o 2 a 1 no cl\u00e1ssico contra o Fluminense, o Rubro Negro agora soma os mesmos 17 pontos do Internacional, que ainda atua na rodada. Para o pr\u00f3prio treinador, essas mudan\u00e7as foram necess\u00e1rias para a evolu\u00e7\u00e3o do time que alcan\u00e7ou, pelo menos por enquanto, o topo da tabela.<\/p>\n\n\n\n<p>&#8220;Precis\u00e1vamos treinar, estamos em um ano complicado por causa da pandemia. Taticamente acho que a cada dia jogamos um pouco melhor e entendemos o que queremos fazer contra cada advers\u00e1rio. Acho que estamos todos melhores. Eu tamb\u00e9m&#8221;, afirmou Dome, que alcan\u00e7ou ontem a sua quarta vit\u00f3ria consecutiva.<\/p>\n\n\n\n<p>O t\u00e9cnico catal\u00e3o tamb\u00e9m comentou sobre os &#8220;rod\u00edzios&#8221; que tem feito no esquema t\u00e1tico do time. Apesar de gostar do desempenho do time jogando no 4-2-3-1, Dome n\u00e3o garantiu se esse ser\u00e1 o padr\u00e3o do Flamengo nos pr\u00f3ximos jogos.<\/p>\n\n\n\n<p>&#8220;Estudamos os advers\u00e1rios, trabalhamos bastante. Chegamos a conclus\u00e3o que nos \u00faltimos jogos era melhor jogar no 4-2-3-1. Talvez seja um outro no pr\u00f3ximo jogo&#8221;, disse.<\/p>\n\n\n\n<p>Para o pr\u00f3ximo jogo, o \u00faltimo antes do retorno da Libertadores, Dome deixou evidente que mais mudan\u00e7as podem ser feitas: &#8220;\u00e9 importante para o ritmo do time. Sabemos que \u00e9 muito complicado jogar na altitude de Quito, por isso estamos tentando rodar os jogadores. \u00c9 importante para a confian\u00e7a do time. Tamb\u00e9m tenho muito mais confian\u00e7a em todos&#8221;.<\/p>\n\n\n\n<p>O pr\u00f3ximo jogo do Flamengo ser\u00e1 contra o Cear\u00e1 no domingo (13), em Fortaleza.<\/p>\n\n\n\n<p>Retirado de: UOL<\/p>\n","protected":false},"excerpt":{"rendered":"<p>O rod\u00edzio promovido por Dom\u00e8nec Torrent foi t\u00e3o comentado quanto a pr\u00f3pria vit\u00f3ria do Flamengo na noite de ontem (10). Com o 2 a 1 no cl\u00e1ssico contra o Fluminense, o Rubro Negro agora soma os mesmos 17 pontos do Internacional, que ainda atua na rodada. Para o pr\u00f3prio treinador, essas mudan\u00e7as foram necess\u00e1rias para [&hellip;]<\/p>\n","protected":false},"author":1,"featured_media":47172,"comment_status":"open","ping_status":"closed","sticky":false,"template":"","format":"standard","meta":{"footnotes":""},"categories":[47],"tags":[],"class_list":["post-47171","post","type-post","status-publish","format-standard","has-post-thumbnail","hentry","category-destaques"],"yoast_head":"<!-- This site is optimized with the Yoast SEO Premium plugin v24.2 (Yoast SEO v26.9) - https:\/\/yoast.com\/product\/yoast-seo-premium-wordpress\/ -->\n<title>Dom\u00e8nec celebra evolu\u00e7\u00e3o do time do Flamengo<\/title>\n<meta name=\"description\" content=\"O t\u00e9cnico catal\u00e3o tamb\u00e9m comentou sobre os &quot;rod\u00edzios&quot; que tem feito no esquema t\u00e1tico do time do Flamengo.\" \/>\n<meta name=\"robots\" content=\"index, follow, max-snippet:-1, max-image-preview:large, max-video-preview:-1\" \/>\n<link rel=\"canonical\" href=\"https:\/\/www.gaveanews.com\/index.php\/2020\/09\/10\/domenec-celebra-evolucao-do-time-do-flamengo\/\" \/>\n<meta property=\"og:locale\" content=\"pt_BR\" \/>\n<meta property=\"og:type\" content=\"article\" \/>\n<meta property=\"og:title\" content=\"Dom\u00e8nec celebra evolu\u00e7\u00e3o do time do Flamengo\" \/>\n<meta property=\"og:description\" content=\"O t\u00e9cnico catal\u00e3o tamb\u00e9m comentou sobre os &quot;rod\u00edzios&quot; que tem feito no esquema t\u00e1tico do time do Flamengo.\" \/>\n<meta property=\"og:url\" content=\"https:\/\/www.gaveanews.com\/index.php\/2020\/09\/10\/domenec-celebra-evolucao-do-time-do-flamengo\/\" \/>\n<meta property=\"og:site_name\" content=\"G\u00e1vea News\" \/>\n<meta property=\"article:publisher\" content=\"https:\/\/facebook.com\/gaveaNews\/\" \/>\n<meta property=\"article:published_time\" content=\"2020-09-10T09:40:02+00:00\" \/>\n<meta property=\"og:image\" content=\"https:\/\/www.gaveanews.com\/wp-content\/uploads\/Domenec-durante-o-classico-entre-Flamengo-e-Fluminense.webp\" \/>\n\t<meta property=\"og:image:width\" content=\"799\" \/>\n\t<meta property=\"og:image:height\" content=\"532\" \/>\n\t<meta property=\"og:image:type\" content=\"image\/jpeg\" \/>\n<meta name=\"author\" content=\"Equipe G\u00e1vea News\" \/>\n<meta name=\"twitter:card\" content=\"summary_large_image\" \/>\n<meta name=\"twitter:label1\" content=\"Escrito por\" \/>\n\t<meta name=\"twitter:data1\" content=\"Equipe G\u00e1vea News\" \/>\n\t<meta name=\"twitter:label2\" content=\"Est. tempo de leitura\" \/>\n\t<meta name=\"twitter:data2\" content=\"1 minuto\" \/>\n<script type=\"application\/ld+json\" class=\"yoast-schema-graph\">{\"@context\":\"https:\/\/schema.org\",\"@graph\":[{\"@type\":\"NewsArticle\",\"@id\":\"https:\/\/www.gaveanews.com\/index.php\/2020\/09\/10\/domenec-celebra-evolucao-do-time-do-flamengo\/#article\",\"isPartOf\":{\"@id\":\"https:\/\/www.gaveanews.com\/index.php\/2020\/09\/10\/domenec-celebra-evolucao-do-time-do-flamengo\/\"},\"author\":{\"name\":\"Equipe G\u00e1vea News\",\"@id\":\"https:\/\/www.gaveanews.com\/#\/schema\/person\/2ec14f73fb96be2caf28f91afb14749d\"},\"headline\":\"Dom\u00e8nec celebra evolu\u00e7\u00e3o do time do Flamengo\",\"datePublished\":\"2020-09-10T09:40:02+00:00\",\"mainEntityOfPage\":{\"@id\":\"https:\/\/www.gaveanews.com\/index.php\/2020\/09\/10\/domenec-celebra-evolucao-do-time-do-flamengo\/\"},\"wordCount\":293,\"commentCount\":14,\"image\":{\"@id\":\"https:\/\/www.gaveanews.com\/index.php\/2020\/09\/10\/domenec-celebra-evolucao-do-time-do-flamengo\/#primaryimage\"},\"thumbnailUrl\":\"https:\/\/www.gaveanews.com\/wp-content\/uploads\/Domenec-durante-o-classico-entre-Flamengo-e-Fluminense.webp\",\"articleSection\":[\"Destaques\"],\"inLanguage\":\"pt-BR\",\"potentialAction\":[{\"@type\":\"CommentAction\",\"name\":\"Comment\",\"target\":[\"https:\/\/www.gaveanews.com\/index.php\/2020\/09\/10\/domenec-celebra-evolucao-do-time-do-flamengo\/#respond\"]}],\"copyrightYear\":\"2020\",\"copyrightHolder\":{\"@id\":\"https:\/\/www.gaveanews.com\/#organization\"}},{\"@type\":\"WebPage\",\"@id\":\"https:\/\/www.gaveanews.com\/index.php\/2020\/09\/10\/domenec-celebra-evolucao-do-time-do-flamengo\/\",\"url\":\"https:\/\/www.gaveanews.com\/index.php\/2020\/09\/10\/domenec-celebra-evolucao-do-time-do-flamengo\/\",\"name\":\"Dom\u00e8nec celebra evolu\u00e7\u00e3o do time do Flamengo\",\"isPartOf\":{\"@id\":\"https:\/\/www.gaveanews.com\/#website\"},\"primaryImageOfPage\":{\"@id\":\"https:\/\/www.gaveanews.com\/index.php\/2020\/09\/10\/domenec-celebra-evolucao-do-time-do-flamengo\/#primaryimage\"},\"image\":{\"@id\":\"https:\/\/www.gaveanews.com\/index.php\/2020\/09\/10\/domenec-celebra-evolucao-do-time-do-flamengo\/#primaryimage\"},\"thumbnailUrl\":\"https:\/\/www.gaveanews.com\/wp-content\/uploads\/Domenec-durante-o-classico-entre-Flamengo-e-Fluminense.webp\",\"datePublished\":\"2020-09-10T09:40:02+00:00\",\"author\":{\"@id\":\"https:\/\/www.gaveanews.com\/#\/schema\/person\/2ec14f73fb96be2caf28f91afb14749d\"},\"description\":\"O t\u00e9cnico catal\u00e3o tamb\u00e9m comentou sobre os \\\"rod\u00edzios\\\" que tem feito no esquema t\u00e1tico do time do Flamengo.\",\"breadcrumb\":{\"@id\":\"https:\/\/www.gaveanews.com\/index.php\/2020\/09\/10\/domenec-celebra-evolucao-do-time-do-flamengo\/#breadcrumb\"},\"inLanguage\":\"pt-BR\",\"potentialAction\":[{\"@type\":\"ReadAction\",\"target\":[\"https:\/\/www.gaveanews.com\/index.php\/2020\/09\/10\/domenec-celebra-evolucao-do-time-do-flamengo\/\"]}]},{\"@type\":\"ImageObject\",\"inLanguage\":\"pt-BR\",\"@id\":\"https:\/\/www.gaveanews.com\/index.php\/2020\/09\/10\/domenec-celebra-evolucao-do-time-do-flamengo\/#primaryimage\",\"url\":\"https:\/\/www.gaveanews.com\/wp-content\/uploads\/Domenec-durante-o-classico-entre-Flamengo-e-Fluminense.webp\",\"contentUrl\":\"https:\/\/www.gaveanews.com\/wp-content\/uploads\/Domenec-durante-o-classico-entre-Flamengo-e-Fluminense.webp\",\"width\":799,\"height\":532,\"caption\":\"Dom\u00e8nec durante o cl\u00e1ssico entre Flamengo e Fluminense (Foto: Alexandre Vidal\/Flamengo)\"},{\"@type\":\"BreadcrumbList\",\"@id\":\"https:\/\/www.gaveanews.com\/index.php\/2020\/09\/10\/domenec-celebra-evolucao-do-time-do-flamengo\/#breadcrumb\",\"itemListElement\":[{\"@type\":\"ListItem\",\"position\":1,\"name\":\"Home\",\"item\":\"https:\/\/www.gaveanews.com\/\"},{\"@type\":\"ListItem\",\"position\":2,\"name\":\"Dom\u00e8nec celebra evolu\u00e7\u00e3o do time do Flamengo\"}]},{\"@type\":\"WebSite\",\"@id\":\"https:\/\/www.gaveanews.com\/#website\",\"url\":\"https:\/\/www.gaveanews.com\/\",\"name\":\"G\u00e1vea News\",\"description\":\"Veja todas as not\u00edcias sobre o Flamengo: Contrata\u00e7\u00f5es, categorias de base, resultados das partidas, tabela de classifica\u00e7\u00e3o, pr\u00f3ximos jogos!\",\"potentialAction\":[{\"@type\":\"SearchAction\",\"target\":{\"@type\":\"EntryPoint\",\"urlTemplate\":\"https:\/\/www.gaveanews.com\/?s={search_term_string}\"},\"query-input\":{\"@type\":\"PropertyValueSpecification\",\"valueRequired\":true,\"valueName\":\"search_term_string\"}}],\"inLanguage\":\"pt-BR\"},{\"@type\":\"Person\",\"@id\":\"https:\/\/www.gaveanews.com\/#\/schema\/person\/2ec14f73fb96be2caf28f91afb14749d\",\"name\":\"Equipe G\u00e1vea News\",\"image\":{\"@type\":\"ImageObject\",\"inLanguage\":\"pt-BR\",\"@id\":\"https:\/\/www.gaveanews.com\/#\/schema\/person\/image\/\",\"url\":\"https:\/\/secure.gravatar.com\/avatar\/1e1956f1facbffd3f8fa53a326721950116b3b9dc9bd44939c01180fd4a745a9?s=96&d=mm&r=g\",\"contentUrl\":\"https:\/\/secure.gravatar.com\/avatar\/1e1956f1facbffd3f8fa53a326721950116b3b9dc9bd44939c01180fd4a745a9?s=96&d=mm&r=g\",\"caption\":\"Equipe G\u00e1vea News\"}}]}<\/script>\n<!-- \/ Yoast SEO Premium plugin. -->","yoast_head_json":{"title":"Dom\u00e8nec celebra evolu\u00e7\u00e3o do time do Flamengo","description":"O t\u00e9cnico catal\u00e3o tamb\u00e9m comentou sobre os \"rod\u00edzios\" que tem feito no esquema t\u00e1tico do time do Flamengo.","robots":{"index":"index","follow":"follow","max-snippet":"max-snippet:-1","max-image-preview":"max-image-preview:large","max-video-preview":"max-video-preview:-1"},"canonical":"https:\/\/www.gaveanews.com\/index.php\/2020\/09\/10\/domenec-celebra-evolucao-do-time-do-flamengo\/","og_locale":"pt_BR","og_type":"article","og_title":"Dom\u00e8nec celebra evolu\u00e7\u00e3o do time do Flamengo","og_description":"O t\u00e9cnico catal\u00e3o tamb\u00e9m comentou sobre os \"rod\u00edzios\" que tem feito no esquema t\u00e1tico do time do Flamengo.","og_url":"https:\/\/www.gaveanews.com\/index.php\/2020\/09\/10\/domenec-celebra-evolucao-do-time-do-flamengo\/","og_site_name":"G\u00e1vea News","article_publisher":"https:\/\/facebook.com\/gaveaNews\/","article_published_time":"2020-09-10T09:40:02+00:00","og_image":[{"width":799,"height":532,"url":"https:\/\/www.gaveanews.com\/wp-content\/uploads\/Domenec-durante-o-classico-entre-Flamengo-e-Fluminense.webp","type":"image\/jpeg"}],"author":"Equipe G\u00e1vea News","twitter_card":"summary_large_image","twitter_misc":{"Escrito por":"Equipe G\u00e1vea News","Est. tempo de leitura":"1 minuto"},"schema":{"@context":"https:\/\/schema.org","@graph":[{"@type":"NewsArticle","@id":"https:\/\/www.gaveanews.com\/index.php\/2020\/09\/10\/domenec-celebra-evolucao-do-time-do-flamengo\/#article","isPartOf":{"@id":"https:\/\/www.gaveanews.com\/index.php\/2020\/09\/10\/domenec-celebra-evolucao-do-time-do-flamengo\/"},"author":{"name":"Equipe G\u00e1vea News","@id":"https:\/\/www.gaveanews.com\/#\/schema\/person\/2ec14f73fb96be2caf28f91afb14749d"},"headline":"Dom\u00e8nec celebra evolu\u00e7\u00e3o do time do Flamengo","datePublished":"2020-09-10T09:40:02+00:00","mainEntityOfPage":{"@id":"https:\/\/www.gaveanews.com\/index.php\/2020\/09\/10\/domenec-celebra-evolucao-do-time-do-flamengo\/"},"wordCount":293,"commentCount":14,"image":{"@id":"https:\/\/www.gaveanews.com\/index.php\/2020\/09\/10\/domenec-celebra-evolucao-do-time-do-flamengo\/#primaryimage"},"thumbnailUrl":"https:\/\/www.gaveanews.com\/wp-content\/uploads\/Domenec-durante-o-classico-entre-Flamengo-e-Fluminense.webp","articleSection":["Destaques"],"inLanguage":"pt-BR","potentialAction":[{"@type":"CommentAction","name":"Comment","target":["https:\/\/www.gaveanews.com\/index.php\/2020\/09\/10\/domenec-celebra-evolucao-do-time-do-flamengo\/#respond"]}],"copyrightYear":"2020","copyrightHolder":{"@id":"https:\/\/www.gaveanews.com\/#organization"}},{"@type":"WebPage","@id":"https:\/\/www.gaveanews.com\/index.php\/2020\/09\/10\/domenec-celebra-evolucao-do-time-do-flamengo\/","url":"https:\/\/www.gaveanews.com\/index.php\/2020\/09\/10\/domenec-celebra-evolucao-do-time-do-flamengo\/","name":"Dom\u00e8nec celebra evolu\u00e7\u00e3o do time do Flamengo","isPartOf":{"@id":"https:\/\/www.gaveanews.com\/#website"},"primaryImageOfPage":{"@id":"https:\/\/www.gaveanews.com\/index.php\/2020\/09\/10\/domenec-celebra-evolucao-do-time-do-flamengo\/#primaryimage"},"image":{"@id":"https:\/\/www.gaveanews.com\/index.php\/2020\/09\/10\/domenec-celebra-evolucao-do-time-do-flamengo\/#primaryimage"},"thumbnailUrl":"https:\/\/www.gaveanews.com\/wp-content\/uploads\/Domenec-durante-o-classico-entre-Flamengo-e-Fluminense.webp","datePublished":"2020-09-10T09:40:02+00:00","author":{"@id":"https:\/\/www.gaveanews.com\/#\/schema\/person\/2ec14f73fb96be2caf28f91afb14749d"},"description":"O t\u00e9cnico catal\u00e3o tamb\u00e9m comentou sobre os \"rod\u00edzios\" que tem feito no esquema t\u00e1tico do time do Flamengo.","breadcrumb":{"@id":"https:\/\/www.gaveanews.com\/index.php\/2020\/09\/10\/domenec-celebra-evolucao-do-time-do-flamengo\/#breadcrumb"},"inLanguage":"pt-BR","potentialAction":[{"@type":"ReadAction","target":["https:\/\/www.gaveanews.com\/index.php\/2020\/09\/10\/domenec-celebra-evolucao-do-time-do-flamengo\/"]}]},{"@type":"ImageObject","inLanguage":"pt-BR","@id":"https:\/\/www.gaveanews.com\/index.php\/2020\/09\/10\/domenec-celebra-evolucao-do-time-do-flamengo\/#primaryimage","url":"https:\/\/www.gaveanews.com\/wp-content\/uploads\/Domenec-durante-o-classico-entre-Flamengo-e-Fluminense.webp","contentUrl":"https:\/\/www.gaveanews.com\/wp-content\/uploads\/Domenec-durante-o-classico-entre-Flamengo-e-Fluminense.webp","width":799,"height":532,"caption":"Dom\u00e8nec durante o cl\u00e1ssico entre Flamengo e Fluminense (Foto: Alexandre Vidal\/Flamengo)"},{"@type":"BreadcrumbList","@id":"https:\/\/www.gaveanews.com\/index.php\/2020\/09\/10\/domenec-celebra-evolucao-do-time-do-flamengo\/#breadcrumb","itemListElement":[{"@type":"ListItem","position":1,"name":"Home","item":"https:\/\/www.gaveanews.com\/"},{"@type":"ListItem","position":2,"name":"Dom\u00e8nec celebra evolu\u00e7\u00e3o do time do Flamengo"}]},{"@type":"WebSite","@id":"https:\/\/www.gaveanews.com\/#website","url":"https:\/\/www.gaveanews.com\/","name":"G\u00e1vea News","description":"Veja todas as not\u00edcias sobre o Flamengo: Contrata\u00e7\u00f5es, categorias de base, resultados das partidas, tabela de classifica\u00e7\u00e3o, pr\u00f3ximos jogos!","potentialAction":[{"@type":"SearchAction","target":{"@type":"EntryPoint","urlTemplate":"https:\/\/www.gaveanews.com\/?s={search_term_string}"},"query-input":{"@type":"PropertyValueSpecification","valueRequired":true,"valueName":"search_term_string"}}],"inLanguage":"pt-BR"},{"@type":"Person","@id":"https:\/\/www.gaveanews.com\/#\/schema\/person\/2ec14f73fb96be2caf28f91afb14749d","name":"Equipe G\u00e1vea News","image":{"@type":"ImageObject","inLanguage":"pt-BR","@id":"https:\/\/www.gaveanews.com\/#\/schema\/person\/image\/","url":"https:\/\/secure.gravatar.com\/avatar\/1e1956f1facbffd3f8fa53a326721950116b3b9dc9bd44939c01180fd4a745a9?s=96&d=mm&r=g","contentUrl":"https:\/\/secure.gravatar.com\/avatar\/1e1956f1facbffd3f8fa53a326721950116b3b9dc9bd44939c01180fd4a745a9?s=96&d=mm&r=g","caption":"Equipe G\u00e1vea News"}}]}},"_links":{"self":[{"href":"https:\/\/www.gaveanews.com\/index.php\/wp-json\/wp\/v2\/posts\/47171","targetHints":{"allow":["GET"]}}],"collection":[{"href":"https:\/\/www.gaveanews.com\/index.php\/wp-json\/wp\/v2\/posts"}],"about":[{"href":"https:\/\/www.gaveanews.com\/index.php\/wp-json\/wp\/v2\/types\/post"}],"author":[{"embeddable":true,"href":"https:\/\/www.gaveanews.com\/index.php\/wp-json\/wp\/v2\/users\/1"}],"replies":[{"embeddable":true,"href":"https:\/\/www.gaveanews.com\/index.php\/wp-json\/wp\/v2\/comments?post=47171"}],"version-history":[{"count":0,"href":"https:\/\/www.gaveanews.com\/index.php\/wp-json\/wp\/v2\/posts\/47171\/revisions"}],"wp:featuredmedia":[{"embeddable":true,"href":"https:\/\/www.gaveanews.com\/index.php\/wp-json\/wp\/v2\/media\/47172"}],"wp:attachment":[{"href":"https:\/\/www.gaveanews.com\/index.php\/wp-json\/wp\/v2\/media?parent=47171"}],"wp:term":[{"taxonomy":"category","embeddable":true,"href":"https:\/\/www.gaveanews.com\/index.php\/wp-json\/wp\/v2\/categories?post=47171"},{"taxonomy":"post_tag","embeddable":true,"href":"https:\/\/www.gaveanews.com\/index.php\/wp-json\/wp\/v2\/tags?post=47171"}],"curies":[{"name":"wp","href":"https:\/\/api.w.org\/{rel}","templated":true}]}}