{"id":47174,"date":"2020-09-10T07:54:46","date_gmt":"2020-09-10T10:54:46","guid":{"rendered":"https:\/\/www.gaveanews.com\/?p=47174"},"modified":"2020-09-10T08:21:29","modified_gmt":"2020-09-10T11:21:29","slug":"empresa-de-energia-afirma-que-flamengo-nao-apresentou-defesa-na-justica","status":"publish","type":"post","link":"https:\/\/www.gaveanews.com\/index.php\/2020\/09\/10\/empresa-de-energia-afirma-que-flamengo-nao-apresentou-defesa-na-justica\/","title":{"rendered":"Empresa de energia afirma que Flamengo n\u00e3o apresentou defesa na Justi\u00e7a"},"content":{"rendered":"\n<p>A batalha judicial entre a Anexa Servi\u00e7os de Eletricidade e o Flamengo, disputa que tornou p\u00fablicos e-mails que tratam de obras no Ninho do Urubu, ganhou novo cap\u00edtulo ontem (9). <\/p>\n\n\n\n<p>A empresa entrou na Justi\u00e7a com uma peti\u00e7\u00e3o com pedido de revelia, e afirma que o Rubro-negro esqueceu de apresentar a sua defesa no processo que decidir\u00e1 quem tem raz\u00e3o na batalha. Isso caracterizaria a falta de contesta\u00e7\u00e3o por parte do r\u00e9u (o Fla). <\/p>\n\n\n\n<p>A empresa foi contratada para fazer servi\u00e7os no CT ap\u00f3s o inc\u00eandio, mas o clube rescindiu o acordo alegando falta de presta\u00e7\u00e3o do trabalho combinado. Na pe\u00e7a, a Anexa acusa o Rubro-negro de tornar p\u00fablica a disputa (por meio de nota oficial emitida) e de n\u00e3o se manifestar no \u00e2mbito da Justi\u00e7a.<\/p>\n\n\n\n<p>Retirado de: UOL<\/p>\n","protected":false},"excerpt":{"rendered":"<p>A batalha judicial entre a Anexa Servi\u00e7os de Eletricidade e o Flamengo, disputa que tornou p\u00fablicos e-mails que tratam de obras no Ninho do Urubu, ganhou novo cap\u00edtulo ontem (9). A empresa entrou na Justi\u00e7a com uma peti\u00e7\u00e3o com pedido de revelia, e afirma que o Rubro-negro esqueceu de apresentar a sua defesa no processo [&hellip;]<\/p>\n","protected":false},"author":1,"featured_media":15184,"comment_status":"open","ping_status":"closed","sticky":false,"template":"","format":"standard","meta":{"footnotes":""},"categories":[1],"tags":[],"class_list":["post-47174","post","type-post","status-publish","format-standard","has-post-thumbnail","hentry","category-flamengo"],"yoast_head":"<!-- This site is optimized with the Yoast SEO Premium plugin v24.2 (Yoast SEO v26.9) - https:\/\/yoast.com\/product\/yoast-seo-premium-wordpress\/ -->\n<title>Empresa de energia afirma que Flamengo n\u00e3o apresentou defesa na Justi\u00e7a<\/title>\n<meta name=\"robots\" content=\"index, follow, max-snippet:-1, max-image-preview:large, max-video-preview:-1\" \/>\n<link rel=\"canonical\" href=\"https:\/\/www.gaveanews.com\/index.php\/2020\/09\/10\/empresa-de-energia-afirma-que-flamengo-nao-apresentou-defesa-na-justica\/\" \/>\n<meta property=\"og:locale\" content=\"pt_BR\" \/>\n<meta property=\"og:type\" content=\"article\" \/>\n<meta property=\"og:title\" content=\"Empresa de energia afirma que Flamengo n\u00e3o apresentou defesa na Justi\u00e7a\" \/>\n<meta property=\"og:description\" content=\"A batalha judicial entre a Anexa Servi\u00e7os de Eletricidade e o Flamengo, disputa que tornou p\u00fablicos e-mails que tratam de obras no Ninho do Urubu, ganhou novo cap\u00edtulo ontem (9). A empresa entrou na Justi\u00e7a com uma peti\u00e7\u00e3o com pedido de revelia, e afirma que o Rubro-negro esqueceu de apresentar a sua defesa no processo [&hellip;]\" \/>\n<meta property=\"og:url\" content=\"https:\/\/www.gaveanews.com\/index.php\/2020\/09\/10\/empresa-de-energia-afirma-que-flamengo-nao-apresentou-defesa-na-justica\/\" \/>\n<meta property=\"og:site_name\" content=\"G\u00e1vea News\" \/>\n<meta property=\"article:publisher\" content=\"https:\/\/facebook.com\/gaveaNews\/\" \/>\n<meta property=\"article:published_time\" content=\"2020-09-10T10:54:46+00:00\" \/>\n<meta property=\"article:modified_time\" content=\"2020-09-10T11:21:29+00:00\" \/>\n<meta property=\"og:image\" content=\"https:\/\/www.gaveanews.com\/wp-content\/uploads\/2019\/03\/Entrada-do-Ninho-do-Urubu.webp\" \/>\n\t<meta property=\"og:image:width\" content=\"846\" \/>\n\t<meta property=\"og:image:height\" content=\"564\" \/>\n\t<meta property=\"og:image:type\" content=\"image\/jpeg\" \/>\n<meta name=\"author\" content=\"Equipe G\u00e1vea News\" \/>\n<meta name=\"twitter:card\" content=\"summary_large_image\" \/>\n<meta name=\"twitter:label1\" content=\"Escrito por\" \/>\n\t<meta name=\"twitter:data1\" content=\"Equipe G\u00e1vea News\" \/>\n\t<meta name=\"twitter:label2\" content=\"Est. tempo de leitura\" \/>\n\t<meta name=\"twitter:data2\" content=\"1 minuto\" \/>\n<script type=\"application\/ld+json\" class=\"yoast-schema-graph\">{\"@context\":\"https:\/\/schema.org\",\"@graph\":[{\"@type\":\"NewsArticle\",\"@id\":\"https:\/\/www.gaveanews.com\/index.php\/2020\/09\/10\/empresa-de-energia-afirma-que-flamengo-nao-apresentou-defesa-na-justica\/#article\",\"isPartOf\":{\"@id\":\"https:\/\/www.gaveanews.com\/index.php\/2020\/09\/10\/empresa-de-energia-afirma-que-flamengo-nao-apresentou-defesa-na-justica\/\"},\"author\":{\"name\":\"Equipe G\u00e1vea News\",\"@id\":\"https:\/\/www.gaveanews.com\/#\/schema\/person\/2ec14f73fb96be2caf28f91afb14749d\"},\"headline\":\"Empresa de energia afirma que Flamengo n\u00e3o apresentou defesa na Justi\u00e7a\",\"datePublished\":\"2020-09-10T10:54:46+00:00\",\"dateModified\":\"2020-09-10T11:21:29+00:00\",\"mainEntityOfPage\":{\"@id\":\"https:\/\/www.gaveanews.com\/index.php\/2020\/09\/10\/empresa-de-energia-afirma-que-flamengo-nao-apresentou-defesa-na-justica\/\"},\"wordCount\":157,\"commentCount\":4,\"image\":{\"@id\":\"https:\/\/www.gaveanews.com\/index.php\/2020\/09\/10\/empresa-de-energia-afirma-que-flamengo-nao-apresentou-defesa-na-justica\/#primaryimage\"},\"thumbnailUrl\":\"https:\/\/www.gaveanews.com\/wp-content\/uploads\/2019\/03\/Entrada-do-Ninho-do-Urubu.webp\",\"articleSection\":[\"Flamengo\"],\"inLanguage\":\"pt-BR\",\"potentialAction\":[{\"@type\":\"CommentAction\",\"name\":\"Comment\",\"target\":[\"https:\/\/www.gaveanews.com\/index.php\/2020\/09\/10\/empresa-de-energia-afirma-que-flamengo-nao-apresentou-defesa-na-justica\/#respond\"]}],\"copyrightYear\":\"2020\",\"copyrightHolder\":{\"@id\":\"https:\/\/www.gaveanews.com\/#organization\"}},{\"@type\":\"WebPage\",\"@id\":\"https:\/\/www.gaveanews.com\/index.php\/2020\/09\/10\/empresa-de-energia-afirma-que-flamengo-nao-apresentou-defesa-na-justica\/\",\"url\":\"https:\/\/www.gaveanews.com\/index.php\/2020\/09\/10\/empresa-de-energia-afirma-que-flamengo-nao-apresentou-defesa-na-justica\/\",\"name\":\"Empresa de energia afirma que Flamengo n\u00e3o apresentou defesa na Justi\u00e7a\",\"isPartOf\":{\"@id\":\"https:\/\/www.gaveanews.com\/#website\"},\"primaryImageOfPage\":{\"@id\":\"https:\/\/www.gaveanews.com\/index.php\/2020\/09\/10\/empresa-de-energia-afirma-que-flamengo-nao-apresentou-defesa-na-justica\/#primaryimage\"},\"image\":{\"@id\":\"https:\/\/www.gaveanews.com\/index.php\/2020\/09\/10\/empresa-de-energia-afirma-que-flamengo-nao-apresentou-defesa-na-justica\/#primaryimage\"},\"thumbnailUrl\":\"https:\/\/www.gaveanews.com\/wp-content\/uploads\/2019\/03\/Entrada-do-Ninho-do-Urubu.webp\",\"datePublished\":\"2020-09-10T10:54:46+00:00\",\"dateModified\":\"2020-09-10T11:21:29+00:00\",\"author\":{\"@id\":\"https:\/\/www.gaveanews.com\/#\/schema\/person\/2ec14f73fb96be2caf28f91afb14749d\"},\"breadcrumb\":{\"@id\":\"https:\/\/www.gaveanews.com\/index.php\/2020\/09\/10\/empresa-de-energia-afirma-que-flamengo-nao-apresentou-defesa-na-justica\/#breadcrumb\"},\"inLanguage\":\"pt-BR\",\"potentialAction\":[{\"@type\":\"ReadAction\",\"target\":[\"https:\/\/www.gaveanews.com\/index.php\/2020\/09\/10\/empresa-de-energia-afirma-que-flamengo-nao-apresentou-defesa-na-justica\/\"]}]},{\"@type\":\"ImageObject\",\"inLanguage\":\"pt-BR\",\"@id\":\"https:\/\/www.gaveanews.com\/index.php\/2020\/09\/10\/empresa-de-energia-afirma-que-flamengo-nao-apresentou-defesa-na-justica\/#primaryimage\",\"url\":\"https:\/\/www.gaveanews.com\/wp-content\/uploads\/2019\/03\/Entrada-do-Ninho-do-Urubu.webp\",\"contentUrl\":\"https:\/\/www.gaveanews.com\/wp-content\/uploads\/2019\/03\/Entrada-do-Ninho-do-Urubu.webp\",\"width\":846,\"height\":564,\"caption\":\"Entrada do Ninho do Urubu (Foto: Gilvan de Souza\/Flamengo)\"},{\"@type\":\"BreadcrumbList\",\"@id\":\"https:\/\/www.gaveanews.com\/index.php\/2020\/09\/10\/empresa-de-energia-afirma-que-flamengo-nao-apresentou-defesa-na-justica\/#breadcrumb\",\"itemListElement\":[{\"@type\":\"ListItem\",\"position\":1,\"name\":\"Home\",\"item\":\"https:\/\/www.gaveanews.com\/\"},{\"@type\":\"ListItem\",\"position\":2,\"name\":\"Empresa de energia afirma que Flamengo n\u00e3o apresentou defesa na Justi\u00e7a\"}]},{\"@type\":\"WebSite\",\"@id\":\"https:\/\/www.gaveanews.com\/#website\",\"url\":\"https:\/\/www.gaveanews.com\/\",\"name\":\"G\u00e1vea News\",\"description\":\"Veja todas as not\u00edcias sobre o Flamengo: Contrata\u00e7\u00f5es, categorias de base, resultados das partidas, tabela de classifica\u00e7\u00e3o, pr\u00f3ximos jogos!\",\"potentialAction\":[{\"@type\":\"SearchAction\",\"target\":{\"@type\":\"EntryPoint\",\"urlTemplate\":\"https:\/\/www.gaveanews.com\/?s={search_term_string}\"},\"query-input\":{\"@type\":\"PropertyValueSpecification\",\"valueRequired\":true,\"valueName\":\"search_term_string\"}}],\"inLanguage\":\"pt-BR\"},{\"@type\":\"Person\",\"@id\":\"https:\/\/www.gaveanews.com\/#\/schema\/person\/2ec14f73fb96be2caf28f91afb14749d\",\"name\":\"Equipe G\u00e1vea News\",\"image\":{\"@type\":\"ImageObject\",\"inLanguage\":\"pt-BR\",\"@id\":\"https:\/\/www.gaveanews.com\/#\/schema\/person\/image\/\",\"url\":\"https:\/\/secure.gravatar.com\/avatar\/1e1956f1facbffd3f8fa53a326721950116b3b9dc9bd44939c01180fd4a745a9?s=96&d=mm&r=g\",\"contentUrl\":\"https:\/\/secure.gravatar.com\/avatar\/1e1956f1facbffd3f8fa53a326721950116b3b9dc9bd44939c01180fd4a745a9?s=96&d=mm&r=g\",\"caption\":\"Equipe G\u00e1vea News\"}}]}<\/script>\n<!-- \/ Yoast SEO Premium plugin. -->","yoast_head_json":{"title":"Empresa de energia afirma que Flamengo n\u00e3o apresentou defesa na Justi\u00e7a","robots":{"index":"index","follow":"follow","max-snippet":"max-snippet:-1","max-image-preview":"max-image-preview:large","max-video-preview":"max-video-preview:-1"},"canonical":"https:\/\/www.gaveanews.com\/index.php\/2020\/09\/10\/empresa-de-energia-afirma-que-flamengo-nao-apresentou-defesa-na-justica\/","og_locale":"pt_BR","og_type":"article","og_title":"Empresa de energia afirma que Flamengo n\u00e3o apresentou defesa na Justi\u00e7a","og_description":"A batalha judicial entre a Anexa Servi\u00e7os de Eletricidade e o Flamengo, disputa que tornou p\u00fablicos e-mails que tratam de obras no Ninho do Urubu, ganhou novo cap\u00edtulo ontem (9). A empresa entrou na Justi\u00e7a com uma peti\u00e7\u00e3o com pedido de revelia, e afirma que o Rubro-negro esqueceu de apresentar a sua defesa no processo [&hellip;]","og_url":"https:\/\/www.gaveanews.com\/index.php\/2020\/09\/10\/empresa-de-energia-afirma-que-flamengo-nao-apresentou-defesa-na-justica\/","og_site_name":"G\u00e1vea News","article_publisher":"https:\/\/facebook.com\/gaveaNews\/","article_published_time":"2020-09-10T10:54:46+00:00","article_modified_time":"2020-09-10T11:21:29+00:00","og_image":[{"width":846,"height":564,"url":"https:\/\/www.gaveanews.com\/wp-content\/uploads\/2019\/03\/Entrada-do-Ninho-do-Urubu.webp","type":"image\/jpeg"}],"author":"Equipe G\u00e1vea News","twitter_card":"summary_large_image","twitter_misc":{"Escrito por":"Equipe G\u00e1vea News","Est. tempo de leitura":"1 minuto"},"schema":{"@context":"https:\/\/schema.org","@graph":[{"@type":"NewsArticle","@id":"https:\/\/www.gaveanews.com\/index.php\/2020\/09\/10\/empresa-de-energia-afirma-que-flamengo-nao-apresentou-defesa-na-justica\/#article","isPartOf":{"@id":"https:\/\/www.gaveanews.com\/index.php\/2020\/09\/10\/empresa-de-energia-afirma-que-flamengo-nao-apresentou-defesa-na-justica\/"},"author":{"name":"Equipe G\u00e1vea News","@id":"https:\/\/www.gaveanews.com\/#\/schema\/person\/2ec14f73fb96be2caf28f91afb14749d"},"headline":"Empresa de energia afirma que Flamengo n\u00e3o apresentou defesa na Justi\u00e7a","datePublished":"2020-09-10T10:54:46+00:00","dateModified":"2020-09-10T11:21:29+00:00","mainEntityOfPage":{"@id":"https:\/\/www.gaveanews.com\/index.php\/2020\/09\/10\/empresa-de-energia-afirma-que-flamengo-nao-apresentou-defesa-na-justica\/"},"wordCount":157,"commentCount":4,"image":{"@id":"https:\/\/www.gaveanews.com\/index.php\/2020\/09\/10\/empresa-de-energia-afirma-que-flamengo-nao-apresentou-defesa-na-justica\/#primaryimage"},"thumbnailUrl":"https:\/\/www.gaveanews.com\/wp-content\/uploads\/2019\/03\/Entrada-do-Ninho-do-Urubu.webp","articleSection":["Flamengo"],"inLanguage":"pt-BR","potentialAction":[{"@type":"CommentAction","name":"Comment","target":["https:\/\/www.gaveanews.com\/index.php\/2020\/09\/10\/empresa-de-energia-afirma-que-flamengo-nao-apresentou-defesa-na-justica\/#respond"]}],"copyrightYear":"2020","copyrightHolder":{"@id":"https:\/\/www.gaveanews.com\/#organization"}},{"@type":"WebPage","@id":"https:\/\/www.gaveanews.com\/index.php\/2020\/09\/10\/empresa-de-energia-afirma-que-flamengo-nao-apresentou-defesa-na-justica\/","url":"https:\/\/www.gaveanews.com\/index.php\/2020\/09\/10\/empresa-de-energia-afirma-que-flamengo-nao-apresentou-defesa-na-justica\/","name":"Empresa de energia afirma que Flamengo n\u00e3o apresentou defesa na Justi\u00e7a","isPartOf":{"@id":"https:\/\/www.gaveanews.com\/#website"},"primaryImageOfPage":{"@id":"https:\/\/www.gaveanews.com\/index.php\/2020\/09\/10\/empresa-de-energia-afirma-que-flamengo-nao-apresentou-defesa-na-justica\/#primaryimage"},"image":{"@id":"https:\/\/www.gaveanews.com\/index.php\/2020\/09\/10\/empresa-de-energia-afirma-que-flamengo-nao-apresentou-defesa-na-justica\/#primaryimage"},"thumbnailUrl":"https:\/\/www.gaveanews.com\/wp-content\/uploads\/2019\/03\/Entrada-do-Ninho-do-Urubu.webp","datePublished":"2020-09-10T10:54:46+00:00","dateModified":"2020-09-10T11:21:29+00:00","author":{"@id":"https:\/\/www.gaveanews.com\/#\/schema\/person\/2ec14f73fb96be2caf28f91afb14749d"},"breadcrumb":{"@id":"https:\/\/www.gaveanews.com\/index.php\/2020\/09\/10\/empresa-de-energia-afirma-que-flamengo-nao-apresentou-defesa-na-justica\/#breadcrumb"},"inLanguage":"pt-BR","potentialAction":[{"@type":"ReadAction","target":["https:\/\/www.gaveanews.com\/index.php\/2020\/09\/10\/empresa-de-energia-afirma-que-flamengo-nao-apresentou-defesa-na-justica\/"]}]},{"@type":"ImageObject","inLanguage":"pt-BR","@id":"https:\/\/www.gaveanews.com\/index.php\/2020\/09\/10\/empresa-de-energia-afirma-que-flamengo-nao-apresentou-defesa-na-justica\/#primaryimage","url":"https:\/\/www.gaveanews.com\/wp-content\/uploads\/2019\/03\/Entrada-do-Ninho-do-Urubu.webp","contentUrl":"https:\/\/www.gaveanews.com\/wp-content\/uploads\/2019\/03\/Entrada-do-Ninho-do-Urubu.webp","width":846,"height":564,"caption":"Entrada do Ninho do Urubu (Foto: Gilvan de Souza\/Flamengo)"},{"@type":"BreadcrumbList","@id":"https:\/\/www.gaveanews.com\/index.php\/2020\/09\/10\/empresa-de-energia-afirma-que-flamengo-nao-apresentou-defesa-na-justica\/#breadcrumb","itemListElement":[{"@type":"ListItem","position":1,"name":"Home","item":"https:\/\/www.gaveanews.com\/"},{"@type":"ListItem","position":2,"name":"Empresa de energia afirma que Flamengo n\u00e3o apresentou defesa na Justi\u00e7a"}]},{"@type":"WebSite","@id":"https:\/\/www.gaveanews.com\/#website","url":"https:\/\/www.gaveanews.com\/","name":"G\u00e1vea News","description":"Veja todas as not\u00edcias sobre o Flamengo: Contrata\u00e7\u00f5es, categorias de base, resultados das partidas, tabela de classifica\u00e7\u00e3o, pr\u00f3ximos jogos!","potentialAction":[{"@type":"SearchAction","target":{"@type":"EntryPoint","urlTemplate":"https:\/\/www.gaveanews.com\/?s={search_term_string}"},"query-input":{"@type":"PropertyValueSpecification","valueRequired":true,"valueName":"search_term_string"}}],"inLanguage":"pt-BR"},{"@type":"Person","@id":"https:\/\/www.gaveanews.com\/#\/schema\/person\/2ec14f73fb96be2caf28f91afb14749d","name":"Equipe G\u00e1vea News","image":{"@type":"ImageObject","inLanguage":"pt-BR","@id":"https:\/\/www.gaveanews.com\/#\/schema\/person\/image\/","url":"https:\/\/secure.gravatar.com\/avatar\/1e1956f1facbffd3f8fa53a326721950116b3b9dc9bd44939c01180fd4a745a9?s=96&d=mm&r=g","contentUrl":"https:\/\/secure.gravatar.com\/avatar\/1e1956f1facbffd3f8fa53a326721950116b3b9dc9bd44939c01180fd4a745a9?s=96&d=mm&r=g","caption":"Equipe G\u00e1vea News"}}]}},"_links":{"self":[{"href":"https:\/\/www.gaveanews.com\/index.php\/wp-json\/wp\/v2\/posts\/47174","targetHints":{"allow":["GET"]}}],"collection":[{"href":"https:\/\/www.gaveanews.com\/index.php\/wp-json\/wp\/v2\/posts"}],"about":[{"href":"https:\/\/www.gaveanews.com\/index.php\/wp-json\/wp\/v2\/types\/post"}],"author":[{"embeddable":true,"href":"https:\/\/www.gaveanews.com\/index.php\/wp-json\/wp\/v2\/users\/1"}],"replies":[{"embeddable":true,"href":"https:\/\/www.gaveanews.com\/index.php\/wp-json\/wp\/v2\/comments?post=47174"}],"version-history":[{"count":0,"href":"https:\/\/www.gaveanews.com\/index.php\/wp-json\/wp\/v2\/posts\/47174\/revisions"}],"wp:featuredmedia":[{"embeddable":true,"href":"https:\/\/www.gaveanews.com\/index.php\/wp-json\/wp\/v2\/media\/15184"}],"wp:attachment":[{"href":"https:\/\/www.gaveanews.com\/index.php\/wp-json\/wp\/v2\/media?parent=47174"}],"wp:term":[{"taxonomy":"category","embeddable":true,"href":"https:\/\/www.gaveanews.com\/index.php\/wp-json\/wp\/v2\/categories?post=47174"},{"taxonomy":"post_tag","embeddable":true,"href":"https:\/\/www.gaveanews.com\/index.php\/wp-json\/wp\/v2\/tags?post=47174"}],"curies":[{"name":"wp","href":"https:\/\/api.w.org\/{rel}","templated":true}]}}