{"id":47180,"date":"2020-09-10T09:24:46","date_gmt":"2020-09-10T12:24:46","guid":{"rendered":"https:\/\/www.gaveanews.com\/?p=47180"},"modified":"2020-09-10T09:24:49","modified_gmt":"2020-09-10T12:24:49","slug":"jornal-contesta-obsessao-do-benfica-por-bruno-henrique-e-gerson","status":"publish","type":"post","link":"https:\/\/www.gaveanews.com\/index.php\/2020\/09\/10\/jornal-contesta-obsessao-do-benfica-por-bruno-henrique-e-gerson\/","title":{"rendered":"Jornal contesta &#8216;obsess\u00e3o&#8217; do Benfica por Bruno Henrique e Gerson"},"content":{"rendered":"\n<p>A busca do Benfica pela contrata\u00e7\u00e3o de Bruno Henrique e Gerson vem gerando repercuss\u00e3o em Portugal. Em suas p\u00e1ginas da edi\u00e7\u00e3o desta quarta-feira, o jornal &#8220;Record&#8221; contestou o motivo pelo qual a equipe comandada por Jorge Jesus deseja tanto a contrata\u00e7\u00f5es dos jogadores do Flamengo.<\/p>\n\n\n\n<p>\u201cS\u00e3o jogadores que trariam qualidade e, acima de tudo, competitividade ao Benfica, mas n\u00e3o faz sentido um investimento t\u00e3o grande. Se fossem posi\u00e7\u00f5es carenciadas era uma coisa, mas j\u00e1 h\u00e1 muitas op\u00e7\u00f5es quer no meio-campo, quer para aquele \u2018nove e meio\u2019 de que Jorge Jesus tanto gosta: Gabriel, Taarabt, Waldschmidt, Pizzi, Chiquinho\u2026\u201d, opina o jornalista Pedro Filipe Pinto.<\/p>\n\n\n\n<p>Recentemente, o Benfica fez uma proposta de 30 milh\u00f5es de euros (R$ 188,86 milh\u00f5es na cota\u00e7\u00e3o atual) para adquirir Bruno Henrique e Gerson. Por\u00e9m a diretoria Rubro-negra n\u00e3o gostou desses n\u00fameros e n\u00e3o fechou as transfer\u00eancias.<\/p>\n\n\n\n<p>Retirado de: O Dia<\/p>\n","protected":false},"excerpt":{"rendered":"<p>A busca do Benfica pela contrata\u00e7\u00e3o de Bruno Henrique e Gerson vem gerando repercuss\u00e3o em Portugal. Em suas p\u00e1ginas da edi\u00e7\u00e3o desta quarta-feira, o jornal &#8220;Record&#8221; contestou o motivo pelo qual a equipe comandada por Jorge Jesus deseja tanto a contrata\u00e7\u00f5es dos jogadores do Flamengo. \u201cS\u00e3o jogadores que trariam qualidade e, acima de tudo, competitividade [&hellip;]<\/p>\n","protected":false},"author":1,"featured_media":46983,"comment_status":"open","ping_status":"closed","sticky":false,"template":"","format":"standard","meta":{"footnotes":""},"categories":[47],"tags":[],"class_list":["post-47180","post","type-post","status-publish","format-standard","has-post-thumbnail","hentry","category-destaques"],"yoast_head":"<!-- This site is optimized with the Yoast SEO Premium plugin v24.2 (Yoast SEO v26.9) - https:\/\/yoast.com\/product\/yoast-seo-premium-wordpress\/ -->\n<title>Jornal contesta &#039;obsess\u00e3o&#039; do Benfica por Bruno Henrique e Gerson<\/title>\n<meta name=\"description\" content=\"A busca do Benfica pela contrata\u00e7\u00e3o do atacante Bruno Henrique e do volante Gerson vem gerando repercuss\u00e3o em Portugal.\" \/>\n<meta name=\"robots\" content=\"index, follow, max-snippet:-1, max-image-preview:large, max-video-preview:-1\" \/>\n<link rel=\"canonical\" href=\"https:\/\/www.gaveanews.com\/index.php\/2020\/09\/10\/jornal-contesta-obsessao-do-benfica-por-bruno-henrique-e-gerson\/\" \/>\n<meta property=\"og:locale\" content=\"pt_BR\" \/>\n<meta property=\"og:type\" content=\"article\" \/>\n<meta property=\"og:title\" content=\"Jornal contesta &#039;obsess\u00e3o&#039; do Benfica por Bruno Henrique e Gerson\" \/>\n<meta property=\"og:description\" content=\"A busca do Benfica pela contrata\u00e7\u00e3o do atacante Bruno Henrique e do volante Gerson vem gerando repercuss\u00e3o em Portugal.\" \/>\n<meta property=\"og:url\" content=\"https:\/\/www.gaveanews.com\/index.php\/2020\/09\/10\/jornal-contesta-obsessao-do-benfica-por-bruno-henrique-e-gerson\/\" \/>\n<meta property=\"og:site_name\" content=\"G\u00e1vea News\" \/>\n<meta property=\"article:publisher\" content=\"https:\/\/facebook.com\/gaveaNews\/\" \/>\n<meta property=\"article:published_time\" content=\"2020-09-10T12:24:46+00:00\" \/>\n<meta property=\"article:modified_time\" content=\"2020-09-10T12:24:49+00:00\" \/>\n<meta property=\"og:image\" content=\"https:\/\/www.gaveanews.com\/wp-content\/uploads\/Gerson-em-acao-pelo-Flamengo-na-partida-contra-o-Bahia.webp\" \/>\n\t<meta property=\"og:image:width\" content=\"1280\" \/>\n\t<meta property=\"og:image:height\" content=\"1024\" \/>\n\t<meta property=\"og:image:type\" content=\"image\/jpeg\" \/>\n<meta name=\"author\" content=\"Equipe G\u00e1vea News\" \/>\n<meta name=\"twitter:card\" content=\"summary_large_image\" \/>\n<meta name=\"twitter:label1\" content=\"Escrito por\" \/>\n\t<meta name=\"twitter:data1\" content=\"Equipe G\u00e1vea News\" \/>\n\t<meta name=\"twitter:label2\" content=\"Est. tempo de leitura\" \/>\n\t<meta name=\"twitter:data2\" content=\"1 minuto\" \/>\n<script type=\"application\/ld+json\" class=\"yoast-schema-graph\">{\"@context\":\"https:\/\/schema.org\",\"@graph\":[{\"@type\":\"NewsArticle\",\"@id\":\"https:\/\/www.gaveanews.com\/index.php\/2020\/09\/10\/jornal-contesta-obsessao-do-benfica-por-bruno-henrique-e-gerson\/#article\",\"isPartOf\":{\"@id\":\"https:\/\/www.gaveanews.com\/index.php\/2020\/09\/10\/jornal-contesta-obsessao-do-benfica-por-bruno-henrique-e-gerson\/\"},\"author\":{\"name\":\"Equipe G\u00e1vea News\",\"@id\":\"https:\/\/www.gaveanews.com\/#\/schema\/person\/2ec14f73fb96be2caf28f91afb14749d\"},\"headline\":\"Jornal contesta &#8216;obsess\u00e3o&#8217; do Benfica por Bruno Henrique e Gerson\",\"datePublished\":\"2020-09-10T12:24:46+00:00\",\"dateModified\":\"2020-09-10T12:24:49+00:00\",\"mainEntityOfPage\":{\"@id\":\"https:\/\/www.gaveanews.com\/index.php\/2020\/09\/10\/jornal-contesta-obsessao-do-benfica-por-bruno-henrique-e-gerson\/\"},\"wordCount\":170,\"commentCount\":21,\"image\":{\"@id\":\"https:\/\/www.gaveanews.com\/index.php\/2020\/09\/10\/jornal-contesta-obsessao-do-benfica-por-bruno-henrique-e-gerson\/#primaryimage\"},\"thumbnailUrl\":\"https:\/\/www.gaveanews.com\/wp-content\/uploads\/Gerson-em-acao-pelo-Flamengo-na-partida-contra-o-Bahia.webp\",\"articleSection\":[\"Destaques\"],\"inLanguage\":\"pt-BR\",\"potentialAction\":[{\"@type\":\"CommentAction\",\"name\":\"Comment\",\"target\":[\"https:\/\/www.gaveanews.com\/index.php\/2020\/09\/10\/jornal-contesta-obsessao-do-benfica-por-bruno-henrique-e-gerson\/#respond\"]}],\"copyrightYear\":\"2020\",\"copyrightHolder\":{\"@id\":\"https:\/\/www.gaveanews.com\/#organization\"}},{\"@type\":\"WebPage\",\"@id\":\"https:\/\/www.gaveanews.com\/index.php\/2020\/09\/10\/jornal-contesta-obsessao-do-benfica-por-bruno-henrique-e-gerson\/\",\"url\":\"https:\/\/www.gaveanews.com\/index.php\/2020\/09\/10\/jornal-contesta-obsessao-do-benfica-por-bruno-henrique-e-gerson\/\",\"name\":\"Jornal contesta 'obsess\u00e3o' do Benfica por Bruno Henrique e Gerson\",\"isPartOf\":{\"@id\":\"https:\/\/www.gaveanews.com\/#website\"},\"primaryImageOfPage\":{\"@id\":\"https:\/\/www.gaveanews.com\/index.php\/2020\/09\/10\/jornal-contesta-obsessao-do-benfica-por-bruno-henrique-e-gerson\/#primaryimage\"},\"image\":{\"@id\":\"https:\/\/www.gaveanews.com\/index.php\/2020\/09\/10\/jornal-contesta-obsessao-do-benfica-por-bruno-henrique-e-gerson\/#primaryimage\"},\"thumbnailUrl\":\"https:\/\/www.gaveanews.com\/wp-content\/uploads\/Gerson-em-acao-pelo-Flamengo-na-partida-contra-o-Bahia.webp\",\"datePublished\":\"2020-09-10T12:24:46+00:00\",\"dateModified\":\"2020-09-10T12:24:49+00:00\",\"author\":{\"@id\":\"https:\/\/www.gaveanews.com\/#\/schema\/person\/2ec14f73fb96be2caf28f91afb14749d\"},\"description\":\"A busca do Benfica pela contrata\u00e7\u00e3o do atacante Bruno Henrique e do volante Gerson vem gerando repercuss\u00e3o em Portugal.\",\"breadcrumb\":{\"@id\":\"https:\/\/www.gaveanews.com\/index.php\/2020\/09\/10\/jornal-contesta-obsessao-do-benfica-por-bruno-henrique-e-gerson\/#breadcrumb\"},\"inLanguage\":\"pt-BR\",\"potentialAction\":[{\"@type\":\"ReadAction\",\"target\":[\"https:\/\/www.gaveanews.com\/index.php\/2020\/09\/10\/jornal-contesta-obsessao-do-benfica-por-bruno-henrique-e-gerson\/\"]}]},{\"@type\":\"ImageObject\",\"inLanguage\":\"pt-BR\",\"@id\":\"https:\/\/www.gaveanews.com\/index.php\/2020\/09\/10\/jornal-contesta-obsessao-do-benfica-por-bruno-henrique-e-gerson\/#primaryimage\",\"url\":\"https:\/\/www.gaveanews.com\/wp-content\/uploads\/Gerson-em-acao-pelo-Flamengo-na-partida-contra-o-Bahia.webp\",\"contentUrl\":\"https:\/\/www.gaveanews.com\/wp-content\/uploads\/Gerson-em-acao-pelo-Flamengo-na-partida-contra-o-Bahia.webp\",\"width\":1280,\"height\":1024,\"caption\":\"Gerson em a\u00e7\u00e3o pelo Flamengo na partida contra o Bahia (Foto: Reprodu\u00e7\u00e3o\/Twitter\/@GersonSantos08)\"},{\"@type\":\"BreadcrumbList\",\"@id\":\"https:\/\/www.gaveanews.com\/index.php\/2020\/09\/10\/jornal-contesta-obsessao-do-benfica-por-bruno-henrique-e-gerson\/#breadcrumb\",\"itemListElement\":[{\"@type\":\"ListItem\",\"position\":1,\"name\":\"Home\",\"item\":\"https:\/\/www.gaveanews.com\/\"},{\"@type\":\"ListItem\",\"position\":2,\"name\":\"Jornal contesta &#8216;obsess\u00e3o&#8217; do Benfica por Bruno Henrique e Gerson\"}]},{\"@type\":\"WebSite\",\"@id\":\"https:\/\/www.gaveanews.com\/#website\",\"url\":\"https:\/\/www.gaveanews.com\/\",\"name\":\"G\u00e1vea News\",\"description\":\"Veja todas as not\u00edcias sobre o Flamengo: Contrata\u00e7\u00f5es, categorias de base, resultados das partidas, tabela de classifica\u00e7\u00e3o, pr\u00f3ximos jogos!\",\"potentialAction\":[{\"@type\":\"SearchAction\",\"target\":{\"@type\":\"EntryPoint\",\"urlTemplate\":\"https:\/\/www.gaveanews.com\/?s={search_term_string}\"},\"query-input\":{\"@type\":\"PropertyValueSpecification\",\"valueRequired\":true,\"valueName\":\"search_term_string\"}}],\"inLanguage\":\"pt-BR\"},{\"@type\":\"Person\",\"@id\":\"https:\/\/www.gaveanews.com\/#\/schema\/person\/2ec14f73fb96be2caf28f91afb14749d\",\"name\":\"Equipe G\u00e1vea News\",\"image\":{\"@type\":\"ImageObject\",\"inLanguage\":\"pt-BR\",\"@id\":\"https:\/\/www.gaveanews.com\/#\/schema\/person\/image\/\",\"url\":\"https:\/\/secure.gravatar.com\/avatar\/1e1956f1facbffd3f8fa53a326721950116b3b9dc9bd44939c01180fd4a745a9?s=96&d=mm&r=g\",\"contentUrl\":\"https:\/\/secure.gravatar.com\/avatar\/1e1956f1facbffd3f8fa53a326721950116b3b9dc9bd44939c01180fd4a745a9?s=96&d=mm&r=g\",\"caption\":\"Equipe G\u00e1vea News\"}}]}<\/script>\n<!-- \/ Yoast SEO Premium plugin. -->","yoast_head_json":{"title":"Jornal contesta 'obsess\u00e3o' do Benfica por Bruno Henrique e Gerson","description":"A busca do Benfica pela contrata\u00e7\u00e3o do atacante Bruno Henrique e do volante Gerson vem gerando repercuss\u00e3o em Portugal.","robots":{"index":"index","follow":"follow","max-snippet":"max-snippet:-1","max-image-preview":"max-image-preview:large","max-video-preview":"max-video-preview:-1"},"canonical":"https:\/\/www.gaveanews.com\/index.php\/2020\/09\/10\/jornal-contesta-obsessao-do-benfica-por-bruno-henrique-e-gerson\/","og_locale":"pt_BR","og_type":"article","og_title":"Jornal contesta 'obsess\u00e3o' do Benfica por Bruno Henrique e Gerson","og_description":"A busca do Benfica pela contrata\u00e7\u00e3o do atacante Bruno Henrique e do volante Gerson vem gerando repercuss\u00e3o em Portugal.","og_url":"https:\/\/www.gaveanews.com\/index.php\/2020\/09\/10\/jornal-contesta-obsessao-do-benfica-por-bruno-henrique-e-gerson\/","og_site_name":"G\u00e1vea News","article_publisher":"https:\/\/facebook.com\/gaveaNews\/","article_published_time":"2020-09-10T12:24:46+00:00","article_modified_time":"2020-09-10T12:24:49+00:00","og_image":[{"width":1280,"height":1024,"url":"https:\/\/www.gaveanews.com\/wp-content\/uploads\/Gerson-em-acao-pelo-Flamengo-na-partida-contra-o-Bahia.webp","type":"image\/jpeg"}],"author":"Equipe G\u00e1vea News","twitter_card":"summary_large_image","twitter_misc":{"Escrito por":"Equipe G\u00e1vea News","Est. tempo de leitura":"1 minuto"},"schema":{"@context":"https:\/\/schema.org","@graph":[{"@type":"NewsArticle","@id":"https:\/\/www.gaveanews.com\/index.php\/2020\/09\/10\/jornal-contesta-obsessao-do-benfica-por-bruno-henrique-e-gerson\/#article","isPartOf":{"@id":"https:\/\/www.gaveanews.com\/index.php\/2020\/09\/10\/jornal-contesta-obsessao-do-benfica-por-bruno-henrique-e-gerson\/"},"author":{"name":"Equipe G\u00e1vea News","@id":"https:\/\/www.gaveanews.com\/#\/schema\/person\/2ec14f73fb96be2caf28f91afb14749d"},"headline":"Jornal contesta &#8216;obsess\u00e3o&#8217; do Benfica por Bruno Henrique e Gerson","datePublished":"2020-09-10T12:24:46+00:00","dateModified":"2020-09-10T12:24:49+00:00","mainEntityOfPage":{"@id":"https:\/\/www.gaveanews.com\/index.php\/2020\/09\/10\/jornal-contesta-obsessao-do-benfica-por-bruno-henrique-e-gerson\/"},"wordCount":170,"commentCount":21,"image":{"@id":"https:\/\/www.gaveanews.com\/index.php\/2020\/09\/10\/jornal-contesta-obsessao-do-benfica-por-bruno-henrique-e-gerson\/#primaryimage"},"thumbnailUrl":"https:\/\/www.gaveanews.com\/wp-content\/uploads\/Gerson-em-acao-pelo-Flamengo-na-partida-contra-o-Bahia.webp","articleSection":["Destaques"],"inLanguage":"pt-BR","potentialAction":[{"@type":"CommentAction","name":"Comment","target":["https:\/\/www.gaveanews.com\/index.php\/2020\/09\/10\/jornal-contesta-obsessao-do-benfica-por-bruno-henrique-e-gerson\/#respond"]}],"copyrightYear":"2020","copyrightHolder":{"@id":"https:\/\/www.gaveanews.com\/#organization"}},{"@type":"WebPage","@id":"https:\/\/www.gaveanews.com\/index.php\/2020\/09\/10\/jornal-contesta-obsessao-do-benfica-por-bruno-henrique-e-gerson\/","url":"https:\/\/www.gaveanews.com\/index.php\/2020\/09\/10\/jornal-contesta-obsessao-do-benfica-por-bruno-henrique-e-gerson\/","name":"Jornal contesta 'obsess\u00e3o' do Benfica por Bruno Henrique e Gerson","isPartOf":{"@id":"https:\/\/www.gaveanews.com\/#website"},"primaryImageOfPage":{"@id":"https:\/\/www.gaveanews.com\/index.php\/2020\/09\/10\/jornal-contesta-obsessao-do-benfica-por-bruno-henrique-e-gerson\/#primaryimage"},"image":{"@id":"https:\/\/www.gaveanews.com\/index.php\/2020\/09\/10\/jornal-contesta-obsessao-do-benfica-por-bruno-henrique-e-gerson\/#primaryimage"},"thumbnailUrl":"https:\/\/www.gaveanews.com\/wp-content\/uploads\/Gerson-em-acao-pelo-Flamengo-na-partida-contra-o-Bahia.webp","datePublished":"2020-09-10T12:24:46+00:00","dateModified":"2020-09-10T12:24:49+00:00","author":{"@id":"https:\/\/www.gaveanews.com\/#\/schema\/person\/2ec14f73fb96be2caf28f91afb14749d"},"description":"A busca do Benfica pela contrata\u00e7\u00e3o do atacante Bruno Henrique e do volante Gerson vem gerando repercuss\u00e3o em Portugal.","breadcrumb":{"@id":"https:\/\/www.gaveanews.com\/index.php\/2020\/09\/10\/jornal-contesta-obsessao-do-benfica-por-bruno-henrique-e-gerson\/#breadcrumb"},"inLanguage":"pt-BR","potentialAction":[{"@type":"ReadAction","target":["https:\/\/www.gaveanews.com\/index.php\/2020\/09\/10\/jornal-contesta-obsessao-do-benfica-por-bruno-henrique-e-gerson\/"]}]},{"@type":"ImageObject","inLanguage":"pt-BR","@id":"https:\/\/www.gaveanews.com\/index.php\/2020\/09\/10\/jornal-contesta-obsessao-do-benfica-por-bruno-henrique-e-gerson\/#primaryimage","url":"https:\/\/www.gaveanews.com\/wp-content\/uploads\/Gerson-em-acao-pelo-Flamengo-na-partida-contra-o-Bahia.webp","contentUrl":"https:\/\/www.gaveanews.com\/wp-content\/uploads\/Gerson-em-acao-pelo-Flamengo-na-partida-contra-o-Bahia.webp","width":1280,"height":1024,"caption":"Gerson em a\u00e7\u00e3o pelo Flamengo na partida contra o Bahia (Foto: Reprodu\u00e7\u00e3o\/Twitter\/@GersonSantos08)"},{"@type":"BreadcrumbList","@id":"https:\/\/www.gaveanews.com\/index.php\/2020\/09\/10\/jornal-contesta-obsessao-do-benfica-por-bruno-henrique-e-gerson\/#breadcrumb","itemListElement":[{"@type":"ListItem","position":1,"name":"Home","item":"https:\/\/www.gaveanews.com\/"},{"@type":"ListItem","position":2,"name":"Jornal contesta &#8216;obsess\u00e3o&#8217; do Benfica por Bruno Henrique e Gerson"}]},{"@type":"WebSite","@id":"https:\/\/www.gaveanews.com\/#website","url":"https:\/\/www.gaveanews.com\/","name":"G\u00e1vea News","description":"Veja todas as not\u00edcias sobre o Flamengo: Contrata\u00e7\u00f5es, categorias de base, resultados das partidas, tabela de classifica\u00e7\u00e3o, pr\u00f3ximos jogos!","potentialAction":[{"@type":"SearchAction","target":{"@type":"EntryPoint","urlTemplate":"https:\/\/www.gaveanews.com\/?s={search_term_string}"},"query-input":{"@type":"PropertyValueSpecification","valueRequired":true,"valueName":"search_term_string"}}],"inLanguage":"pt-BR"},{"@type":"Person","@id":"https:\/\/www.gaveanews.com\/#\/schema\/person\/2ec14f73fb96be2caf28f91afb14749d","name":"Equipe G\u00e1vea News","image":{"@type":"ImageObject","inLanguage":"pt-BR","@id":"https:\/\/www.gaveanews.com\/#\/schema\/person\/image\/","url":"https:\/\/secure.gravatar.com\/avatar\/1e1956f1facbffd3f8fa53a326721950116b3b9dc9bd44939c01180fd4a745a9?s=96&d=mm&r=g","contentUrl":"https:\/\/secure.gravatar.com\/avatar\/1e1956f1facbffd3f8fa53a326721950116b3b9dc9bd44939c01180fd4a745a9?s=96&d=mm&r=g","caption":"Equipe G\u00e1vea News"}}]}},"_links":{"self":[{"href":"https:\/\/www.gaveanews.com\/index.php\/wp-json\/wp\/v2\/posts\/47180","targetHints":{"allow":["GET"]}}],"collection":[{"href":"https:\/\/www.gaveanews.com\/index.php\/wp-json\/wp\/v2\/posts"}],"about":[{"href":"https:\/\/www.gaveanews.com\/index.php\/wp-json\/wp\/v2\/types\/post"}],"author":[{"embeddable":true,"href":"https:\/\/www.gaveanews.com\/index.php\/wp-json\/wp\/v2\/users\/1"}],"replies":[{"embeddable":true,"href":"https:\/\/www.gaveanews.com\/index.php\/wp-json\/wp\/v2\/comments?post=47180"}],"version-history":[{"count":0,"href":"https:\/\/www.gaveanews.com\/index.php\/wp-json\/wp\/v2\/posts\/47180\/revisions"}],"wp:featuredmedia":[{"embeddable":true,"href":"https:\/\/www.gaveanews.com\/index.php\/wp-json\/wp\/v2\/media\/46983"}],"wp:attachment":[{"href":"https:\/\/www.gaveanews.com\/index.php\/wp-json\/wp\/v2\/media?parent=47180"}],"wp:term":[{"taxonomy":"category","embeddable":true,"href":"https:\/\/www.gaveanews.com\/index.php\/wp-json\/wp\/v2\/categories?post=47180"},{"taxonomy":"post_tag","embeddable":true,"href":"https:\/\/www.gaveanews.com\/index.php\/wp-json\/wp\/v2\/tags?post=47180"}],"curies":[{"name":"wp","href":"https:\/\/api.w.org\/{rel}","templated":true}]}}