{"id":47199,"date":"2020-09-10T15:52:28","date_gmt":"2020-09-10T18:52:28","guid":{"rendered":"https:\/\/www.gaveanews.com\/?p=47199"},"modified":"2020-09-10T15:52:30","modified_gmt":"2020-09-10T18:52:30","slug":"galvao-defende-convocacao-de-everton-ribeiro-para-selecao-brasileira","status":"publish","type":"post","link":"https:\/\/www.gaveanews.com\/index.php\/2020\/09\/10\/galvao-defende-convocacao-de-everton-ribeiro-para-selecao-brasileira\/","title":{"rendered":"Galv\u00e3o defende convoca\u00e7\u00e3o de Everton Ribeiro para sele\u00e7\u00e3o brasileira"},"content":{"rendered":"\n<p>Narrador e apresentador do Grupo Globo, Galv\u00e3o Bueno pediu a convoca\u00e7\u00e3o de Everton Ribeiro para a sele\u00e7\u00e3o brasileira &#8211; aproveitando que Tite foi ao Maracan\u00e3 assistir a Fluminense 1 x 2 Flamengo ontem. Na opini\u00e3o do locutor, entre os jogadores em campo, o de maior destaque \u00e9 o meio-campista rubro-negro.<\/p>\n\n\n\n<p>Galv\u00e3o afirmou ainda que Gabigol e Rodrigo Caio tamb\u00e9m merecem ser lembrados por Tite, mas ressaltou que Everton Ribeiro j\u00e1 poderia estar na sele\u00e7\u00e3o h\u00e1 mais tempo.<\/p>\n\n\n\n<p>&#8220;O Flamengo tem alguns jogadores que t\u00eam que estar na convoca\u00e7\u00e3o da sele\u00e7\u00e3o brasileira. Acho que ele tem que olhar com muito carinho para o Everton Ribeiro. N\u00e3o \u00e9 de hoje (que ele est\u00e1 jogando bem). Desde os tempos de Cruzeiro, ele era o craque do time bicampe\u00e3o brasileiro&#8221;, opinou Galv\u00e3o.<\/p>\n\n\n\n<p>&#8220;Tamb\u00e9m tem o Gabigol, que cumpre o of\u00edcio do centroavante, que \u00e9 fazer o gol; o Rodrigo Caio, que eu acho que est\u00e1 muito bem. O Flamengo tem jogadores importantes. Mas, se eu fosse o Tite, eu gastaria metade do jogo olhando para a movimenta\u00e7\u00e3o do Everton Ribeiro&#8221;, continuou.<\/p>\n\n\n\n<p>Em mar\u00e7o, Tite convocou tr\u00eas jogadores do Flamengo para a primeira rodada das eliminat\u00f3rias sul-americanas para a Copa do Mundo: Everton Ribeiro, Bruno Henrique e Gabigol. As partidas &#8211; contra Bol\u00edvia, em casa, e Peru, fora &#8211; foram adiadas por conta da pandemia do Coronav\u00edrus para setembro, em um primeiro momento, e agora est\u00e3o marcadas para outubro.<\/p>\n\n\n\n<p>Retirado de: UOL<\/p>\n","protected":false},"excerpt":{"rendered":"<p>Narrador e apresentador do Grupo Globo, Galv\u00e3o Bueno pediu a convoca\u00e7\u00e3o de Everton Ribeiro para a sele\u00e7\u00e3o brasileira &#8211; aproveitando que Tite foi ao Maracan\u00e3 assistir a Fluminense 1 x 2 Flamengo ontem. Na opini\u00e3o do locutor, entre os jogadores em campo, o de maior destaque \u00e9 o meio-campista rubro-negro. Galv\u00e3o afirmou ainda que Gabigol [&hellip;]<\/p>\n","protected":false},"author":1,"featured_media":47004,"comment_status":"open","ping_status":"closed","sticky":false,"template":"","format":"standard","meta":{"footnotes":""},"categories":[1],"tags":[],"class_list":["post-47199","post","type-post","status-publish","format-standard","has-post-thumbnail","hentry","category-flamengo"],"yoast_head":"<!-- This site is optimized with the Yoast SEO Premium plugin v24.2 (Yoast SEO v26.9) - https:\/\/yoast.com\/product\/yoast-seo-premium-wordpress\/ -->\n<title>Galv\u00e3o defende convoca\u00e7\u00e3o de Everton Ribeiro para sele\u00e7\u00e3o brasileira<\/title>\n<meta name=\"robots\" content=\"index, follow, max-snippet:-1, max-image-preview:large, max-video-preview:-1\" \/>\n<link rel=\"canonical\" href=\"https:\/\/www.gaveanews.com\/index.php\/2020\/09\/10\/galvao-defende-convocacao-de-everton-ribeiro-para-selecao-brasileira\/\" \/>\n<meta property=\"og:locale\" content=\"pt_BR\" \/>\n<meta property=\"og:type\" content=\"article\" \/>\n<meta property=\"og:title\" content=\"Galv\u00e3o defende convoca\u00e7\u00e3o de Everton Ribeiro para sele\u00e7\u00e3o brasileira\" \/>\n<meta property=\"og:description\" content=\"Narrador e apresentador do Grupo Globo, Galv\u00e3o Bueno pediu a convoca\u00e7\u00e3o de Everton Ribeiro para a sele\u00e7\u00e3o brasileira &#8211; aproveitando que Tite foi ao Maracan\u00e3 assistir a Fluminense 1 x 2 Flamengo ontem. Na opini\u00e3o do locutor, entre os jogadores em campo, o de maior destaque \u00e9 o meio-campista rubro-negro. Galv\u00e3o afirmou ainda que Gabigol [&hellip;]\" \/>\n<meta property=\"og:url\" content=\"https:\/\/www.gaveanews.com\/index.php\/2020\/09\/10\/galvao-defende-convocacao-de-everton-ribeiro-para-selecao-brasileira\/\" \/>\n<meta property=\"og:site_name\" content=\"G\u00e1vea News\" \/>\n<meta property=\"article:publisher\" content=\"https:\/\/facebook.com\/gaveaNews\/\" \/>\n<meta property=\"article:published_time\" content=\"2020-09-10T18:52:28+00:00\" \/>\n<meta property=\"article:modified_time\" content=\"2020-09-10T18:52:30+00:00\" \/>\n<meta property=\"og:image\" content=\"https:\/\/www.gaveanews.com\/wp-content\/uploads\/Everton-Ribeiro-em-acao-pelo-Flamengo-na-partida-contra-o-Fortaleza.webp\" \/>\n\t<meta property=\"og:image:width\" content=\"800\" \/>\n\t<meta property=\"og:image:height\" content=\"533\" \/>\n\t<meta property=\"og:image:type\" content=\"image\/jpeg\" \/>\n<meta name=\"author\" content=\"Equipe G\u00e1vea News\" \/>\n<meta name=\"twitter:card\" content=\"summary_large_image\" \/>\n<meta name=\"twitter:label1\" content=\"Escrito por\" \/>\n\t<meta name=\"twitter:data1\" content=\"Equipe G\u00e1vea News\" \/>\n\t<meta name=\"twitter:label2\" content=\"Est. tempo de leitura\" \/>\n\t<meta name=\"twitter:data2\" content=\"1 minuto\" \/>\n<script type=\"application\/ld+json\" class=\"yoast-schema-graph\">{\"@context\":\"https:\/\/schema.org\",\"@graph\":[{\"@type\":\"NewsArticle\",\"@id\":\"https:\/\/www.gaveanews.com\/index.php\/2020\/09\/10\/galvao-defende-convocacao-de-everton-ribeiro-para-selecao-brasileira\/#article\",\"isPartOf\":{\"@id\":\"https:\/\/www.gaveanews.com\/index.php\/2020\/09\/10\/galvao-defende-convocacao-de-everton-ribeiro-para-selecao-brasileira\/\"},\"author\":{\"name\":\"Equipe G\u00e1vea News\",\"@id\":\"https:\/\/www.gaveanews.com\/#\/schema\/person\/2ec14f73fb96be2caf28f91afb14749d\"},\"headline\":\"Galv\u00e3o defende convoca\u00e7\u00e3o de Everton Ribeiro para sele\u00e7\u00e3o brasileira\",\"datePublished\":\"2020-09-10T18:52:28+00:00\",\"dateModified\":\"2020-09-10T18:52:30+00:00\",\"mainEntityOfPage\":{\"@id\":\"https:\/\/www.gaveanews.com\/index.php\/2020\/09\/10\/galvao-defende-convocacao-de-everton-ribeiro-para-selecao-brasileira\/\"},\"wordCount\":266,\"commentCount\":9,\"image\":{\"@id\":\"https:\/\/www.gaveanews.com\/index.php\/2020\/09\/10\/galvao-defende-convocacao-de-everton-ribeiro-para-selecao-brasileira\/#primaryimage\"},\"thumbnailUrl\":\"https:\/\/www.gaveanews.com\/wp-content\/uploads\/Everton-Ribeiro-em-acao-pelo-Flamengo-na-partida-contra-o-Fortaleza.webp\",\"articleSection\":[\"Flamengo\"],\"inLanguage\":\"pt-BR\",\"potentialAction\":[{\"@type\":\"CommentAction\",\"name\":\"Comment\",\"target\":[\"https:\/\/www.gaveanews.com\/index.php\/2020\/09\/10\/galvao-defende-convocacao-de-everton-ribeiro-para-selecao-brasileira\/#respond\"]}],\"copyrightYear\":\"2020\",\"copyrightHolder\":{\"@id\":\"https:\/\/www.gaveanews.com\/#organization\"}},{\"@type\":\"WebPage\",\"@id\":\"https:\/\/www.gaveanews.com\/index.php\/2020\/09\/10\/galvao-defende-convocacao-de-everton-ribeiro-para-selecao-brasileira\/\",\"url\":\"https:\/\/www.gaveanews.com\/index.php\/2020\/09\/10\/galvao-defende-convocacao-de-everton-ribeiro-para-selecao-brasileira\/\",\"name\":\"Galv\u00e3o defende convoca\u00e7\u00e3o de Everton Ribeiro para sele\u00e7\u00e3o brasileira\",\"isPartOf\":{\"@id\":\"https:\/\/www.gaveanews.com\/#website\"},\"primaryImageOfPage\":{\"@id\":\"https:\/\/www.gaveanews.com\/index.php\/2020\/09\/10\/galvao-defende-convocacao-de-everton-ribeiro-para-selecao-brasileira\/#primaryimage\"},\"image\":{\"@id\":\"https:\/\/www.gaveanews.com\/index.php\/2020\/09\/10\/galvao-defende-convocacao-de-everton-ribeiro-para-selecao-brasileira\/#primaryimage\"},\"thumbnailUrl\":\"https:\/\/www.gaveanews.com\/wp-content\/uploads\/Everton-Ribeiro-em-acao-pelo-Flamengo-na-partida-contra-o-Fortaleza.webp\",\"datePublished\":\"2020-09-10T18:52:28+00:00\",\"dateModified\":\"2020-09-10T18:52:30+00:00\",\"author\":{\"@id\":\"https:\/\/www.gaveanews.com\/#\/schema\/person\/2ec14f73fb96be2caf28f91afb14749d\"},\"breadcrumb\":{\"@id\":\"https:\/\/www.gaveanews.com\/index.php\/2020\/09\/10\/galvao-defende-convocacao-de-everton-ribeiro-para-selecao-brasileira\/#breadcrumb\"},\"inLanguage\":\"pt-BR\",\"potentialAction\":[{\"@type\":\"ReadAction\",\"target\":[\"https:\/\/www.gaveanews.com\/index.php\/2020\/09\/10\/galvao-defende-convocacao-de-everton-ribeiro-para-selecao-brasileira\/\"]}]},{\"@type\":\"ImageObject\",\"inLanguage\":\"pt-BR\",\"@id\":\"https:\/\/www.gaveanews.com\/index.php\/2020\/09\/10\/galvao-defende-convocacao-de-everton-ribeiro-para-selecao-brasileira\/#primaryimage\",\"url\":\"https:\/\/www.gaveanews.com\/wp-content\/uploads\/Everton-Ribeiro-em-acao-pelo-Flamengo-na-partida-contra-o-Fortaleza.webp\",\"contentUrl\":\"https:\/\/www.gaveanews.com\/wp-content\/uploads\/Everton-Ribeiro-em-acao-pelo-Flamengo-na-partida-contra-o-Fortaleza.webp\",\"width\":800,\"height\":533,\"caption\":\"Everton Ribeiro em a\u00e7\u00e3o pelo Flamengo na partida contra o Fortaleza (Foto: Alexandre Vidal\/Flamengo)\"},{\"@type\":\"BreadcrumbList\",\"@id\":\"https:\/\/www.gaveanews.com\/index.php\/2020\/09\/10\/galvao-defende-convocacao-de-everton-ribeiro-para-selecao-brasileira\/#breadcrumb\",\"itemListElement\":[{\"@type\":\"ListItem\",\"position\":1,\"name\":\"Home\",\"item\":\"https:\/\/www.gaveanews.com\/\"},{\"@type\":\"ListItem\",\"position\":2,\"name\":\"Galv\u00e3o defende convoca\u00e7\u00e3o de Everton Ribeiro para sele\u00e7\u00e3o brasileira\"}]},{\"@type\":\"WebSite\",\"@id\":\"https:\/\/www.gaveanews.com\/#website\",\"url\":\"https:\/\/www.gaveanews.com\/\",\"name\":\"G\u00e1vea News\",\"description\":\"Veja todas as not\u00edcias sobre o Flamengo: Contrata\u00e7\u00f5es, categorias de base, resultados das partidas, tabela de classifica\u00e7\u00e3o, pr\u00f3ximos jogos!\",\"potentialAction\":[{\"@type\":\"SearchAction\",\"target\":{\"@type\":\"EntryPoint\",\"urlTemplate\":\"https:\/\/www.gaveanews.com\/?s={search_term_string}\"},\"query-input\":{\"@type\":\"PropertyValueSpecification\",\"valueRequired\":true,\"valueName\":\"search_term_string\"}}],\"inLanguage\":\"pt-BR\"},{\"@type\":\"Person\",\"@id\":\"https:\/\/www.gaveanews.com\/#\/schema\/person\/2ec14f73fb96be2caf28f91afb14749d\",\"name\":\"Equipe G\u00e1vea News\",\"image\":{\"@type\":\"ImageObject\",\"inLanguage\":\"pt-BR\",\"@id\":\"https:\/\/www.gaveanews.com\/#\/schema\/person\/image\/\",\"url\":\"https:\/\/secure.gravatar.com\/avatar\/1e1956f1facbffd3f8fa53a326721950116b3b9dc9bd44939c01180fd4a745a9?s=96&d=mm&r=g\",\"contentUrl\":\"https:\/\/secure.gravatar.com\/avatar\/1e1956f1facbffd3f8fa53a326721950116b3b9dc9bd44939c01180fd4a745a9?s=96&d=mm&r=g\",\"caption\":\"Equipe G\u00e1vea News\"}}]}<\/script>\n<!-- \/ Yoast SEO Premium plugin. -->","yoast_head_json":{"title":"Galv\u00e3o defende convoca\u00e7\u00e3o de Everton Ribeiro para sele\u00e7\u00e3o brasileira","robots":{"index":"index","follow":"follow","max-snippet":"max-snippet:-1","max-image-preview":"max-image-preview:large","max-video-preview":"max-video-preview:-1"},"canonical":"https:\/\/www.gaveanews.com\/index.php\/2020\/09\/10\/galvao-defende-convocacao-de-everton-ribeiro-para-selecao-brasileira\/","og_locale":"pt_BR","og_type":"article","og_title":"Galv\u00e3o defende convoca\u00e7\u00e3o de Everton Ribeiro para sele\u00e7\u00e3o brasileira","og_description":"Narrador e apresentador do Grupo Globo, Galv\u00e3o Bueno pediu a convoca\u00e7\u00e3o de Everton Ribeiro para a sele\u00e7\u00e3o brasileira &#8211; aproveitando que Tite foi ao Maracan\u00e3 assistir a Fluminense 1 x 2 Flamengo ontem. Na opini\u00e3o do locutor, entre os jogadores em campo, o de maior destaque \u00e9 o meio-campista rubro-negro. Galv\u00e3o afirmou ainda que Gabigol [&hellip;]","og_url":"https:\/\/www.gaveanews.com\/index.php\/2020\/09\/10\/galvao-defende-convocacao-de-everton-ribeiro-para-selecao-brasileira\/","og_site_name":"G\u00e1vea News","article_publisher":"https:\/\/facebook.com\/gaveaNews\/","article_published_time":"2020-09-10T18:52:28+00:00","article_modified_time":"2020-09-10T18:52:30+00:00","og_image":[{"width":800,"height":533,"url":"https:\/\/www.gaveanews.com\/wp-content\/uploads\/Everton-Ribeiro-em-acao-pelo-Flamengo-na-partida-contra-o-Fortaleza.webp","type":"image\/jpeg"}],"author":"Equipe G\u00e1vea News","twitter_card":"summary_large_image","twitter_misc":{"Escrito por":"Equipe G\u00e1vea News","Est. tempo de leitura":"1 minuto"},"schema":{"@context":"https:\/\/schema.org","@graph":[{"@type":"NewsArticle","@id":"https:\/\/www.gaveanews.com\/index.php\/2020\/09\/10\/galvao-defende-convocacao-de-everton-ribeiro-para-selecao-brasileira\/#article","isPartOf":{"@id":"https:\/\/www.gaveanews.com\/index.php\/2020\/09\/10\/galvao-defende-convocacao-de-everton-ribeiro-para-selecao-brasileira\/"},"author":{"name":"Equipe G\u00e1vea News","@id":"https:\/\/www.gaveanews.com\/#\/schema\/person\/2ec14f73fb96be2caf28f91afb14749d"},"headline":"Galv\u00e3o defende convoca\u00e7\u00e3o de Everton Ribeiro para sele\u00e7\u00e3o brasileira","datePublished":"2020-09-10T18:52:28+00:00","dateModified":"2020-09-10T18:52:30+00:00","mainEntityOfPage":{"@id":"https:\/\/www.gaveanews.com\/index.php\/2020\/09\/10\/galvao-defende-convocacao-de-everton-ribeiro-para-selecao-brasileira\/"},"wordCount":266,"commentCount":9,"image":{"@id":"https:\/\/www.gaveanews.com\/index.php\/2020\/09\/10\/galvao-defende-convocacao-de-everton-ribeiro-para-selecao-brasileira\/#primaryimage"},"thumbnailUrl":"https:\/\/www.gaveanews.com\/wp-content\/uploads\/Everton-Ribeiro-em-acao-pelo-Flamengo-na-partida-contra-o-Fortaleza.webp","articleSection":["Flamengo"],"inLanguage":"pt-BR","potentialAction":[{"@type":"CommentAction","name":"Comment","target":["https:\/\/www.gaveanews.com\/index.php\/2020\/09\/10\/galvao-defende-convocacao-de-everton-ribeiro-para-selecao-brasileira\/#respond"]}],"copyrightYear":"2020","copyrightHolder":{"@id":"https:\/\/www.gaveanews.com\/#organization"}},{"@type":"WebPage","@id":"https:\/\/www.gaveanews.com\/index.php\/2020\/09\/10\/galvao-defende-convocacao-de-everton-ribeiro-para-selecao-brasileira\/","url":"https:\/\/www.gaveanews.com\/index.php\/2020\/09\/10\/galvao-defende-convocacao-de-everton-ribeiro-para-selecao-brasileira\/","name":"Galv\u00e3o defende convoca\u00e7\u00e3o de Everton Ribeiro para sele\u00e7\u00e3o brasileira","isPartOf":{"@id":"https:\/\/www.gaveanews.com\/#website"},"primaryImageOfPage":{"@id":"https:\/\/www.gaveanews.com\/index.php\/2020\/09\/10\/galvao-defende-convocacao-de-everton-ribeiro-para-selecao-brasileira\/#primaryimage"},"image":{"@id":"https:\/\/www.gaveanews.com\/index.php\/2020\/09\/10\/galvao-defende-convocacao-de-everton-ribeiro-para-selecao-brasileira\/#primaryimage"},"thumbnailUrl":"https:\/\/www.gaveanews.com\/wp-content\/uploads\/Everton-Ribeiro-em-acao-pelo-Flamengo-na-partida-contra-o-Fortaleza.webp","datePublished":"2020-09-10T18:52:28+00:00","dateModified":"2020-09-10T18:52:30+00:00","author":{"@id":"https:\/\/www.gaveanews.com\/#\/schema\/person\/2ec14f73fb96be2caf28f91afb14749d"},"breadcrumb":{"@id":"https:\/\/www.gaveanews.com\/index.php\/2020\/09\/10\/galvao-defende-convocacao-de-everton-ribeiro-para-selecao-brasileira\/#breadcrumb"},"inLanguage":"pt-BR","potentialAction":[{"@type":"ReadAction","target":["https:\/\/www.gaveanews.com\/index.php\/2020\/09\/10\/galvao-defende-convocacao-de-everton-ribeiro-para-selecao-brasileira\/"]}]},{"@type":"ImageObject","inLanguage":"pt-BR","@id":"https:\/\/www.gaveanews.com\/index.php\/2020\/09\/10\/galvao-defende-convocacao-de-everton-ribeiro-para-selecao-brasileira\/#primaryimage","url":"https:\/\/www.gaveanews.com\/wp-content\/uploads\/Everton-Ribeiro-em-acao-pelo-Flamengo-na-partida-contra-o-Fortaleza.webp","contentUrl":"https:\/\/www.gaveanews.com\/wp-content\/uploads\/Everton-Ribeiro-em-acao-pelo-Flamengo-na-partida-contra-o-Fortaleza.webp","width":800,"height":533,"caption":"Everton Ribeiro em a\u00e7\u00e3o pelo Flamengo na partida contra o Fortaleza (Foto: Alexandre Vidal\/Flamengo)"},{"@type":"BreadcrumbList","@id":"https:\/\/www.gaveanews.com\/index.php\/2020\/09\/10\/galvao-defende-convocacao-de-everton-ribeiro-para-selecao-brasileira\/#breadcrumb","itemListElement":[{"@type":"ListItem","position":1,"name":"Home","item":"https:\/\/www.gaveanews.com\/"},{"@type":"ListItem","position":2,"name":"Galv\u00e3o defende convoca\u00e7\u00e3o de Everton Ribeiro para sele\u00e7\u00e3o brasileira"}]},{"@type":"WebSite","@id":"https:\/\/www.gaveanews.com\/#website","url":"https:\/\/www.gaveanews.com\/","name":"G\u00e1vea News","description":"Veja todas as not\u00edcias sobre o Flamengo: Contrata\u00e7\u00f5es, categorias de base, resultados das partidas, tabela de classifica\u00e7\u00e3o, pr\u00f3ximos jogos!","potentialAction":[{"@type":"SearchAction","target":{"@type":"EntryPoint","urlTemplate":"https:\/\/www.gaveanews.com\/?s={search_term_string}"},"query-input":{"@type":"PropertyValueSpecification","valueRequired":true,"valueName":"search_term_string"}}],"inLanguage":"pt-BR"},{"@type":"Person","@id":"https:\/\/www.gaveanews.com\/#\/schema\/person\/2ec14f73fb96be2caf28f91afb14749d","name":"Equipe G\u00e1vea News","image":{"@type":"ImageObject","inLanguage":"pt-BR","@id":"https:\/\/www.gaveanews.com\/#\/schema\/person\/image\/","url":"https:\/\/secure.gravatar.com\/avatar\/1e1956f1facbffd3f8fa53a326721950116b3b9dc9bd44939c01180fd4a745a9?s=96&d=mm&r=g","contentUrl":"https:\/\/secure.gravatar.com\/avatar\/1e1956f1facbffd3f8fa53a326721950116b3b9dc9bd44939c01180fd4a745a9?s=96&d=mm&r=g","caption":"Equipe G\u00e1vea News"}}]}},"_links":{"self":[{"href":"https:\/\/www.gaveanews.com\/index.php\/wp-json\/wp\/v2\/posts\/47199","targetHints":{"allow":["GET"]}}],"collection":[{"href":"https:\/\/www.gaveanews.com\/index.php\/wp-json\/wp\/v2\/posts"}],"about":[{"href":"https:\/\/www.gaveanews.com\/index.php\/wp-json\/wp\/v2\/types\/post"}],"author":[{"embeddable":true,"href":"https:\/\/www.gaveanews.com\/index.php\/wp-json\/wp\/v2\/users\/1"}],"replies":[{"embeddable":true,"href":"https:\/\/www.gaveanews.com\/index.php\/wp-json\/wp\/v2\/comments?post=47199"}],"version-history":[{"count":0,"href":"https:\/\/www.gaveanews.com\/index.php\/wp-json\/wp\/v2\/posts\/47199\/revisions"}],"wp:featuredmedia":[{"embeddable":true,"href":"https:\/\/www.gaveanews.com\/index.php\/wp-json\/wp\/v2\/media\/47004"}],"wp:attachment":[{"href":"https:\/\/www.gaveanews.com\/index.php\/wp-json\/wp\/v2\/media?parent=47199"}],"wp:term":[{"taxonomy":"category","embeddable":true,"href":"https:\/\/www.gaveanews.com\/index.php\/wp-json\/wp\/v2\/categories?post=47199"},{"taxonomy":"post_tag","embeddable":true,"href":"https:\/\/www.gaveanews.com\/index.php\/wp-json\/wp\/v2\/tags?post=47199"}],"curies":[{"name":"wp","href":"https:\/\/api.w.org\/{rel}","templated":true}]}}