{"id":47202,"date":"2020-09-10T16:15:39","date_gmt":"2020-09-10T19:15:39","guid":{"rendered":"https:\/\/www.gaveanews.com\/?p=47202"},"modified":"2020-09-10T16:04:26","modified_gmt":"2020-09-10T19:04:26","slug":"video-filipe-luis-celebra-mudanca-em-vestiario-do-maracana","status":"publish","type":"post","link":"https:\/\/www.gaveanews.com\/index.php\/2020\/09\/10\/video-filipe-luis-celebra-mudanca-em-vestiario-do-maracana\/","title":{"rendered":"V\u00eddeo: Filipe Lu\u00eds celebra mudan\u00e7a em vesti\u00e1rio do Maracan\u00e3"},"content":{"rendered":"\n<p>Al\u00e9m de ter deixado sua marca no triunfo por 2 a 1 do Flamengo diante do Fluminense, Filipe Lu\u00eds teve outros motivos para celebrar no Maracan\u00e3. Isso porque o escudo do Rubro-Negro no vesti\u00e1rio do time, que antes ficava no ch\u00e3o, foi deslocado para o teto. Anteriormente, por respeito, o lateral evitava pisar no s\u00edmbolo, e ele aprovou a mudan\u00e7a feita no local.<\/p>\n\n\n\n<p>\u201cPega o escudo no teto. A partir de agora, respeito m\u00e1ximo. Eu fiquei muito feliz tamb\u00e9m, principalmente porque tiraram do ch\u00e3o. O escudo do Flamengo n\u00e3o se pisa, n\u00e3o deve nunca estar no ch\u00e3o, n\u00e3o deve nunca estar em uma lixeira, tem que proteger e cuidar muito bem do nosso escudo, que a gente ama e jogamos por ele. Pelo menos, eu. Acredito que meus companheiros e todos os torcedores t\u00eam o mesmo sentimento pelo escudo, que representa muito pra gente. Temos que cuidar com o m\u00e1ximo carinho e j\u00e1 deu sorte tamb\u00e9m, ent\u00e3o tem que continuar\u201d, declarou.<\/p>\n\n\n\n<p><strong>Assista ao v\u00eddeo abaixo:<\/strong><\/p>\n\n\n\n<figure class=\"wp-block-embed-twitter wp-block-embed is-type-rich is-provider-twitter\"><div class=\"wp-block-embed__wrapper\">\n<blockquote class=\"twitter-tweet\" data-width=\"550\" data-dnt=\"true\"><p lang=\"pt\" dir=\"ltr\">Escudo no teto, canhotinha afiada, gol e vit\u00f3ria do Meng\u00e3o.  Noite perfeita n\u00e9, <a href=\"https:\/\/twitter.com\/filipeluis?ref_src=twsrc%5Etfw\">@filipeluis<\/a>? \ud83d\ude0d <a href=\"https:\/\/twitter.com\/hashtag\/CRF?src=hash&amp;ref_src=twsrc%5Etfw\">#CRF<\/a> <a href=\"https:\/\/t.co\/RR7lHkWyYu\">pic.twitter.com\/RR7lHkWyYu<\/a><\/p>&mdash; Flamengo (@Flamengo) <a href=\"https:\/\/twitter.com\/Flamengo\/status\/1303902171805683713?ref_src=twsrc%5Etfw\">September 10, 2020<\/a><\/blockquote><script async src=\"https:\/\/platform.twitter.com\/widgets.js\" charset=\"utf-8\"><\/script>\n<\/div><\/figure>\n\n\n\n<p>Retirado de: Torcedores<\/p>\n","protected":false},"excerpt":{"rendered":"<p>Al\u00e9m de ter deixado sua marca no triunfo por 2 a 1 do Flamengo diante do Fluminense, Filipe Lu\u00eds teve outros motivos para celebrar no Maracan\u00e3. Isso porque o escudo do Rubro-Negro no vesti\u00e1rio do time, que antes ficava no ch\u00e3o, foi deslocado para o teto. Anteriormente, por respeito, o lateral evitava pisar no s\u00edmbolo, [&hellip;]<\/p>\n","protected":false},"author":1,"featured_media":47088,"comment_status":"open","ping_status":"closed","sticky":false,"template":"","format":"standard","meta":{"footnotes":""},"categories":[1],"tags":[],"class_list":["post-47202","post","type-post","status-publish","format-standard","has-post-thumbnail","hentry","category-flamengo"],"yoast_head":"<!-- This site is optimized with the Yoast SEO Premium plugin v24.2 (Yoast SEO v26.9) - https:\/\/yoast.com\/product\/yoast-seo-premium-wordpress\/ -->\n<title>V\u00eddeo: Filipe Lu\u00eds celebra mudan\u00e7a em vesti\u00e1rio do Maracan\u00e3<\/title>\n<meta name=\"robots\" content=\"index, follow, max-snippet:-1, max-image-preview:large, max-video-preview:-1\" \/>\n<link rel=\"canonical\" href=\"https:\/\/www.gaveanews.com\/index.php\/2020\/09\/10\/video-filipe-luis-celebra-mudanca-em-vestiario-do-maracana\/\" \/>\n<meta property=\"og:locale\" content=\"pt_BR\" \/>\n<meta property=\"og:type\" content=\"article\" \/>\n<meta property=\"og:title\" content=\"V\u00eddeo: Filipe Lu\u00eds celebra mudan\u00e7a em vesti\u00e1rio do Maracan\u00e3\" \/>\n<meta property=\"og:description\" content=\"Al\u00e9m de ter deixado sua marca no triunfo por 2 a 1 do Flamengo diante do Fluminense, Filipe Lu\u00eds teve outros motivos para celebrar no Maracan\u00e3. Isso porque o escudo do Rubro-Negro no vesti\u00e1rio do time, que antes ficava no ch\u00e3o, foi deslocado para o teto. Anteriormente, por respeito, o lateral evitava pisar no s\u00edmbolo, [&hellip;]\" \/>\n<meta property=\"og:url\" content=\"https:\/\/www.gaveanews.com\/index.php\/2020\/09\/10\/video-filipe-luis-celebra-mudanca-em-vestiario-do-maracana\/\" \/>\n<meta property=\"og:site_name\" content=\"G\u00e1vea News\" \/>\n<meta property=\"article:publisher\" content=\"https:\/\/facebook.com\/gaveaNews\/\" \/>\n<meta property=\"article:published_time\" content=\"2020-09-10T19:15:39+00:00\" \/>\n<meta property=\"og:image\" content=\"https:\/\/www.gaveanews.com\/wp-content\/uploads\/Filipe-Luis-em-acao-pelo-Flamengo-no-classico-diante-do-Fluminense.webp\" \/>\n\t<meta property=\"og:image:width\" content=\"800\" \/>\n\t<meta property=\"og:image:height\" content=\"533\" \/>\n\t<meta property=\"og:image:type\" content=\"image\/jpeg\" \/>\n<meta name=\"author\" content=\"Equipe G\u00e1vea News\" \/>\n<meta name=\"twitter:card\" content=\"summary_large_image\" \/>\n<meta name=\"twitter:label1\" content=\"Escrito por\" \/>\n\t<meta name=\"twitter:data1\" content=\"Equipe G\u00e1vea News\" \/>\n\t<meta name=\"twitter:label2\" content=\"Est. tempo de leitura\" \/>\n\t<meta name=\"twitter:data2\" content=\"1 minuto\" \/>\n<script type=\"application\/ld+json\" class=\"yoast-schema-graph\">{\"@context\":\"https:\/\/schema.org\",\"@graph\":[{\"@type\":\"NewsArticle\",\"@id\":\"https:\/\/www.gaveanews.com\/index.php\/2020\/09\/10\/video-filipe-luis-celebra-mudanca-em-vestiario-do-maracana\/#article\",\"isPartOf\":{\"@id\":\"https:\/\/www.gaveanews.com\/index.php\/2020\/09\/10\/video-filipe-luis-celebra-mudanca-em-vestiario-do-maracana\/\"},\"author\":{\"name\":\"Equipe G\u00e1vea News\",\"@id\":\"https:\/\/www.gaveanews.com\/#\/schema\/person\/2ec14f73fb96be2caf28f91afb14749d\"},\"headline\":\"V\u00eddeo: Filipe Lu\u00eds celebra mudan\u00e7a em vesti\u00e1rio do Maracan\u00e3\",\"datePublished\":\"2020-09-10T19:15:39+00:00\",\"mainEntityOfPage\":{\"@id\":\"https:\/\/www.gaveanews.com\/index.php\/2020\/09\/10\/video-filipe-luis-celebra-mudanca-em-vestiario-do-maracana\/\"},\"wordCount\":225,\"commentCount\":14,\"image\":{\"@id\":\"https:\/\/www.gaveanews.com\/index.php\/2020\/09\/10\/video-filipe-luis-celebra-mudanca-em-vestiario-do-maracana\/#primaryimage\"},\"thumbnailUrl\":\"https:\/\/www.gaveanews.com\/wp-content\/uploads\/Filipe-Luis-em-acao-pelo-Flamengo-no-classico-diante-do-Fluminense.webp\",\"articleSection\":[\"Flamengo\"],\"inLanguage\":\"pt-BR\",\"potentialAction\":[{\"@type\":\"CommentAction\",\"name\":\"Comment\",\"target\":[\"https:\/\/www.gaveanews.com\/index.php\/2020\/09\/10\/video-filipe-luis-celebra-mudanca-em-vestiario-do-maracana\/#respond\"]}],\"copyrightYear\":\"2020\",\"copyrightHolder\":{\"@id\":\"https:\/\/www.gaveanews.com\/#organization\"}},{\"@type\":\"WebPage\",\"@id\":\"https:\/\/www.gaveanews.com\/index.php\/2020\/09\/10\/video-filipe-luis-celebra-mudanca-em-vestiario-do-maracana\/\",\"url\":\"https:\/\/www.gaveanews.com\/index.php\/2020\/09\/10\/video-filipe-luis-celebra-mudanca-em-vestiario-do-maracana\/\",\"name\":\"V\u00eddeo: Filipe Lu\u00eds celebra mudan\u00e7a em vesti\u00e1rio do Maracan\u00e3\",\"isPartOf\":{\"@id\":\"https:\/\/www.gaveanews.com\/#website\"},\"primaryImageOfPage\":{\"@id\":\"https:\/\/www.gaveanews.com\/index.php\/2020\/09\/10\/video-filipe-luis-celebra-mudanca-em-vestiario-do-maracana\/#primaryimage\"},\"image\":{\"@id\":\"https:\/\/www.gaveanews.com\/index.php\/2020\/09\/10\/video-filipe-luis-celebra-mudanca-em-vestiario-do-maracana\/#primaryimage\"},\"thumbnailUrl\":\"https:\/\/www.gaveanews.com\/wp-content\/uploads\/Filipe-Luis-em-acao-pelo-Flamengo-no-classico-diante-do-Fluminense.webp\",\"datePublished\":\"2020-09-10T19:15:39+00:00\",\"author\":{\"@id\":\"https:\/\/www.gaveanews.com\/#\/schema\/person\/2ec14f73fb96be2caf28f91afb14749d\"},\"breadcrumb\":{\"@id\":\"https:\/\/www.gaveanews.com\/index.php\/2020\/09\/10\/video-filipe-luis-celebra-mudanca-em-vestiario-do-maracana\/#breadcrumb\"},\"inLanguage\":\"pt-BR\",\"potentialAction\":[{\"@type\":\"ReadAction\",\"target\":[\"https:\/\/www.gaveanews.com\/index.php\/2020\/09\/10\/video-filipe-luis-celebra-mudanca-em-vestiario-do-maracana\/\"]}]},{\"@type\":\"ImageObject\",\"inLanguage\":\"pt-BR\",\"@id\":\"https:\/\/www.gaveanews.com\/index.php\/2020\/09\/10\/video-filipe-luis-celebra-mudanca-em-vestiario-do-maracana\/#primaryimage\",\"url\":\"https:\/\/www.gaveanews.com\/wp-content\/uploads\/Filipe-Luis-em-acao-pelo-Flamengo-no-classico-diante-do-Fluminense.webp\",\"contentUrl\":\"https:\/\/www.gaveanews.com\/wp-content\/uploads\/Filipe-Luis-em-acao-pelo-Flamengo-no-classico-diante-do-Fluminense.webp\",\"width\":800,\"height\":533,\"caption\":\"Filipe Lu\u00eds em a\u00e7\u00e3o pelo Flamengo no cl\u00e1ssico diante do Fluminense (Foto: Marcelo Cortes\/Flamengo)\"},{\"@type\":\"BreadcrumbList\",\"@id\":\"https:\/\/www.gaveanews.com\/index.php\/2020\/09\/10\/video-filipe-luis-celebra-mudanca-em-vestiario-do-maracana\/#breadcrumb\",\"itemListElement\":[{\"@type\":\"ListItem\",\"position\":1,\"name\":\"Home\",\"item\":\"https:\/\/www.gaveanews.com\/\"},{\"@type\":\"ListItem\",\"position\":2,\"name\":\"V\u00eddeo: Filipe Lu\u00eds celebra mudan\u00e7a em vesti\u00e1rio do Maracan\u00e3\"}]},{\"@type\":\"WebSite\",\"@id\":\"https:\/\/www.gaveanews.com\/#website\",\"url\":\"https:\/\/www.gaveanews.com\/\",\"name\":\"G\u00e1vea News\",\"description\":\"Veja todas as not\u00edcias sobre o Flamengo: Contrata\u00e7\u00f5es, categorias de base, resultados das partidas, tabela de classifica\u00e7\u00e3o, pr\u00f3ximos jogos!\",\"potentialAction\":[{\"@type\":\"SearchAction\",\"target\":{\"@type\":\"EntryPoint\",\"urlTemplate\":\"https:\/\/www.gaveanews.com\/?s={search_term_string}\"},\"query-input\":{\"@type\":\"PropertyValueSpecification\",\"valueRequired\":true,\"valueName\":\"search_term_string\"}}],\"inLanguage\":\"pt-BR\"},{\"@type\":\"Person\",\"@id\":\"https:\/\/www.gaveanews.com\/#\/schema\/person\/2ec14f73fb96be2caf28f91afb14749d\",\"name\":\"Equipe G\u00e1vea News\",\"image\":{\"@type\":\"ImageObject\",\"inLanguage\":\"pt-BR\",\"@id\":\"https:\/\/www.gaveanews.com\/#\/schema\/person\/image\/\",\"url\":\"https:\/\/secure.gravatar.com\/avatar\/1e1956f1facbffd3f8fa53a326721950116b3b9dc9bd44939c01180fd4a745a9?s=96&d=mm&r=g\",\"contentUrl\":\"https:\/\/secure.gravatar.com\/avatar\/1e1956f1facbffd3f8fa53a326721950116b3b9dc9bd44939c01180fd4a745a9?s=96&d=mm&r=g\",\"caption\":\"Equipe G\u00e1vea News\"}}]}<\/script>\n<!-- \/ Yoast SEO Premium plugin. -->","yoast_head_json":{"title":"V\u00eddeo: Filipe Lu\u00eds celebra mudan\u00e7a em vesti\u00e1rio do Maracan\u00e3","robots":{"index":"index","follow":"follow","max-snippet":"max-snippet:-1","max-image-preview":"max-image-preview:large","max-video-preview":"max-video-preview:-1"},"canonical":"https:\/\/www.gaveanews.com\/index.php\/2020\/09\/10\/video-filipe-luis-celebra-mudanca-em-vestiario-do-maracana\/","og_locale":"pt_BR","og_type":"article","og_title":"V\u00eddeo: Filipe Lu\u00eds celebra mudan\u00e7a em vesti\u00e1rio do Maracan\u00e3","og_description":"Al\u00e9m de ter deixado sua marca no triunfo por 2 a 1 do Flamengo diante do Fluminense, Filipe Lu\u00eds teve outros motivos para celebrar no Maracan\u00e3. Isso porque o escudo do Rubro-Negro no vesti\u00e1rio do time, que antes ficava no ch\u00e3o, foi deslocado para o teto. Anteriormente, por respeito, o lateral evitava pisar no s\u00edmbolo, [&hellip;]","og_url":"https:\/\/www.gaveanews.com\/index.php\/2020\/09\/10\/video-filipe-luis-celebra-mudanca-em-vestiario-do-maracana\/","og_site_name":"G\u00e1vea News","article_publisher":"https:\/\/facebook.com\/gaveaNews\/","article_published_time":"2020-09-10T19:15:39+00:00","og_image":[{"width":800,"height":533,"url":"https:\/\/www.gaveanews.com\/wp-content\/uploads\/Filipe-Luis-em-acao-pelo-Flamengo-no-classico-diante-do-Fluminense.webp","type":"image\/jpeg"}],"author":"Equipe G\u00e1vea News","twitter_card":"summary_large_image","twitter_misc":{"Escrito por":"Equipe G\u00e1vea News","Est. tempo de leitura":"1 minuto"},"schema":{"@context":"https:\/\/schema.org","@graph":[{"@type":"NewsArticle","@id":"https:\/\/www.gaveanews.com\/index.php\/2020\/09\/10\/video-filipe-luis-celebra-mudanca-em-vestiario-do-maracana\/#article","isPartOf":{"@id":"https:\/\/www.gaveanews.com\/index.php\/2020\/09\/10\/video-filipe-luis-celebra-mudanca-em-vestiario-do-maracana\/"},"author":{"name":"Equipe G\u00e1vea News","@id":"https:\/\/www.gaveanews.com\/#\/schema\/person\/2ec14f73fb96be2caf28f91afb14749d"},"headline":"V\u00eddeo: Filipe Lu\u00eds celebra mudan\u00e7a em vesti\u00e1rio do Maracan\u00e3","datePublished":"2020-09-10T19:15:39+00:00","mainEntityOfPage":{"@id":"https:\/\/www.gaveanews.com\/index.php\/2020\/09\/10\/video-filipe-luis-celebra-mudanca-em-vestiario-do-maracana\/"},"wordCount":225,"commentCount":14,"image":{"@id":"https:\/\/www.gaveanews.com\/index.php\/2020\/09\/10\/video-filipe-luis-celebra-mudanca-em-vestiario-do-maracana\/#primaryimage"},"thumbnailUrl":"https:\/\/www.gaveanews.com\/wp-content\/uploads\/Filipe-Luis-em-acao-pelo-Flamengo-no-classico-diante-do-Fluminense.webp","articleSection":["Flamengo"],"inLanguage":"pt-BR","potentialAction":[{"@type":"CommentAction","name":"Comment","target":["https:\/\/www.gaveanews.com\/index.php\/2020\/09\/10\/video-filipe-luis-celebra-mudanca-em-vestiario-do-maracana\/#respond"]}],"copyrightYear":"2020","copyrightHolder":{"@id":"https:\/\/www.gaveanews.com\/#organization"}},{"@type":"WebPage","@id":"https:\/\/www.gaveanews.com\/index.php\/2020\/09\/10\/video-filipe-luis-celebra-mudanca-em-vestiario-do-maracana\/","url":"https:\/\/www.gaveanews.com\/index.php\/2020\/09\/10\/video-filipe-luis-celebra-mudanca-em-vestiario-do-maracana\/","name":"V\u00eddeo: Filipe Lu\u00eds celebra mudan\u00e7a em vesti\u00e1rio do Maracan\u00e3","isPartOf":{"@id":"https:\/\/www.gaveanews.com\/#website"},"primaryImageOfPage":{"@id":"https:\/\/www.gaveanews.com\/index.php\/2020\/09\/10\/video-filipe-luis-celebra-mudanca-em-vestiario-do-maracana\/#primaryimage"},"image":{"@id":"https:\/\/www.gaveanews.com\/index.php\/2020\/09\/10\/video-filipe-luis-celebra-mudanca-em-vestiario-do-maracana\/#primaryimage"},"thumbnailUrl":"https:\/\/www.gaveanews.com\/wp-content\/uploads\/Filipe-Luis-em-acao-pelo-Flamengo-no-classico-diante-do-Fluminense.webp","datePublished":"2020-09-10T19:15:39+00:00","author":{"@id":"https:\/\/www.gaveanews.com\/#\/schema\/person\/2ec14f73fb96be2caf28f91afb14749d"},"breadcrumb":{"@id":"https:\/\/www.gaveanews.com\/index.php\/2020\/09\/10\/video-filipe-luis-celebra-mudanca-em-vestiario-do-maracana\/#breadcrumb"},"inLanguage":"pt-BR","potentialAction":[{"@type":"ReadAction","target":["https:\/\/www.gaveanews.com\/index.php\/2020\/09\/10\/video-filipe-luis-celebra-mudanca-em-vestiario-do-maracana\/"]}]},{"@type":"ImageObject","inLanguage":"pt-BR","@id":"https:\/\/www.gaveanews.com\/index.php\/2020\/09\/10\/video-filipe-luis-celebra-mudanca-em-vestiario-do-maracana\/#primaryimage","url":"https:\/\/www.gaveanews.com\/wp-content\/uploads\/Filipe-Luis-em-acao-pelo-Flamengo-no-classico-diante-do-Fluminense.webp","contentUrl":"https:\/\/www.gaveanews.com\/wp-content\/uploads\/Filipe-Luis-em-acao-pelo-Flamengo-no-classico-diante-do-Fluminense.webp","width":800,"height":533,"caption":"Filipe Lu\u00eds em a\u00e7\u00e3o pelo Flamengo no cl\u00e1ssico diante do Fluminense (Foto: Marcelo Cortes\/Flamengo)"},{"@type":"BreadcrumbList","@id":"https:\/\/www.gaveanews.com\/index.php\/2020\/09\/10\/video-filipe-luis-celebra-mudanca-em-vestiario-do-maracana\/#breadcrumb","itemListElement":[{"@type":"ListItem","position":1,"name":"Home","item":"https:\/\/www.gaveanews.com\/"},{"@type":"ListItem","position":2,"name":"V\u00eddeo: Filipe Lu\u00eds celebra mudan\u00e7a em vesti\u00e1rio do Maracan\u00e3"}]},{"@type":"WebSite","@id":"https:\/\/www.gaveanews.com\/#website","url":"https:\/\/www.gaveanews.com\/","name":"G\u00e1vea News","description":"Veja todas as not\u00edcias sobre o Flamengo: Contrata\u00e7\u00f5es, categorias de base, resultados das partidas, tabela de classifica\u00e7\u00e3o, pr\u00f3ximos jogos!","potentialAction":[{"@type":"SearchAction","target":{"@type":"EntryPoint","urlTemplate":"https:\/\/www.gaveanews.com\/?s={search_term_string}"},"query-input":{"@type":"PropertyValueSpecification","valueRequired":true,"valueName":"search_term_string"}}],"inLanguage":"pt-BR"},{"@type":"Person","@id":"https:\/\/www.gaveanews.com\/#\/schema\/person\/2ec14f73fb96be2caf28f91afb14749d","name":"Equipe G\u00e1vea News","image":{"@type":"ImageObject","inLanguage":"pt-BR","@id":"https:\/\/www.gaveanews.com\/#\/schema\/person\/image\/","url":"https:\/\/secure.gravatar.com\/avatar\/1e1956f1facbffd3f8fa53a326721950116b3b9dc9bd44939c01180fd4a745a9?s=96&d=mm&r=g","contentUrl":"https:\/\/secure.gravatar.com\/avatar\/1e1956f1facbffd3f8fa53a326721950116b3b9dc9bd44939c01180fd4a745a9?s=96&d=mm&r=g","caption":"Equipe G\u00e1vea News"}}]}},"_links":{"self":[{"href":"https:\/\/www.gaveanews.com\/index.php\/wp-json\/wp\/v2\/posts\/47202","targetHints":{"allow":["GET"]}}],"collection":[{"href":"https:\/\/www.gaveanews.com\/index.php\/wp-json\/wp\/v2\/posts"}],"about":[{"href":"https:\/\/www.gaveanews.com\/index.php\/wp-json\/wp\/v2\/types\/post"}],"author":[{"embeddable":true,"href":"https:\/\/www.gaveanews.com\/index.php\/wp-json\/wp\/v2\/users\/1"}],"replies":[{"embeddable":true,"href":"https:\/\/www.gaveanews.com\/index.php\/wp-json\/wp\/v2\/comments?post=47202"}],"version-history":[{"count":0,"href":"https:\/\/www.gaveanews.com\/index.php\/wp-json\/wp\/v2\/posts\/47202\/revisions"}],"wp:featuredmedia":[{"embeddable":true,"href":"https:\/\/www.gaveanews.com\/index.php\/wp-json\/wp\/v2\/media\/47088"}],"wp:attachment":[{"href":"https:\/\/www.gaveanews.com\/index.php\/wp-json\/wp\/v2\/media?parent=47202"}],"wp:term":[{"taxonomy":"category","embeddable":true,"href":"https:\/\/www.gaveanews.com\/index.php\/wp-json\/wp\/v2\/categories?post=47202"},{"taxonomy":"post_tag","embeddable":true,"href":"https:\/\/www.gaveanews.com\/index.php\/wp-json\/wp\/v2\/tags?post=47202"}],"curies":[{"name":"wp","href":"https:\/\/api.w.org\/{rel}","templated":true}]}}