{"id":47208,"date":"2020-09-10T17:19:43","date_gmt":"2020-09-10T20:19:43","guid":{"rendered":"https:\/\/www.gaveanews.com\/?p=47208"},"modified":"2020-09-10T17:21:17","modified_gmt":"2020-09-10T20:21:17","slug":"flamengo-realiza-consulta-por-lateral-da-juventus","status":"publish","type":"post","link":"https:\/\/www.gaveanews.com\/index.php\/2020\/09\/10\/flamengo-realiza-consulta-por-lateral-da-juventus\/","title":{"rendered":"Flamengo realiza consulta por lateral da Juventus"},"content":{"rendered":"\n<p>O Flamengo segue monitorando o mercado para refor\u00e7ar o elenco e a lateral direita tem sido a posi\u00e7\u00e3o mais analisada. Ap\u00f3s consultar os argentinos Fabricio Bustos, do Independiente, e Alex Vigo, do Col\u00f3n, o Rubro-Negro tamb\u00e9m sondou o brasileiro Lucas Rosa, do sub-23 da Juventus. A informa\u00e7\u00e3o \u00e9 do jornalista Victor Gammaro.<\/p>\n\n\n\n<p>Lucas Rosa tem planos de permanecer na Europa, por\u00e9m a consulta do Flamengo balan\u00e7ou o jovem lateral de 20 anos. O jogador \u00e9 agenciado por Pere Guardiola, irm\u00e3o de Pep Guardiola, com quem o t\u00e9cnico Dom\u00e8nec Torrent trabalhou como auxiliar por 11 anos de sua carreira. Lucas foi revelado pelo Taubat\u00e9, passou pelo Palmeiras e tamb\u00e9m pela Sele\u00e7\u00e3o Brasileira sub-17.<\/p>\n\n\n\n<p>O Flamengo, no entanto, adota cautela. Ap\u00f3s a sa\u00edda de Rafinha, a diretoria agiu r\u00e1pido na reposi\u00e7\u00e3o com o chileno Isla, que j\u00e1 caiu nas gra\u00e7as da torcida. Por isso, o clube se v\u00ea com tempo de analisar o mercado para fazer a melhor escolha. Al\u00e9m disso, a janela de transfer\u00eancias s\u00f3 abre no dia 9 de outubro. Atualmente, o t\u00e9cnico Dom\u00e8nec Torrent tem Isla e Matheuzinho para a posi\u00e7\u00e3o.<\/p>\n\n\n\n<figure class=\"wp-block-image size-large\"><img decoding=\"async\" src=\"https:\/\/hashtagrubronegro.com\/wp-content\/uploads\/2020\/09\/Flamengo-750x430.webp\" alt=\"\"\/><figcaption>Lucas Rosa ao lado de Cristiano Ronaldo<\/figcaption><\/figure>\n\n\n\n<p>Retirado de: Hashtag Rubro-Negro<\/p>\n","protected":false},"excerpt":{"rendered":"<p>O Flamengo segue monitorando o mercado para refor\u00e7ar o elenco e a lateral direita tem sido a posi\u00e7\u00e3o mais analisada. Ap\u00f3s consultar os argentinos Fabricio Bustos, do Independiente, e Alex Vigo, do Col\u00f3n, o Rubro-Negro tamb\u00e9m sondou o brasileiro Lucas Rosa, do sub-23 da Juventus. A informa\u00e7\u00e3o \u00e9 do jornalista Victor Gammaro. Lucas Rosa tem [&hellip;]<\/p>\n","protected":false},"author":1,"featured_media":46957,"comment_status":"open","ping_status":"closed","sticky":false,"template":"","format":"standard","meta":{"footnotes":""},"categories":[48],"tags":[],"class_list":["post-47208","post","type-post","status-publish","format-standard","has-post-thumbnail","hentry","category-negociacoes"],"yoast_head":"<!-- This site is optimized with the Yoast SEO Premium plugin v24.2 (Yoast SEO v26.9) - https:\/\/yoast.com\/product\/yoast-seo-premium-wordpress\/ -->\n<title>Flamengo realiza consulta por lateral da Juventus<\/title>\n<meta name=\"description\" content=\"O Flamengo segue monitorando o mercado para refor\u00e7ar o elenco e a lateral direita tem sido a posi\u00e7\u00e3o mais analisada.\" \/>\n<meta name=\"robots\" content=\"index, follow, max-snippet:-1, max-image-preview:large, max-video-preview:-1\" \/>\n<link rel=\"canonical\" href=\"https:\/\/www.gaveanews.com\/index.php\/2020\/09\/10\/flamengo-realiza-consulta-por-lateral-da-juventus\/\" \/>\n<meta property=\"og:locale\" content=\"pt_BR\" \/>\n<meta property=\"og:type\" content=\"article\" \/>\n<meta property=\"og:title\" content=\"Flamengo realiza consulta por lateral da Juventus\" \/>\n<meta property=\"og:description\" content=\"O Flamengo segue monitorando o mercado para refor\u00e7ar o elenco e a lateral direita tem sido a posi\u00e7\u00e3o mais analisada.\" \/>\n<meta property=\"og:url\" content=\"https:\/\/www.gaveanews.com\/index.php\/2020\/09\/10\/flamengo-realiza-consulta-por-lateral-da-juventus\/\" \/>\n<meta property=\"og:site_name\" content=\"G\u00e1vea News\" \/>\n<meta property=\"article:publisher\" content=\"https:\/\/facebook.com\/gaveaNews\/\" \/>\n<meta property=\"article:published_time\" content=\"2020-09-10T20:19:43+00:00\" \/>\n<meta property=\"article:modified_time\" content=\"2020-09-10T20:21:17+00:00\" \/>\n<meta property=\"og:image\" content=\"https:\/\/www.gaveanews.com\/wp-content\/uploads\/Marcos-Braz-no-gramado-do-Maracana.webp\" \/>\n\t<meta property=\"og:image:width\" content=\"799\" \/>\n\t<meta property=\"og:image:height\" content=\"532\" \/>\n\t<meta property=\"og:image:type\" content=\"image\/jpeg\" \/>\n<meta name=\"author\" content=\"Equipe G\u00e1vea News\" \/>\n<meta name=\"twitter:card\" content=\"summary_large_image\" \/>\n<meta name=\"twitter:label1\" content=\"Escrito por\" \/>\n\t<meta name=\"twitter:data1\" content=\"Equipe G\u00e1vea News\" \/>\n\t<meta name=\"twitter:label2\" content=\"Est. tempo de leitura\" \/>\n\t<meta name=\"twitter:data2\" content=\"1 minuto\" \/>\n<script type=\"application\/ld+json\" class=\"yoast-schema-graph\">{\"@context\":\"https:\/\/schema.org\",\"@graph\":[{\"@type\":\"NewsArticle\",\"@id\":\"https:\/\/www.gaveanews.com\/index.php\/2020\/09\/10\/flamengo-realiza-consulta-por-lateral-da-juventus\/#article\",\"isPartOf\":{\"@id\":\"https:\/\/www.gaveanews.com\/index.php\/2020\/09\/10\/flamengo-realiza-consulta-por-lateral-da-juventus\/\"},\"author\":{\"name\":\"Equipe G\u00e1vea News\",\"@id\":\"https:\/\/www.gaveanews.com\/#\/schema\/person\/2ec14f73fb96be2caf28f91afb14749d\"},\"headline\":\"Flamengo realiza consulta por lateral da Juventus\",\"datePublished\":\"2020-09-10T20:19:43+00:00\",\"dateModified\":\"2020-09-10T20:21:17+00:00\",\"mainEntityOfPage\":{\"@id\":\"https:\/\/www.gaveanews.com\/index.php\/2020\/09\/10\/flamengo-realiza-consulta-por-lateral-da-juventus\/\"},\"wordCount\":218,\"commentCount\":16,\"image\":{\"@id\":\"https:\/\/www.gaveanews.com\/index.php\/2020\/09\/10\/flamengo-realiza-consulta-por-lateral-da-juventus\/#primaryimage\"},\"thumbnailUrl\":\"https:\/\/www.gaveanews.com\/wp-content\/uploads\/Marcos-Braz-no-gramado-do-Maracana.webp\",\"articleSection\":[\"Negocia\u00e7\u00f5es\"],\"inLanguage\":\"pt-BR\",\"potentialAction\":[{\"@type\":\"CommentAction\",\"name\":\"Comment\",\"target\":[\"https:\/\/www.gaveanews.com\/index.php\/2020\/09\/10\/flamengo-realiza-consulta-por-lateral-da-juventus\/#respond\"]}],\"copyrightYear\":\"2020\",\"copyrightHolder\":{\"@id\":\"https:\/\/www.gaveanews.com\/#organization\"}},{\"@type\":\"WebPage\",\"@id\":\"https:\/\/www.gaveanews.com\/index.php\/2020\/09\/10\/flamengo-realiza-consulta-por-lateral-da-juventus\/\",\"url\":\"https:\/\/www.gaveanews.com\/index.php\/2020\/09\/10\/flamengo-realiza-consulta-por-lateral-da-juventus\/\",\"name\":\"Flamengo realiza consulta por lateral da Juventus\",\"isPartOf\":{\"@id\":\"https:\/\/www.gaveanews.com\/#website\"},\"primaryImageOfPage\":{\"@id\":\"https:\/\/www.gaveanews.com\/index.php\/2020\/09\/10\/flamengo-realiza-consulta-por-lateral-da-juventus\/#primaryimage\"},\"image\":{\"@id\":\"https:\/\/www.gaveanews.com\/index.php\/2020\/09\/10\/flamengo-realiza-consulta-por-lateral-da-juventus\/#primaryimage\"},\"thumbnailUrl\":\"https:\/\/www.gaveanews.com\/wp-content\/uploads\/Marcos-Braz-no-gramado-do-Maracana.webp\",\"datePublished\":\"2020-09-10T20:19:43+00:00\",\"dateModified\":\"2020-09-10T20:21:17+00:00\",\"author\":{\"@id\":\"https:\/\/www.gaveanews.com\/#\/schema\/person\/2ec14f73fb96be2caf28f91afb14749d\"},\"description\":\"O Flamengo segue monitorando o mercado para refor\u00e7ar o elenco e a lateral direita tem sido a posi\u00e7\u00e3o mais analisada.\",\"breadcrumb\":{\"@id\":\"https:\/\/www.gaveanews.com\/index.php\/2020\/09\/10\/flamengo-realiza-consulta-por-lateral-da-juventus\/#breadcrumb\"},\"inLanguage\":\"pt-BR\",\"potentialAction\":[{\"@type\":\"ReadAction\",\"target\":[\"https:\/\/www.gaveanews.com\/index.php\/2020\/09\/10\/flamengo-realiza-consulta-por-lateral-da-juventus\/\"]}]},{\"@type\":\"ImageObject\",\"inLanguage\":\"pt-BR\",\"@id\":\"https:\/\/www.gaveanews.com\/index.php\/2020\/09\/10\/flamengo-realiza-consulta-por-lateral-da-juventus\/#primaryimage\",\"url\":\"https:\/\/www.gaveanews.com\/wp-content\/uploads\/Marcos-Braz-no-gramado-do-Maracana.webp\",\"contentUrl\":\"https:\/\/www.gaveanews.com\/wp-content\/uploads\/Marcos-Braz-no-gramado-do-Maracana.webp\",\"width\":799,\"height\":532,\"caption\":\"Marcos Braz no gramado do Maracan\u00e3 (Foto: Alexandre Vidal\/Flamengo)\"},{\"@type\":\"BreadcrumbList\",\"@id\":\"https:\/\/www.gaveanews.com\/index.php\/2020\/09\/10\/flamengo-realiza-consulta-por-lateral-da-juventus\/#breadcrumb\",\"itemListElement\":[{\"@type\":\"ListItem\",\"position\":1,\"name\":\"Home\",\"item\":\"https:\/\/www.gaveanews.com\/\"},{\"@type\":\"ListItem\",\"position\":2,\"name\":\"Flamengo realiza consulta por lateral da Juventus\"}]},{\"@type\":\"WebSite\",\"@id\":\"https:\/\/www.gaveanews.com\/#website\",\"url\":\"https:\/\/www.gaveanews.com\/\",\"name\":\"G\u00e1vea News\",\"description\":\"Veja todas as not\u00edcias sobre o Flamengo: Contrata\u00e7\u00f5es, categorias de base, resultados das partidas, tabela de classifica\u00e7\u00e3o, pr\u00f3ximos jogos!\",\"potentialAction\":[{\"@type\":\"SearchAction\",\"target\":{\"@type\":\"EntryPoint\",\"urlTemplate\":\"https:\/\/www.gaveanews.com\/?s={search_term_string}\"},\"query-input\":{\"@type\":\"PropertyValueSpecification\",\"valueRequired\":true,\"valueName\":\"search_term_string\"}}],\"inLanguage\":\"pt-BR\"},{\"@type\":\"Person\",\"@id\":\"https:\/\/www.gaveanews.com\/#\/schema\/person\/2ec14f73fb96be2caf28f91afb14749d\",\"name\":\"Equipe G\u00e1vea News\",\"image\":{\"@type\":\"ImageObject\",\"inLanguage\":\"pt-BR\",\"@id\":\"https:\/\/www.gaveanews.com\/#\/schema\/person\/image\/\",\"url\":\"https:\/\/secure.gravatar.com\/avatar\/1e1956f1facbffd3f8fa53a326721950116b3b9dc9bd44939c01180fd4a745a9?s=96&d=mm&r=g\",\"contentUrl\":\"https:\/\/secure.gravatar.com\/avatar\/1e1956f1facbffd3f8fa53a326721950116b3b9dc9bd44939c01180fd4a745a9?s=96&d=mm&r=g\",\"caption\":\"Equipe G\u00e1vea News\"}}]}<\/script>\n<!-- \/ Yoast SEO Premium plugin. -->","yoast_head_json":{"title":"Flamengo realiza consulta por lateral da Juventus","description":"O Flamengo segue monitorando o mercado para refor\u00e7ar o elenco e a lateral direita tem sido a posi\u00e7\u00e3o mais analisada.","robots":{"index":"index","follow":"follow","max-snippet":"max-snippet:-1","max-image-preview":"max-image-preview:large","max-video-preview":"max-video-preview:-1"},"canonical":"https:\/\/www.gaveanews.com\/index.php\/2020\/09\/10\/flamengo-realiza-consulta-por-lateral-da-juventus\/","og_locale":"pt_BR","og_type":"article","og_title":"Flamengo realiza consulta por lateral da Juventus","og_description":"O Flamengo segue monitorando o mercado para refor\u00e7ar o elenco e a lateral direita tem sido a posi\u00e7\u00e3o mais analisada.","og_url":"https:\/\/www.gaveanews.com\/index.php\/2020\/09\/10\/flamengo-realiza-consulta-por-lateral-da-juventus\/","og_site_name":"G\u00e1vea News","article_publisher":"https:\/\/facebook.com\/gaveaNews\/","article_published_time":"2020-09-10T20:19:43+00:00","article_modified_time":"2020-09-10T20:21:17+00:00","og_image":[{"width":799,"height":532,"url":"https:\/\/www.gaveanews.com\/wp-content\/uploads\/Marcos-Braz-no-gramado-do-Maracana.webp","type":"image\/jpeg"}],"author":"Equipe G\u00e1vea News","twitter_card":"summary_large_image","twitter_misc":{"Escrito por":"Equipe G\u00e1vea News","Est. tempo de leitura":"1 minuto"},"schema":{"@context":"https:\/\/schema.org","@graph":[{"@type":"NewsArticle","@id":"https:\/\/www.gaveanews.com\/index.php\/2020\/09\/10\/flamengo-realiza-consulta-por-lateral-da-juventus\/#article","isPartOf":{"@id":"https:\/\/www.gaveanews.com\/index.php\/2020\/09\/10\/flamengo-realiza-consulta-por-lateral-da-juventus\/"},"author":{"name":"Equipe G\u00e1vea News","@id":"https:\/\/www.gaveanews.com\/#\/schema\/person\/2ec14f73fb96be2caf28f91afb14749d"},"headline":"Flamengo realiza consulta por lateral da Juventus","datePublished":"2020-09-10T20:19:43+00:00","dateModified":"2020-09-10T20:21:17+00:00","mainEntityOfPage":{"@id":"https:\/\/www.gaveanews.com\/index.php\/2020\/09\/10\/flamengo-realiza-consulta-por-lateral-da-juventus\/"},"wordCount":218,"commentCount":16,"image":{"@id":"https:\/\/www.gaveanews.com\/index.php\/2020\/09\/10\/flamengo-realiza-consulta-por-lateral-da-juventus\/#primaryimage"},"thumbnailUrl":"https:\/\/www.gaveanews.com\/wp-content\/uploads\/Marcos-Braz-no-gramado-do-Maracana.webp","articleSection":["Negocia\u00e7\u00f5es"],"inLanguage":"pt-BR","potentialAction":[{"@type":"CommentAction","name":"Comment","target":["https:\/\/www.gaveanews.com\/index.php\/2020\/09\/10\/flamengo-realiza-consulta-por-lateral-da-juventus\/#respond"]}],"copyrightYear":"2020","copyrightHolder":{"@id":"https:\/\/www.gaveanews.com\/#organization"}},{"@type":"WebPage","@id":"https:\/\/www.gaveanews.com\/index.php\/2020\/09\/10\/flamengo-realiza-consulta-por-lateral-da-juventus\/","url":"https:\/\/www.gaveanews.com\/index.php\/2020\/09\/10\/flamengo-realiza-consulta-por-lateral-da-juventus\/","name":"Flamengo realiza consulta por lateral da Juventus","isPartOf":{"@id":"https:\/\/www.gaveanews.com\/#website"},"primaryImageOfPage":{"@id":"https:\/\/www.gaveanews.com\/index.php\/2020\/09\/10\/flamengo-realiza-consulta-por-lateral-da-juventus\/#primaryimage"},"image":{"@id":"https:\/\/www.gaveanews.com\/index.php\/2020\/09\/10\/flamengo-realiza-consulta-por-lateral-da-juventus\/#primaryimage"},"thumbnailUrl":"https:\/\/www.gaveanews.com\/wp-content\/uploads\/Marcos-Braz-no-gramado-do-Maracana.webp","datePublished":"2020-09-10T20:19:43+00:00","dateModified":"2020-09-10T20:21:17+00:00","author":{"@id":"https:\/\/www.gaveanews.com\/#\/schema\/person\/2ec14f73fb96be2caf28f91afb14749d"},"description":"O Flamengo segue monitorando o mercado para refor\u00e7ar o elenco e a lateral direita tem sido a posi\u00e7\u00e3o mais analisada.","breadcrumb":{"@id":"https:\/\/www.gaveanews.com\/index.php\/2020\/09\/10\/flamengo-realiza-consulta-por-lateral-da-juventus\/#breadcrumb"},"inLanguage":"pt-BR","potentialAction":[{"@type":"ReadAction","target":["https:\/\/www.gaveanews.com\/index.php\/2020\/09\/10\/flamengo-realiza-consulta-por-lateral-da-juventus\/"]}]},{"@type":"ImageObject","inLanguage":"pt-BR","@id":"https:\/\/www.gaveanews.com\/index.php\/2020\/09\/10\/flamengo-realiza-consulta-por-lateral-da-juventus\/#primaryimage","url":"https:\/\/www.gaveanews.com\/wp-content\/uploads\/Marcos-Braz-no-gramado-do-Maracana.webp","contentUrl":"https:\/\/www.gaveanews.com\/wp-content\/uploads\/Marcos-Braz-no-gramado-do-Maracana.webp","width":799,"height":532,"caption":"Marcos Braz no gramado do Maracan\u00e3 (Foto: Alexandre Vidal\/Flamengo)"},{"@type":"BreadcrumbList","@id":"https:\/\/www.gaveanews.com\/index.php\/2020\/09\/10\/flamengo-realiza-consulta-por-lateral-da-juventus\/#breadcrumb","itemListElement":[{"@type":"ListItem","position":1,"name":"Home","item":"https:\/\/www.gaveanews.com\/"},{"@type":"ListItem","position":2,"name":"Flamengo realiza consulta por lateral da Juventus"}]},{"@type":"WebSite","@id":"https:\/\/www.gaveanews.com\/#website","url":"https:\/\/www.gaveanews.com\/","name":"G\u00e1vea News","description":"Veja todas as not\u00edcias sobre o Flamengo: Contrata\u00e7\u00f5es, categorias de base, resultados das partidas, tabela de classifica\u00e7\u00e3o, pr\u00f3ximos jogos!","potentialAction":[{"@type":"SearchAction","target":{"@type":"EntryPoint","urlTemplate":"https:\/\/www.gaveanews.com\/?s={search_term_string}"},"query-input":{"@type":"PropertyValueSpecification","valueRequired":true,"valueName":"search_term_string"}}],"inLanguage":"pt-BR"},{"@type":"Person","@id":"https:\/\/www.gaveanews.com\/#\/schema\/person\/2ec14f73fb96be2caf28f91afb14749d","name":"Equipe G\u00e1vea News","image":{"@type":"ImageObject","inLanguage":"pt-BR","@id":"https:\/\/www.gaveanews.com\/#\/schema\/person\/image\/","url":"https:\/\/secure.gravatar.com\/avatar\/1e1956f1facbffd3f8fa53a326721950116b3b9dc9bd44939c01180fd4a745a9?s=96&d=mm&r=g","contentUrl":"https:\/\/secure.gravatar.com\/avatar\/1e1956f1facbffd3f8fa53a326721950116b3b9dc9bd44939c01180fd4a745a9?s=96&d=mm&r=g","caption":"Equipe G\u00e1vea News"}}]}},"_links":{"self":[{"href":"https:\/\/www.gaveanews.com\/index.php\/wp-json\/wp\/v2\/posts\/47208","targetHints":{"allow":["GET"]}}],"collection":[{"href":"https:\/\/www.gaveanews.com\/index.php\/wp-json\/wp\/v2\/posts"}],"about":[{"href":"https:\/\/www.gaveanews.com\/index.php\/wp-json\/wp\/v2\/types\/post"}],"author":[{"embeddable":true,"href":"https:\/\/www.gaveanews.com\/index.php\/wp-json\/wp\/v2\/users\/1"}],"replies":[{"embeddable":true,"href":"https:\/\/www.gaveanews.com\/index.php\/wp-json\/wp\/v2\/comments?post=47208"}],"version-history":[{"count":0,"href":"https:\/\/www.gaveanews.com\/index.php\/wp-json\/wp\/v2\/posts\/47208\/revisions"}],"wp:featuredmedia":[{"embeddable":true,"href":"https:\/\/www.gaveanews.com\/index.php\/wp-json\/wp\/v2\/media\/46957"}],"wp:attachment":[{"href":"https:\/\/www.gaveanews.com\/index.php\/wp-json\/wp\/v2\/media?parent=47208"}],"wp:term":[{"taxonomy":"category","embeddable":true,"href":"https:\/\/www.gaveanews.com\/index.php\/wp-json\/wp\/v2\/categories?post=47208"},{"taxonomy":"post_tag","embeddable":true,"href":"https:\/\/www.gaveanews.com\/index.php\/wp-json\/wp\/v2\/tags?post=47208"}],"curies":[{"name":"wp","href":"https:\/\/api.w.org\/{rel}","templated":true}]}}