{"id":47249,"date":"2020-09-11T14:37:54","date_gmt":"2020-09-11T17:37:54","guid":{"rendered":"https:\/\/www.gaveanews.com\/?p=47249"},"modified":"2020-09-11T14:37:55","modified_gmt":"2020-09-11T17:37:55","slug":"sbt-define-narrador-para-a-copa-libertadores","status":"publish","type":"post","link":"https:\/\/www.gaveanews.com\/index.php\/2020\/09\/11\/sbt-define-narrador-para-a-copa-libertadores\/","title":{"rendered":"SBT define narrador para a Copa Libertadores"},"content":{"rendered":"\n<p>T\u00e9o Jos\u00e9 aceitou proposta do SBT e est\u00e1 deixando a Disney para ser a voz principal da Libertadores na emissora de Silvio Santos. O narrador assinar\u00e1 contrato nas pr\u00f3ximas horas por dois anos e estar\u00e1 na transmiss\u00e3o de Bolivar (BOL) x Palmeiras, na quarta (16), \u00e0s 21h30. O jogo vai marcar a abertura da competi\u00e7\u00e3o no canal, que comprou os direitos junto \u00e0 Conmebol e anunciou o fato nesta tarde. O contrato tamb\u00e9m vai at\u00e9 2022.<\/p>\n\n\n\n<p>Segundo apurou o UOL Esporte, a Disney foi comunicada do fato por volta das 20h desta quinta. O nome de T\u00e9o Jos\u00e9 era visto como o ideal para essa nova empreitada. Al\u00e9m disso, o veterano j\u00e1 \u00e9 conhecido do p\u00fablico do SBT. Al\u00e9m de ter tido uma passagem marcante nos anos 90, o narrador fez a final do Campeonato Carioca entre Flamengo e Fluminense no \u00faltimo m\u00eas de julho, em empr\u00e9stimo realizado pela Disney.<\/p>\n\n\n\n<p>Assim, o SBT espera estrear com uma equipe minimamente familiarizado aos olhos do telespectador. Pesou a favor dessa situa\u00e7\u00e3o o fato de o contrato de T\u00e9o Jos\u00e9 com a Disney estar perto do final e n\u00e3o ter tido algum tipo de renova\u00e7\u00e3o ou procura da Disney nesse sentido.<\/p>\n\n\n\n<p>Agora, as contrata\u00e7\u00f5es do SBT se voltam para a reportagem e para os coment\u00e1rios. Inicialmente, o nome do jogador Alexandre Pato, genro de Silvio Santos e sem time desde que saiu do S\u00e3o Paulo, foi pensado. Pato gostou da ideia.<\/p>\n\n\n\n<p>T\u00e9o Jos\u00e9 tem uma grande hist\u00f3ria na emissora e retorna ap\u00f3s 20 anos fora. Narrou corridas de F\u00f3rmula Indy e participou das transmiss\u00f5es dos Jogos Ol\u00edmpicos de Atlanta, em 1996, e da Copa do Mundo de 1998. Ap\u00f3s sair do SBT, passou por PSN, RedeTV! e Band. Desde 2018, estava no Fox Sports, onde fez a Copa do Mundo da R\u00fassia e jogos da Libertadores.<\/p>\n\n\n\n<p>Neste primeiro momento, o SBT n\u00e3o tem o poder de mexer nos hor\u00e1rios e apenas herda o que j\u00e1 havia sido escolhido pela Globo. A partir da fase de mata-matas, a emissora de Silvio Santos poder\u00e1 escolher hor\u00e1rios que se adequem melhor a sua grade, incluindo a possibilidade de exibir jogos mais cedo.<\/p>\n\n\n\n<p>Por ora, a estreia oficial do canal na Libertadores (Palmeiras x Bol\u00edvar) concorrer\u00e1 com Corinthians x Bahia, pelo Campeonato Brasileiro, que ser\u00e1 mostrado pela Globo no mesmo hor\u00e1rio.<\/p>\n\n\n\n<p>Retirado de: UOL<\/p>\n","protected":false},"excerpt":{"rendered":"<p>T\u00e9o Jos\u00e9 aceitou proposta do SBT e est\u00e1 deixando a Disney para ser a voz principal da Libertadores na emissora de Silvio Santos. O narrador assinar\u00e1 contrato nas pr\u00f3ximas horas por dois anos e estar\u00e1 na transmiss\u00e3o de Bolivar (BOL) x Palmeiras, na quarta (16), \u00e0s 21h30. O jogo vai marcar a abertura da competi\u00e7\u00e3o [&hellip;]<\/p>\n","protected":false},"author":1,"featured_media":14851,"comment_status":"open","ping_status":"closed","sticky":false,"template":"","format":"standard","meta":{"footnotes":""},"categories":[1],"tags":[],"class_list":["post-47249","post","type-post","status-publish","format-standard","has-post-thumbnail","hentry","category-flamengo"],"yoast_head":"<!-- This site is optimized with the Yoast SEO Premium plugin v24.2 (Yoast SEO v26.9) - https:\/\/yoast.com\/product\/yoast-seo-premium-wordpress\/ -->\n<title>SBT define narrador para a Copa Libertadores<\/title>\n<meta name=\"description\" content=\"A dire\u00e7\u00e3o executiva do SBT espera estrear com uma equipe minimamente familiarizado aos olhos do telespectador.\" \/>\n<meta name=\"robots\" content=\"index, follow, max-snippet:-1, max-image-preview:large, max-video-preview:-1\" \/>\n<link rel=\"canonical\" href=\"https:\/\/www.gaveanews.com\/index.php\/2020\/09\/11\/sbt-define-narrador-para-a-copa-libertadores\/\" \/>\n<meta property=\"og:locale\" content=\"pt_BR\" \/>\n<meta property=\"og:type\" content=\"article\" \/>\n<meta property=\"og:title\" content=\"SBT define narrador para a Copa Libertadores\" \/>\n<meta property=\"og:description\" content=\"A dire\u00e7\u00e3o executiva do SBT espera estrear com uma equipe minimamente familiarizado aos olhos do telespectador.\" \/>\n<meta property=\"og:url\" content=\"https:\/\/www.gaveanews.com\/index.php\/2020\/09\/11\/sbt-define-narrador-para-a-copa-libertadores\/\" \/>\n<meta property=\"og:site_name\" content=\"G\u00e1vea News\" \/>\n<meta property=\"article:publisher\" content=\"https:\/\/facebook.com\/gaveaNews\/\" \/>\n<meta property=\"article:published_time\" content=\"2020-09-11T17:37:54+00:00\" \/>\n<meta property=\"article:modified_time\" content=\"2020-09-11T17:37:55+00:00\" \/>\n<meta property=\"og:image\" content=\"https:\/\/www.gaveanews.com\/wp-content\/uploads\/2019\/03\/Taca-da-Copa-Libertadores-da-America.webp\" \/>\n\t<meta property=\"og:image:width\" content=\"1\" \/>\n\t<meta property=\"og:image:height\" content=\"1\" \/>\n\t<meta property=\"og:image:type\" content=\"image\/jpeg\" \/>\n<meta name=\"author\" content=\"Equipe G\u00e1vea News\" \/>\n<meta name=\"twitter:card\" content=\"summary_large_image\" \/>\n<meta name=\"twitter:label1\" content=\"Escrito por\" \/>\n\t<meta name=\"twitter:data1\" content=\"Equipe G\u00e1vea News\" \/>\n\t<meta name=\"twitter:label2\" content=\"Est. tempo de leitura\" \/>\n\t<meta name=\"twitter:data2\" content=\"2 minutos\" \/>\n<script type=\"application\/ld+json\" class=\"yoast-schema-graph\">{\"@context\":\"https:\/\/schema.org\",\"@graph\":[{\"@type\":\"NewsArticle\",\"@id\":\"https:\/\/www.gaveanews.com\/index.php\/2020\/09\/11\/sbt-define-narrador-para-a-copa-libertadores\/#article\",\"isPartOf\":{\"@id\":\"https:\/\/www.gaveanews.com\/index.php\/2020\/09\/11\/sbt-define-narrador-para-a-copa-libertadores\/\"},\"author\":{\"name\":\"Equipe G\u00e1vea News\",\"@id\":\"https:\/\/www.gaveanews.com\/#\/schema\/person\/2ec14f73fb96be2caf28f91afb14749d\"},\"headline\":\"SBT define narrador para a Copa Libertadores\",\"datePublished\":\"2020-09-11T17:37:54+00:00\",\"dateModified\":\"2020-09-11T17:37:55+00:00\",\"mainEntityOfPage\":{\"@id\":\"https:\/\/www.gaveanews.com\/index.php\/2020\/09\/11\/sbt-define-narrador-para-a-copa-libertadores\/\"},\"wordCount\":416,\"commentCount\":21,\"image\":{\"@id\":\"https:\/\/www.gaveanews.com\/index.php\/2020\/09\/11\/sbt-define-narrador-para-a-copa-libertadores\/#primaryimage\"},\"thumbnailUrl\":\"https:\/\/www.gaveanews.com\/wp-content\/uploads\/2019\/03\/Taca-da-Copa-Libertadores-da-America.webp\",\"articleSection\":[\"Flamengo\"],\"inLanguage\":\"pt-BR\",\"potentialAction\":[{\"@type\":\"CommentAction\",\"name\":\"Comment\",\"target\":[\"https:\/\/www.gaveanews.com\/index.php\/2020\/09\/11\/sbt-define-narrador-para-a-copa-libertadores\/#respond\"]}],\"copyrightYear\":\"2020\",\"copyrightHolder\":{\"@id\":\"https:\/\/www.gaveanews.com\/#organization\"}},{\"@type\":\"WebPage\",\"@id\":\"https:\/\/www.gaveanews.com\/index.php\/2020\/09\/11\/sbt-define-narrador-para-a-copa-libertadores\/\",\"url\":\"https:\/\/www.gaveanews.com\/index.php\/2020\/09\/11\/sbt-define-narrador-para-a-copa-libertadores\/\",\"name\":\"SBT define narrador para a Copa Libertadores\",\"isPartOf\":{\"@id\":\"https:\/\/www.gaveanews.com\/#website\"},\"primaryImageOfPage\":{\"@id\":\"https:\/\/www.gaveanews.com\/index.php\/2020\/09\/11\/sbt-define-narrador-para-a-copa-libertadores\/#primaryimage\"},\"image\":{\"@id\":\"https:\/\/www.gaveanews.com\/index.php\/2020\/09\/11\/sbt-define-narrador-para-a-copa-libertadores\/#primaryimage\"},\"thumbnailUrl\":\"https:\/\/www.gaveanews.com\/wp-content\/uploads\/2019\/03\/Taca-da-Copa-Libertadores-da-America.webp\",\"datePublished\":\"2020-09-11T17:37:54+00:00\",\"dateModified\":\"2020-09-11T17:37:55+00:00\",\"author\":{\"@id\":\"https:\/\/www.gaveanews.com\/#\/schema\/person\/2ec14f73fb96be2caf28f91afb14749d\"},\"description\":\"A dire\u00e7\u00e3o executiva do SBT espera estrear com uma equipe minimamente familiarizado aos olhos do telespectador.\",\"breadcrumb\":{\"@id\":\"https:\/\/www.gaveanews.com\/index.php\/2020\/09\/11\/sbt-define-narrador-para-a-copa-libertadores\/#breadcrumb\"},\"inLanguage\":\"pt-BR\",\"potentialAction\":[{\"@type\":\"ReadAction\",\"target\":[\"https:\/\/www.gaveanews.com\/index.php\/2020\/09\/11\/sbt-define-narrador-para-a-copa-libertadores\/\"]}]},{\"@type\":\"ImageObject\",\"inLanguage\":\"pt-BR\",\"@id\":\"https:\/\/www.gaveanews.com\/index.php\/2020\/09\/11\/sbt-define-narrador-para-a-copa-libertadores\/#primaryimage\",\"url\":\"https:\/\/www.gaveanews.com\/wp-content\/uploads\/2019\/03\/Taca-da-Copa-Libertadores-da-America.webp\",\"contentUrl\":\"https:\/\/www.gaveanews.com\/wp-content\/uploads\/2019\/03\/Taca-da-Copa-Libertadores-da-America.webp\",\"caption\":\"Ta\u00e7a da Copa Libertadores da Am\u00e9rica (Foto: Divulga\u00e7\u00e3o\/Conmebol)\"},{\"@type\":\"BreadcrumbList\",\"@id\":\"https:\/\/www.gaveanews.com\/index.php\/2020\/09\/11\/sbt-define-narrador-para-a-copa-libertadores\/#breadcrumb\",\"itemListElement\":[{\"@type\":\"ListItem\",\"position\":1,\"name\":\"Home\",\"item\":\"https:\/\/www.gaveanews.com\/\"},{\"@type\":\"ListItem\",\"position\":2,\"name\":\"SBT define narrador para a Copa Libertadores\"}]},{\"@type\":\"WebSite\",\"@id\":\"https:\/\/www.gaveanews.com\/#website\",\"url\":\"https:\/\/www.gaveanews.com\/\",\"name\":\"G\u00e1vea News\",\"description\":\"Veja todas as not\u00edcias sobre o Flamengo: Contrata\u00e7\u00f5es, categorias de base, resultados das partidas, tabela de classifica\u00e7\u00e3o, pr\u00f3ximos jogos!\",\"potentialAction\":[{\"@type\":\"SearchAction\",\"target\":{\"@type\":\"EntryPoint\",\"urlTemplate\":\"https:\/\/www.gaveanews.com\/?s={search_term_string}\"},\"query-input\":{\"@type\":\"PropertyValueSpecification\",\"valueRequired\":true,\"valueName\":\"search_term_string\"}}],\"inLanguage\":\"pt-BR\"},{\"@type\":\"Person\",\"@id\":\"https:\/\/www.gaveanews.com\/#\/schema\/person\/2ec14f73fb96be2caf28f91afb14749d\",\"name\":\"Equipe G\u00e1vea News\",\"image\":{\"@type\":\"ImageObject\",\"inLanguage\":\"pt-BR\",\"@id\":\"https:\/\/www.gaveanews.com\/#\/schema\/person\/image\/\",\"url\":\"https:\/\/secure.gravatar.com\/avatar\/1e1956f1facbffd3f8fa53a326721950116b3b9dc9bd44939c01180fd4a745a9?s=96&d=mm&r=g\",\"contentUrl\":\"https:\/\/secure.gravatar.com\/avatar\/1e1956f1facbffd3f8fa53a326721950116b3b9dc9bd44939c01180fd4a745a9?s=96&d=mm&r=g\",\"caption\":\"Equipe G\u00e1vea News\"}}]}<\/script>\n<!-- \/ Yoast SEO Premium plugin. -->","yoast_head_json":{"title":"SBT define narrador para a Copa Libertadores","description":"A dire\u00e7\u00e3o executiva do SBT espera estrear com uma equipe minimamente familiarizado aos olhos do telespectador.","robots":{"index":"index","follow":"follow","max-snippet":"max-snippet:-1","max-image-preview":"max-image-preview:large","max-video-preview":"max-video-preview:-1"},"canonical":"https:\/\/www.gaveanews.com\/index.php\/2020\/09\/11\/sbt-define-narrador-para-a-copa-libertadores\/","og_locale":"pt_BR","og_type":"article","og_title":"SBT define narrador para a Copa Libertadores","og_description":"A dire\u00e7\u00e3o executiva do SBT espera estrear com uma equipe minimamente familiarizado aos olhos do telespectador.","og_url":"https:\/\/www.gaveanews.com\/index.php\/2020\/09\/11\/sbt-define-narrador-para-a-copa-libertadores\/","og_site_name":"G\u00e1vea News","article_publisher":"https:\/\/facebook.com\/gaveaNews\/","article_published_time":"2020-09-11T17:37:54+00:00","article_modified_time":"2020-09-11T17:37:55+00:00","og_image":[{"url":"https:\/\/www.gaveanews.com\/wp-content\/uploads\/2019\/03\/Taca-da-Copa-Libertadores-da-America.webp","width":1,"height":1,"type":"image\/jpeg"}],"author":"Equipe G\u00e1vea News","twitter_card":"summary_large_image","twitter_misc":{"Escrito por":"Equipe G\u00e1vea News","Est. tempo de leitura":"2 minutos"},"schema":{"@context":"https:\/\/schema.org","@graph":[{"@type":"NewsArticle","@id":"https:\/\/www.gaveanews.com\/index.php\/2020\/09\/11\/sbt-define-narrador-para-a-copa-libertadores\/#article","isPartOf":{"@id":"https:\/\/www.gaveanews.com\/index.php\/2020\/09\/11\/sbt-define-narrador-para-a-copa-libertadores\/"},"author":{"name":"Equipe G\u00e1vea News","@id":"https:\/\/www.gaveanews.com\/#\/schema\/person\/2ec14f73fb96be2caf28f91afb14749d"},"headline":"SBT define narrador para a Copa Libertadores","datePublished":"2020-09-11T17:37:54+00:00","dateModified":"2020-09-11T17:37:55+00:00","mainEntityOfPage":{"@id":"https:\/\/www.gaveanews.com\/index.php\/2020\/09\/11\/sbt-define-narrador-para-a-copa-libertadores\/"},"wordCount":416,"commentCount":21,"image":{"@id":"https:\/\/www.gaveanews.com\/index.php\/2020\/09\/11\/sbt-define-narrador-para-a-copa-libertadores\/#primaryimage"},"thumbnailUrl":"https:\/\/www.gaveanews.com\/wp-content\/uploads\/2019\/03\/Taca-da-Copa-Libertadores-da-America.webp","articleSection":["Flamengo"],"inLanguage":"pt-BR","potentialAction":[{"@type":"CommentAction","name":"Comment","target":["https:\/\/www.gaveanews.com\/index.php\/2020\/09\/11\/sbt-define-narrador-para-a-copa-libertadores\/#respond"]}],"copyrightYear":"2020","copyrightHolder":{"@id":"https:\/\/www.gaveanews.com\/#organization"}},{"@type":"WebPage","@id":"https:\/\/www.gaveanews.com\/index.php\/2020\/09\/11\/sbt-define-narrador-para-a-copa-libertadores\/","url":"https:\/\/www.gaveanews.com\/index.php\/2020\/09\/11\/sbt-define-narrador-para-a-copa-libertadores\/","name":"SBT define narrador para a Copa Libertadores","isPartOf":{"@id":"https:\/\/www.gaveanews.com\/#website"},"primaryImageOfPage":{"@id":"https:\/\/www.gaveanews.com\/index.php\/2020\/09\/11\/sbt-define-narrador-para-a-copa-libertadores\/#primaryimage"},"image":{"@id":"https:\/\/www.gaveanews.com\/index.php\/2020\/09\/11\/sbt-define-narrador-para-a-copa-libertadores\/#primaryimage"},"thumbnailUrl":"https:\/\/www.gaveanews.com\/wp-content\/uploads\/2019\/03\/Taca-da-Copa-Libertadores-da-America.webp","datePublished":"2020-09-11T17:37:54+00:00","dateModified":"2020-09-11T17:37:55+00:00","author":{"@id":"https:\/\/www.gaveanews.com\/#\/schema\/person\/2ec14f73fb96be2caf28f91afb14749d"},"description":"A dire\u00e7\u00e3o executiva do SBT espera estrear com uma equipe minimamente familiarizado aos olhos do telespectador.","breadcrumb":{"@id":"https:\/\/www.gaveanews.com\/index.php\/2020\/09\/11\/sbt-define-narrador-para-a-copa-libertadores\/#breadcrumb"},"inLanguage":"pt-BR","potentialAction":[{"@type":"ReadAction","target":["https:\/\/www.gaveanews.com\/index.php\/2020\/09\/11\/sbt-define-narrador-para-a-copa-libertadores\/"]}]},{"@type":"ImageObject","inLanguage":"pt-BR","@id":"https:\/\/www.gaveanews.com\/index.php\/2020\/09\/11\/sbt-define-narrador-para-a-copa-libertadores\/#primaryimage","url":"https:\/\/www.gaveanews.com\/wp-content\/uploads\/2019\/03\/Taca-da-Copa-Libertadores-da-America.webp","contentUrl":"https:\/\/www.gaveanews.com\/wp-content\/uploads\/2019\/03\/Taca-da-Copa-Libertadores-da-America.webp","caption":"Ta\u00e7a da Copa Libertadores da Am\u00e9rica (Foto: Divulga\u00e7\u00e3o\/Conmebol)"},{"@type":"BreadcrumbList","@id":"https:\/\/www.gaveanews.com\/index.php\/2020\/09\/11\/sbt-define-narrador-para-a-copa-libertadores\/#breadcrumb","itemListElement":[{"@type":"ListItem","position":1,"name":"Home","item":"https:\/\/www.gaveanews.com\/"},{"@type":"ListItem","position":2,"name":"SBT define narrador para a Copa Libertadores"}]},{"@type":"WebSite","@id":"https:\/\/www.gaveanews.com\/#website","url":"https:\/\/www.gaveanews.com\/","name":"G\u00e1vea News","description":"Veja todas as not\u00edcias sobre o Flamengo: Contrata\u00e7\u00f5es, categorias de base, resultados das partidas, tabela de classifica\u00e7\u00e3o, pr\u00f3ximos jogos!","potentialAction":[{"@type":"SearchAction","target":{"@type":"EntryPoint","urlTemplate":"https:\/\/www.gaveanews.com\/?s={search_term_string}"},"query-input":{"@type":"PropertyValueSpecification","valueRequired":true,"valueName":"search_term_string"}}],"inLanguage":"pt-BR"},{"@type":"Person","@id":"https:\/\/www.gaveanews.com\/#\/schema\/person\/2ec14f73fb96be2caf28f91afb14749d","name":"Equipe G\u00e1vea News","image":{"@type":"ImageObject","inLanguage":"pt-BR","@id":"https:\/\/www.gaveanews.com\/#\/schema\/person\/image\/","url":"https:\/\/secure.gravatar.com\/avatar\/1e1956f1facbffd3f8fa53a326721950116b3b9dc9bd44939c01180fd4a745a9?s=96&d=mm&r=g","contentUrl":"https:\/\/secure.gravatar.com\/avatar\/1e1956f1facbffd3f8fa53a326721950116b3b9dc9bd44939c01180fd4a745a9?s=96&d=mm&r=g","caption":"Equipe G\u00e1vea News"}}]}},"_links":{"self":[{"href":"https:\/\/www.gaveanews.com\/index.php\/wp-json\/wp\/v2\/posts\/47249","targetHints":{"allow":["GET"]}}],"collection":[{"href":"https:\/\/www.gaveanews.com\/index.php\/wp-json\/wp\/v2\/posts"}],"about":[{"href":"https:\/\/www.gaveanews.com\/index.php\/wp-json\/wp\/v2\/types\/post"}],"author":[{"embeddable":true,"href":"https:\/\/www.gaveanews.com\/index.php\/wp-json\/wp\/v2\/users\/1"}],"replies":[{"embeddable":true,"href":"https:\/\/www.gaveanews.com\/index.php\/wp-json\/wp\/v2\/comments?post=47249"}],"version-history":[{"count":0,"href":"https:\/\/www.gaveanews.com\/index.php\/wp-json\/wp\/v2\/posts\/47249\/revisions"}],"wp:featuredmedia":[{"embeddable":true,"href":"https:\/\/www.gaveanews.com\/index.php\/wp-json\/wp\/v2\/media\/14851"}],"wp:attachment":[{"href":"https:\/\/www.gaveanews.com\/index.php\/wp-json\/wp\/v2\/media?parent=47249"}],"wp:term":[{"taxonomy":"category","embeddable":true,"href":"https:\/\/www.gaveanews.com\/index.php\/wp-json\/wp\/v2\/categories?post=47249"},{"taxonomy":"post_tag","embeddable":true,"href":"https:\/\/www.gaveanews.com\/index.php\/wp-json\/wp\/v2\/tags?post=47249"}],"curies":[{"name":"wp","href":"https:\/\/api.w.org\/{rel}","templated":true}]}}