{"id":47255,"date":"2020-09-11T16:11:00","date_gmt":"2020-09-11T19:11:00","guid":{"rendered":"https:\/\/www.gaveanews.com\/?p=47255"},"modified":"2020-09-11T16:11:05","modified_gmt":"2020-09-11T19:11:05","slug":"lateral-rafinha-explica-saida-do-flamengo","status":"publish","type":"post","link":"https:\/\/www.gaveanews.com\/index.php\/2020\/09\/11\/lateral-rafinha-explica-saida-do-flamengo\/","title":{"rendered":"Lateral Rafinha explica sa\u00edda do Flamengo"},"content":{"rendered":"\n<p>O choro na despedida do Flamengo, em entrevista coletiva h\u00e1 quase um m\u00eas, indicava a rela\u00e7\u00e3o que Rafinha havia criado com o Rubro-Negro. Rec\u00e9m-contratado pelo Olympiacos, da Gr\u00e9cia, o lateral-direito explicou a decis\u00e3o de deixar o clube da G\u00e1vea e indicou que a quest\u00e3o financeira pesou na escolha.<\/p>\n\n\n\n<p>Com 35 anos, Rafinha v\u00ea a carreira entrar na reta final e admite que j\u00e1 n\u00e3o esperava receber uma proposta como a que chegou do clube grego.<\/p>\n\n\n\n<p>&#8220;Preciso pensar na minha fam\u00edlia, temos que ser realistas e pensar no lado financeiro. Agrade\u00e7o ao Flamengo. Fizeram de tudo para eu ficar, mas me entenderam. Estou com 35 anos, minha carreira est\u00e1 acabando. Esse \u00e9 certamente meu \u00faltimo contrato&#8221;, disse, ao &#8220;Aqui com Benja&#8221;, no Fox Sports.<\/p>\n\n\n\n<p>Rafinha revelou que, no in\u00edcio do trabalho do t\u00e9cnico Jorge Jesus no Flamengo, eles tiveram uns confrontos, mas que era tudo em prol da equipe. Ao falar dos treinadores com quem j\u00e1 trabalhou, colocou o portugu\u00eas, hoje no Benfica, de Portugal, na mesma prateleira de Guardiola \u2014 eles estiveram juntos no Bayern de Munique, da Alemanha.<\/p>\n\n\n\n<p>&#8220;Ele [Jorge Jesus] tem as opini\u00f5es dele e n\u00e3o tinha muito di\u00e1logo no come\u00e7o, ent\u00e3o tivemos uns confrontos, era cada pega que a gente tinha, mas era tudo para o bem do time&#8221;, afirmou.<\/p>\n\n\n\n<p>&#8220;Ele est\u00e1 na lista dos melhores treinadores que tive, junto com Guardiola&#8221;, completou.<\/p>\n\n\n\n<p>Retirado de: UOL<\/p>\n","protected":false},"excerpt":{"rendered":"<p>O choro na despedida do Flamengo, em entrevista coletiva h\u00e1 quase um m\u00eas, indicava a rela\u00e7\u00e3o que Rafinha havia criado com o Rubro-Negro. Rec\u00e9m-contratado pelo Olympiacos, da Gr\u00e9cia, o lateral-direito explicou a decis\u00e3o de deixar o clube da G\u00e1vea e indicou que a quest\u00e3o financeira pesou na escolha. Com 35 anos, Rafinha v\u00ea a carreira [&hellip;]<\/p>\n","protected":false},"author":1,"featured_media":22716,"comment_status":"open","ping_status":"closed","sticky":false,"template":"","format":"standard","meta":{"footnotes":""},"categories":[1],"tags":[],"class_list":["post-47255","post","type-post","status-publish","format-standard","has-post-thumbnail","hentry","category-flamengo"],"yoast_head":"<!-- This site is optimized with the Yoast SEO Premium plugin v24.2 (Yoast SEO v26.9) - https:\/\/yoast.com\/product\/yoast-seo-premium-wordpress\/ -->\n<title>Lateral Rafinha explica sa\u00edda do Flamengo<\/title>\n<meta name=\"robots\" content=\"index, follow, max-snippet:-1, max-image-preview:large, max-video-preview:-1\" \/>\n<link rel=\"canonical\" href=\"https:\/\/www.gaveanews.com\/index.php\/2020\/09\/11\/lateral-rafinha-explica-saida-do-flamengo\/\" \/>\n<meta property=\"og:locale\" content=\"pt_BR\" \/>\n<meta property=\"og:type\" content=\"article\" \/>\n<meta property=\"og:title\" content=\"Lateral Rafinha explica sa\u00edda do Flamengo\" \/>\n<meta property=\"og:description\" content=\"O choro na despedida do Flamengo, em entrevista coletiva h\u00e1 quase um m\u00eas, indicava a rela\u00e7\u00e3o que Rafinha havia criado com o Rubro-Negro. Rec\u00e9m-contratado pelo Olympiacos, da Gr\u00e9cia, o lateral-direito explicou a decis\u00e3o de deixar o clube da G\u00e1vea e indicou que a quest\u00e3o financeira pesou na escolha. Com 35 anos, Rafinha v\u00ea a carreira [&hellip;]\" \/>\n<meta property=\"og:url\" content=\"https:\/\/www.gaveanews.com\/index.php\/2020\/09\/11\/lateral-rafinha-explica-saida-do-flamengo\/\" \/>\n<meta property=\"og:site_name\" content=\"G\u00e1vea News\" \/>\n<meta property=\"article:publisher\" content=\"https:\/\/facebook.com\/gaveaNews\/\" \/>\n<meta property=\"article:published_time\" content=\"2020-09-11T19:11:00+00:00\" \/>\n<meta property=\"article:modified_time\" content=\"2020-09-11T19:11:05+00:00\" \/>\n<meta property=\"og:image\" content=\"https:\/\/www.gaveanews.com\/wp-content\/uploads\/2019\/07\/Rafinha-durante-treinamento-no-Ninho-Do-Urubu.webp\" \/>\n\t<meta property=\"og:image:width\" content=\"901\" \/>\n\t<meta property=\"og:image:height\" content=\"600\" \/>\n\t<meta property=\"og:image:type\" content=\"image\/jpeg\" \/>\n<meta name=\"author\" content=\"Equipe G\u00e1vea News\" \/>\n<meta name=\"twitter:card\" content=\"summary_large_image\" \/>\n<meta name=\"twitter:label1\" content=\"Escrito por\" \/>\n\t<meta name=\"twitter:data1\" content=\"Equipe G\u00e1vea News\" \/>\n\t<meta name=\"twitter:label2\" content=\"Est. tempo de leitura\" \/>\n\t<meta name=\"twitter:data2\" content=\"1 minuto\" \/>\n<script type=\"application\/ld+json\" class=\"yoast-schema-graph\">{\"@context\":\"https:\/\/schema.org\",\"@graph\":[{\"@type\":\"NewsArticle\",\"@id\":\"https:\/\/www.gaveanews.com\/index.php\/2020\/09\/11\/lateral-rafinha-explica-saida-do-flamengo\/#article\",\"isPartOf\":{\"@id\":\"https:\/\/www.gaveanews.com\/index.php\/2020\/09\/11\/lateral-rafinha-explica-saida-do-flamengo\/\"},\"author\":{\"name\":\"Equipe G\u00e1vea News\",\"@id\":\"https:\/\/www.gaveanews.com\/#\/schema\/person\/2ec14f73fb96be2caf28f91afb14749d\"},\"headline\":\"Lateral Rafinha explica sa\u00edda do Flamengo\",\"datePublished\":\"2020-09-11T19:11:00+00:00\",\"dateModified\":\"2020-09-11T19:11:05+00:00\",\"mainEntityOfPage\":{\"@id\":\"https:\/\/www.gaveanews.com\/index.php\/2020\/09\/11\/lateral-rafinha-explica-saida-do-flamengo\/\"},\"wordCount\":250,\"commentCount\":28,\"image\":{\"@id\":\"https:\/\/www.gaveanews.com\/index.php\/2020\/09\/11\/lateral-rafinha-explica-saida-do-flamengo\/#primaryimage\"},\"thumbnailUrl\":\"https:\/\/www.gaveanews.com\/wp-content\/uploads\/2019\/07\/Rafinha-durante-treinamento-no-Ninho-Do-Urubu.webp\",\"articleSection\":[\"Flamengo\"],\"inLanguage\":\"pt-BR\",\"potentialAction\":[{\"@type\":\"CommentAction\",\"name\":\"Comment\",\"target\":[\"https:\/\/www.gaveanews.com\/index.php\/2020\/09\/11\/lateral-rafinha-explica-saida-do-flamengo\/#respond\"]}],\"copyrightYear\":\"2020\",\"copyrightHolder\":{\"@id\":\"https:\/\/www.gaveanews.com\/#organization\"}},{\"@type\":\"WebPage\",\"@id\":\"https:\/\/www.gaveanews.com\/index.php\/2020\/09\/11\/lateral-rafinha-explica-saida-do-flamengo\/\",\"url\":\"https:\/\/www.gaveanews.com\/index.php\/2020\/09\/11\/lateral-rafinha-explica-saida-do-flamengo\/\",\"name\":\"Lateral Rafinha explica sa\u00edda do Flamengo\",\"isPartOf\":{\"@id\":\"https:\/\/www.gaveanews.com\/#website\"},\"primaryImageOfPage\":{\"@id\":\"https:\/\/www.gaveanews.com\/index.php\/2020\/09\/11\/lateral-rafinha-explica-saida-do-flamengo\/#primaryimage\"},\"image\":{\"@id\":\"https:\/\/www.gaveanews.com\/index.php\/2020\/09\/11\/lateral-rafinha-explica-saida-do-flamengo\/#primaryimage\"},\"thumbnailUrl\":\"https:\/\/www.gaveanews.com\/wp-content\/uploads\/2019\/07\/Rafinha-durante-treinamento-no-Ninho-Do-Urubu.webp\",\"datePublished\":\"2020-09-11T19:11:00+00:00\",\"dateModified\":\"2020-09-11T19:11:05+00:00\",\"author\":{\"@id\":\"https:\/\/www.gaveanews.com\/#\/schema\/person\/2ec14f73fb96be2caf28f91afb14749d\"},\"breadcrumb\":{\"@id\":\"https:\/\/www.gaveanews.com\/index.php\/2020\/09\/11\/lateral-rafinha-explica-saida-do-flamengo\/#breadcrumb\"},\"inLanguage\":\"pt-BR\",\"potentialAction\":[{\"@type\":\"ReadAction\",\"target\":[\"https:\/\/www.gaveanews.com\/index.php\/2020\/09\/11\/lateral-rafinha-explica-saida-do-flamengo\/\"]}]},{\"@type\":\"ImageObject\",\"inLanguage\":\"pt-BR\",\"@id\":\"https:\/\/www.gaveanews.com\/index.php\/2020\/09\/11\/lateral-rafinha-explica-saida-do-flamengo\/#primaryimage\",\"url\":\"https:\/\/www.gaveanews.com\/wp-content\/uploads\/2019\/07\/Rafinha-durante-treinamento-no-Ninho-Do-Urubu.webp\",\"contentUrl\":\"https:\/\/www.gaveanews.com\/wp-content\/uploads\/2019\/07\/Rafinha-durante-treinamento-no-Ninho-Do-Urubu.webp\",\"width\":901,\"height\":600,\"caption\":\"Rafinha durante treinamento no Ninho Do Urubu (Foto: Alexandre Vidal\/Flamengo)\"},{\"@type\":\"BreadcrumbList\",\"@id\":\"https:\/\/www.gaveanews.com\/index.php\/2020\/09\/11\/lateral-rafinha-explica-saida-do-flamengo\/#breadcrumb\",\"itemListElement\":[{\"@type\":\"ListItem\",\"position\":1,\"name\":\"Home\",\"item\":\"https:\/\/www.gaveanews.com\/\"},{\"@type\":\"ListItem\",\"position\":2,\"name\":\"Lateral Rafinha explica sa\u00edda do Flamengo\"}]},{\"@type\":\"WebSite\",\"@id\":\"https:\/\/www.gaveanews.com\/#website\",\"url\":\"https:\/\/www.gaveanews.com\/\",\"name\":\"G\u00e1vea News\",\"description\":\"Veja todas as not\u00edcias sobre o Flamengo: Contrata\u00e7\u00f5es, categorias de base, resultados das partidas, tabela de classifica\u00e7\u00e3o, pr\u00f3ximos jogos!\",\"potentialAction\":[{\"@type\":\"SearchAction\",\"target\":{\"@type\":\"EntryPoint\",\"urlTemplate\":\"https:\/\/www.gaveanews.com\/?s={search_term_string}\"},\"query-input\":{\"@type\":\"PropertyValueSpecification\",\"valueRequired\":true,\"valueName\":\"search_term_string\"}}],\"inLanguage\":\"pt-BR\"},{\"@type\":\"Person\",\"@id\":\"https:\/\/www.gaveanews.com\/#\/schema\/person\/2ec14f73fb96be2caf28f91afb14749d\",\"name\":\"Equipe G\u00e1vea News\",\"image\":{\"@type\":\"ImageObject\",\"inLanguage\":\"pt-BR\",\"@id\":\"https:\/\/www.gaveanews.com\/#\/schema\/person\/image\/\",\"url\":\"https:\/\/secure.gravatar.com\/avatar\/1e1956f1facbffd3f8fa53a326721950116b3b9dc9bd44939c01180fd4a745a9?s=96&d=mm&r=g\",\"contentUrl\":\"https:\/\/secure.gravatar.com\/avatar\/1e1956f1facbffd3f8fa53a326721950116b3b9dc9bd44939c01180fd4a745a9?s=96&d=mm&r=g\",\"caption\":\"Equipe G\u00e1vea News\"}}]}<\/script>\n<!-- \/ Yoast SEO Premium plugin. -->","yoast_head_json":{"title":"Lateral Rafinha explica sa\u00edda do Flamengo","robots":{"index":"index","follow":"follow","max-snippet":"max-snippet:-1","max-image-preview":"max-image-preview:large","max-video-preview":"max-video-preview:-1"},"canonical":"https:\/\/www.gaveanews.com\/index.php\/2020\/09\/11\/lateral-rafinha-explica-saida-do-flamengo\/","og_locale":"pt_BR","og_type":"article","og_title":"Lateral Rafinha explica sa\u00edda do Flamengo","og_description":"O choro na despedida do Flamengo, em entrevista coletiva h\u00e1 quase um m\u00eas, indicava a rela\u00e7\u00e3o que Rafinha havia criado com o Rubro-Negro. Rec\u00e9m-contratado pelo Olympiacos, da Gr\u00e9cia, o lateral-direito explicou a decis\u00e3o de deixar o clube da G\u00e1vea e indicou que a quest\u00e3o financeira pesou na escolha. Com 35 anos, Rafinha v\u00ea a carreira [&hellip;]","og_url":"https:\/\/www.gaveanews.com\/index.php\/2020\/09\/11\/lateral-rafinha-explica-saida-do-flamengo\/","og_site_name":"G\u00e1vea News","article_publisher":"https:\/\/facebook.com\/gaveaNews\/","article_published_time":"2020-09-11T19:11:00+00:00","article_modified_time":"2020-09-11T19:11:05+00:00","og_image":[{"width":901,"height":600,"url":"https:\/\/www.gaveanews.com\/wp-content\/uploads\/2019\/07\/Rafinha-durante-treinamento-no-Ninho-Do-Urubu.webp","type":"image\/jpeg"}],"author":"Equipe G\u00e1vea News","twitter_card":"summary_large_image","twitter_misc":{"Escrito por":"Equipe G\u00e1vea News","Est. tempo de leitura":"1 minuto"},"schema":{"@context":"https:\/\/schema.org","@graph":[{"@type":"NewsArticle","@id":"https:\/\/www.gaveanews.com\/index.php\/2020\/09\/11\/lateral-rafinha-explica-saida-do-flamengo\/#article","isPartOf":{"@id":"https:\/\/www.gaveanews.com\/index.php\/2020\/09\/11\/lateral-rafinha-explica-saida-do-flamengo\/"},"author":{"name":"Equipe G\u00e1vea News","@id":"https:\/\/www.gaveanews.com\/#\/schema\/person\/2ec14f73fb96be2caf28f91afb14749d"},"headline":"Lateral Rafinha explica sa\u00edda do Flamengo","datePublished":"2020-09-11T19:11:00+00:00","dateModified":"2020-09-11T19:11:05+00:00","mainEntityOfPage":{"@id":"https:\/\/www.gaveanews.com\/index.php\/2020\/09\/11\/lateral-rafinha-explica-saida-do-flamengo\/"},"wordCount":250,"commentCount":28,"image":{"@id":"https:\/\/www.gaveanews.com\/index.php\/2020\/09\/11\/lateral-rafinha-explica-saida-do-flamengo\/#primaryimage"},"thumbnailUrl":"https:\/\/www.gaveanews.com\/wp-content\/uploads\/2019\/07\/Rafinha-durante-treinamento-no-Ninho-Do-Urubu.webp","articleSection":["Flamengo"],"inLanguage":"pt-BR","potentialAction":[{"@type":"CommentAction","name":"Comment","target":["https:\/\/www.gaveanews.com\/index.php\/2020\/09\/11\/lateral-rafinha-explica-saida-do-flamengo\/#respond"]}],"copyrightYear":"2020","copyrightHolder":{"@id":"https:\/\/www.gaveanews.com\/#organization"}},{"@type":"WebPage","@id":"https:\/\/www.gaveanews.com\/index.php\/2020\/09\/11\/lateral-rafinha-explica-saida-do-flamengo\/","url":"https:\/\/www.gaveanews.com\/index.php\/2020\/09\/11\/lateral-rafinha-explica-saida-do-flamengo\/","name":"Lateral Rafinha explica sa\u00edda do Flamengo","isPartOf":{"@id":"https:\/\/www.gaveanews.com\/#website"},"primaryImageOfPage":{"@id":"https:\/\/www.gaveanews.com\/index.php\/2020\/09\/11\/lateral-rafinha-explica-saida-do-flamengo\/#primaryimage"},"image":{"@id":"https:\/\/www.gaveanews.com\/index.php\/2020\/09\/11\/lateral-rafinha-explica-saida-do-flamengo\/#primaryimage"},"thumbnailUrl":"https:\/\/www.gaveanews.com\/wp-content\/uploads\/2019\/07\/Rafinha-durante-treinamento-no-Ninho-Do-Urubu.webp","datePublished":"2020-09-11T19:11:00+00:00","dateModified":"2020-09-11T19:11:05+00:00","author":{"@id":"https:\/\/www.gaveanews.com\/#\/schema\/person\/2ec14f73fb96be2caf28f91afb14749d"},"breadcrumb":{"@id":"https:\/\/www.gaveanews.com\/index.php\/2020\/09\/11\/lateral-rafinha-explica-saida-do-flamengo\/#breadcrumb"},"inLanguage":"pt-BR","potentialAction":[{"@type":"ReadAction","target":["https:\/\/www.gaveanews.com\/index.php\/2020\/09\/11\/lateral-rafinha-explica-saida-do-flamengo\/"]}]},{"@type":"ImageObject","inLanguage":"pt-BR","@id":"https:\/\/www.gaveanews.com\/index.php\/2020\/09\/11\/lateral-rafinha-explica-saida-do-flamengo\/#primaryimage","url":"https:\/\/www.gaveanews.com\/wp-content\/uploads\/2019\/07\/Rafinha-durante-treinamento-no-Ninho-Do-Urubu.webp","contentUrl":"https:\/\/www.gaveanews.com\/wp-content\/uploads\/2019\/07\/Rafinha-durante-treinamento-no-Ninho-Do-Urubu.webp","width":901,"height":600,"caption":"Rafinha durante treinamento no Ninho Do Urubu (Foto: Alexandre Vidal\/Flamengo)"},{"@type":"BreadcrumbList","@id":"https:\/\/www.gaveanews.com\/index.php\/2020\/09\/11\/lateral-rafinha-explica-saida-do-flamengo\/#breadcrumb","itemListElement":[{"@type":"ListItem","position":1,"name":"Home","item":"https:\/\/www.gaveanews.com\/"},{"@type":"ListItem","position":2,"name":"Lateral Rafinha explica sa\u00edda do Flamengo"}]},{"@type":"WebSite","@id":"https:\/\/www.gaveanews.com\/#website","url":"https:\/\/www.gaveanews.com\/","name":"G\u00e1vea News","description":"Veja todas as not\u00edcias sobre o Flamengo: Contrata\u00e7\u00f5es, categorias de base, resultados das partidas, tabela de classifica\u00e7\u00e3o, pr\u00f3ximos jogos!","potentialAction":[{"@type":"SearchAction","target":{"@type":"EntryPoint","urlTemplate":"https:\/\/www.gaveanews.com\/?s={search_term_string}"},"query-input":{"@type":"PropertyValueSpecification","valueRequired":true,"valueName":"search_term_string"}}],"inLanguage":"pt-BR"},{"@type":"Person","@id":"https:\/\/www.gaveanews.com\/#\/schema\/person\/2ec14f73fb96be2caf28f91afb14749d","name":"Equipe G\u00e1vea News","image":{"@type":"ImageObject","inLanguage":"pt-BR","@id":"https:\/\/www.gaveanews.com\/#\/schema\/person\/image\/","url":"https:\/\/secure.gravatar.com\/avatar\/1e1956f1facbffd3f8fa53a326721950116b3b9dc9bd44939c01180fd4a745a9?s=96&d=mm&r=g","contentUrl":"https:\/\/secure.gravatar.com\/avatar\/1e1956f1facbffd3f8fa53a326721950116b3b9dc9bd44939c01180fd4a745a9?s=96&d=mm&r=g","caption":"Equipe G\u00e1vea News"}}]}},"_links":{"self":[{"href":"https:\/\/www.gaveanews.com\/index.php\/wp-json\/wp\/v2\/posts\/47255","targetHints":{"allow":["GET"]}}],"collection":[{"href":"https:\/\/www.gaveanews.com\/index.php\/wp-json\/wp\/v2\/posts"}],"about":[{"href":"https:\/\/www.gaveanews.com\/index.php\/wp-json\/wp\/v2\/types\/post"}],"author":[{"embeddable":true,"href":"https:\/\/www.gaveanews.com\/index.php\/wp-json\/wp\/v2\/users\/1"}],"replies":[{"embeddable":true,"href":"https:\/\/www.gaveanews.com\/index.php\/wp-json\/wp\/v2\/comments?post=47255"}],"version-history":[{"count":0,"href":"https:\/\/www.gaveanews.com\/index.php\/wp-json\/wp\/v2\/posts\/47255\/revisions"}],"wp:featuredmedia":[{"embeddable":true,"href":"https:\/\/www.gaveanews.com\/index.php\/wp-json\/wp\/v2\/media\/22716"}],"wp:attachment":[{"href":"https:\/\/www.gaveanews.com\/index.php\/wp-json\/wp\/v2\/media?parent=47255"}],"wp:term":[{"taxonomy":"category","embeddable":true,"href":"https:\/\/www.gaveanews.com\/index.php\/wp-json\/wp\/v2\/categories?post=47255"},{"taxonomy":"post_tag","embeddable":true,"href":"https:\/\/www.gaveanews.com\/index.php\/wp-json\/wp\/v2\/tags?post=47255"}],"curies":[{"name":"wp","href":"https:\/\/api.w.org\/{rel}","templated":true}]}}