{"id":47261,"date":"2020-09-12T17:41:42","date_gmt":"2020-09-12T20:41:42","guid":{"rendered":"https:\/\/www.gaveanews.com\/?p=47261"},"modified":"2020-09-12T17:42:39","modified_gmt":"2020-09-12T20:42:39","slug":"nas-redes-sociais-volante-da-adeus-ao-flamengo-levo-no-coracao-para-sempre","status":"publish","type":"post","link":"https:\/\/www.gaveanews.com\/index.php\/2020\/09\/12\/nas-redes-sociais-volante-da-adeus-ao-flamengo-levo-no-coracao-para-sempre\/","title":{"rendered":"Nas redes sociais, volante d\u00e1 adeus ao Flamengo: &#8220;Levo no cora\u00e7\u00e3o para sempre&#8221;"},"content":{"rendered":"\n<p>Sem espa\u00e7o no estrelado elenco do Flamengo, o volante Piris da Motta acertou a sa\u00edda do clube. Nesta sexta-feira, o jogador paraguaio foi anunciado pelo Gen\u00e7lerbirligi-TUR e usou as redes sociais para se despedir dos torcedores do Rubro-Negro. Piris agradeceu o apoio no clube e afirmou que levar\u00e1 o Fla no cora\u00e7\u00e3o.<\/p>\n\n\n\n<p>\u201cAl\u00f4, Na\u00e7\u00e3o Rubro Negra, s\u00f3 passo aqui para agradecer o apoio de voc\u00eas durante o tempo que fiquei no clube. Agradecer a meus companheiros, e a todos os profissionais que fizeram parte do meu dia a dia. S\u00f3 tenho palavras de agradecimento para o Flamengo por me deixar cumprir meu sonhos. Um clube que levo no cora\u00e7\u00e3o para sempre! Obrigado por tudo&#8221;, escreveu Piris.<\/p>\n\n\n\n<h2 class=\"wp-block-heading\">Confira a publica\u00e7\u00e3o:<\/h2>\n\n\n\n<figure class=\"wp-block-embed-instagram wp-block-embed is-type-rich is-provider-instagram\"><div class=\"wp-block-embed__wrapper\">\nhttps:\/\/www.instagram.com\/p\/CE_uTeGFU6w\/\n<\/div><\/figure>\n\n\n\n<p>Retirado de: O Dia<\/p>\n\n\n\n<p><strong>Leia tamb\u00e9m: <a href=\"https:\/\/www.gaveanews.com\/index.php\/2020\/09\/12\/flamengo-divulga-lista-de-relacionados-para-o-jogo-contra-o-ceara\/\">Flamengo divulga lista de relacionados para o jogo contra o Cear\u00e1<\/a><\/strong><\/p>\n","protected":false},"excerpt":{"rendered":"<p>Sem espa\u00e7o no estrelado elenco do Flamengo, o volante Piris da Motta acertou a sa\u00edda do clube. Nesta sexta-feira, o jogador paraguaio foi anunciado pelo Gen\u00e7lerbirligi-TUR e usou as redes sociais para se despedir dos torcedores do Rubro-Negro. Piris agradeceu o apoio no clube e afirmou que levar\u00e1 o Fla no cora\u00e7\u00e3o. \u201cAl\u00f4, Na\u00e7\u00e3o Rubro [&hellip;]<\/p>\n","protected":false},"author":1,"featured_media":14954,"comment_status":"open","ping_status":"closed","sticky":false,"template":"","format":"standard","meta":{"footnotes":""},"categories":[1],"tags":[],"class_list":["post-47261","post","type-post","status-publish","format-standard","has-post-thumbnail","hentry","category-flamengo"],"yoast_head":"<!-- This site is optimized with the Yoast SEO Premium plugin v24.2 (Yoast SEO v26.9) - https:\/\/yoast.com\/product\/yoast-seo-premium-wordpress\/ -->\n<title>Nas redes sociais, volante d\u00e1 adeus ao Flamengo: &quot;Levo no cora\u00e7\u00e3o&quot;<\/title>\n<meta name=\"description\" content=\"&quot;S\u00f3 tenho palavras de agradecimento para o Flamengo por me deixar cumprir meu sonhos. Um clube que levo no cora\u00e7\u00e3o para sempre!&quot;.\" \/>\n<meta name=\"robots\" content=\"index, follow, max-snippet:-1, max-image-preview:large, max-video-preview:-1\" \/>\n<link rel=\"canonical\" href=\"https:\/\/www.gaveanews.com\/index.php\/2020\/09\/12\/nas-redes-sociais-volante-da-adeus-ao-flamengo-levo-no-coracao-para-sempre\/\" \/>\n<meta property=\"og:locale\" content=\"pt_BR\" \/>\n<meta property=\"og:type\" content=\"article\" \/>\n<meta property=\"og:title\" content=\"Nas redes sociais, volante d\u00e1 adeus ao Flamengo: &quot;Levo no cora\u00e7\u00e3o para sempre&quot;\" \/>\n<meta property=\"og:description\" content=\"&quot;S\u00f3 tenho palavras de agradecimento para o Flamengo por me deixar cumprir meu sonhos. Um clube que levo no cora\u00e7\u00e3o para sempre!&quot;.\" \/>\n<meta property=\"og:url\" content=\"https:\/\/www.gaveanews.com\/index.php\/2020\/09\/12\/nas-redes-sociais-volante-da-adeus-ao-flamengo-levo-no-coracao-para-sempre\/\" \/>\n<meta property=\"og:site_name\" content=\"G\u00e1vea News\" \/>\n<meta property=\"article:publisher\" content=\"https:\/\/facebook.com\/gaveaNews\/\" \/>\n<meta property=\"article:published_time\" content=\"2020-09-12T20:41:42+00:00\" \/>\n<meta property=\"article:modified_time\" content=\"2020-09-12T20:42:39+00:00\" \/>\n<meta property=\"og:image\" content=\"https:\/\/www.gaveanews.com\/wp-content\/uploads\/2019\/03\/Piris-em-acao-pelo-Flamengo-no-estadio-do-Maracana.webp\" \/>\n\t<meta property=\"og:image:width\" content=\"1\" \/>\n\t<meta property=\"og:image:height\" content=\"1\" \/>\n\t<meta property=\"og:image:type\" content=\"image\/jpeg\" \/>\n<meta name=\"author\" content=\"Equipe G\u00e1vea News\" \/>\n<meta name=\"twitter:card\" content=\"summary_large_image\" \/>\n<meta name=\"twitter:label1\" content=\"Escrito por\" \/>\n\t<meta name=\"twitter:data1\" content=\"Equipe G\u00e1vea News\" \/>\n\t<meta name=\"twitter:label2\" content=\"Est. tempo de leitura\" \/>\n\t<meta name=\"twitter:data2\" content=\"1 minuto\" \/>\n<script type=\"application\/ld+json\" class=\"yoast-schema-graph\">{\"@context\":\"https:\/\/schema.org\",\"@graph\":[{\"@type\":\"NewsArticle\",\"@id\":\"https:\/\/www.gaveanews.com\/index.php\/2020\/09\/12\/nas-redes-sociais-volante-da-adeus-ao-flamengo-levo-no-coracao-para-sempre\/#article\",\"isPartOf\":{\"@id\":\"https:\/\/www.gaveanews.com\/index.php\/2020\/09\/12\/nas-redes-sociais-volante-da-adeus-ao-flamengo-levo-no-coracao-para-sempre\/\"},\"author\":{\"name\":\"Equipe G\u00e1vea News\",\"@id\":\"https:\/\/www.gaveanews.com\/#\/schema\/person\/2ec14f73fb96be2caf28f91afb14749d\"},\"headline\":\"Nas redes sociais, volante d\u00e1 adeus ao Flamengo: &#8220;Levo no cora\u00e7\u00e3o para sempre&#8221;\",\"datePublished\":\"2020-09-12T20:41:42+00:00\",\"dateModified\":\"2020-09-12T20:42:39+00:00\",\"mainEntityOfPage\":{\"@id\":\"https:\/\/www.gaveanews.com\/index.php\/2020\/09\/12\/nas-redes-sociais-volante-da-adeus-ao-flamengo-levo-no-coracao-para-sempre\/\"},\"wordCount\":167,\"commentCount\":12,\"image\":{\"@id\":\"https:\/\/www.gaveanews.com\/index.php\/2020\/09\/12\/nas-redes-sociais-volante-da-adeus-ao-flamengo-levo-no-coracao-para-sempre\/#primaryimage\"},\"thumbnailUrl\":\"https:\/\/www.gaveanews.com\/wp-content\/uploads\/2019\/03\/Piris-em-acao-pelo-Flamengo-no-estadio-do-Maracana.webp\",\"articleSection\":[\"Flamengo\"],\"inLanguage\":\"pt-BR\",\"potentialAction\":[{\"@type\":\"CommentAction\",\"name\":\"Comment\",\"target\":[\"https:\/\/www.gaveanews.com\/index.php\/2020\/09\/12\/nas-redes-sociais-volante-da-adeus-ao-flamengo-levo-no-coracao-para-sempre\/#respond\"]}],\"copyrightYear\":\"2020\",\"copyrightHolder\":{\"@id\":\"https:\/\/www.gaveanews.com\/#organization\"}},{\"@type\":\"WebPage\",\"@id\":\"https:\/\/www.gaveanews.com\/index.php\/2020\/09\/12\/nas-redes-sociais-volante-da-adeus-ao-flamengo-levo-no-coracao-para-sempre\/\",\"url\":\"https:\/\/www.gaveanews.com\/index.php\/2020\/09\/12\/nas-redes-sociais-volante-da-adeus-ao-flamengo-levo-no-coracao-para-sempre\/\",\"name\":\"Nas redes sociais, volante d\u00e1 adeus ao Flamengo: \\\"Levo no cora\u00e7\u00e3o\\\"\",\"isPartOf\":{\"@id\":\"https:\/\/www.gaveanews.com\/#website\"},\"primaryImageOfPage\":{\"@id\":\"https:\/\/www.gaveanews.com\/index.php\/2020\/09\/12\/nas-redes-sociais-volante-da-adeus-ao-flamengo-levo-no-coracao-para-sempre\/#primaryimage\"},\"image\":{\"@id\":\"https:\/\/www.gaveanews.com\/index.php\/2020\/09\/12\/nas-redes-sociais-volante-da-adeus-ao-flamengo-levo-no-coracao-para-sempre\/#primaryimage\"},\"thumbnailUrl\":\"https:\/\/www.gaveanews.com\/wp-content\/uploads\/2019\/03\/Piris-em-acao-pelo-Flamengo-no-estadio-do-Maracana.webp\",\"datePublished\":\"2020-09-12T20:41:42+00:00\",\"dateModified\":\"2020-09-12T20:42:39+00:00\",\"author\":{\"@id\":\"https:\/\/www.gaveanews.com\/#\/schema\/person\/2ec14f73fb96be2caf28f91afb14749d\"},\"description\":\"\\\"S\u00f3 tenho palavras de agradecimento para o Flamengo por me deixar cumprir meu sonhos. Um clube que levo no cora\u00e7\u00e3o para sempre!\\\".\",\"breadcrumb\":{\"@id\":\"https:\/\/www.gaveanews.com\/index.php\/2020\/09\/12\/nas-redes-sociais-volante-da-adeus-ao-flamengo-levo-no-coracao-para-sempre\/#breadcrumb\"},\"inLanguage\":\"pt-BR\",\"potentialAction\":[{\"@type\":\"ReadAction\",\"target\":[\"https:\/\/www.gaveanews.com\/index.php\/2020\/09\/12\/nas-redes-sociais-volante-da-adeus-ao-flamengo-levo-no-coracao-para-sempre\/\"]}]},{\"@type\":\"ImageObject\",\"inLanguage\":\"pt-BR\",\"@id\":\"https:\/\/www.gaveanews.com\/index.php\/2020\/09\/12\/nas-redes-sociais-volante-da-adeus-ao-flamengo-levo-no-coracao-para-sempre\/#primaryimage\",\"url\":\"https:\/\/www.gaveanews.com\/wp-content\/uploads\/2019\/03\/Piris-em-acao-pelo-Flamengo-no-estadio-do-Maracana.webp\",\"contentUrl\":\"https:\/\/www.gaveanews.com\/wp-content\/uploads\/2019\/03\/Piris-em-acao-pelo-Flamengo-no-estadio-do-Maracana.webp\",\"caption\":\"Piris em a\u00e7\u00e3o pelo Flamengo, no est\u00e1dio do Maracan\u00e3 (Foto: Alexandre Vidal\/Flamengo)\"},{\"@type\":\"BreadcrumbList\",\"@id\":\"https:\/\/www.gaveanews.com\/index.php\/2020\/09\/12\/nas-redes-sociais-volante-da-adeus-ao-flamengo-levo-no-coracao-para-sempre\/#breadcrumb\",\"itemListElement\":[{\"@type\":\"ListItem\",\"position\":1,\"name\":\"Home\",\"item\":\"https:\/\/www.gaveanews.com\/\"},{\"@type\":\"ListItem\",\"position\":2,\"name\":\"Nas redes sociais, volante d\u00e1 adeus ao Flamengo: &#8220;Levo no cora\u00e7\u00e3o para sempre&#8221;\"}]},{\"@type\":\"WebSite\",\"@id\":\"https:\/\/www.gaveanews.com\/#website\",\"url\":\"https:\/\/www.gaveanews.com\/\",\"name\":\"G\u00e1vea News\",\"description\":\"Veja todas as not\u00edcias sobre o Flamengo: Contrata\u00e7\u00f5es, categorias de base, resultados das partidas, tabela de classifica\u00e7\u00e3o, pr\u00f3ximos jogos!\",\"potentialAction\":[{\"@type\":\"SearchAction\",\"target\":{\"@type\":\"EntryPoint\",\"urlTemplate\":\"https:\/\/www.gaveanews.com\/?s={search_term_string}\"},\"query-input\":{\"@type\":\"PropertyValueSpecification\",\"valueRequired\":true,\"valueName\":\"search_term_string\"}}],\"inLanguage\":\"pt-BR\"},{\"@type\":\"Person\",\"@id\":\"https:\/\/www.gaveanews.com\/#\/schema\/person\/2ec14f73fb96be2caf28f91afb14749d\",\"name\":\"Equipe G\u00e1vea News\",\"image\":{\"@type\":\"ImageObject\",\"inLanguage\":\"pt-BR\",\"@id\":\"https:\/\/www.gaveanews.com\/#\/schema\/person\/image\/\",\"url\":\"https:\/\/secure.gravatar.com\/avatar\/1e1956f1facbffd3f8fa53a326721950116b3b9dc9bd44939c01180fd4a745a9?s=96&d=mm&r=g\",\"contentUrl\":\"https:\/\/secure.gravatar.com\/avatar\/1e1956f1facbffd3f8fa53a326721950116b3b9dc9bd44939c01180fd4a745a9?s=96&d=mm&r=g\",\"caption\":\"Equipe G\u00e1vea News\"}}]}<\/script>\n<!-- \/ Yoast SEO Premium plugin. -->","yoast_head_json":{"title":"Nas redes sociais, volante d\u00e1 adeus ao Flamengo: \"Levo no cora\u00e7\u00e3o\"","description":"\"S\u00f3 tenho palavras de agradecimento para o Flamengo por me deixar cumprir meu sonhos. Um clube que levo no cora\u00e7\u00e3o para sempre!\".","robots":{"index":"index","follow":"follow","max-snippet":"max-snippet:-1","max-image-preview":"max-image-preview:large","max-video-preview":"max-video-preview:-1"},"canonical":"https:\/\/www.gaveanews.com\/index.php\/2020\/09\/12\/nas-redes-sociais-volante-da-adeus-ao-flamengo-levo-no-coracao-para-sempre\/","og_locale":"pt_BR","og_type":"article","og_title":"Nas redes sociais, volante d\u00e1 adeus ao Flamengo: \"Levo no cora\u00e7\u00e3o para sempre\"","og_description":"\"S\u00f3 tenho palavras de agradecimento para o Flamengo por me deixar cumprir meu sonhos. Um clube que levo no cora\u00e7\u00e3o para sempre!\".","og_url":"https:\/\/www.gaveanews.com\/index.php\/2020\/09\/12\/nas-redes-sociais-volante-da-adeus-ao-flamengo-levo-no-coracao-para-sempre\/","og_site_name":"G\u00e1vea News","article_publisher":"https:\/\/facebook.com\/gaveaNews\/","article_published_time":"2020-09-12T20:41:42+00:00","article_modified_time":"2020-09-12T20:42:39+00:00","og_image":[{"url":"https:\/\/www.gaveanews.com\/wp-content\/uploads\/2019\/03\/Piris-em-acao-pelo-Flamengo-no-estadio-do-Maracana.webp","width":1,"height":1,"type":"image\/jpeg"}],"author":"Equipe G\u00e1vea News","twitter_card":"summary_large_image","twitter_misc":{"Escrito por":"Equipe G\u00e1vea News","Est. tempo de leitura":"1 minuto"},"schema":{"@context":"https:\/\/schema.org","@graph":[{"@type":"NewsArticle","@id":"https:\/\/www.gaveanews.com\/index.php\/2020\/09\/12\/nas-redes-sociais-volante-da-adeus-ao-flamengo-levo-no-coracao-para-sempre\/#article","isPartOf":{"@id":"https:\/\/www.gaveanews.com\/index.php\/2020\/09\/12\/nas-redes-sociais-volante-da-adeus-ao-flamengo-levo-no-coracao-para-sempre\/"},"author":{"name":"Equipe G\u00e1vea News","@id":"https:\/\/www.gaveanews.com\/#\/schema\/person\/2ec14f73fb96be2caf28f91afb14749d"},"headline":"Nas redes sociais, volante d\u00e1 adeus ao Flamengo: &#8220;Levo no cora\u00e7\u00e3o para sempre&#8221;","datePublished":"2020-09-12T20:41:42+00:00","dateModified":"2020-09-12T20:42:39+00:00","mainEntityOfPage":{"@id":"https:\/\/www.gaveanews.com\/index.php\/2020\/09\/12\/nas-redes-sociais-volante-da-adeus-ao-flamengo-levo-no-coracao-para-sempre\/"},"wordCount":167,"commentCount":12,"image":{"@id":"https:\/\/www.gaveanews.com\/index.php\/2020\/09\/12\/nas-redes-sociais-volante-da-adeus-ao-flamengo-levo-no-coracao-para-sempre\/#primaryimage"},"thumbnailUrl":"https:\/\/www.gaveanews.com\/wp-content\/uploads\/2019\/03\/Piris-em-acao-pelo-Flamengo-no-estadio-do-Maracana.webp","articleSection":["Flamengo"],"inLanguage":"pt-BR","potentialAction":[{"@type":"CommentAction","name":"Comment","target":["https:\/\/www.gaveanews.com\/index.php\/2020\/09\/12\/nas-redes-sociais-volante-da-adeus-ao-flamengo-levo-no-coracao-para-sempre\/#respond"]}],"copyrightYear":"2020","copyrightHolder":{"@id":"https:\/\/www.gaveanews.com\/#organization"}},{"@type":"WebPage","@id":"https:\/\/www.gaveanews.com\/index.php\/2020\/09\/12\/nas-redes-sociais-volante-da-adeus-ao-flamengo-levo-no-coracao-para-sempre\/","url":"https:\/\/www.gaveanews.com\/index.php\/2020\/09\/12\/nas-redes-sociais-volante-da-adeus-ao-flamengo-levo-no-coracao-para-sempre\/","name":"Nas redes sociais, volante d\u00e1 adeus ao Flamengo: \"Levo no cora\u00e7\u00e3o\"","isPartOf":{"@id":"https:\/\/www.gaveanews.com\/#website"},"primaryImageOfPage":{"@id":"https:\/\/www.gaveanews.com\/index.php\/2020\/09\/12\/nas-redes-sociais-volante-da-adeus-ao-flamengo-levo-no-coracao-para-sempre\/#primaryimage"},"image":{"@id":"https:\/\/www.gaveanews.com\/index.php\/2020\/09\/12\/nas-redes-sociais-volante-da-adeus-ao-flamengo-levo-no-coracao-para-sempre\/#primaryimage"},"thumbnailUrl":"https:\/\/www.gaveanews.com\/wp-content\/uploads\/2019\/03\/Piris-em-acao-pelo-Flamengo-no-estadio-do-Maracana.webp","datePublished":"2020-09-12T20:41:42+00:00","dateModified":"2020-09-12T20:42:39+00:00","author":{"@id":"https:\/\/www.gaveanews.com\/#\/schema\/person\/2ec14f73fb96be2caf28f91afb14749d"},"description":"\"S\u00f3 tenho palavras de agradecimento para o Flamengo por me deixar cumprir meu sonhos. Um clube que levo no cora\u00e7\u00e3o para sempre!\".","breadcrumb":{"@id":"https:\/\/www.gaveanews.com\/index.php\/2020\/09\/12\/nas-redes-sociais-volante-da-adeus-ao-flamengo-levo-no-coracao-para-sempre\/#breadcrumb"},"inLanguage":"pt-BR","potentialAction":[{"@type":"ReadAction","target":["https:\/\/www.gaveanews.com\/index.php\/2020\/09\/12\/nas-redes-sociais-volante-da-adeus-ao-flamengo-levo-no-coracao-para-sempre\/"]}]},{"@type":"ImageObject","inLanguage":"pt-BR","@id":"https:\/\/www.gaveanews.com\/index.php\/2020\/09\/12\/nas-redes-sociais-volante-da-adeus-ao-flamengo-levo-no-coracao-para-sempre\/#primaryimage","url":"https:\/\/www.gaveanews.com\/wp-content\/uploads\/2019\/03\/Piris-em-acao-pelo-Flamengo-no-estadio-do-Maracana.webp","contentUrl":"https:\/\/www.gaveanews.com\/wp-content\/uploads\/2019\/03\/Piris-em-acao-pelo-Flamengo-no-estadio-do-Maracana.webp","caption":"Piris em a\u00e7\u00e3o pelo Flamengo, no est\u00e1dio do Maracan\u00e3 (Foto: Alexandre Vidal\/Flamengo)"},{"@type":"BreadcrumbList","@id":"https:\/\/www.gaveanews.com\/index.php\/2020\/09\/12\/nas-redes-sociais-volante-da-adeus-ao-flamengo-levo-no-coracao-para-sempre\/#breadcrumb","itemListElement":[{"@type":"ListItem","position":1,"name":"Home","item":"https:\/\/www.gaveanews.com\/"},{"@type":"ListItem","position":2,"name":"Nas redes sociais, volante d\u00e1 adeus ao Flamengo: &#8220;Levo no cora\u00e7\u00e3o para sempre&#8221;"}]},{"@type":"WebSite","@id":"https:\/\/www.gaveanews.com\/#website","url":"https:\/\/www.gaveanews.com\/","name":"G\u00e1vea News","description":"Veja todas as not\u00edcias sobre o Flamengo: Contrata\u00e7\u00f5es, categorias de base, resultados das partidas, tabela de classifica\u00e7\u00e3o, pr\u00f3ximos jogos!","potentialAction":[{"@type":"SearchAction","target":{"@type":"EntryPoint","urlTemplate":"https:\/\/www.gaveanews.com\/?s={search_term_string}"},"query-input":{"@type":"PropertyValueSpecification","valueRequired":true,"valueName":"search_term_string"}}],"inLanguage":"pt-BR"},{"@type":"Person","@id":"https:\/\/www.gaveanews.com\/#\/schema\/person\/2ec14f73fb96be2caf28f91afb14749d","name":"Equipe G\u00e1vea News","image":{"@type":"ImageObject","inLanguage":"pt-BR","@id":"https:\/\/www.gaveanews.com\/#\/schema\/person\/image\/","url":"https:\/\/secure.gravatar.com\/avatar\/1e1956f1facbffd3f8fa53a326721950116b3b9dc9bd44939c01180fd4a745a9?s=96&d=mm&r=g","contentUrl":"https:\/\/secure.gravatar.com\/avatar\/1e1956f1facbffd3f8fa53a326721950116b3b9dc9bd44939c01180fd4a745a9?s=96&d=mm&r=g","caption":"Equipe G\u00e1vea News"}}]}},"_links":{"self":[{"href":"https:\/\/www.gaveanews.com\/index.php\/wp-json\/wp\/v2\/posts\/47261","targetHints":{"allow":["GET"]}}],"collection":[{"href":"https:\/\/www.gaveanews.com\/index.php\/wp-json\/wp\/v2\/posts"}],"about":[{"href":"https:\/\/www.gaveanews.com\/index.php\/wp-json\/wp\/v2\/types\/post"}],"author":[{"embeddable":true,"href":"https:\/\/www.gaveanews.com\/index.php\/wp-json\/wp\/v2\/users\/1"}],"replies":[{"embeddable":true,"href":"https:\/\/www.gaveanews.com\/index.php\/wp-json\/wp\/v2\/comments?post=47261"}],"version-history":[{"count":0,"href":"https:\/\/www.gaveanews.com\/index.php\/wp-json\/wp\/v2\/posts\/47261\/revisions"}],"wp:featuredmedia":[{"embeddable":true,"href":"https:\/\/www.gaveanews.com\/index.php\/wp-json\/wp\/v2\/media\/14954"}],"wp:attachment":[{"href":"https:\/\/www.gaveanews.com\/index.php\/wp-json\/wp\/v2\/media?parent=47261"}],"wp:term":[{"taxonomy":"category","embeddable":true,"href":"https:\/\/www.gaveanews.com\/index.php\/wp-json\/wp\/v2\/categories?post=47261"},{"taxonomy":"post_tag","embeddable":true,"href":"https:\/\/www.gaveanews.com\/index.php\/wp-json\/wp\/v2\/tags?post=47261"}],"curies":[{"name":"wp","href":"https:\/\/api.w.org\/{rel}","templated":true}]}}