{"id":47280,"date":"2020-09-12T22:18:20","date_gmt":"2020-09-13T01:18:20","guid":{"rendered":"https:\/\/www.gaveanews.com\/?p=47280"},"modified":"2020-09-12T22:18:22","modified_gmt":"2020-09-13T01:18:22","slug":"flamengo-visita-o-ceara-pelo-brasileiro-antes-da-volta-da-libertadores","status":"publish","type":"post","link":"https:\/\/www.gaveanews.com\/index.php\/2020\/09\/12\/flamengo-visita-o-ceara-pelo-brasileiro-antes-da-volta-da-libertadores\/","title":{"rendered":"Flamengo visita o Cear\u00e1 pelo Brasileiro antes da volta da Libertadores"},"content":{"rendered":"\n<p>Embalado por uma sequ\u00eancia de quatro vit\u00f3rias e sete partidas sem perder, o Flamengo visita o Cear\u00e1 neste domingo pela d\u00e9cima rodada do Campeonato Brasileiro. A partida no Castel\u00e3o est\u00e1 marcada para as 18 horas, no hor\u00e1rio de Bras\u00edlia.<\/p>\n\n\n\n<p>A ascens\u00e3o do Rubro-Negro na competi\u00e7\u00e3o j\u00e1 o levou a vice-lideran\u00e7a com 17 pontos, tr\u00eas a menos que o Internacional. O Colorado, por sinal, foi o \u00faltimo advers\u00e1rio do Cear\u00e1, que perdeu por 2 a 0 no Beira-Rio, na \u00faltima quinta-feira.<\/p>\n\n\n\n<p>A equipe do t\u00e9cnico Dom\u00e8nec Torrent vai a Fortaleza com a cabe\u00e7a dividida entre a competi\u00e7\u00e3o nacional e a Libertadores. O retorno da competi\u00e7\u00e3o continental est\u00e1 marcado para o dia 17, contra o Independiente del Valle, em Quito. O grupo vai permanecer no Equador e, no dia 22, encara o Barcelona, em Guayaquil.<\/p>\n\n\n\n<p>O Cear\u00e1 tamb\u00e9m teve um in\u00edcio dif\u00edcil no Brasileir\u00e3o. Com tr\u00eas derrotas nos primeiros quatro jogos, o Vov\u00f4 esteve na zona do rebaixamento antes de engatar uma rea\u00e7\u00e3o. Com tr\u00eas vit\u00f3rias seguidas, o Cear\u00e1 se viu pr\u00f3ximo do G6, mas a\u00ed voltou a trope\u00e7ar contra Santos e Inter.<\/p>\n\n\n\n<p>Em Porto Alegre, o Cear\u00e1 jogou com muitos desfalques por suspens\u00e3o. Neste domingo, Luiz Ot\u00e1vio, Samuel Xavier, Bruno Pacheco, Leandro Carvalho e o pr\u00f3prio t\u00e9cnico Guto Ferreira estar\u00e3o de volta. Entretanto, o Alvinegro perdeu o volante William Oliveira pelo terceiro amarelo.<\/p>\n\n\n\n<p>No Rubro-Negro, o t\u00e9cnico Dome tem v\u00e1rios desfalques para a partida. Gerson, suspenso pelo terceiro amarelo, Filipe Lu\u00eds e Arrascaeta, desgaste muscular, e Bruno Henrique se recuperando de um edema \u00f3sseo no joelho, n\u00e3o viajaram para Fortaleza. O mesmo acontece com o goleiro Diego Alves, afastado com Covid.<\/p>\n\n\n\n<p>O goleiro C\u00e9sar, que tamb\u00e9m esteve afastado com Covid, est\u00e1 \u00e0 disposi\u00e7\u00e3o, mas deve ficar como op\u00e7\u00e3o no banco de reservas. Ent\u00e3o Gabriel Batista segue no gol contra o Cear\u00e1.<\/p>\n\n\n\n<p>J\u00e1 o zagueiro Rodrigo Caio, que s\u00f3 esteve fora do time por les\u00e3o, finalmente deve entrar no rod\u00edzio do elenco. Ele ser\u00e1 poupado e a dupla de zaga deve ter Thuler ou Gustavo Henrique, e L\u00e9o Pereira.<\/p>\n\n\n\n<p>Retirado de: Gazeta Esportiva<\/p>\n","protected":false},"excerpt":{"rendered":"<p>Embalado por uma sequ\u00eancia de quatro vit\u00f3rias e sete partidas sem perder, o Flamengo visita o Cear\u00e1 neste domingo pela d\u00e9cima rodada do Campeonato Brasileiro. A partida no Castel\u00e3o est\u00e1 marcada para as 18 horas, no hor\u00e1rio de Bras\u00edlia. A ascens\u00e3o do Rubro-Negro na competi\u00e7\u00e3o j\u00e1 o levou a vice-lideran\u00e7a com 17 pontos, tr\u00eas a [&hellip;]<\/p>\n","protected":false},"author":1,"featured_media":15081,"comment_status":"open","ping_status":"closed","sticky":false,"template":"","format":"standard","meta":{"footnotes":""},"categories":[1],"tags":[],"class_list":["post-47280","post","type-post","status-publish","format-standard","has-post-thumbnail","hentry","category-flamengo"],"yoast_head":"<!-- This site is optimized with the Yoast SEO Premium plugin v24.2 (Yoast SEO v26.9) - https:\/\/yoast.com\/product\/yoast-seo-premium-wordpress\/ -->\n<title>Flamengo visita o Cear\u00e1 pelo Brasileiro antes da volta da Libertadores<\/title>\n<meta name=\"robots\" content=\"index, follow, max-snippet:-1, max-image-preview:large, max-video-preview:-1\" \/>\n<link rel=\"canonical\" href=\"https:\/\/www.gaveanews.com\/index.php\/2020\/09\/12\/flamengo-visita-o-ceara-pelo-brasileiro-antes-da-volta-da-libertadores\/\" \/>\n<meta property=\"og:locale\" content=\"pt_BR\" \/>\n<meta property=\"og:type\" content=\"article\" \/>\n<meta property=\"og:title\" content=\"Flamengo visita o Cear\u00e1 pelo Brasileiro antes da volta da Libertadores\" \/>\n<meta property=\"og:description\" content=\"Embalado por uma sequ\u00eancia de quatro vit\u00f3rias e sete partidas sem perder, o Flamengo visita o Cear\u00e1 neste domingo pela d\u00e9cima rodada do Campeonato Brasileiro. A partida no Castel\u00e3o est\u00e1 marcada para as 18 horas, no hor\u00e1rio de Bras\u00edlia. A ascens\u00e3o do Rubro-Negro na competi\u00e7\u00e3o j\u00e1 o levou a vice-lideran\u00e7a com 17 pontos, tr\u00eas a [&hellip;]\" \/>\n<meta property=\"og:url\" content=\"https:\/\/www.gaveanews.com\/index.php\/2020\/09\/12\/flamengo-visita-o-ceara-pelo-brasileiro-antes-da-volta-da-libertadores\/\" \/>\n<meta property=\"og:site_name\" content=\"G\u00e1vea News\" \/>\n<meta property=\"article:publisher\" content=\"https:\/\/facebook.com\/gaveaNews\/\" \/>\n<meta property=\"article:published_time\" content=\"2020-09-13T01:18:20+00:00\" \/>\n<meta property=\"article:modified_time\" content=\"2020-09-13T01:18:22+00:00\" \/>\n<meta property=\"og:image\" content=\"https:\/\/www.gaveanews.com\/wp-content\/uploads\/2019\/03\/Escudo-do-Flamengo-e-exposto-proximo-a-um-dos-gols-no-gramado-do-Maracana.webp\" \/>\n\t<meta property=\"og:image:width\" content=\"1\" \/>\n\t<meta property=\"og:image:height\" content=\"1\" \/>\n\t<meta property=\"og:image:type\" content=\"image\/jpeg\" \/>\n<meta name=\"author\" content=\"Equipe G\u00e1vea News\" \/>\n<meta name=\"twitter:card\" content=\"summary_large_image\" \/>\n<meta name=\"twitter:label1\" content=\"Escrito por\" \/>\n\t<meta name=\"twitter:data1\" content=\"Equipe G\u00e1vea News\" \/>\n\t<meta name=\"twitter:label2\" content=\"Est. tempo de leitura\" \/>\n\t<meta name=\"twitter:data2\" content=\"2 minutos\" \/>\n<script type=\"application\/ld+json\" class=\"yoast-schema-graph\">{\"@context\":\"https:\/\/schema.org\",\"@graph\":[{\"@type\":\"NewsArticle\",\"@id\":\"https:\/\/www.gaveanews.com\/index.php\/2020\/09\/12\/flamengo-visita-o-ceara-pelo-brasileiro-antes-da-volta-da-libertadores\/#article\",\"isPartOf\":{\"@id\":\"https:\/\/www.gaveanews.com\/index.php\/2020\/09\/12\/flamengo-visita-o-ceara-pelo-brasileiro-antes-da-volta-da-libertadores\/\"},\"author\":{\"name\":\"Equipe G\u00e1vea News\",\"@id\":\"https:\/\/www.gaveanews.com\/#\/schema\/person\/2ec14f73fb96be2caf28f91afb14749d\"},\"headline\":\"Flamengo visita o Cear\u00e1 pelo Brasileiro antes da volta da Libertadores\",\"datePublished\":\"2020-09-13T01:18:20+00:00\",\"dateModified\":\"2020-09-13T01:18:22+00:00\",\"mainEntityOfPage\":{\"@id\":\"https:\/\/www.gaveanews.com\/index.php\/2020\/09\/12\/flamengo-visita-o-ceara-pelo-brasileiro-antes-da-volta-da-libertadores\/\"},\"wordCount\":388,\"commentCount\":0,\"image\":{\"@id\":\"https:\/\/www.gaveanews.com\/index.php\/2020\/09\/12\/flamengo-visita-o-ceara-pelo-brasileiro-antes-da-volta-da-libertadores\/#primaryimage\"},\"thumbnailUrl\":\"https:\/\/www.gaveanews.com\/wp-content\/uploads\/2019\/03\/Escudo-do-Flamengo-e-exposto-proximo-a-um-dos-gols-no-gramado-do-Maracana.webp\",\"articleSection\":[\"Flamengo\"],\"inLanguage\":\"pt-BR\",\"potentialAction\":[{\"@type\":\"CommentAction\",\"name\":\"Comment\",\"target\":[\"https:\/\/www.gaveanews.com\/index.php\/2020\/09\/12\/flamengo-visita-o-ceara-pelo-brasileiro-antes-da-volta-da-libertadores\/#respond\"]}],\"copyrightYear\":\"2020\",\"copyrightHolder\":{\"@id\":\"https:\/\/www.gaveanews.com\/#organization\"}},{\"@type\":\"WebPage\",\"@id\":\"https:\/\/www.gaveanews.com\/index.php\/2020\/09\/12\/flamengo-visita-o-ceara-pelo-brasileiro-antes-da-volta-da-libertadores\/\",\"url\":\"https:\/\/www.gaveanews.com\/index.php\/2020\/09\/12\/flamengo-visita-o-ceara-pelo-brasileiro-antes-da-volta-da-libertadores\/\",\"name\":\"Flamengo visita o Cear\u00e1 pelo Brasileiro antes da volta da Libertadores\",\"isPartOf\":{\"@id\":\"https:\/\/www.gaveanews.com\/#website\"},\"primaryImageOfPage\":{\"@id\":\"https:\/\/www.gaveanews.com\/index.php\/2020\/09\/12\/flamengo-visita-o-ceara-pelo-brasileiro-antes-da-volta-da-libertadores\/#primaryimage\"},\"image\":{\"@id\":\"https:\/\/www.gaveanews.com\/index.php\/2020\/09\/12\/flamengo-visita-o-ceara-pelo-brasileiro-antes-da-volta-da-libertadores\/#primaryimage\"},\"thumbnailUrl\":\"https:\/\/www.gaveanews.com\/wp-content\/uploads\/2019\/03\/Escudo-do-Flamengo-e-exposto-proximo-a-um-dos-gols-no-gramado-do-Maracana.webp\",\"datePublished\":\"2020-09-13T01:18:20+00:00\",\"dateModified\":\"2020-09-13T01:18:22+00:00\",\"author\":{\"@id\":\"https:\/\/www.gaveanews.com\/#\/schema\/person\/2ec14f73fb96be2caf28f91afb14749d\"},\"breadcrumb\":{\"@id\":\"https:\/\/www.gaveanews.com\/index.php\/2020\/09\/12\/flamengo-visita-o-ceara-pelo-brasileiro-antes-da-volta-da-libertadores\/#breadcrumb\"},\"inLanguage\":\"pt-BR\",\"potentialAction\":[{\"@type\":\"ReadAction\",\"target\":[\"https:\/\/www.gaveanews.com\/index.php\/2020\/09\/12\/flamengo-visita-o-ceara-pelo-brasileiro-antes-da-volta-da-libertadores\/\"]}]},{\"@type\":\"ImageObject\",\"inLanguage\":\"pt-BR\",\"@id\":\"https:\/\/www.gaveanews.com\/index.php\/2020\/09\/12\/flamengo-visita-o-ceara-pelo-brasileiro-antes-da-volta-da-libertadores\/#primaryimage\",\"url\":\"https:\/\/www.gaveanews.com\/wp-content\/uploads\/2019\/03\/Escudo-do-Flamengo-e-exposto-proximo-a-um-dos-gols-no-gramado-do-Maracana.webp\",\"contentUrl\":\"https:\/\/www.gaveanews.com\/wp-content\/uploads\/2019\/03\/Escudo-do-Flamengo-e-exposto-proximo-a-um-dos-gols-no-gramado-do-Maracana.webp\",\"caption\":\"Escudo do Flamengo \u00e9 exposto pr\u00f3ximo a um dos gols, no gramado do Maracan\u00e3 (Foto: Daniel Castelo Branco)\"},{\"@type\":\"BreadcrumbList\",\"@id\":\"https:\/\/www.gaveanews.com\/index.php\/2020\/09\/12\/flamengo-visita-o-ceara-pelo-brasileiro-antes-da-volta-da-libertadores\/#breadcrumb\",\"itemListElement\":[{\"@type\":\"ListItem\",\"position\":1,\"name\":\"Home\",\"item\":\"https:\/\/www.gaveanews.com\/\"},{\"@type\":\"ListItem\",\"position\":2,\"name\":\"Flamengo visita o Cear\u00e1 pelo Brasileiro antes da volta da Libertadores\"}]},{\"@type\":\"WebSite\",\"@id\":\"https:\/\/www.gaveanews.com\/#website\",\"url\":\"https:\/\/www.gaveanews.com\/\",\"name\":\"G\u00e1vea News\",\"description\":\"Veja todas as not\u00edcias sobre o Flamengo: Contrata\u00e7\u00f5es, categorias de base, resultados das partidas, tabela de classifica\u00e7\u00e3o, pr\u00f3ximos jogos!\",\"potentialAction\":[{\"@type\":\"SearchAction\",\"target\":{\"@type\":\"EntryPoint\",\"urlTemplate\":\"https:\/\/www.gaveanews.com\/?s={search_term_string}\"},\"query-input\":{\"@type\":\"PropertyValueSpecification\",\"valueRequired\":true,\"valueName\":\"search_term_string\"}}],\"inLanguage\":\"pt-BR\"},{\"@type\":\"Person\",\"@id\":\"https:\/\/www.gaveanews.com\/#\/schema\/person\/2ec14f73fb96be2caf28f91afb14749d\",\"name\":\"Equipe G\u00e1vea News\",\"image\":{\"@type\":\"ImageObject\",\"inLanguage\":\"pt-BR\",\"@id\":\"https:\/\/www.gaveanews.com\/#\/schema\/person\/image\/\",\"url\":\"https:\/\/secure.gravatar.com\/avatar\/1e1956f1facbffd3f8fa53a326721950116b3b9dc9bd44939c01180fd4a745a9?s=96&d=mm&r=g\",\"contentUrl\":\"https:\/\/secure.gravatar.com\/avatar\/1e1956f1facbffd3f8fa53a326721950116b3b9dc9bd44939c01180fd4a745a9?s=96&d=mm&r=g\",\"caption\":\"Equipe G\u00e1vea News\"}}]}<\/script>\n<!-- \/ Yoast SEO Premium plugin. -->","yoast_head_json":{"title":"Flamengo visita o Cear\u00e1 pelo Brasileiro antes da volta da Libertadores","robots":{"index":"index","follow":"follow","max-snippet":"max-snippet:-1","max-image-preview":"max-image-preview:large","max-video-preview":"max-video-preview:-1"},"canonical":"https:\/\/www.gaveanews.com\/index.php\/2020\/09\/12\/flamengo-visita-o-ceara-pelo-brasileiro-antes-da-volta-da-libertadores\/","og_locale":"pt_BR","og_type":"article","og_title":"Flamengo visita o Cear\u00e1 pelo Brasileiro antes da volta da Libertadores","og_description":"Embalado por uma sequ\u00eancia de quatro vit\u00f3rias e sete partidas sem perder, o Flamengo visita o Cear\u00e1 neste domingo pela d\u00e9cima rodada do Campeonato Brasileiro. A partida no Castel\u00e3o est\u00e1 marcada para as 18 horas, no hor\u00e1rio de Bras\u00edlia. A ascens\u00e3o do Rubro-Negro na competi\u00e7\u00e3o j\u00e1 o levou a vice-lideran\u00e7a com 17 pontos, tr\u00eas a [&hellip;]","og_url":"https:\/\/www.gaveanews.com\/index.php\/2020\/09\/12\/flamengo-visita-o-ceara-pelo-brasileiro-antes-da-volta-da-libertadores\/","og_site_name":"G\u00e1vea News","article_publisher":"https:\/\/facebook.com\/gaveaNews\/","article_published_time":"2020-09-13T01:18:20+00:00","article_modified_time":"2020-09-13T01:18:22+00:00","og_image":[{"url":"https:\/\/www.gaveanews.com\/wp-content\/uploads\/2019\/03\/Escudo-do-Flamengo-e-exposto-proximo-a-um-dos-gols-no-gramado-do-Maracana.webp","width":1,"height":1,"type":"image\/jpeg"}],"author":"Equipe G\u00e1vea News","twitter_card":"summary_large_image","twitter_misc":{"Escrito por":"Equipe G\u00e1vea News","Est. tempo de leitura":"2 minutos"},"schema":{"@context":"https:\/\/schema.org","@graph":[{"@type":"NewsArticle","@id":"https:\/\/www.gaveanews.com\/index.php\/2020\/09\/12\/flamengo-visita-o-ceara-pelo-brasileiro-antes-da-volta-da-libertadores\/#article","isPartOf":{"@id":"https:\/\/www.gaveanews.com\/index.php\/2020\/09\/12\/flamengo-visita-o-ceara-pelo-brasileiro-antes-da-volta-da-libertadores\/"},"author":{"name":"Equipe G\u00e1vea News","@id":"https:\/\/www.gaveanews.com\/#\/schema\/person\/2ec14f73fb96be2caf28f91afb14749d"},"headline":"Flamengo visita o Cear\u00e1 pelo Brasileiro antes da volta da Libertadores","datePublished":"2020-09-13T01:18:20+00:00","dateModified":"2020-09-13T01:18:22+00:00","mainEntityOfPage":{"@id":"https:\/\/www.gaveanews.com\/index.php\/2020\/09\/12\/flamengo-visita-o-ceara-pelo-brasileiro-antes-da-volta-da-libertadores\/"},"wordCount":388,"commentCount":0,"image":{"@id":"https:\/\/www.gaveanews.com\/index.php\/2020\/09\/12\/flamengo-visita-o-ceara-pelo-brasileiro-antes-da-volta-da-libertadores\/#primaryimage"},"thumbnailUrl":"https:\/\/www.gaveanews.com\/wp-content\/uploads\/2019\/03\/Escudo-do-Flamengo-e-exposto-proximo-a-um-dos-gols-no-gramado-do-Maracana.webp","articleSection":["Flamengo"],"inLanguage":"pt-BR","potentialAction":[{"@type":"CommentAction","name":"Comment","target":["https:\/\/www.gaveanews.com\/index.php\/2020\/09\/12\/flamengo-visita-o-ceara-pelo-brasileiro-antes-da-volta-da-libertadores\/#respond"]}],"copyrightYear":"2020","copyrightHolder":{"@id":"https:\/\/www.gaveanews.com\/#organization"}},{"@type":"WebPage","@id":"https:\/\/www.gaveanews.com\/index.php\/2020\/09\/12\/flamengo-visita-o-ceara-pelo-brasileiro-antes-da-volta-da-libertadores\/","url":"https:\/\/www.gaveanews.com\/index.php\/2020\/09\/12\/flamengo-visita-o-ceara-pelo-brasileiro-antes-da-volta-da-libertadores\/","name":"Flamengo visita o Cear\u00e1 pelo Brasileiro antes da volta da Libertadores","isPartOf":{"@id":"https:\/\/www.gaveanews.com\/#website"},"primaryImageOfPage":{"@id":"https:\/\/www.gaveanews.com\/index.php\/2020\/09\/12\/flamengo-visita-o-ceara-pelo-brasileiro-antes-da-volta-da-libertadores\/#primaryimage"},"image":{"@id":"https:\/\/www.gaveanews.com\/index.php\/2020\/09\/12\/flamengo-visita-o-ceara-pelo-brasileiro-antes-da-volta-da-libertadores\/#primaryimage"},"thumbnailUrl":"https:\/\/www.gaveanews.com\/wp-content\/uploads\/2019\/03\/Escudo-do-Flamengo-e-exposto-proximo-a-um-dos-gols-no-gramado-do-Maracana.webp","datePublished":"2020-09-13T01:18:20+00:00","dateModified":"2020-09-13T01:18:22+00:00","author":{"@id":"https:\/\/www.gaveanews.com\/#\/schema\/person\/2ec14f73fb96be2caf28f91afb14749d"},"breadcrumb":{"@id":"https:\/\/www.gaveanews.com\/index.php\/2020\/09\/12\/flamengo-visita-o-ceara-pelo-brasileiro-antes-da-volta-da-libertadores\/#breadcrumb"},"inLanguage":"pt-BR","potentialAction":[{"@type":"ReadAction","target":["https:\/\/www.gaveanews.com\/index.php\/2020\/09\/12\/flamengo-visita-o-ceara-pelo-brasileiro-antes-da-volta-da-libertadores\/"]}]},{"@type":"ImageObject","inLanguage":"pt-BR","@id":"https:\/\/www.gaveanews.com\/index.php\/2020\/09\/12\/flamengo-visita-o-ceara-pelo-brasileiro-antes-da-volta-da-libertadores\/#primaryimage","url":"https:\/\/www.gaveanews.com\/wp-content\/uploads\/2019\/03\/Escudo-do-Flamengo-e-exposto-proximo-a-um-dos-gols-no-gramado-do-Maracana.webp","contentUrl":"https:\/\/www.gaveanews.com\/wp-content\/uploads\/2019\/03\/Escudo-do-Flamengo-e-exposto-proximo-a-um-dos-gols-no-gramado-do-Maracana.webp","caption":"Escudo do Flamengo \u00e9 exposto pr\u00f3ximo a um dos gols, no gramado do Maracan\u00e3 (Foto: Daniel Castelo Branco)"},{"@type":"BreadcrumbList","@id":"https:\/\/www.gaveanews.com\/index.php\/2020\/09\/12\/flamengo-visita-o-ceara-pelo-brasileiro-antes-da-volta-da-libertadores\/#breadcrumb","itemListElement":[{"@type":"ListItem","position":1,"name":"Home","item":"https:\/\/www.gaveanews.com\/"},{"@type":"ListItem","position":2,"name":"Flamengo visita o Cear\u00e1 pelo Brasileiro antes da volta da Libertadores"}]},{"@type":"WebSite","@id":"https:\/\/www.gaveanews.com\/#website","url":"https:\/\/www.gaveanews.com\/","name":"G\u00e1vea News","description":"Veja todas as not\u00edcias sobre o Flamengo: Contrata\u00e7\u00f5es, categorias de base, resultados das partidas, tabela de classifica\u00e7\u00e3o, pr\u00f3ximos jogos!","potentialAction":[{"@type":"SearchAction","target":{"@type":"EntryPoint","urlTemplate":"https:\/\/www.gaveanews.com\/?s={search_term_string}"},"query-input":{"@type":"PropertyValueSpecification","valueRequired":true,"valueName":"search_term_string"}}],"inLanguage":"pt-BR"},{"@type":"Person","@id":"https:\/\/www.gaveanews.com\/#\/schema\/person\/2ec14f73fb96be2caf28f91afb14749d","name":"Equipe G\u00e1vea News","image":{"@type":"ImageObject","inLanguage":"pt-BR","@id":"https:\/\/www.gaveanews.com\/#\/schema\/person\/image\/","url":"https:\/\/secure.gravatar.com\/avatar\/1e1956f1facbffd3f8fa53a326721950116b3b9dc9bd44939c01180fd4a745a9?s=96&d=mm&r=g","contentUrl":"https:\/\/secure.gravatar.com\/avatar\/1e1956f1facbffd3f8fa53a326721950116b3b9dc9bd44939c01180fd4a745a9?s=96&d=mm&r=g","caption":"Equipe G\u00e1vea News"}}]}},"_links":{"self":[{"href":"https:\/\/www.gaveanews.com\/index.php\/wp-json\/wp\/v2\/posts\/47280","targetHints":{"allow":["GET"]}}],"collection":[{"href":"https:\/\/www.gaveanews.com\/index.php\/wp-json\/wp\/v2\/posts"}],"about":[{"href":"https:\/\/www.gaveanews.com\/index.php\/wp-json\/wp\/v2\/types\/post"}],"author":[{"embeddable":true,"href":"https:\/\/www.gaveanews.com\/index.php\/wp-json\/wp\/v2\/users\/1"}],"replies":[{"embeddable":true,"href":"https:\/\/www.gaveanews.com\/index.php\/wp-json\/wp\/v2\/comments?post=47280"}],"version-history":[{"count":0,"href":"https:\/\/www.gaveanews.com\/index.php\/wp-json\/wp\/v2\/posts\/47280\/revisions"}],"wp:featuredmedia":[{"embeddable":true,"href":"https:\/\/www.gaveanews.com\/index.php\/wp-json\/wp\/v2\/media\/15081"}],"wp:attachment":[{"href":"https:\/\/www.gaveanews.com\/index.php\/wp-json\/wp\/v2\/media?parent=47280"}],"wp:term":[{"taxonomy":"category","embeddable":true,"href":"https:\/\/www.gaveanews.com\/index.php\/wp-json\/wp\/v2\/categories?post=47280"},{"taxonomy":"post_tag","embeddable":true,"href":"https:\/\/www.gaveanews.com\/index.php\/wp-json\/wp\/v2\/tags?post=47280"}],"curies":[{"name":"wp","href":"https:\/\/api.w.org\/{rel}","templated":true}]}}