{"id":47296,"date":"2020-09-13T20:05:26","date_gmt":"2020-09-13T23:05:26","guid":{"rendered":"https:\/\/www.gaveanews.com\/?p=47296"},"modified":"2020-09-13T20:05:32","modified_gmt":"2020-09-13T23:05:32","slug":"vitinho-e-criticado-por-flamenguistas-nas-redes-sociais-nao-da-mais","status":"publish","type":"post","link":"https:\/\/www.gaveanews.com\/index.php\/2020\/09\/13\/vitinho-e-criticado-por-flamenguistas-nas-redes-sociais-nao-da-mais\/","title":{"rendered":"Vitinho \u00e9 criticado por flamenguistas nas redes sociais: &#8220;N\u00e3o d\u00e1 mais!&#8221;"},"content":{"rendered":"\n<p>O Flamengo perdeu para o Cear\u00e1 por 2&#215;0, na tarde deste domingo (13), na Arena Castel\u00e3o, em partida v\u00e1lida pela 10\u00aa rodada do Brasileir\u00e3o. Com algumas mudan\u00e7as na escala\u00e7\u00e3o do time titular, o Rubro-Negro n\u00e3o fez uma boa atua\u00e7\u00e3o contra o clube cearense.<\/p>\n\n\n\n<p>Nas redes sociais, um dos mais criticados por parte dos torcedores foi o atacante Vitinho, que come\u00e7ou a partida na equipe titular. Muitos flamenguistas soltaram o verbo contra a falta de efetividade do jogador e, alguns mais exaltados, chegaram a chamar o atleta de &#8220;pregui\u00e7oso&#8221;.<\/p>\n\n\n\n<h2 class=\"wp-block-heading\"><strong>Veja algumas rea\u00e7\u00f5es:<\/strong><\/h2>\n\n\n\n<figure class=\"wp-block-embed-twitter wp-block-embed is-type-rich is-provider-twitter\"><div class=\"wp-block-embed__wrapper\">\nhttps:\/\/twitter.com\/jantadaflatt\/status\/1305255489681453057\n<\/div><\/figure>\n\n\n\n<figure class=\"wp-block-embed-twitter wp-block-embed is-type-rich is-provider-twitter\"><div class=\"wp-block-embed__wrapper\">\n<blockquote class=\"twitter-tweet\" data-width=\"550\" data-dnt=\"true\"><p lang=\"pt\" dir=\"ltr\">vitinho jogando de terno<br>parece um defunto<\/p>&mdash; MULAMBO (@Mul4mb0) <a href=\"https:\/\/twitter.com\/Mul4mb0\/status\/1305270007811764224?ref_src=twsrc%5Etfw\">September 13, 2020<\/a><\/blockquote><script async src=\"https:\/\/platform.twitter.com\/widgets.js\" charset=\"utf-8\"><\/script>\n<\/div><\/figure>\n\n\n\n<figure class=\"wp-block-embed-twitter wp-block-embed is-type-rich is-provider-twitter\"><div class=\"wp-block-embed__wrapper\">\nhttps:\/\/twitter.com\/porrtinho\/status\/1305271593942253576?ref_src=twsrc%5Etfw%7Ctwcamp%5Etweetembed%7Ctwterm%5E1305271593942253576%7Ctwgr%5Eshare_3&#038;ref_url=https%3A%2F%2Fwww.esporteinterativo.com.br%2Ffutebolbrasileiro%2FVitinho-e-criticado-por-flamenguistas-nas-redes-sociais-apos-derrota-Preguioso-20200913-0013.html\n<\/div><\/figure>\n\n\n\n<figure class=\"wp-block-embed-twitter wp-block-embed is-type-rich is-provider-twitter\"><div class=\"wp-block-embed__wrapper\">\n<blockquote class=\"twitter-tweet\" data-width=\"550\" data-dnt=\"true\"><p lang=\"pt\" dir=\"ltr\">Uma coisa me chama aten\u00e7\u00e3o no Vitinho. <br><br>Corpo de 20 anos<br><br>Pregui\u00e7a de um idoso assistindo a Sess\u00e3o da Tarde e dormindo no meio do filme<\/p>&mdash; Rodrigo Vieira (@rvieira6005) <a href=\"https:\/\/twitter.com\/rvieira6005\/status\/1305263273605038080?ref_src=twsrc%5Etfw\">September 13, 2020<\/a><\/blockquote><script async src=\"https:\/\/platform.twitter.com\/widgets.js\" charset=\"utf-8\"><\/script>\n<\/div><\/figure>\n\n\n\n<figure class=\"wp-block-embed-twitter wp-block-embed is-type-rich is-provider-twitter\"><div class=\"wp-block-embed__wrapper\">\n<blockquote class=\"twitter-tweet\" data-width=\"550\" data-dnt=\"true\"><p lang=\"pt\" dir=\"ltr\">jogo horr\u00edvel, nada encaixou<br><br>muitos erros individuais e jogamos com 1 a menos. Vitinho faz hora extra no Flamengo, n\u00e3o d\u00e1 mais<\/p>&mdash; Broca (@alexcrfla) <a href=\"https:\/\/twitter.com\/alexcrfla\/status\/1305279403589541888?ref_src=twsrc%5Etfw\">September 13, 2020<\/a><\/blockquote><script async src=\"https:\/\/platform.twitter.com\/widgets.js\" charset=\"utf-8\"><\/script>\n<\/div><\/figure>\n\n\n\n<figure class=\"wp-block-embed-twitter wp-block-embed is-type-rich is-provider-twitter\"><div class=\"wp-block-embed__wrapper\">\n<blockquote class=\"twitter-tweet\" data-width=\"550\" data-dnt=\"true\"><p lang=\"pt\" dir=\"ltr\">Quando penso que ia sair o vitinho sai o thiago maia <a href=\"https:\/\/twitter.com\/hashtag\/Flamengo?src=hash&amp;ref_src=twsrc%5Etfw\">#Flamengo<\/a> <a href=\"https:\/\/twitter.com\/hashtag\/CEAxFLA?src=hash&amp;ref_src=twsrc%5Etfw\">#CEAxFLA<\/a> <a href=\"https:\/\/t.co\/7HtuqLqanV\">pic.twitter.com\/7HtuqLqanV<\/a><\/p>&mdash; tvsportfla (@tvmusicine) <a href=\"https:\/\/twitter.com\/tvmusicine\/status\/1305271390355034115?ref_src=twsrc%5Etfw\">September 13, 2020<\/a><\/blockquote><script async src=\"https:\/\/platform.twitter.com\/widgets.js\" charset=\"utf-8\"><\/script>\n<\/div><\/figure>\n\n\n\n<figure class=\"wp-block-embed-twitter wp-block-embed is-type-rich is-provider-twitter\"><div class=\"wp-block-embed__wrapper\">\n<blockquote class=\"twitter-tweet\" data-width=\"550\" data-dnt=\"true\"><p lang=\"pt\" dir=\"ltr\">A torcida esperando o vitinho sair <a href=\"https:\/\/twitter.com\/hashtag\/Flamengo?src=hash&amp;ref_src=twsrc%5Etfw\">#Flamengo<\/a> <a href=\"https:\/\/twitter.com\/hashtag\/CEAxFLA?src=hash&amp;ref_src=twsrc%5Etfw\">#CEAxFLA<\/a> <a href=\"https:\/\/t.co\/7lNAySLJxP\">pic.twitter.com\/7lNAySLJxP<\/a><\/p>&mdash; tvsportfla (@tvmusicine) <a href=\"https:\/\/twitter.com\/tvmusicine\/status\/1305269911355260935?ref_src=twsrc%5Etfw\">September 13, 2020<\/a><\/blockquote><script async src=\"https:\/\/platform.twitter.com\/widgets.js\" charset=\"utf-8\"><\/script>\n<\/div><\/figure>\n\n\n\n<figure class=\"wp-block-embed-twitter wp-block-embed is-type-rich is-provider-twitter\"><div class=\"wp-block-embed__wrapper\">\n<blockquote class=\"twitter-tweet\" data-width=\"550\" data-dnt=\"true\"><p lang=\"pt\" dir=\"ltr\">Vitinho t\u00e1 fazendo hora extra no Flamengo. N\u00e3o d\u00e1 mais!<\/p>&mdash; Hokage do Fla (@hokagedofla) <a href=\"https:\/\/twitter.com\/hokagedofla\/status\/1305280168341180418?ref_src=twsrc%5Etfw\">September 13, 2020<\/a><\/blockquote><script async src=\"https:\/\/platform.twitter.com\/widgets.js\" charset=\"utf-8\"><\/script>\n<\/div><\/figure>\n\n\n\n<figure class=\"wp-block-embed-twitter wp-block-embed is-type-rich is-provider-twitter\"><div class=\"wp-block-embed__wrapper\">\n<blockquote class=\"twitter-tweet\" data-width=\"550\" data-dnt=\"true\"><p lang=\"pt\" dir=\"ltr\">Vitinho pior em campo de novo, mlq n\u00e3o se ajuda de jeito nenhum<\/p>&mdash; FLA DA DEPRESS\u00c3O | Ruan (@_FlaDaDepressao) <a href=\"https:\/\/twitter.com\/_FlaDaDepressao\/status\/1305261706000715777?ref_src=twsrc%5Etfw\">September 13, 2020<\/a><\/blockquote><script async src=\"https:\/\/platform.twitter.com\/widgets.js\" charset=\"utf-8\"><\/script>\n<\/div><\/figure>\n\n\n\n<figure class=\"wp-block-embed-twitter wp-block-embed is-type-rich is-provider-twitter\"><div class=\"wp-block-embed__wrapper\">\n<blockquote class=\"twitter-tweet\" data-width=\"550\" data-dnt=\"true\"><p lang=\"pt\" dir=\"ltr\">Desculpa quem protege e gosta, mas Vitinho n\u00e3o d\u00e1.<\/p>&mdash; Leandro\u1d9c\u02b3\u1da0 (@crfleandropires) <a href=\"https:\/\/twitter.com\/crfleandropires\/status\/1305261847323475969?ref_src=twsrc%5Etfw\">September 13, 2020<\/a><\/blockquote><script async src=\"https:\/\/platform.twitter.com\/widgets.js\" charset=\"utf-8\"><\/script>\n<\/div><\/figure>\n\n\n\n<figure class=\"wp-block-embed-twitter wp-block-embed is-type-rich is-provider-twitter\"><div class=\"wp-block-embed__wrapper\">\n<blockquote class=\"twitter-tweet\" data-width=\"550\" data-dnt=\"true\"><p lang=\"pt\" dir=\"ltr\">todo jogo falam que o vitinho t\u00e1 dormindo, seria ele o belo adormecido?<\/p>&mdash; gabigolo\ud83c\udde7\ud83c\uddf7 (@gabigolu) <a href=\"https:\/\/twitter.com\/gabigolu\/status\/1305265001159102473?ref_src=twsrc%5Etfw\">September 13, 2020<\/a><\/blockquote><script async src=\"https:\/\/platform.twitter.com\/widgets.js\" charset=\"utf-8\"><\/script>\n<\/div><\/figure>\n\n\n\n<p>Retirado de: Esporte Interativo<\/p>\n\n\n\n<p><strong>Leia tamb\u00e9m: <a href=\"https:\/\/www.gaveanews.com\/index.php\/2020\/09\/13\/rafinha-revela-brigas-com-jesus-e-conta-como-treinador-mudou-enquanto-revolucionava-o-flamengo\/\">Rafinha revela brigas com Jesus e conta como treinador mudou enquanto revolucionava o Flamengo<\/a><\/strong><\/p>\n","protected":false},"excerpt":{"rendered":"<p>O Flamengo perdeu para o Cear\u00e1 por 2&#215;0, na tarde deste domingo (13), na Arena Castel\u00e3o, em partida v\u00e1lida pela 10\u00aa rodada do Brasileir\u00e3o. Com algumas mudan\u00e7as na escala\u00e7\u00e3o do time titular, o Rubro-Negro n\u00e3o fez uma boa atua\u00e7\u00e3o contra o clube cearense. Nas redes sociais, um dos mais criticados por parte dos torcedores foi [&hellip;]<\/p>\n","protected":false},"author":1,"featured_media":47297,"comment_status":"open","ping_status":"closed","sticky":false,"template":"","format":"standard","meta":{"footnotes":""},"categories":[1],"tags":[],"class_list":["post-47296","post","type-post","status-publish","format-standard","has-post-thumbnail","hentry","category-flamengo"],"yoast_head":"<!-- This site is optimized with the Yoast SEO Premium plugin v24.2 (Yoast SEO v26.9) - https:\/\/yoast.com\/product\/yoast-seo-premium-wordpress\/ -->\n<title>Vitinho \u00e9 criticado por flamenguistas nas redes sociais: &quot;N\u00e3o d\u00e1 mais&quot;<\/title>\n<meta name=\"robots\" content=\"index, follow, max-snippet:-1, max-image-preview:large, max-video-preview:-1\" \/>\n<link rel=\"canonical\" href=\"https:\/\/www.gaveanews.com\/index.php\/2020\/09\/13\/vitinho-e-criticado-por-flamenguistas-nas-redes-sociais-nao-da-mais\/\" \/>\n<meta property=\"og:locale\" content=\"pt_BR\" \/>\n<meta property=\"og:type\" content=\"article\" \/>\n<meta property=\"og:title\" content=\"Vitinho \u00e9 criticado por flamenguistas nas redes sociais: &quot;N\u00e3o d\u00e1 mais!&quot;\" \/>\n<meta property=\"og:description\" content=\"O Flamengo perdeu para o Cear\u00e1 por 2&#215;0, na tarde deste domingo (13), na Arena Castel\u00e3o, em partida v\u00e1lida pela 10\u00aa rodada do Brasileir\u00e3o. Com algumas mudan\u00e7as na escala\u00e7\u00e3o do time titular, o Rubro-Negro n\u00e3o fez uma boa atua\u00e7\u00e3o contra o clube cearense. Nas redes sociais, um dos mais criticados por parte dos torcedores foi [&hellip;]\" \/>\n<meta property=\"og:url\" content=\"https:\/\/www.gaveanews.com\/index.php\/2020\/09\/13\/vitinho-e-criticado-por-flamenguistas-nas-redes-sociais-nao-da-mais\/\" \/>\n<meta property=\"og:site_name\" content=\"G\u00e1vea News\" \/>\n<meta property=\"article:publisher\" content=\"https:\/\/facebook.com\/gaveaNews\/\" \/>\n<meta property=\"article:published_time\" content=\"2020-09-13T23:05:26+00:00\" \/>\n<meta property=\"article:modified_time\" content=\"2020-09-13T23:05:32+00:00\" \/>\n<meta property=\"og:image\" content=\"https:\/\/www.gaveanews.com\/wp-content\/uploads\/Vitinho-em-acao-na-partida-contra-o-Ceara.webp\" \/>\n\t<meta property=\"og:image:width\" content=\"799\" \/>\n\t<meta property=\"og:image:height\" content=\"532\" \/>\n\t<meta property=\"og:image:type\" content=\"image\/jpeg\" \/>\n<meta name=\"author\" content=\"Equipe G\u00e1vea News\" \/>\n<meta name=\"twitter:card\" content=\"summary_large_image\" \/>\n<meta name=\"twitter:label1\" content=\"Escrito por\" \/>\n\t<meta name=\"twitter:data1\" content=\"Equipe G\u00e1vea News\" \/>\n\t<meta name=\"twitter:label2\" content=\"Est. tempo de leitura\" \/>\n\t<meta name=\"twitter:data2\" content=\"1 minuto\" \/>\n<script type=\"application\/ld+json\" class=\"yoast-schema-graph\">{\"@context\":\"https:\/\/schema.org\",\"@graph\":[{\"@type\":\"NewsArticle\",\"@id\":\"https:\/\/www.gaveanews.com\/index.php\/2020\/09\/13\/vitinho-e-criticado-por-flamenguistas-nas-redes-sociais-nao-da-mais\/#article\",\"isPartOf\":{\"@id\":\"https:\/\/www.gaveanews.com\/index.php\/2020\/09\/13\/vitinho-e-criticado-por-flamenguistas-nas-redes-sociais-nao-da-mais\/\"},\"author\":{\"name\":\"Equipe G\u00e1vea News\",\"@id\":\"https:\/\/www.gaveanews.com\/#\/schema\/person\/2ec14f73fb96be2caf28f91afb14749d\"},\"headline\":\"Vitinho \u00e9 criticado por flamenguistas nas redes sociais: &#8220;N\u00e3o d\u00e1 mais!&#8221;\",\"datePublished\":\"2020-09-13T23:05:26+00:00\",\"dateModified\":\"2020-09-13T23:05:32+00:00\",\"mainEntityOfPage\":{\"@id\":\"https:\/\/www.gaveanews.com\/index.php\/2020\/09\/13\/vitinho-e-criticado-por-flamenguistas-nas-redes-sociais-nao-da-mais\/\"},\"wordCount\":235,\"commentCount\":119,\"image\":{\"@id\":\"https:\/\/www.gaveanews.com\/index.php\/2020\/09\/13\/vitinho-e-criticado-por-flamenguistas-nas-redes-sociais-nao-da-mais\/#primaryimage\"},\"thumbnailUrl\":\"https:\/\/www.gaveanews.com\/wp-content\/uploads\/Vitinho-em-acao-na-partida-contra-o-Ceara.webp\",\"articleSection\":[\"Flamengo\"],\"inLanguage\":\"pt-BR\",\"potentialAction\":[{\"@type\":\"CommentAction\",\"name\":\"Comment\",\"target\":[\"https:\/\/www.gaveanews.com\/index.php\/2020\/09\/13\/vitinho-e-criticado-por-flamenguistas-nas-redes-sociais-nao-da-mais\/#respond\"]}],\"copyrightYear\":\"2020\",\"copyrightHolder\":{\"@id\":\"https:\/\/www.gaveanews.com\/#organization\"}},{\"@type\":\"WebPage\",\"@id\":\"https:\/\/www.gaveanews.com\/index.php\/2020\/09\/13\/vitinho-e-criticado-por-flamenguistas-nas-redes-sociais-nao-da-mais\/\",\"url\":\"https:\/\/www.gaveanews.com\/index.php\/2020\/09\/13\/vitinho-e-criticado-por-flamenguistas-nas-redes-sociais-nao-da-mais\/\",\"name\":\"Vitinho \u00e9 criticado por flamenguistas nas redes sociais: \\\"N\u00e3o d\u00e1 mais\\\"\",\"isPartOf\":{\"@id\":\"https:\/\/www.gaveanews.com\/#website\"},\"primaryImageOfPage\":{\"@id\":\"https:\/\/www.gaveanews.com\/index.php\/2020\/09\/13\/vitinho-e-criticado-por-flamenguistas-nas-redes-sociais-nao-da-mais\/#primaryimage\"},\"image\":{\"@id\":\"https:\/\/www.gaveanews.com\/index.php\/2020\/09\/13\/vitinho-e-criticado-por-flamenguistas-nas-redes-sociais-nao-da-mais\/#primaryimage\"},\"thumbnailUrl\":\"https:\/\/www.gaveanews.com\/wp-content\/uploads\/Vitinho-em-acao-na-partida-contra-o-Ceara.webp\",\"datePublished\":\"2020-09-13T23:05:26+00:00\",\"dateModified\":\"2020-09-13T23:05:32+00:00\",\"author\":{\"@id\":\"https:\/\/www.gaveanews.com\/#\/schema\/person\/2ec14f73fb96be2caf28f91afb14749d\"},\"breadcrumb\":{\"@id\":\"https:\/\/www.gaveanews.com\/index.php\/2020\/09\/13\/vitinho-e-criticado-por-flamenguistas-nas-redes-sociais-nao-da-mais\/#breadcrumb\"},\"inLanguage\":\"pt-BR\",\"potentialAction\":[{\"@type\":\"ReadAction\",\"target\":[\"https:\/\/www.gaveanews.com\/index.php\/2020\/09\/13\/vitinho-e-criticado-por-flamenguistas-nas-redes-sociais-nao-da-mais\/\"]}]},{\"@type\":\"ImageObject\",\"inLanguage\":\"pt-BR\",\"@id\":\"https:\/\/www.gaveanews.com\/index.php\/2020\/09\/13\/vitinho-e-criticado-por-flamenguistas-nas-redes-sociais-nao-da-mais\/#primaryimage\",\"url\":\"https:\/\/www.gaveanews.com\/wp-content\/uploads\/Vitinho-em-acao-na-partida-contra-o-Ceara.webp\",\"contentUrl\":\"https:\/\/www.gaveanews.com\/wp-content\/uploads\/Vitinho-em-acao-na-partida-contra-o-Ceara.webp\",\"width\":799,\"height\":532,\"caption\":\"Vitinho em a\u00e7\u00e3o na partida contra o Cear\u00e1 (Foto: Alexandre Vidal\/Flamengo)\"},{\"@type\":\"BreadcrumbList\",\"@id\":\"https:\/\/www.gaveanews.com\/index.php\/2020\/09\/13\/vitinho-e-criticado-por-flamenguistas-nas-redes-sociais-nao-da-mais\/#breadcrumb\",\"itemListElement\":[{\"@type\":\"ListItem\",\"position\":1,\"name\":\"Home\",\"item\":\"https:\/\/www.gaveanews.com\/\"},{\"@type\":\"ListItem\",\"position\":2,\"name\":\"Vitinho \u00e9 criticado por flamenguistas nas redes sociais: &#8220;N\u00e3o d\u00e1 mais!&#8221;\"}]},{\"@type\":\"WebSite\",\"@id\":\"https:\/\/www.gaveanews.com\/#website\",\"url\":\"https:\/\/www.gaveanews.com\/\",\"name\":\"G\u00e1vea News\",\"description\":\"Veja todas as not\u00edcias sobre o Flamengo: Contrata\u00e7\u00f5es, categorias de base, resultados das partidas, tabela de classifica\u00e7\u00e3o, pr\u00f3ximos jogos!\",\"potentialAction\":[{\"@type\":\"SearchAction\",\"target\":{\"@type\":\"EntryPoint\",\"urlTemplate\":\"https:\/\/www.gaveanews.com\/?s={search_term_string}\"},\"query-input\":{\"@type\":\"PropertyValueSpecification\",\"valueRequired\":true,\"valueName\":\"search_term_string\"}}],\"inLanguage\":\"pt-BR\"},{\"@type\":\"Person\",\"@id\":\"https:\/\/www.gaveanews.com\/#\/schema\/person\/2ec14f73fb96be2caf28f91afb14749d\",\"name\":\"Equipe G\u00e1vea News\",\"image\":{\"@type\":\"ImageObject\",\"inLanguage\":\"pt-BR\",\"@id\":\"https:\/\/www.gaveanews.com\/#\/schema\/person\/image\/\",\"url\":\"https:\/\/secure.gravatar.com\/avatar\/1e1956f1facbffd3f8fa53a326721950116b3b9dc9bd44939c01180fd4a745a9?s=96&d=mm&r=g\",\"contentUrl\":\"https:\/\/secure.gravatar.com\/avatar\/1e1956f1facbffd3f8fa53a326721950116b3b9dc9bd44939c01180fd4a745a9?s=96&d=mm&r=g\",\"caption\":\"Equipe G\u00e1vea News\"}}]}<\/script>\n<!-- \/ Yoast SEO Premium plugin. -->","yoast_head_json":{"title":"Vitinho \u00e9 criticado por flamenguistas nas redes sociais: \"N\u00e3o d\u00e1 mais\"","robots":{"index":"index","follow":"follow","max-snippet":"max-snippet:-1","max-image-preview":"max-image-preview:large","max-video-preview":"max-video-preview:-1"},"canonical":"https:\/\/www.gaveanews.com\/index.php\/2020\/09\/13\/vitinho-e-criticado-por-flamenguistas-nas-redes-sociais-nao-da-mais\/","og_locale":"pt_BR","og_type":"article","og_title":"Vitinho \u00e9 criticado por flamenguistas nas redes sociais: \"N\u00e3o d\u00e1 mais!\"","og_description":"O Flamengo perdeu para o Cear\u00e1 por 2&#215;0, na tarde deste domingo (13), na Arena Castel\u00e3o, em partida v\u00e1lida pela 10\u00aa rodada do Brasileir\u00e3o. Com algumas mudan\u00e7as na escala\u00e7\u00e3o do time titular, o Rubro-Negro n\u00e3o fez uma boa atua\u00e7\u00e3o contra o clube cearense. Nas redes sociais, um dos mais criticados por parte dos torcedores foi [&hellip;]","og_url":"https:\/\/www.gaveanews.com\/index.php\/2020\/09\/13\/vitinho-e-criticado-por-flamenguistas-nas-redes-sociais-nao-da-mais\/","og_site_name":"G\u00e1vea News","article_publisher":"https:\/\/facebook.com\/gaveaNews\/","article_published_time":"2020-09-13T23:05:26+00:00","article_modified_time":"2020-09-13T23:05:32+00:00","og_image":[{"width":799,"height":532,"url":"https:\/\/www.gaveanews.com\/wp-content\/uploads\/Vitinho-em-acao-na-partida-contra-o-Ceara.webp","type":"image\/jpeg"}],"author":"Equipe G\u00e1vea News","twitter_card":"summary_large_image","twitter_misc":{"Escrito por":"Equipe G\u00e1vea News","Est. tempo de leitura":"1 minuto"},"schema":{"@context":"https:\/\/schema.org","@graph":[{"@type":"NewsArticle","@id":"https:\/\/www.gaveanews.com\/index.php\/2020\/09\/13\/vitinho-e-criticado-por-flamenguistas-nas-redes-sociais-nao-da-mais\/#article","isPartOf":{"@id":"https:\/\/www.gaveanews.com\/index.php\/2020\/09\/13\/vitinho-e-criticado-por-flamenguistas-nas-redes-sociais-nao-da-mais\/"},"author":{"name":"Equipe G\u00e1vea News","@id":"https:\/\/www.gaveanews.com\/#\/schema\/person\/2ec14f73fb96be2caf28f91afb14749d"},"headline":"Vitinho \u00e9 criticado por flamenguistas nas redes sociais: &#8220;N\u00e3o d\u00e1 mais!&#8221;","datePublished":"2020-09-13T23:05:26+00:00","dateModified":"2020-09-13T23:05:32+00:00","mainEntityOfPage":{"@id":"https:\/\/www.gaveanews.com\/index.php\/2020\/09\/13\/vitinho-e-criticado-por-flamenguistas-nas-redes-sociais-nao-da-mais\/"},"wordCount":235,"commentCount":119,"image":{"@id":"https:\/\/www.gaveanews.com\/index.php\/2020\/09\/13\/vitinho-e-criticado-por-flamenguistas-nas-redes-sociais-nao-da-mais\/#primaryimage"},"thumbnailUrl":"https:\/\/www.gaveanews.com\/wp-content\/uploads\/Vitinho-em-acao-na-partida-contra-o-Ceara.webp","articleSection":["Flamengo"],"inLanguage":"pt-BR","potentialAction":[{"@type":"CommentAction","name":"Comment","target":["https:\/\/www.gaveanews.com\/index.php\/2020\/09\/13\/vitinho-e-criticado-por-flamenguistas-nas-redes-sociais-nao-da-mais\/#respond"]}],"copyrightYear":"2020","copyrightHolder":{"@id":"https:\/\/www.gaveanews.com\/#organization"}},{"@type":"WebPage","@id":"https:\/\/www.gaveanews.com\/index.php\/2020\/09\/13\/vitinho-e-criticado-por-flamenguistas-nas-redes-sociais-nao-da-mais\/","url":"https:\/\/www.gaveanews.com\/index.php\/2020\/09\/13\/vitinho-e-criticado-por-flamenguistas-nas-redes-sociais-nao-da-mais\/","name":"Vitinho \u00e9 criticado por flamenguistas nas redes sociais: \"N\u00e3o d\u00e1 mais\"","isPartOf":{"@id":"https:\/\/www.gaveanews.com\/#website"},"primaryImageOfPage":{"@id":"https:\/\/www.gaveanews.com\/index.php\/2020\/09\/13\/vitinho-e-criticado-por-flamenguistas-nas-redes-sociais-nao-da-mais\/#primaryimage"},"image":{"@id":"https:\/\/www.gaveanews.com\/index.php\/2020\/09\/13\/vitinho-e-criticado-por-flamenguistas-nas-redes-sociais-nao-da-mais\/#primaryimage"},"thumbnailUrl":"https:\/\/www.gaveanews.com\/wp-content\/uploads\/Vitinho-em-acao-na-partida-contra-o-Ceara.webp","datePublished":"2020-09-13T23:05:26+00:00","dateModified":"2020-09-13T23:05:32+00:00","author":{"@id":"https:\/\/www.gaveanews.com\/#\/schema\/person\/2ec14f73fb96be2caf28f91afb14749d"},"breadcrumb":{"@id":"https:\/\/www.gaveanews.com\/index.php\/2020\/09\/13\/vitinho-e-criticado-por-flamenguistas-nas-redes-sociais-nao-da-mais\/#breadcrumb"},"inLanguage":"pt-BR","potentialAction":[{"@type":"ReadAction","target":["https:\/\/www.gaveanews.com\/index.php\/2020\/09\/13\/vitinho-e-criticado-por-flamenguistas-nas-redes-sociais-nao-da-mais\/"]}]},{"@type":"ImageObject","inLanguage":"pt-BR","@id":"https:\/\/www.gaveanews.com\/index.php\/2020\/09\/13\/vitinho-e-criticado-por-flamenguistas-nas-redes-sociais-nao-da-mais\/#primaryimage","url":"https:\/\/www.gaveanews.com\/wp-content\/uploads\/Vitinho-em-acao-na-partida-contra-o-Ceara.webp","contentUrl":"https:\/\/www.gaveanews.com\/wp-content\/uploads\/Vitinho-em-acao-na-partida-contra-o-Ceara.webp","width":799,"height":532,"caption":"Vitinho em a\u00e7\u00e3o na partida contra o Cear\u00e1 (Foto: Alexandre Vidal\/Flamengo)"},{"@type":"BreadcrumbList","@id":"https:\/\/www.gaveanews.com\/index.php\/2020\/09\/13\/vitinho-e-criticado-por-flamenguistas-nas-redes-sociais-nao-da-mais\/#breadcrumb","itemListElement":[{"@type":"ListItem","position":1,"name":"Home","item":"https:\/\/www.gaveanews.com\/"},{"@type":"ListItem","position":2,"name":"Vitinho \u00e9 criticado por flamenguistas nas redes sociais: &#8220;N\u00e3o d\u00e1 mais!&#8221;"}]},{"@type":"WebSite","@id":"https:\/\/www.gaveanews.com\/#website","url":"https:\/\/www.gaveanews.com\/","name":"G\u00e1vea News","description":"Veja todas as not\u00edcias sobre o Flamengo: Contrata\u00e7\u00f5es, categorias de base, resultados das partidas, tabela de classifica\u00e7\u00e3o, pr\u00f3ximos jogos!","potentialAction":[{"@type":"SearchAction","target":{"@type":"EntryPoint","urlTemplate":"https:\/\/www.gaveanews.com\/?s={search_term_string}"},"query-input":{"@type":"PropertyValueSpecification","valueRequired":true,"valueName":"search_term_string"}}],"inLanguage":"pt-BR"},{"@type":"Person","@id":"https:\/\/www.gaveanews.com\/#\/schema\/person\/2ec14f73fb96be2caf28f91afb14749d","name":"Equipe G\u00e1vea News","image":{"@type":"ImageObject","inLanguage":"pt-BR","@id":"https:\/\/www.gaveanews.com\/#\/schema\/person\/image\/","url":"https:\/\/secure.gravatar.com\/avatar\/1e1956f1facbffd3f8fa53a326721950116b3b9dc9bd44939c01180fd4a745a9?s=96&d=mm&r=g","contentUrl":"https:\/\/secure.gravatar.com\/avatar\/1e1956f1facbffd3f8fa53a326721950116b3b9dc9bd44939c01180fd4a745a9?s=96&d=mm&r=g","caption":"Equipe G\u00e1vea News"}}]}},"_links":{"self":[{"href":"https:\/\/www.gaveanews.com\/index.php\/wp-json\/wp\/v2\/posts\/47296","targetHints":{"allow":["GET"]}}],"collection":[{"href":"https:\/\/www.gaveanews.com\/index.php\/wp-json\/wp\/v2\/posts"}],"about":[{"href":"https:\/\/www.gaveanews.com\/index.php\/wp-json\/wp\/v2\/types\/post"}],"author":[{"embeddable":true,"href":"https:\/\/www.gaveanews.com\/index.php\/wp-json\/wp\/v2\/users\/1"}],"replies":[{"embeddable":true,"href":"https:\/\/www.gaveanews.com\/index.php\/wp-json\/wp\/v2\/comments?post=47296"}],"version-history":[{"count":0,"href":"https:\/\/www.gaveanews.com\/index.php\/wp-json\/wp\/v2\/posts\/47296\/revisions"}],"wp:featuredmedia":[{"embeddable":true,"href":"https:\/\/www.gaveanews.com\/index.php\/wp-json\/wp\/v2\/media\/47297"}],"wp:attachment":[{"href":"https:\/\/www.gaveanews.com\/index.php\/wp-json\/wp\/v2\/media?parent=47296"}],"wp:term":[{"taxonomy":"category","embeddable":true,"href":"https:\/\/www.gaveanews.com\/index.php\/wp-json\/wp\/v2\/categories?post=47296"},{"taxonomy":"post_tag","embeddable":true,"href":"https:\/\/www.gaveanews.com\/index.php\/wp-json\/wp\/v2\/tags?post=47296"}],"curies":[{"name":"wp","href":"https:\/\/api.w.org\/{rel}","templated":true}]}}